{"id":181332,"date":"2022-02-14T20:53:14","date_gmt":"2022-02-14T19:53:14","guid":{"rendered":"https:\/\/www.prijedordanas.com\/?p=181332"},"modified":"2022-02-14T20:53:14","modified_gmt":"2022-02-14T19:53:14","slug":"stacionarni-radari-nisu-ni-proradili-a-jedan-vec-razbijen-ostecena-kamera-kod-kasarne-u-prijedoru-foto","status":"publish","type":"post","link":"https:\/\/www.prijedordanas.com\/?p=181332","title":{"rendered":"Stacionarni radari nisu ni proradili a jedan ve\u0107 razbijen: O\u0161te\u0107ena kamera kod kasarne u Prijedoru &#8211; FOTO"},"content":{"rendered":"<p><a href=\"https:\/\/www.prijedordanas.com\/wp-content\/uploads\/2022\/02\/ostecen-stacionarni-radar-1.jpg\"><img loading=\"lazy\" decoding=\"async\" class=\"alignleft size-medium wp-image-181338\" src=\"https:\/\/www.prijedordanas.com\/wp-content\/uploads\/2022\/02\/ostecen-stacionarni-radar-1-300x225.jpg\" alt=\"\" width=\"300\" height=\"225\" srcset=\"https:\/\/www.prijedordanas.com\/wp-content\/uploads\/2022\/02\/ostecen-stacionarni-radar-1-300x225.jpg 300w, https:\/\/www.prijedordanas.com\/wp-content\/uploads\/2022\/02\/ostecen-stacionarni-radar-1-640x480.jpg 640w, https:\/\/www.prijedordanas.com\/wp-content\/uploads\/2022\/02\/ostecen-stacionarni-radar-1.jpg 667w\" sizes=\"(max-width: 300px) 100vw, 300px\" \/><\/a>Stacionarni radari koji su postavljeni na podru\u010dju Policijske uprave Prijedor jo\u0161 uvijek nisu proradili i po\u010deli da evidentiraju saobra\u0107ajne prekr\u0161aje.<\/p>\n<p>Nakon \u0161to su se &#8220;crni stubovi&#8221; pojavili i na na\u0161em podru\u010dju krajem pro\u0161le godine, u brojnim viber grupama u kojima voza\u010di jedni druge obavje\u0161tavaju o policijskim patrolama i radarima, pisani su se razni komentari.<\/p>\n<p>Dok neki smatraju da to nije ni\u0161ta stra\u0161no ako se vozi po propisima, drugi &#8220;osipaju drvlje i kamenje&#8221; na policiju, bave\u0107i se naj\u010de\u0161\u0107e neprovjerenim informacijama o tome koje prekr\u0161aje \u0107e ovi radari bilje\u017eiti i da li su proradili i kada \u0107e.<\/p>\n<p>Da ima vandala kojima stacionarni radari smetaju, iako jo\u0161 nisu proradili, pokazuje i informacija da je jedan od njih o\u0161te\u0107en.<\/p>\n<p><a href=\"https:\/\/www.prijedordanas.com\/wp-content\/uploads\/2022\/02\/ostecen-stacionarni-radar-6.jpg\"><img loading=\"lazy\" decoding=\"async\" class=\"alignleft size-medium wp-image-181339\" src=\"https:\/\/www.prijedordanas.com\/wp-content\/uploads\/2022\/02\/ostecen-stacionarni-radar-6-232x300.jpg\" alt=\"\" width=\"232\" height=\"300\" srcset=\"https:\/\/www.prijedordanas.com\/wp-content\/uploads\/2022\/02\/ostecen-stacionarni-radar-6-232x300.jpg 232w, https:\/\/www.prijedordanas.com\/wp-content\/uploads\/2022\/02\/ostecen-stacionarni-radar-6.jpg 464w\" sizes=\"(max-width: 232px) 100vw, 232px\" \/><\/a>-Dana 11.01.2022. godine od strane Policijskih slu\u017ebenika Policijske uprave Prijedor uo\u010dena su o\u0161tec\u0301enja stakla i kamere na stacionarnom radaru u ulici Slavka Rodic\u0301a u Prijedoru. O navedenom je obavije\u0161ten tu\u017eilac Okru\u017enog javnog tu\u017eila\u0161tva Prijedor koji se izjasnio da se radi o krivi\u010dnom djelu \u201eO\u0161tec\u0301enje ili uni\u0161tenje javnih ure\u0111aja\u201c &#8211; potvrdila je portparolka PU Prijedor Zvezdana Alendarevi\u0107.<\/p>\n<p>Ona je dodala da policijski slu\u017ebenici PU Prijedor preduzimaju mjere i radnje na rasvjetljavanju ovog krivi\u010dnog djela i pronalasku izvr\u0161ioca.<\/p>\n<p>-O pu\u0161tanju u rad stacionarnih radara koji su na podru\u010dju Policijske uprave Prijedor postavljeni u novembru mjesecu 2021. godine javnost c\u0301e biti blagovremeno obavje\u0161tena &#8211; potvrdila je Alendarevi\u0107eva.<\/p>\n<p>Kako se moglo vidjeti, na crnom stubu kod kasarne u Prijedoru, nedostaje gornji dio u kojem je smje\u0161tena kamera, koji se najvjerovatnije nalazi na popravci.<\/p>\n<p>Podsje\u0107amo, na podru\u010dju grada Prijedora stacionarni radari su postavljeni na putu Prijedor-Novi Grad kod novog nadvo\u017enjaka, u ulici Srpskih velikana u naselju Gomjenica, na putu Priejdor-Kozarska Dubica u ulici Slavka Rodi\u0107a kod kasarne i na putu Prijedor-Banjaluka u mjestu Kami\u010dani.<\/p>\n<p>Tekst i foto \u2013 <a href=\"https:\/\/www.prijedordanas.com\" target=\"_blank\" rel=\"noopener noreferrer\">www.prijedordanas.com<\/a><\/p>\n<p><a href=\"https:\/\/www.prijedordanas.com\/wp-content\/uploads\/2022\/02\/ostecen-stacionarni-radar-4.jpg\"><img loading=\"lazy\" decoding=\"async\" src=\"https:\/\/www.prijedordanas.com\/wp-content\/uploads\/2022\/02\/ostecen-stacionarni-radar-4-300x225.jpg\" alt=\"\" width=\"300\" height=\"225\" class=\"alignleft size-medium wp-image-181373\" srcset=\"https:\/\/www.prijedordanas.com\/wp-content\/uploads\/2022\/02\/ostecen-stacionarni-radar-4-300x225.jpg 300w, https:\/\/www.prijedordanas.com\/wp-content\/uploads\/2022\/02\/ostecen-stacionarni-radar-4-640x480.jpg 640w, https:\/\/www.prijedordanas.com\/wp-content\/uploads\/2022\/02\/ostecen-stacionarni-radar-4.jpg 667w\" sizes=\"(max-width: 300px) 100vw, 300px\" \/><\/a> <a href=\"https:\/\/www.prijedordanas.com\/wp-content\/uploads\/2022\/02\/ostecen-stacionarni-radar-5.jpg\"><img loading=\"lazy\" decoding=\"async\" src=\"https:\/\/www.prijedordanas.com\/wp-content\/uploads\/2022\/02\/ostecen-stacionarni-radar-5-300x225.jpg\" alt=\"\" width=\"300\" height=\"225\" class=\"alignleft size-medium wp-image-181374\" srcset=\"https:\/\/www.prijedordanas.com\/wp-content\/uploads\/2022\/02\/ostecen-stacionarni-radar-5-300x225.jpg 300w, https:\/\/www.prijedordanas.com\/wp-content\/uploads\/2022\/02\/ostecen-stacionarni-radar-5-640x480.jpg 640w, https:\/\/www.prijedordanas.com\/wp-content\/uploads\/2022\/02\/ostecen-stacionarni-radar-5.jpg 667w\" sizes=\"(max-width: 300px) 100vw, 300px\" \/><\/a> <a href=\"https:\/\/www.prijedordanas.com\/wp-content\/uploads\/2022\/02\/ostecen-stacionarni-radar-2.jpg\"><img loading=\"lazy\" decoding=\"async\" src=\"https:\/\/www.prijedordanas.com\/wp-content\/uploads\/2022\/02\/ostecen-stacionarni-radar-2-300x225.jpg\" alt=\"\" width=\"300\" height=\"225\" class=\"alignleft size-medium wp-image-181375\" srcset=\"https:\/\/www.prijedordanas.com\/wp-content\/uploads\/2022\/02\/ostecen-stacionarni-radar-2-300x225.jpg 300w, https:\/\/www.prijedordanas.com\/wp-content\/uploads\/2022\/02\/ostecen-stacionarni-radar-2-640x480.jpg 640w, https:\/\/www.prijedordanas.com\/wp-content\/uploads\/2022\/02\/ostecen-stacionarni-radar-2.jpg 667w\" sizes=\"(max-width: 300px) 100vw, 300px\" \/><\/a> <a href=\"https:\/\/www.prijedordanas.com\/wp-content\/uploads\/2022\/02\/ostecen-stacionarni-radar-3.jpg\"><img loading=\"lazy\" decoding=\"async\" src=\"https:\/\/www.prijedordanas.com\/wp-content\/uploads\/2022\/02\/ostecen-stacionarni-radar-3-300x200.jpg\" alt=\"\" width=\"300\" height=\"200\" class=\"alignleft size-medium wp-image-181376\" srcset=\"https:\/\/www.prijedordanas.com\/wp-content\/uploads\/2022\/02\/ostecen-stacionarni-radar-3-300x200.jpg 300w, https:\/\/www.prijedordanas.com\/wp-content\/uploads\/2022\/02\/ostecen-stacionarni-radar-3-480x320.jpg 480w, https:\/\/www.prijedordanas.com\/wp-content\/uploads\/2022\/02\/ostecen-stacionarni-radar-3.jpg 600w\" sizes=\"(max-width: 300px) 100vw, 300px\" \/><\/a><\/p>\n","protected":false},"excerpt":{"rendered":"<p>Stacionarni radari koji su postavljeni na podru\u010dju Policijske uprave Prijedor jo\u0161 uvijek nisu proradili i po\u010deli da evidentiraju saobra\u0107ajne prekr\u0161aje. Nakon \u0161to su se &#8220;crni stubovi&#8221; pojavili i na na\u0161em [&hellip;]<\/p>\n","protected":false},"author":1,"featured_media":0,"comment_status":"closed","ping_status":"open","sticky":false,"template":"","format":"standard","meta":{"_monsterinsights_skip_tracking":false,"_monsterinsights_sitenote_active":false,"_monsterinsights_sitenote_note":"","_monsterinsights_sitenote_category":0,"footnotes":""},"categories":[5],"tags":[],"yoast_head":"<!-- This site is optimized with the Yoast SEO plugin v21.6 - https:\/\/yoast.com\/wordpress\/plugins\/seo\/ -->\n<title>Stacionarni radari nisu ni proradili a jedan ve\u0107 razbijen: O\u0161te\u0107ena kamera kod kasarne u Prijedoru - FOTO - PrijedorDanas.com - Prijedorski gradski portal<\/title>\n<meta name=\"robots\" content=\"index, follow, max-snippet:-1, max-image-preview:large, max-video-preview:-1\" \/>\n<link rel=\"canonical\" href=\"https:\/\/www.prijedordanas.com\/?p=181332\" \/>\n<meta property=\"og:locale\" content=\"en_US\" \/>\n<meta property=\"og:type\" content=\"article\" \/>\n<meta property=\"og:title\" content=\"Stacionarni radari nisu ni proradili a jedan ve\u0107 razbijen: O\u0161te\u0107ena kamera kod kasarne u Prijedoru - FOTO - PrijedorDanas.com - Prijedorski gradski portal\" \/>\n<meta property=\"og:description\" content=\"Stacionarni radari koji su postavljeni na podru\u010dju Policijske uprave Prijedor jo\u0161 uvijek nisu proradili i po\u010deli da evidentiraju saobra\u0107ajne prekr\u0161aje. Nakon \u0161to su se &#8220;crni stubovi&#8221; pojavili i na na\u0161em [&hellip;]\" \/>\n<meta property=\"og:url\" content=\"https:\/\/www.prijedordanas.com\/?p=181332\" \/>\n<meta property=\"og:site_name\" content=\"PrijedorDanas.com - Prijedorski gradski portal\" \/>\n<meta property=\"article:publisher\" content=\"https:\/\/www.facebook.com\/PrijedorDanasCom\/\" \/>\n<meta property=\"article:published_time\" content=\"2022-02-14T19:53:14+00:00\" \/>\n<meta property=\"og:image\" content=\"https:\/\/www.prijedordanas.com\/wp-content\/uploads\/2022\/02\/ostecen-stacionarni-radar-1-300x225.jpg\" \/>\n<meta name=\"author\" content=\"admin\" \/>\n<meta name=\"twitter:card\" content=\"summary_large_image\" \/>\n<meta name=\"twitter:label1\" content=\"Written by\" \/>\n\t<meta name=\"twitter:data1\" content=\"admin\" \/>\n\t<meta name=\"twitter:label2\" content=\"Est. reading time\" \/>\n\t<meta name=\"twitter:data2\" content=\"2 minutes\" \/>\n<script type=\"application\/ld+json\" class=\"yoast-schema-graph\">{\"@context\":\"https:\/\/schema.org\",\"@graph\":[{\"@type\":\"Article\",\"@id\":\"https:\/\/www.prijedordanas.com\/?p=181332#article\",\"isPartOf\":{\"@id\":\"https:\/\/www.prijedordanas.com\/?p=181332\"},\"author\":{\"name\":\"admin\",\"@id\":\"https:\/\/www.prijedordanas.com\/#\/schema\/person\/4e08ccf29b506ca916ff86d46bb700e6\"},\"headline\":\"Stacionarni radari nisu ni proradili a jedan ve\u0107 razbijen: O\u0161te\u0107ena kamera kod kasarne u Prijedoru &#8211; FOTO\",\"datePublished\":\"2022-02-14T19:53:14+00:00\",\"dateModified\":\"2022-02-14T19:53:14+00:00\",\"mainEntityOfPage\":{\"@id\":\"https:\/\/www.prijedordanas.com\/?p=181332\"},\"wordCount\":354,\"publisher\":{\"@id\":\"https:\/\/www.prijedordanas.com\/#organization\"},\"articleSection\":[\"Hronika\"],\"inLanguage\":\"en-US\"},{\"@type\":\"WebPage\",\"@id\":\"https:\/\/www.prijedordanas.com\/?p=181332\",\"url\":\"https:\/\/www.prijedordanas.com\/?p=181332\",\"name\":\"Stacionarni radari nisu ni proradili a jedan ve\u0107 razbijen: O\u0161te\u0107ena kamera kod kasarne u Prijedoru - FOTO - PrijedorDanas.com - Prijedorski gradski portal\",\"isPartOf\":{\"@id\":\"https:\/\/www.prijedordanas.com\/#website\"},\"datePublished\":\"2022-02-14T19:53:14+00:00\",\"dateModified\":\"2022-02-14T19:53:14+00:00\",\"breadcrumb\":{\"@id\":\"https:\/\/www.prijedordanas.com\/?p=181332#breadcrumb\"},\"inLanguage\":\"en-US\",\"potentialAction\":[{\"@type\":\"ReadAction\",\"target\":[\"https:\/\/www.prijedordanas.com\/?p=181332\"]}]},{\"@type\":\"BreadcrumbList\",\"@id\":\"https:\/\/www.prijedordanas.com\/?p=181332#breadcrumb\",\"itemListElement\":[{\"@type\":\"ListItem\",\"position\":1,\"name\":\"Home\",\"item\":\"https:\/\/www.prijedordanas.com\/\"},{\"@type\":\"ListItem\",\"position\":2,\"name\":\"Stacionarni radari nisu ni proradili a jedan ve\u0107 razbijen: O\u0161te\u0107ena kamera kod kasarne u Prijedoru &#8211; FOTO\"}]},{\"@type\":\"WebSite\",\"@id\":\"https:\/\/www.prijedordanas.com\/#website\",\"url\":\"https:\/\/www.prijedordanas.com\/\",\"name\":\"PrijedorDanas.com - Prijedorski gradski portal\",\"description\":\"Portal o doga\u0111anjima u gradu Prijedoru\",\"publisher\":{\"@id\":\"https:\/\/www.prijedordanas.com\/#organization\"},\"potentialAction\":[{\"@type\":\"SearchAction\",\"target\":{\"@type\":\"EntryPoint\",\"urlTemplate\":\"https:\/\/www.prijedordanas.com\/?s={search_term_string}\"},\"query-input\":\"required name=search_term_string\"}],\"inLanguage\":\"en-US\"},{\"@type\":\"Organization\",\"@id\":\"https:\/\/www.prijedordanas.com\/#organization\",\"name\":\"PrijedorDanas.com\",\"url\":\"https:\/\/www.prijedordanas.com\/\",\"logo\":{\"@type\":\"ImageObject\",\"inLanguage\":\"en-US\",\"@id\":\"https:\/\/www.prijedordanas.com\/#\/schema\/logo\/image\/\",\"url\":\"http:\/\/www.prijedordanas.com\/wp-content\/uploads\/2021\/12\/logopng.png\",\"contentUrl\":\"http:\/\/www.prijedordanas.com\/wp-content\/uploads\/2021\/12\/logopng.png\",\"width\":1019,\"height\":776,\"caption\":\"PrijedorDanas.com\"},\"image\":{\"@id\":\"https:\/\/www.prijedordanas.com\/#\/schema\/logo\/image\/\"},\"sameAs\":[\"https:\/\/www.facebook.com\/PrijedorDanasCom\/\"]},{\"@type\":\"Person\",\"@id\":\"https:\/\/www.prijedordanas.com\/#\/schema\/person\/4e08ccf29b506ca916ff86d46bb700e6\",\"name\":\"admin\",\"image\":{\"@type\":\"ImageObject\",\"inLanguage\":\"en-US\",\"@id\":\"https:\/\/www.prijedordanas.com\/#\/schema\/person\/image\/\",\"url\":\"https:\/\/secure.gravatar.com\/avatar\/1d3fc949d550f0b53a5f0d51e06dfd79?s=96&d=mm&r=g\",\"contentUrl\":\"https:\/\/secure.gravatar.com\/avatar\/1d3fc949d550f0b53a5f0d51e06dfd79?s=96&d=mm&r=g\",\"caption\":\"admin\"},\"url\":\"https:\/\/www.prijedordanas.com\/?author=1\"}]}<\/script>\n<!-- \/ Yoast SEO plugin. -->","yoast_head_json":{"title":"Stacionarni radari nisu ni proradili a jedan ve\u0107 razbijen: O\u0161te\u0107ena kamera kod kasarne u Prijedoru - FOTO - PrijedorDanas.com - Prijedorski gradski portal","robots":{"index":"index","follow":"follow","max-snippet":"max-snippet:-1","max-image-preview":"max-image-preview:large","max-video-preview":"max-video-preview:-1"},"canonical":"https:\/\/www.prijedordanas.com\/?p=181332","og_locale":"en_US","og_type":"article","og_title":"Stacionarni radari nisu ni proradili a jedan ve\u0107 razbijen: O\u0161te\u0107ena kamera kod kasarne u Prijedoru - FOTO - PrijedorDanas.com - Prijedorski gradski portal","og_description":"Stacionarni radari koji su postavljeni na podru\u010dju Policijske uprave Prijedor jo\u0161 uvijek nisu proradili i po\u010deli da evidentiraju saobra\u0107ajne prekr\u0161aje. Nakon \u0161to su se &#8220;crni stubovi&#8221; pojavili i na na\u0161em [&hellip;]","og_url":"https:\/\/www.prijedordanas.com\/?p=181332","og_site_name":"PrijedorDanas.com - Prijedorski gradski portal","article_publisher":"https:\/\/www.facebook.com\/PrijedorDanasCom\/","article_published_time":"2022-02-14T19:53:14+00:00","og_image":[{"url":"https:\/\/www.prijedordanas.com\/wp-content\/uploads\/2022\/02\/ostecen-stacionarni-radar-1-300x225.jpg"}],"author":"admin","twitter_card":"summary_large_image","twitter_misc":{"Written by":"admin","Est. reading time":"2 minutes"},"schema":{"@context":"https:\/\/schema.org","@graph":[{"@type":"Article","@id":"https:\/\/www.prijedordanas.com\/?p=181332#article","isPartOf":{"@id":"https:\/\/www.prijedordanas.com\/?p=181332"},"author":{"name":"admin","@id":"https:\/\/www.prijedordanas.com\/#\/schema\/person\/4e08ccf29b506ca916ff86d46bb700e6"},"headline":"Stacionarni radari nisu ni proradili a jedan ve\u0107 razbijen: O\u0161te\u0107ena kamera kod kasarne u Prijedoru &#8211; FOTO","datePublished":"2022-02-14T19:53:14+00:00","dateModified":"2022-02-14T19:53:14+00:00","mainEntityOfPage":{"@id":"https:\/\/www.prijedordanas.com\/?p=181332"},"wordCount":354,"publisher":{"@id":"https:\/\/www.prijedordanas.com\/#organization"},"articleSection":["Hronika"],"inLanguage":"en-US"},{"@type":"WebPage","@id":"https:\/\/www.prijedordanas.com\/?p=181332","url":"https:\/\/www.prijedordanas.com\/?p=181332","name":"Stacionarni radari nisu ni proradili a jedan ve\u0107 razbijen: O\u0161te\u0107ena kamera kod kasarne u Prijedoru - FOTO - PrijedorDanas.com - Prijedorski gradski portal","isPartOf":{"@id":"https:\/\/www.prijedordanas.com\/#website"},"datePublished":"2022-02-14T19:53:14+00:00","dateModified":"2022-02-14T19:53:14+00:00","breadcrumb":{"@id":"https:\/\/www.prijedordanas.com\/?p=181332#breadcrumb"},"inLanguage":"en-US","potentialAction":[{"@type":"ReadAction","target":["https:\/\/www.prijedordanas.com\/?p=181332"]}]},{"@type":"BreadcrumbList","@id":"https:\/\/www.prijedordanas.com\/?p=181332#breadcrumb","itemListElement":[{"@type":"ListItem","position":1,"name":"Home","item":"https:\/\/www.prijedordanas.com\/"},{"@type":"ListItem","position":2,"name":"Stacionarni radari nisu ni proradili a jedan ve\u0107 razbijen: O\u0161te\u0107ena kamera kod kasarne u Prijedoru &#8211; FOTO"}]},{"@type":"WebSite","@id":"https:\/\/www.prijedordanas.com\/#website","url":"https:\/\/www.prijedordanas.com\/","name":"PrijedorDanas.com - Prijedorski gradski portal","description":"Portal o doga\u0111anjima u gradu Prijedoru","publisher":{"@id":"https:\/\/www.prijedordanas.com\/#organization"},"potentialAction":[{"@type":"SearchAction","target":{"@type":"EntryPoint","urlTemplate":"https:\/\/www.prijedordanas.com\/?s={search_term_string}"},"query-input":"required name=search_term_string"}],"inLanguage":"en-US"},{"@type":"Organization","@id":"https:\/\/www.prijedordanas.com\/#organization","name":"PrijedorDanas.com","url":"https:\/\/www.prijedordanas.com\/","logo":{"@type":"ImageObject","inLanguage":"en-US","@id":"https:\/\/www.prijedordanas.com\/#\/schema\/logo\/image\/","url":"http:\/\/www.prijedordanas.com\/wp-content\/uploads\/2021\/12\/logopng.png","contentUrl":"http:\/\/www.prijedordanas.com\/wp-content\/uploads\/2021\/12\/logopng.png","width":1019,"height":776,"caption":"PrijedorDanas.com"},"image":{"@id":"https:\/\/www.prijedordanas.com\/#\/schema\/logo\/image\/"},"sameAs":["https:\/\/www.facebook.com\/PrijedorDanasCom\/"]},{"@type":"Person","@id":"https:\/\/www.prijedordanas.com\/#\/schema\/person\/4e08ccf29b506ca916ff86d46bb700e6","name":"admin","image":{"@type":"ImageObject","inLanguage":"en-US","@id":"https:\/\/www.prijedordanas.com\/#\/schema\/person\/image\/","url":"https:\/\/secure.gravatar.com\/avatar\/1d3fc949d550f0b53a5f0d51e06dfd79?s=96&d=mm&r=g","contentUrl":"https:\/\/secure.gravatar.com\/avatar\/1d3fc949d550f0b53a5f0d51e06dfd79?s=96&d=mm&r=g","caption":"admin"},"url":"https:\/\/www.prijedordanas.com\/?author=1"}]}},"_links":{"self":[{"href":"https:\/\/www.prijedordanas.com\/index.php?rest_route=\/wp\/v2\/posts\/181332"}],"collection":[{"href":"https:\/\/www.prijedordanas.com\/index.php?rest_route=\/wp\/v2\/posts"}],"about":[{"href":"https:\/\/www.prijedordanas.com\/index.php?rest_route=\/wp\/v2\/types\/post"}],"author":[{"embeddable":true,"href":"https:\/\/www.prijedordanas.com\/index.php?rest_route=\/wp\/v2\/users\/1"}],"replies":[{"embeddable":true,"href":"https:\/\/www.prijedordanas.com\/index.php?rest_route=%2Fwp%2Fv2%2Fcomments&post=181332"}],"version-history":[{"count":4,"href":"https:\/\/www.prijedordanas.com\/index.php?rest_route=\/wp\/v2\/posts\/181332\/revisions"}],"predecessor-version":[{"id":181377,"href":"https:\/\/www.prijedordanas.com\/index.php?rest_route=\/wp\/v2\/posts\/181332\/revisions\/181377"}],"wp:attachment":[{"href":"https:\/\/www.prijedordanas.com\/index.php?rest_route=%2Fwp%2Fv2%2Fmedia&parent=181332"}],"wp:term":[{"taxonomy":"category","embeddable":true,"href":"https:\/\/www.prijedordanas.com\/index.php?rest_route=%2Fwp%2Fv2%2Fcategories&post=181332"},{"taxonomy":"post_tag","embeddable":true,"href":"https:\/\/www.prijedordanas.com\/index.php?rest_route=%2Fwp%2Fv2%2Ftags&post=181332"}],"curies":[{"name":"wp","href":"https:\/\/api.w.org\/{rel}","templated":true}]}}