{"id":181199,"date":"2022-02-11T10:01:44","date_gmt":"2022-02-11T09:01:44","guid":{"rendered":"https:\/\/www.prijedordanas.com\/?p=181199"},"modified":"2022-02-11T17:06:27","modified_gmt":"2022-02-11T16:06:27","slug":"tuzilastvo-trazi-sest-godina-zatvora-za-prijedorcanina-ranka-rakica-koji-je-ukrao-i-protezu-za-nogu","status":"publish","type":"post","link":"https:\/\/www.prijedordanas.com\/?p=181199","title":{"rendered":"Tu\u017eila\u0161tvo tra\u017ei \u0161est godina zatvora za Prijedor\u010danina Ranka Raki\u0107a koji je ukrao i protezu za nogu"},"content":{"rendered":"<p><a href=\"https:\/\/www.prijedordanas.com\/wp-content\/uploads\/2018\/01\/nezavisne-okruzni-sud-bl.jpg\"><img loading=\"lazy\" decoding=\"async\" src=\"https:\/\/www.prijedordanas.com\/wp-content\/uploads\/2018\/01\/nezavisne-okruzni-sud-bl-300x222.jpg\" alt=\"\" width=\"300\" height=\"222\" class=\"alignleft size-medium wp-image-96572\" srcset=\"https:\/\/www.prijedordanas.com\/wp-content\/uploads\/2018\/01\/nezavisne-okruzni-sud-bl-300x222.jpg 300w, https:\/\/www.prijedordanas.com\/wp-content\/uploads\/2018\/01\/nezavisne-okruzni-sud-bl-100x74.jpg 100w, https:\/\/www.prijedordanas.com\/wp-content\/uploads\/2018\/01\/nezavisne-okruzni-sud-bl.jpg 675w\" sizes=\"(max-width: 300px) 100vw, 300px\" \/><\/a>Nakon izno\u0161enja zavr\u0161nih rije\u010di, u banjalu\u010dkom Okru\u017enom sudu zavr\u0161eno je su\u0111enje Ranku Raki\u0107u (25) iz Prijedora, optu\u017eenom da je lani na Badnji dan u naselju Lau\u0161 oplja\u010dkao Ljubomira B., osobu s invaliditetom, kojem je ukrao i protezu za nogu.<\/p>\n<p>Za Raki\u0107a je tu\u017eilac \u017deljka Fabi\u0107 zatra\u017eila najmanje \u0161est godina zatvora te je prilikom izno\u0161enja zavr\u0161nih rije\u010di rekla da je Raki\u0107 tokom istrage priznao da je po\u010dinio krivi\u010dno djelo i rekao da je koristio no\u017e.<\/p>\n<p>Tako\u0111e je navela da je \u017ertva prepoznala optu\u017eenog i ispri\u010dala da mu je razbojnik prijetio no\u017eem.<\/p>\n<p>Raki\u0107 je, kako je navela, vi\u0161estruki povratnik u vr\u0161enju krivi\u010dnih djela.<\/p>\n<p>Za njega, smatra tu\u017eilac, nema nijedne olak\u0161avaju\u0107e okolnosti, dok su na\u010din izvr\u0161enja krivi\u010dnog djela i osu\u0111ivanost ote\u017eavaju\u0107i po njega.<\/p>\n<p>&#8220;O\u0161te\u0107eni je rekao da se nikad nije prepao kao tada. Smatram da mu treba izre\u0107i kaznu koja je mnogo te\u017ea od minimalne&#8221;, rekla je Fabi\u0107eva.<\/p>\n<p>S druge strane, Raki\u0107eva odbrana tvrdi da se ne radi o razbojni\u0161tvu, ve\u0107 o kra\u0111i, jer nije dokazano da je optu\u017eeni koristio no\u017e te je od Sudskog vije\u0107a zatra\u017eio \u0161to bla\u017eu kaznu.<\/p>\n<p>Naime, \u017divko Boji\u0107, Raki\u0107ev branilac, rekao je da optu\u017eeni nije imao no\u017e, a da on tokom istrage nije prona\u0111en.<\/p>\n<p>Prema njegovim rije\u010dima, pretpostavlja da je o\u0161te\u0107eni iz straha to uveli\u010dao i rekao da je kori\u0161ten no\u017e.<\/p>\n<p>&#8220;Optu\u017eeni nije sa sobom donio no\u017e, nije imao namjeru da po\u010dini razbojni\u0161tvo i ovdje se radi o kra\u0111i ili te\u0161koj kra\u0111i&#8221;, rekao je branilac.<\/p>\n<p>Optu\u017eeni Raki\u0107 je priznao plja\u010dku, a prema njegovim rije\u010dima &#8211; nije koristio no\u017e.<\/p>\n<p>U ovom slu\u010daju optu\u017enica Raki\u0107a tereti da je 6. januara oko 22 \u010dasa u\u0161ao u ku\u0107u Ljubomira B. u banjalu\u010dkoj ulici Srpskih rudara u namjeri da ga oplja\u010dka.<\/p>\n<p>Vlasnika ku\u0107e je, kako se navodi u optu\u017enici, zatekao na spavanju te ga je osvijetlio mobilnim telefonom kako bi ga probudio.<\/p>\n<p>Potom je, kako stoji u optu\u017enici, uzeo no\u017e sa stola, kojim mu je zaprijetio &#8220;Daj pare&#8221; te mu no\u017e stavio ispred lica.<\/p>\n<p>O\u0161te\u0107eni je razbojniku dao nov\u010danik u kome je bilo 200 KM, a optu\u017eeni je izlaze\u0107i iz ku\u0107e uzeo ortopedsku protezu za lijevu nogu, \u0161taku, mobilni telefon i mu\u0161ku ta\u0161nu u kojoj je bilo 250 KM pa pobjegao.<\/p>\n<p>Kako su &#8220;Nezavisne&#8221; ranije pisale, Raki\u0107 je jedan od najpoznatijih lopova u Banjaluci i okolini te je odli\u010dno poznat policiji.<\/p>\n<p>U svojoj kriminalnoj biografiji ima vi\u0161e od 100 po\u010dinjenih krivi\u010dnih djela i \u010desto je hap\u0161en zbog kra\u0111a oduzimanja i o\u0161te\u0107enja tu\u0111e stvari, te\u0161kih kra\u0111a, te\u0161kih tjelesnih povreda i drugih krivi\u010dnih djela.<\/p>\n<p>\u010cim bi se na\u0161ao na slobodi, Raki\u0107 bi nastavio sa \u010dinjenjem krivi\u010dnih djela.<\/p>\n<p>Izme\u0111u ostalog, poznat je i po tome \u0161to je ispred butika u naselju Lau\u0161 ukrao lutku s izloga te po\u010deo bje\u017eati s njom, \u0161to su zabilje\u017eile i kamere.<\/p>\n<p>Tako\u0111e, i njema\u010dka policija ga je sumnji\u010dila da je u toj zemlji do 2016. godine bio po\u010dinio vi\u0161e krivi\u010dnih djela.<\/p>\n<p><a href=\"https:\/\/www.nezavisne.com\/novosti\/hronika\/Tuzilastvo-trazi-sest-godina-za-Rakica-koji-je-ukrao-i-protezu-za-nogu\/704105\" rel=\"noopener\" target=\"_blank\">nezavisne.com<\/a><\/p>\n","protected":false},"excerpt":{"rendered":"<p>Nakon izno\u0161enja zavr\u0161nih rije\u010di, u banjalu\u010dkom Okru\u017enom sudu zavr\u0161eno je su\u0111enje Ranku Raki\u0107u (25) iz Prijedora, optu\u017eenom da je lani na Badnji dan u naselju Lau\u0161 oplja\u010dkao Ljubomira B., osobu [&hellip;]<\/p>\n","protected":false},"author":1,"featured_media":0,"comment_status":"closed","ping_status":"open","sticky":false,"template":"","format":"standard","meta":{"_monsterinsights_skip_tracking":false,"_monsterinsights_sitenote_active":false,"_monsterinsights_sitenote_note":"","_monsterinsights_sitenote_category":0,"footnotes":""},"categories":[5],"tags":[],"yoast_head":"<!-- This site is optimized with the Yoast SEO plugin v21.6 - https:\/\/yoast.com\/wordpress\/plugins\/seo\/ -->\n<title>Tu\u017eila\u0161tvo tra\u017ei \u0161est godina zatvora za Prijedor\u010danina Ranka Raki\u0107a koji je ukrao i protezu za nogu - PrijedorDanas.com - Prijedorski gradski portal<\/title>\n<meta name=\"robots\" content=\"index, follow, max-snippet:-1, max-image-preview:large, max-video-preview:-1\" \/>\n<link rel=\"canonical\" href=\"https:\/\/www.prijedordanas.com\/?p=181199\" \/>\n<meta property=\"og:locale\" content=\"en_US\" \/>\n<meta property=\"og:type\" content=\"article\" \/>\n<meta property=\"og:title\" content=\"Tu\u017eila\u0161tvo tra\u017ei \u0161est godina zatvora za Prijedor\u010danina Ranka Raki\u0107a koji je ukrao i protezu za nogu - PrijedorDanas.com - Prijedorski gradski portal\" \/>\n<meta property=\"og:description\" content=\"Nakon izno\u0161enja zavr\u0161nih rije\u010di, u banjalu\u010dkom Okru\u017enom sudu zavr\u0161eno je su\u0111enje Ranku Raki\u0107u (25) iz Prijedora, optu\u017eenom da je lani na Badnji dan u naselju Lau\u0161 oplja\u010dkao Ljubomira B., osobu [&hellip;]\" \/>\n<meta property=\"og:url\" content=\"https:\/\/www.prijedordanas.com\/?p=181199\" \/>\n<meta property=\"og:site_name\" content=\"PrijedorDanas.com - Prijedorski gradski portal\" \/>\n<meta property=\"article:publisher\" content=\"https:\/\/www.facebook.com\/PrijedorDanasCom\/\" \/>\n<meta property=\"article:published_time\" content=\"2022-02-11T09:01:44+00:00\" \/>\n<meta property=\"article:modified_time\" content=\"2022-02-11T16:06:27+00:00\" \/>\n<meta property=\"og:image\" content=\"https:\/\/www.prijedordanas.com\/wp-content\/uploads\/2018\/01\/nezavisne-okruzni-sud-bl-300x222.jpg\" \/>\n<meta name=\"author\" content=\"admin\" \/>\n<meta name=\"twitter:card\" content=\"summary_large_image\" \/>\n<meta name=\"twitter:label1\" content=\"Written by\" \/>\n\t<meta name=\"twitter:data1\" content=\"admin\" \/>\n\t<meta name=\"twitter:label2\" content=\"Est. reading time\" \/>\n\t<meta name=\"twitter:data2\" content=\"3 minutes\" \/>\n<script type=\"application\/ld+json\" class=\"yoast-schema-graph\">{\"@context\":\"https:\/\/schema.org\",\"@graph\":[{\"@type\":\"Article\",\"@id\":\"https:\/\/www.prijedordanas.com\/?p=181199#article\",\"isPartOf\":{\"@id\":\"https:\/\/www.prijedordanas.com\/?p=181199\"},\"author\":{\"name\":\"admin\",\"@id\":\"https:\/\/www.prijedordanas.com\/#\/schema\/person\/4e08ccf29b506ca916ff86d46bb700e6\"},\"headline\":\"Tu\u017eila\u0161tvo tra\u017ei \u0161est godina zatvora za Prijedor\u010danina Ranka Raki\u0107a koji je ukrao i protezu za nogu\",\"datePublished\":\"2022-02-11T09:01:44+00:00\",\"dateModified\":\"2022-02-11T16:06:27+00:00\",\"mainEntityOfPage\":{\"@id\":\"https:\/\/www.prijedordanas.com\/?p=181199\"},\"wordCount\":592,\"publisher\":{\"@id\":\"https:\/\/www.prijedordanas.com\/#organization\"},\"articleSection\":[\"Hronika\"],\"inLanguage\":\"en-US\"},{\"@type\":\"WebPage\",\"@id\":\"https:\/\/www.prijedordanas.com\/?p=181199\",\"url\":\"https:\/\/www.prijedordanas.com\/?p=181199\",\"name\":\"Tu\u017eila\u0161tvo tra\u017ei \u0161est godina zatvora za Prijedor\u010danina Ranka Raki\u0107a koji je ukrao i protezu za nogu - PrijedorDanas.com - Prijedorski gradski portal\",\"isPartOf\":{\"@id\":\"https:\/\/www.prijedordanas.com\/#website\"},\"datePublished\":\"2022-02-11T09:01:44+00:00\",\"dateModified\":\"2022-02-11T16:06:27+00:00\",\"breadcrumb\":{\"@id\":\"https:\/\/www.prijedordanas.com\/?p=181199#breadcrumb\"},\"inLanguage\":\"en-US\",\"potentialAction\":[{\"@type\":\"ReadAction\",\"target\":[\"https:\/\/www.prijedordanas.com\/?p=181199\"]}]},{\"@type\":\"BreadcrumbList\",\"@id\":\"https:\/\/www.prijedordanas.com\/?p=181199#breadcrumb\",\"itemListElement\":[{\"@type\":\"ListItem\",\"position\":1,\"name\":\"Home\",\"item\":\"https:\/\/www.prijedordanas.com\/\"},{\"@type\":\"ListItem\",\"position\":2,\"name\":\"Tu\u017eila\u0161tvo tra\u017ei \u0161est godina zatvora za Prijedor\u010danina Ranka Raki\u0107a koji je ukrao i protezu za nogu\"}]},{\"@type\":\"WebSite\",\"@id\":\"https:\/\/www.prijedordanas.com\/#website\",\"url\":\"https:\/\/www.prijedordanas.com\/\",\"name\":\"PrijedorDanas.com - Prijedorski gradski portal\",\"description\":\"Portal o doga\u0111anjima u gradu Prijedoru\",\"publisher\":{\"@id\":\"https:\/\/www.prijedordanas.com\/#organization\"},\"potentialAction\":[{\"@type\":\"SearchAction\",\"target\":{\"@type\":\"EntryPoint\",\"urlTemplate\":\"https:\/\/www.prijedordanas.com\/?s={search_term_string}\"},\"query-input\":\"required name=search_term_string\"}],\"inLanguage\":\"en-US\"},{\"@type\":\"Organization\",\"@id\":\"https:\/\/www.prijedordanas.com\/#organization\",\"name\":\"PrijedorDanas.com\",\"url\":\"https:\/\/www.prijedordanas.com\/\",\"logo\":{\"@type\":\"ImageObject\",\"inLanguage\":\"en-US\",\"@id\":\"https:\/\/www.prijedordanas.com\/#\/schema\/logo\/image\/\",\"url\":\"http:\/\/www.prijedordanas.com\/wp-content\/uploads\/2021\/12\/logopng.png\",\"contentUrl\":\"http:\/\/www.prijedordanas.com\/wp-content\/uploads\/2021\/12\/logopng.png\",\"width\":1019,\"height\":776,\"caption\":\"PrijedorDanas.com\"},\"image\":{\"@id\":\"https:\/\/www.prijedordanas.com\/#\/schema\/logo\/image\/\"},\"sameAs\":[\"https:\/\/www.facebook.com\/PrijedorDanasCom\/\"]},{\"@type\":\"Person\",\"@id\":\"https:\/\/www.prijedordanas.com\/#\/schema\/person\/4e08ccf29b506ca916ff86d46bb700e6\",\"name\":\"admin\",\"image\":{\"@type\":\"ImageObject\",\"inLanguage\":\"en-US\",\"@id\":\"https:\/\/www.prijedordanas.com\/#\/schema\/person\/image\/\",\"url\":\"https:\/\/secure.gravatar.com\/avatar\/1d3fc949d550f0b53a5f0d51e06dfd79?s=96&d=mm&r=g\",\"contentUrl\":\"https:\/\/secure.gravatar.com\/avatar\/1d3fc949d550f0b53a5f0d51e06dfd79?s=96&d=mm&r=g\",\"caption\":\"admin\"},\"url\":\"https:\/\/www.prijedordanas.com\/?author=1\"}]}<\/script>\n<!-- \/ Yoast SEO plugin. -->","yoast_head_json":{"title":"Tu\u017eila\u0161tvo tra\u017ei \u0161est godina zatvora za Prijedor\u010danina Ranka Raki\u0107a koji je ukrao i protezu za nogu - PrijedorDanas.com - Prijedorski gradski portal","robots":{"index":"index","follow":"follow","max-snippet":"max-snippet:-1","max-image-preview":"max-image-preview:large","max-video-preview":"max-video-preview:-1"},"canonical":"https:\/\/www.prijedordanas.com\/?p=181199","og_locale":"en_US","og_type":"article","og_title":"Tu\u017eila\u0161tvo tra\u017ei \u0161est godina zatvora za Prijedor\u010danina Ranka Raki\u0107a koji je ukrao i protezu za nogu - PrijedorDanas.com - Prijedorski gradski portal","og_description":"Nakon izno\u0161enja zavr\u0161nih rije\u010di, u banjalu\u010dkom Okru\u017enom sudu zavr\u0161eno je su\u0111enje Ranku Raki\u0107u (25) iz Prijedora, optu\u017eenom da je lani na Badnji dan u naselju Lau\u0161 oplja\u010dkao Ljubomira B., osobu [&hellip;]","og_url":"https:\/\/www.prijedordanas.com\/?p=181199","og_site_name":"PrijedorDanas.com - Prijedorski gradski portal","article_publisher":"https:\/\/www.facebook.com\/PrijedorDanasCom\/","article_published_time":"2022-02-11T09:01:44+00:00","article_modified_time":"2022-02-11T16:06:27+00:00","og_image":[{"url":"https:\/\/www.prijedordanas.com\/wp-content\/uploads\/2018\/01\/nezavisne-okruzni-sud-bl-300x222.jpg"}],"author":"admin","twitter_card":"summary_large_image","twitter_misc":{"Written by":"admin","Est. reading time":"3 minutes"},"schema":{"@context":"https:\/\/schema.org","@graph":[{"@type":"Article","@id":"https:\/\/www.prijedordanas.com\/?p=181199#article","isPartOf":{"@id":"https:\/\/www.prijedordanas.com\/?p=181199"},"author":{"name":"admin","@id":"https:\/\/www.prijedordanas.com\/#\/schema\/person\/4e08ccf29b506ca916ff86d46bb700e6"},"headline":"Tu\u017eila\u0161tvo tra\u017ei \u0161est godina zatvora za Prijedor\u010danina Ranka Raki\u0107a koji je ukrao i protezu za nogu","datePublished":"2022-02-11T09:01:44+00:00","dateModified":"2022-02-11T16:06:27+00:00","mainEntityOfPage":{"@id":"https:\/\/www.prijedordanas.com\/?p=181199"},"wordCount":592,"publisher":{"@id":"https:\/\/www.prijedordanas.com\/#organization"},"articleSection":["Hronika"],"inLanguage":"en-US"},{"@type":"WebPage","@id":"https:\/\/www.prijedordanas.com\/?p=181199","url":"https:\/\/www.prijedordanas.com\/?p=181199","name":"Tu\u017eila\u0161tvo tra\u017ei \u0161est godina zatvora za Prijedor\u010danina Ranka Raki\u0107a koji je ukrao i protezu za nogu - PrijedorDanas.com - Prijedorski gradski portal","isPartOf":{"@id":"https:\/\/www.prijedordanas.com\/#website"},"datePublished":"2022-02-11T09:01:44+00:00","dateModified":"2022-02-11T16:06:27+00:00","breadcrumb":{"@id":"https:\/\/www.prijedordanas.com\/?p=181199#breadcrumb"},"inLanguage":"en-US","potentialAction":[{"@type":"ReadAction","target":["https:\/\/www.prijedordanas.com\/?p=181199"]}]},{"@type":"BreadcrumbList","@id":"https:\/\/www.prijedordanas.com\/?p=181199#breadcrumb","itemListElement":[{"@type":"ListItem","position":1,"name":"Home","item":"https:\/\/www.prijedordanas.com\/"},{"@type":"ListItem","position":2,"name":"Tu\u017eila\u0161tvo tra\u017ei \u0161est godina zatvora za Prijedor\u010danina Ranka Raki\u0107a koji je ukrao i protezu za nogu"}]},{"@type":"WebSite","@id":"https:\/\/www.prijedordanas.com\/#website","url":"https:\/\/www.prijedordanas.com\/","name":"PrijedorDanas.com - Prijedorski gradski portal","description":"Portal o doga\u0111anjima u gradu Prijedoru","publisher":{"@id":"https:\/\/www.prijedordanas.com\/#organization"},"potentialAction":[{"@type":"SearchAction","target":{"@type":"EntryPoint","urlTemplate":"https:\/\/www.prijedordanas.com\/?s={search_term_string}"},"query-input":"required name=search_term_string"}],"inLanguage":"en-US"},{"@type":"Organization","@id":"https:\/\/www.prijedordanas.com\/#organization","name":"PrijedorDanas.com","url":"https:\/\/www.prijedordanas.com\/","logo":{"@type":"ImageObject","inLanguage":"en-US","@id":"https:\/\/www.prijedordanas.com\/#\/schema\/logo\/image\/","url":"http:\/\/www.prijedordanas.com\/wp-content\/uploads\/2021\/12\/logopng.png","contentUrl":"http:\/\/www.prijedordanas.com\/wp-content\/uploads\/2021\/12\/logopng.png","width":1019,"height":776,"caption":"PrijedorDanas.com"},"image":{"@id":"https:\/\/www.prijedordanas.com\/#\/schema\/logo\/image\/"},"sameAs":["https:\/\/www.facebook.com\/PrijedorDanasCom\/"]},{"@type":"Person","@id":"https:\/\/www.prijedordanas.com\/#\/schema\/person\/4e08ccf29b506ca916ff86d46bb700e6","name":"admin","image":{"@type":"ImageObject","inLanguage":"en-US","@id":"https:\/\/www.prijedordanas.com\/#\/schema\/person\/image\/","url":"https:\/\/secure.gravatar.com\/avatar\/1d3fc949d550f0b53a5f0d51e06dfd79?s=96&d=mm&r=g","contentUrl":"https:\/\/secure.gravatar.com\/avatar\/1d3fc949d550f0b53a5f0d51e06dfd79?s=96&d=mm&r=g","caption":"admin"},"url":"https:\/\/www.prijedordanas.com\/?author=1"}]}},"_links":{"self":[{"href":"https:\/\/www.prijedordanas.com\/index.php?rest_route=\/wp\/v2\/posts\/181199"}],"collection":[{"href":"https:\/\/www.prijedordanas.com\/index.php?rest_route=\/wp\/v2\/posts"}],"about":[{"href":"https:\/\/www.prijedordanas.com\/index.php?rest_route=\/wp\/v2\/types\/post"}],"author":[{"embeddable":true,"href":"https:\/\/www.prijedordanas.com\/index.php?rest_route=\/wp\/v2\/users\/1"}],"replies":[{"embeddable":true,"href":"https:\/\/www.prijedordanas.com\/index.php?rest_route=%2Fwp%2Fv2%2Fcomments&post=181199"}],"version-history":[{"count":2,"href":"https:\/\/www.prijedordanas.com\/index.php?rest_route=\/wp\/v2\/posts\/181199\/revisions"}],"predecessor-version":[{"id":181213,"href":"https:\/\/www.prijedordanas.com\/index.php?rest_route=\/wp\/v2\/posts\/181199\/revisions\/181213"}],"wp:attachment":[{"href":"https:\/\/www.prijedordanas.com\/index.php?rest_route=%2Fwp%2Fv2%2Fmedia&parent=181199"}],"wp:term":[{"taxonomy":"category","embeddable":true,"href":"https:\/\/www.prijedordanas.com\/index.php?rest_route=%2Fwp%2Fv2%2Fcategories&post=181199"},{"taxonomy":"post_tag","embeddable":true,"href":"https:\/\/www.prijedordanas.com\/index.php?rest_route=%2Fwp%2Fv2%2Ftags&post=181199"}],"curies":[{"name":"wp","href":"https:\/\/api.w.org\/{rel}","templated":true}]}}