{"id":181145,"date":"2022-02-10T11:25:52","date_gmt":"2022-02-10T10:25:52","guid":{"rendered":"https:\/\/www.prijedordanas.com\/?p=181145"},"modified":"2022-02-10T11:25:52","modified_gmt":"2022-02-10T10:25:52","slug":"tuzna-godisnjica-sesnaest-godina-od-smrti-prijedorcanke-sladane-kobas-13-zvjezdice","status":"publish","type":"post","link":"https:\/\/www.prijedordanas.com\/?p=181145","title":{"rendered":"Tu\u017ena godi\u0161njica: \u0160esnaest godina od smrti Prijedor\u010danke Sla\u0111ane Kobas, &#8220;13. zvjezdice&#8221;"},"content":{"rendered":"<p><a href=\"https:\/\/www.prijedordanas.com\/wp-content\/uploads\/2021\/02\/sladjana-kobas-spomenik.jpg\"><img loading=\"lazy\" decoding=\"async\" src=\"https:\/\/www.prijedordanas.com\/wp-content\/uploads\/2021\/02\/sladjana-kobas-spomenik-300x225.jpg\" alt=\"\" width=\"300\" height=\"225\" class=\"alignleft size-medium wp-image-162350\" srcset=\"https:\/\/www.prijedordanas.com\/wp-content\/uploads\/2021\/02\/sladjana-kobas-spomenik-300x225.jpg 300w, https:\/\/www.prijedordanas.com\/wp-content\/uploads\/2021\/02\/sladjana-kobas-spomenik-640x480.jpg 640w, https:\/\/www.prijedordanas.com\/wp-content\/uploads\/2021\/02\/sladjana-kobas-spomenik.jpg 666w\" sizes=\"(max-width: 300px) 100vw, 300px\" \/><\/a>Sla\u0111ana Kobas, jedina pre\u017eivjela beba iz banjalu\u010dkog porodili\u0161ta 1992. godine, kada je, zbog zatvorenog koridora i nemogu\u0107nosti da se iz Srbije dopremi kiseonik za inkubatore, umrlo dvanaestoro novoro\u0111en\u010dadi, preminula je 9. februara 2006. godine.<\/p>\n<p>Sla\u0111ana je bila trinaesta zvjezdica me\u0111u banjalu\u010dkim prijevremeno ro\u0111enim bebama.<\/p>\n<p>Ostalih 12 banjalu\u010dkih beba umirale su tokom prolje\u0107a 1992. godine, jer su saobra\u0107ajne veze Republike Srpske i SR Jugoslavije presjekle hrvatske i muslimanske ratne jedinice, a zapadni dijelovi Srpske i Republike Srpske Krajine na\u0161li su se u okru\u017eenju.<\/p>\n<p>Banjalu\u010dkoj bolnici je nedostajalo kiseonika, pa su pre\u017eivjele samo dvije bebe Sla\u0111ana Kobas i Marko Medakovi\u0107, ali su imali ote\u017eani razvoj.<\/p>\n<p>Tako je Sla\u0111ana Kobas umrla 9. februara 2006. godine u Prijedoru, gdje je i sahranjena.<\/p>\n<p>Upravo taj nedostatak kiseonika i umiranje beba navelo je komandu Prvog kraji\u0161kog korpusa Vojske Republike Srpske da izvede akciju \u201cKoridor 92\u201d, koja je uspje\u0161no okon\u010dana 26. juna 1992. godine, pa je poslije skoro dva mjeseca kona\u010dno uspostavljena veza sa Srbijom.<\/p>\n<p>SRNA<\/p>\n","protected":false},"excerpt":{"rendered":"<p>Sla\u0111ana Kobas, jedina pre\u017eivjela beba iz banjalu\u010dkog porodili\u0161ta 1992. godine, kada je, zbog zatvorenog koridora i nemogu\u0107nosti da se iz Srbije dopremi kiseonik za inkubatore, umrlo dvanaestoro novoro\u0111en\u010dadi, preminula je [&hellip;]<\/p>\n","protected":false},"author":1,"featured_media":0,"comment_status":"closed","ping_status":"open","sticky":false,"template":"","format":"standard","meta":{"_monsterinsights_skip_tracking":false,"_monsterinsights_sitenote_active":false,"_monsterinsights_sitenote_note":"","_monsterinsights_sitenote_category":0,"footnotes":""},"categories":[3],"tags":[],"yoast_head":"<!-- This site is optimized with the Yoast SEO plugin v21.6 - https:\/\/yoast.com\/wordpress\/plugins\/seo\/ -->\n<title>Tu\u017ena godi\u0161njica: \u0160esnaest godina od smrti Prijedor\u010danke Sla\u0111ane Kobas, &quot;13. zvjezdice&quot; - PrijedorDanas.com - Prijedorski gradski portal<\/title>\n<meta name=\"robots\" content=\"index, follow, max-snippet:-1, max-image-preview:large, max-video-preview:-1\" \/>\n<link rel=\"canonical\" href=\"https:\/\/www.prijedordanas.com\/?p=181145\" \/>\n<meta property=\"og:locale\" content=\"en_US\" \/>\n<meta property=\"og:type\" content=\"article\" \/>\n<meta property=\"og:title\" content=\"Tu\u017ena godi\u0161njica: \u0160esnaest godina od smrti Prijedor\u010danke Sla\u0111ane Kobas, &quot;13. zvjezdice&quot; - PrijedorDanas.com - Prijedorski gradski portal\" \/>\n<meta property=\"og:description\" content=\"Sla\u0111ana Kobas, jedina pre\u017eivjela beba iz banjalu\u010dkog porodili\u0161ta 1992. godine, kada je, zbog zatvorenog koridora i nemogu\u0107nosti da se iz Srbije dopremi kiseonik za inkubatore, umrlo dvanaestoro novoro\u0111en\u010dadi, preminula je [&hellip;]\" \/>\n<meta property=\"og:url\" content=\"https:\/\/www.prijedordanas.com\/?p=181145\" \/>\n<meta property=\"og:site_name\" content=\"PrijedorDanas.com - Prijedorski gradski portal\" \/>\n<meta property=\"article:publisher\" content=\"https:\/\/www.facebook.com\/PrijedorDanasCom\/\" \/>\n<meta property=\"article:published_time\" content=\"2022-02-10T10:25:52+00:00\" \/>\n<meta property=\"og:image\" content=\"https:\/\/www.prijedordanas.com\/wp-content\/uploads\/2021\/02\/sladjana-kobas-spomenik-300x225.jpg\" \/>\n<meta name=\"author\" content=\"admin\" \/>\n<meta name=\"twitter:card\" content=\"summary_large_image\" \/>\n<meta name=\"twitter:label1\" content=\"Written by\" \/>\n\t<meta name=\"twitter:data1\" content=\"admin\" \/>\n\t<meta name=\"twitter:label2\" content=\"Est. reading time\" \/>\n\t<meta name=\"twitter:data2\" content=\"1 minute\" \/>\n<script type=\"application\/ld+json\" class=\"yoast-schema-graph\">{\"@context\":\"https:\/\/schema.org\",\"@graph\":[{\"@type\":\"Article\",\"@id\":\"https:\/\/www.prijedordanas.com\/?p=181145#article\",\"isPartOf\":{\"@id\":\"https:\/\/www.prijedordanas.com\/?p=181145\"},\"author\":{\"name\":\"admin\",\"@id\":\"https:\/\/www.prijedordanas.com\/#\/schema\/person\/4e08ccf29b506ca916ff86d46bb700e6\"},\"headline\":\"Tu\u017ena godi\u0161njica: \u0160esnaest godina od smrti Prijedor\u010danke Sla\u0111ane Kobas, &#8220;13. zvjezdice&#8221;\",\"datePublished\":\"2022-02-10T10:25:52+00:00\",\"dateModified\":\"2022-02-10T10:25:52+00:00\",\"mainEntityOfPage\":{\"@id\":\"https:\/\/www.prijedordanas.com\/?p=181145\"},\"wordCount\":188,\"publisher\":{\"@id\":\"https:\/\/www.prijedordanas.com\/#organization\"},\"articleSection\":[\"\u017divot\"],\"inLanguage\":\"en-US\"},{\"@type\":\"WebPage\",\"@id\":\"https:\/\/www.prijedordanas.com\/?p=181145\",\"url\":\"https:\/\/www.prijedordanas.com\/?p=181145\",\"name\":\"Tu\u017ena godi\u0161njica: \u0160esnaest godina od smrti Prijedor\u010danke Sla\u0111ane Kobas, \\\"13. zvjezdice\\\" - PrijedorDanas.com - Prijedorski gradski portal\",\"isPartOf\":{\"@id\":\"https:\/\/www.prijedordanas.com\/#website\"},\"datePublished\":\"2022-02-10T10:25:52+00:00\",\"dateModified\":\"2022-02-10T10:25:52+00:00\",\"breadcrumb\":{\"@id\":\"https:\/\/www.prijedordanas.com\/?p=181145#breadcrumb\"},\"inLanguage\":\"en-US\",\"potentialAction\":[{\"@type\":\"ReadAction\",\"target\":[\"https:\/\/www.prijedordanas.com\/?p=181145\"]}]},{\"@type\":\"BreadcrumbList\",\"@id\":\"https:\/\/www.prijedordanas.com\/?p=181145#breadcrumb\",\"itemListElement\":[{\"@type\":\"ListItem\",\"position\":1,\"name\":\"Home\",\"item\":\"https:\/\/www.prijedordanas.com\/\"},{\"@type\":\"ListItem\",\"position\":2,\"name\":\"Tu\u017ena godi\u0161njica: \u0160esnaest godina od smrti Prijedor\u010danke Sla\u0111ane Kobas, &#8220;13. zvjezdice&#8221;\"}]},{\"@type\":\"WebSite\",\"@id\":\"https:\/\/www.prijedordanas.com\/#website\",\"url\":\"https:\/\/www.prijedordanas.com\/\",\"name\":\"PrijedorDanas.com - Prijedorski gradski portal\",\"description\":\"Portal o doga\u0111anjima u gradu Prijedoru\",\"publisher\":{\"@id\":\"https:\/\/www.prijedordanas.com\/#organization\"},\"potentialAction\":[{\"@type\":\"SearchAction\",\"target\":{\"@type\":\"EntryPoint\",\"urlTemplate\":\"https:\/\/www.prijedordanas.com\/?s={search_term_string}\"},\"query-input\":\"required name=search_term_string\"}],\"inLanguage\":\"en-US\"},{\"@type\":\"Organization\",\"@id\":\"https:\/\/www.prijedordanas.com\/#organization\",\"name\":\"PrijedorDanas.com\",\"url\":\"https:\/\/www.prijedordanas.com\/\",\"logo\":{\"@type\":\"ImageObject\",\"inLanguage\":\"en-US\",\"@id\":\"https:\/\/www.prijedordanas.com\/#\/schema\/logo\/image\/\",\"url\":\"http:\/\/www.prijedordanas.com\/wp-content\/uploads\/2021\/12\/logopng.png\",\"contentUrl\":\"http:\/\/www.prijedordanas.com\/wp-content\/uploads\/2021\/12\/logopng.png\",\"width\":1019,\"height\":776,\"caption\":\"PrijedorDanas.com\"},\"image\":{\"@id\":\"https:\/\/www.prijedordanas.com\/#\/schema\/logo\/image\/\"},\"sameAs\":[\"https:\/\/www.facebook.com\/PrijedorDanasCom\/\"]},{\"@type\":\"Person\",\"@id\":\"https:\/\/www.prijedordanas.com\/#\/schema\/person\/4e08ccf29b506ca916ff86d46bb700e6\",\"name\":\"admin\",\"image\":{\"@type\":\"ImageObject\",\"inLanguage\":\"en-US\",\"@id\":\"https:\/\/www.prijedordanas.com\/#\/schema\/person\/image\/\",\"url\":\"https:\/\/secure.gravatar.com\/avatar\/1d3fc949d550f0b53a5f0d51e06dfd79?s=96&d=mm&r=g\",\"contentUrl\":\"https:\/\/secure.gravatar.com\/avatar\/1d3fc949d550f0b53a5f0d51e06dfd79?s=96&d=mm&r=g\",\"caption\":\"admin\"},\"url\":\"https:\/\/www.prijedordanas.com\/?author=1\"}]}<\/script>\n<!-- \/ Yoast SEO plugin. -->","yoast_head_json":{"title":"Tu\u017ena godi\u0161njica: \u0160esnaest godina od smrti Prijedor\u010danke Sla\u0111ane Kobas, \"13. zvjezdice\" - PrijedorDanas.com - Prijedorski gradski portal","robots":{"index":"index","follow":"follow","max-snippet":"max-snippet:-1","max-image-preview":"max-image-preview:large","max-video-preview":"max-video-preview:-1"},"canonical":"https:\/\/www.prijedordanas.com\/?p=181145","og_locale":"en_US","og_type":"article","og_title":"Tu\u017ena godi\u0161njica: \u0160esnaest godina od smrti Prijedor\u010danke Sla\u0111ane Kobas, \"13. zvjezdice\" - PrijedorDanas.com - Prijedorski gradski portal","og_description":"Sla\u0111ana Kobas, jedina pre\u017eivjela beba iz banjalu\u010dkog porodili\u0161ta 1992. godine, kada je, zbog zatvorenog koridora i nemogu\u0107nosti da se iz Srbije dopremi kiseonik za inkubatore, umrlo dvanaestoro novoro\u0111en\u010dadi, preminula je [&hellip;]","og_url":"https:\/\/www.prijedordanas.com\/?p=181145","og_site_name":"PrijedorDanas.com - Prijedorski gradski portal","article_publisher":"https:\/\/www.facebook.com\/PrijedorDanasCom\/","article_published_time":"2022-02-10T10:25:52+00:00","og_image":[{"url":"https:\/\/www.prijedordanas.com\/wp-content\/uploads\/2021\/02\/sladjana-kobas-spomenik-300x225.jpg"}],"author":"admin","twitter_card":"summary_large_image","twitter_misc":{"Written by":"admin","Est. reading time":"1 minute"},"schema":{"@context":"https:\/\/schema.org","@graph":[{"@type":"Article","@id":"https:\/\/www.prijedordanas.com\/?p=181145#article","isPartOf":{"@id":"https:\/\/www.prijedordanas.com\/?p=181145"},"author":{"name":"admin","@id":"https:\/\/www.prijedordanas.com\/#\/schema\/person\/4e08ccf29b506ca916ff86d46bb700e6"},"headline":"Tu\u017ena godi\u0161njica: \u0160esnaest godina od smrti Prijedor\u010danke Sla\u0111ane Kobas, &#8220;13. zvjezdice&#8221;","datePublished":"2022-02-10T10:25:52+00:00","dateModified":"2022-02-10T10:25:52+00:00","mainEntityOfPage":{"@id":"https:\/\/www.prijedordanas.com\/?p=181145"},"wordCount":188,"publisher":{"@id":"https:\/\/www.prijedordanas.com\/#organization"},"articleSection":["\u017divot"],"inLanguage":"en-US"},{"@type":"WebPage","@id":"https:\/\/www.prijedordanas.com\/?p=181145","url":"https:\/\/www.prijedordanas.com\/?p=181145","name":"Tu\u017ena godi\u0161njica: \u0160esnaest godina od smrti Prijedor\u010danke Sla\u0111ane Kobas, \"13. zvjezdice\" - PrijedorDanas.com - Prijedorski gradski portal","isPartOf":{"@id":"https:\/\/www.prijedordanas.com\/#website"},"datePublished":"2022-02-10T10:25:52+00:00","dateModified":"2022-02-10T10:25:52+00:00","breadcrumb":{"@id":"https:\/\/www.prijedordanas.com\/?p=181145#breadcrumb"},"inLanguage":"en-US","potentialAction":[{"@type":"ReadAction","target":["https:\/\/www.prijedordanas.com\/?p=181145"]}]},{"@type":"BreadcrumbList","@id":"https:\/\/www.prijedordanas.com\/?p=181145#breadcrumb","itemListElement":[{"@type":"ListItem","position":1,"name":"Home","item":"https:\/\/www.prijedordanas.com\/"},{"@type":"ListItem","position":2,"name":"Tu\u017ena godi\u0161njica: \u0160esnaest godina od smrti Prijedor\u010danke Sla\u0111ane Kobas, &#8220;13. zvjezdice&#8221;"}]},{"@type":"WebSite","@id":"https:\/\/www.prijedordanas.com\/#website","url":"https:\/\/www.prijedordanas.com\/","name":"PrijedorDanas.com - Prijedorski gradski portal","description":"Portal o doga\u0111anjima u gradu Prijedoru","publisher":{"@id":"https:\/\/www.prijedordanas.com\/#organization"},"potentialAction":[{"@type":"SearchAction","target":{"@type":"EntryPoint","urlTemplate":"https:\/\/www.prijedordanas.com\/?s={search_term_string}"},"query-input":"required name=search_term_string"}],"inLanguage":"en-US"},{"@type":"Organization","@id":"https:\/\/www.prijedordanas.com\/#organization","name":"PrijedorDanas.com","url":"https:\/\/www.prijedordanas.com\/","logo":{"@type":"ImageObject","inLanguage":"en-US","@id":"https:\/\/www.prijedordanas.com\/#\/schema\/logo\/image\/","url":"http:\/\/www.prijedordanas.com\/wp-content\/uploads\/2021\/12\/logopng.png","contentUrl":"http:\/\/www.prijedordanas.com\/wp-content\/uploads\/2021\/12\/logopng.png","width":1019,"height":776,"caption":"PrijedorDanas.com"},"image":{"@id":"https:\/\/www.prijedordanas.com\/#\/schema\/logo\/image\/"},"sameAs":["https:\/\/www.facebook.com\/PrijedorDanasCom\/"]},{"@type":"Person","@id":"https:\/\/www.prijedordanas.com\/#\/schema\/person\/4e08ccf29b506ca916ff86d46bb700e6","name":"admin","image":{"@type":"ImageObject","inLanguage":"en-US","@id":"https:\/\/www.prijedordanas.com\/#\/schema\/person\/image\/","url":"https:\/\/secure.gravatar.com\/avatar\/1d3fc949d550f0b53a5f0d51e06dfd79?s=96&d=mm&r=g","contentUrl":"https:\/\/secure.gravatar.com\/avatar\/1d3fc949d550f0b53a5f0d51e06dfd79?s=96&d=mm&r=g","caption":"admin"},"url":"https:\/\/www.prijedordanas.com\/?author=1"}]}},"_links":{"self":[{"href":"https:\/\/www.prijedordanas.com\/index.php?rest_route=\/wp\/v2\/posts\/181145"}],"collection":[{"href":"https:\/\/www.prijedordanas.com\/index.php?rest_route=\/wp\/v2\/posts"}],"about":[{"href":"https:\/\/www.prijedordanas.com\/index.php?rest_route=\/wp\/v2\/types\/post"}],"author":[{"embeddable":true,"href":"https:\/\/www.prijedordanas.com\/index.php?rest_route=\/wp\/v2\/users\/1"}],"replies":[{"embeddable":true,"href":"https:\/\/www.prijedordanas.com\/index.php?rest_route=%2Fwp%2Fv2%2Fcomments&post=181145"}],"version-history":[{"count":1,"href":"https:\/\/www.prijedordanas.com\/index.php?rest_route=\/wp\/v2\/posts\/181145\/revisions"}],"predecessor-version":[{"id":181146,"href":"https:\/\/www.prijedordanas.com\/index.php?rest_route=\/wp\/v2\/posts\/181145\/revisions\/181146"}],"wp:attachment":[{"href":"https:\/\/www.prijedordanas.com\/index.php?rest_route=%2Fwp%2Fv2%2Fmedia&parent=181145"}],"wp:term":[{"taxonomy":"category","embeddable":true,"href":"https:\/\/www.prijedordanas.com\/index.php?rest_route=%2Fwp%2Fv2%2Fcategories&post=181145"},{"taxonomy":"post_tag","embeddable":true,"href":"https:\/\/www.prijedordanas.com\/index.php?rest_route=%2Fwp%2Fv2%2Ftags&post=181145"}],"curies":[{"name":"wp","href":"https:\/\/api.w.org\/{rel}","templated":true}]}}