{"id":181102,"date":"2022-02-08T09:41:24","date_gmt":"2022-02-08T08:41:24","guid":{"rendered":"https:\/\/www.prijedordanas.com\/?p=181102"},"modified":"2022-02-08T09:41:24","modified_gmt":"2022-02-08T08:41:24","slug":"sudenje-culibrk-krici-iz-bijele-kuce-u-logoru-omarska","status":"publish","type":"post","link":"https:\/\/www.prijedordanas.com\/?p=181102","title":{"rendered":"Su\u0111enje \u0106ulibrk: Krici iz \u201cBijele ku\u0107e\u201d u logoru Omarska"},"content":{"rendered":"<p><a href=\"https:\/\/www.prijedordanas.com\/wp-content\/uploads\/2018\/02\/sud-bih-sudnica.jpg\"><img loading=\"lazy\" decoding=\"async\" src=\"https:\/\/www.prijedordanas.com\/wp-content\/uploads\/2018\/02\/sud-bih-sudnica-300x231.jpg\" alt=\"\" width=\"300\" height=\"231\" class=\"alignleft size-medium wp-image-99202\" srcset=\"https:\/\/www.prijedordanas.com\/wp-content\/uploads\/2018\/02\/sud-bih-sudnica-300x231.jpg 300w, https:\/\/www.prijedordanas.com\/wp-content\/uploads\/2018\/02\/sud-bih-sudnica-100x77.jpg 100w, https:\/\/www.prijedordanas.com\/wp-content\/uploads\/2018\/02\/sud-bih-sudnica.jpg 650w\" sizes=\"(max-width: 300px) 100vw, 300px\" \/><\/a>Na su\u0111enju Du\u0161anu \u0106ulibrku, optu\u017eenom za zlo\u010dine po\u010dinjene u ljeto 1992. godine na podru\u010dju Bosanske Krupe, svjedoci Tu\u017eila\u0161tva Bosne i Hercegovine su pri\u010dali o zarobljavanju u logorima te ubistvima civila, koji su poslije rata prona\u0111eni u jami \u201cLisac\u201d.<\/p>\n<p>Said Red\u017ei\u0107 je ispri\u010dao da je 1992. godine \u017eivio u Trnopolju, gdje je boravio i u logoru do 3. augusta. Prisjetio se da su pripadnici Vojske Republike Srpske (VRS) stanovni\u0161tvo iz Trnopolja odveli u logor, kada je zadnji put vidio brata Muhameda. Kazao je kako je njemu bilo sigurnije u logoru nego kod ku\u0107e.<\/p>\n<p>\u201cJa sam ga vidio i rekao sam da ide sa mnom\u2026 On nije htio, oti\u0161ao je s kolegom za Kozarac i tada sam ga zadnji put vidio\u201d, kazao je Red\u017ei\u0107, dodav\u0161i da je kasnije saznao kako je brat bio u logoru \u201cOmarska\u201d, a kasnije je prona\u0111en u jami \u201cLisac\u201d.<\/p>\n<p>Jasim Brdar je rekao da je po\u010detkom rata \u017eivio u \u010carakovu u Prijedoru, kada je \u201cizbjegao u \u0161umu\u201d, gdje se krio sa ostalim stanovnicima. Dodao je da su bili raspore\u0111eni u manje grupe kako bi se lak\u0161e sakrili, a da je me\u0111u njima bio i Ekrem \u010cau\u0161evi\u0107, za kojeg je kasnije saznao da je, zajedno sa svojom grupom, ubijen.<\/p>\n<p>Tu\u017eilac Ahmed Me\u0161i\u0107 je svjedoku predo\u010dio iskaz iz istrage u kojem je izjavio da se \u201cdana 23. jula 1992. u ranim jutarnjim satima za\u010dula pucnjava u svim selima oko \u010carakova\u201d. Svjedok je tokom istrage izjavio i da je tada \u010cau\u0161evi\u0107 kazao kako on zna put kroz \u0161ume prema Biha\u0107u te da je poslije rata \u010duo da su oni pobijeni i prona\u0111eni u jami \u201cLisac\u201d.<\/p>\n<p>Brdar je svjedo\u010dio na su\u0111enju Du\u0161anu \u0106ulibrku, optu\u017eenom da je, u svojstvu pripadnika rezervnog sastava policije Stanice javne bezbjednosti (SJB) Bosanska Krupa, u julu 1992. godine li\u010dno i direktno sudjelovao u odvo\u0111enju, a potom i ubistvima 44 zato\u010denika iz logora \u201cOmarska\u201d po\u010dinjenim na lokalitetu Donji Dubovik. On se tereti i za ubistva sedam civila bo\u0161nja\u010dke nacionalnosti koji su se iz pravca Prijedora kretali prema Biha\u0107u. Sa \u0106ulibrkom je bio optu\u017een i Milorad Kotur, ali je odlukom Suda BiH ovaj predmet razdvojen.<\/p>\n<p>D\u017eevad Uji\u0107 je izjavio da je 1992. godine \u017eivio u selu Zecovi kod Prijedora te da je njegov brat Hasan ubijen, a njegovi posmrtni ostaci prona\u0111eni su u jami \u201cLisac\u201d.<\/p>\n<p>\u201cMoji su odvedeni u logor u Trnopolju, a brat je ostao u \u0161umi. Bilo je njih sedam u grupi s bratom\u201d, rekao je Uji\u0107, dodav\u0161i da je me\u0111u njima bio i \u010cau\u0161evi\u0107, kao i njegov brat, te da su jedno jutro krenuli za Biha\u0107, nakon \u010dega su uhva\u0107eni.<\/p>\n<p>Tu\u017eilac Me\u0161i\u0107 je pro\u010ditao i iskaz preminulog svjedoka Mesuda Jakupovi\u0107a iz Kami\u010dana kod Prijedora. Njegov ro\u0111ak Kemal, koji je ubijen, s Jakupovi\u0107em je bio zajedno u logoru \u201cOmarska\u201d. On je izjavio da se napad na Kozarac desio 24. maja 1992. godine, kada je bio kod ku\u0107e.<\/p>\n<p>Kako je kazao, po\u010detkom juna srpska vojska je istjerala \u201cna put\u201d njega i jo\u0161 trojicu \u0161urjaka.<\/p>\n<p>\u201cMislim da nas je tada izvedeno oko 200 mu\u0161karaca\u2026 Sve su nas sabrali ispred ku\u0107e\u201d, rekao je Jakupovi\u0107 u izjavi, dodav\u0161i da su taj dan odvedeni u logor \u201cKeraterm\u201d, gdje je proveo 20 dana, nakon \u010dega je preba\u010den u \u201cOmarsku\u201d.<\/p>\n<p>Prema iskazu, u \u201cOmarskoj\u201d je bio do augusta, a poslije toga u logoru \u201cManja\u010da\u201d do decembra 1992. godine.<\/p>\n<p>\u201cU logoru je postojala \u2018Bijela ku\u0107a\u2019\u2026 Dok sam boravio na pisti, mogao sam \u010duti krike iz \u2018Bijele ku\u0107e\u2019\u201d, stoji u Jakupovi\u0107evom iskazu, gdje se jo\u0161 navodi kako je od drugih logora\u0161a \u010duo da su zarobljenici iz \u201cBijele ku\u0107e\u201d odvo\u0111eni na razmjene, \u201cali da to nisu bile razmjene\u201d.<\/p>\n<p>Nastavak su\u0111enja je zakazan za 14. februar.<\/p>\n<p><a href=\"https:\/\/detektor.ba\/2022\/02\/07\/culibrk-krici-iz-bijele-kuce-u-logoru-omarska\/\" rel=\"noopener\" target=\"_blank\">detektor.ba<\/a><\/p>\n","protected":false},"excerpt":{"rendered":"<p>Na su\u0111enju Du\u0161anu \u0106ulibrku, optu\u017eenom za zlo\u010dine po\u010dinjene u ljeto 1992. godine na podru\u010dju Bosanske Krupe, svjedoci Tu\u017eila\u0161tva Bosne i Hercegovine su pri\u010dali o zarobljavanju u logorima te ubistvima civila, [&hellip;]<\/p>\n","protected":false},"author":1,"featured_media":0,"comment_status":"closed","ping_status":"open","sticky":false,"template":"","format":"standard","meta":{"_monsterinsights_skip_tracking":false,"_monsterinsights_sitenote_active":false,"_monsterinsights_sitenote_note":"","_monsterinsights_sitenote_category":0,"footnotes":""},"categories":[5],"tags":[],"yoast_head":"<!-- This site is optimized with the Yoast SEO plugin v21.6 - https:\/\/yoast.com\/wordpress\/plugins\/seo\/ -->\n<title>Su\u0111enje \u0106ulibrk: Krici iz \u201cBijele ku\u0107e\u201d u logoru Omarska - PrijedorDanas.com - Prijedorski gradski portal<\/title>\n<meta name=\"robots\" content=\"index, follow, max-snippet:-1, max-image-preview:large, max-video-preview:-1\" \/>\n<link rel=\"canonical\" href=\"https:\/\/www.prijedordanas.com\/?p=181102\" \/>\n<meta property=\"og:locale\" content=\"en_US\" \/>\n<meta property=\"og:type\" content=\"article\" \/>\n<meta property=\"og:title\" content=\"Su\u0111enje \u0106ulibrk: Krici iz \u201cBijele ku\u0107e\u201d u logoru Omarska - PrijedorDanas.com - Prijedorski gradski portal\" \/>\n<meta property=\"og:description\" content=\"Na su\u0111enju Du\u0161anu \u0106ulibrku, optu\u017eenom za zlo\u010dine po\u010dinjene u ljeto 1992. godine na podru\u010dju Bosanske Krupe, svjedoci Tu\u017eila\u0161tva Bosne i Hercegovine su pri\u010dali o zarobljavanju u logorima te ubistvima civila, [&hellip;]\" \/>\n<meta property=\"og:url\" content=\"https:\/\/www.prijedordanas.com\/?p=181102\" \/>\n<meta property=\"og:site_name\" content=\"PrijedorDanas.com - Prijedorski gradski portal\" \/>\n<meta property=\"article:publisher\" content=\"https:\/\/www.facebook.com\/PrijedorDanasCom\/\" \/>\n<meta property=\"article:published_time\" content=\"2022-02-08T08:41:24+00:00\" \/>\n<meta property=\"og:image\" content=\"https:\/\/www.prijedordanas.com\/wp-content\/uploads\/2018\/02\/sud-bih-sudnica-300x231.jpg\" \/>\n<meta name=\"author\" content=\"admin\" \/>\n<meta name=\"twitter:card\" content=\"summary_large_image\" \/>\n<meta name=\"twitter:label1\" content=\"Written by\" \/>\n\t<meta name=\"twitter:data1\" content=\"admin\" \/>\n\t<meta name=\"twitter:label2\" content=\"Est. reading time\" \/>\n\t<meta name=\"twitter:data2\" content=\"3 minutes\" \/>\n<script type=\"application\/ld+json\" class=\"yoast-schema-graph\">{\"@context\":\"https:\/\/schema.org\",\"@graph\":[{\"@type\":\"Article\",\"@id\":\"https:\/\/www.prijedordanas.com\/?p=181102#article\",\"isPartOf\":{\"@id\":\"https:\/\/www.prijedordanas.com\/?p=181102\"},\"author\":{\"name\":\"admin\",\"@id\":\"https:\/\/www.prijedordanas.com\/#\/schema\/person\/4e08ccf29b506ca916ff86d46bb700e6\"},\"headline\":\"Su\u0111enje \u0106ulibrk: Krici iz \u201cBijele ku\u0107e\u201d u logoru Omarska\",\"datePublished\":\"2022-02-08T08:41:24+00:00\",\"dateModified\":\"2022-02-08T08:41:24+00:00\",\"mainEntityOfPage\":{\"@id\":\"https:\/\/www.prijedordanas.com\/?p=181102\"},\"wordCount\":665,\"publisher\":{\"@id\":\"https:\/\/www.prijedordanas.com\/#organization\"},\"articleSection\":[\"Hronika\"],\"inLanguage\":\"en-US\"},{\"@type\":\"WebPage\",\"@id\":\"https:\/\/www.prijedordanas.com\/?p=181102\",\"url\":\"https:\/\/www.prijedordanas.com\/?p=181102\",\"name\":\"Su\u0111enje \u0106ulibrk: Krici iz \u201cBijele ku\u0107e\u201d u logoru Omarska - PrijedorDanas.com - Prijedorski gradski portal\",\"isPartOf\":{\"@id\":\"https:\/\/www.prijedordanas.com\/#website\"},\"datePublished\":\"2022-02-08T08:41:24+00:00\",\"dateModified\":\"2022-02-08T08:41:24+00:00\",\"breadcrumb\":{\"@id\":\"https:\/\/www.prijedordanas.com\/?p=181102#breadcrumb\"},\"inLanguage\":\"en-US\",\"potentialAction\":[{\"@type\":\"ReadAction\",\"target\":[\"https:\/\/www.prijedordanas.com\/?p=181102\"]}]},{\"@type\":\"BreadcrumbList\",\"@id\":\"https:\/\/www.prijedordanas.com\/?p=181102#breadcrumb\",\"itemListElement\":[{\"@type\":\"ListItem\",\"position\":1,\"name\":\"Home\",\"item\":\"https:\/\/www.prijedordanas.com\/\"},{\"@type\":\"ListItem\",\"position\":2,\"name\":\"Su\u0111enje \u0106ulibrk: Krici iz \u201cBijele ku\u0107e\u201d u logoru Omarska\"}]},{\"@type\":\"WebSite\",\"@id\":\"https:\/\/www.prijedordanas.com\/#website\",\"url\":\"https:\/\/www.prijedordanas.com\/\",\"name\":\"PrijedorDanas.com - Prijedorski gradski portal\",\"description\":\"Portal o doga\u0111anjima u gradu Prijedoru\",\"publisher\":{\"@id\":\"https:\/\/www.prijedordanas.com\/#organization\"},\"potentialAction\":[{\"@type\":\"SearchAction\",\"target\":{\"@type\":\"EntryPoint\",\"urlTemplate\":\"https:\/\/www.prijedordanas.com\/?s={search_term_string}\"},\"query-input\":\"required name=search_term_string\"}],\"inLanguage\":\"en-US\"},{\"@type\":\"Organization\",\"@id\":\"https:\/\/www.prijedordanas.com\/#organization\",\"name\":\"PrijedorDanas.com\",\"url\":\"https:\/\/www.prijedordanas.com\/\",\"logo\":{\"@type\":\"ImageObject\",\"inLanguage\":\"en-US\",\"@id\":\"https:\/\/www.prijedordanas.com\/#\/schema\/logo\/image\/\",\"url\":\"http:\/\/www.prijedordanas.com\/wp-content\/uploads\/2021\/12\/logopng.png\",\"contentUrl\":\"http:\/\/www.prijedordanas.com\/wp-content\/uploads\/2021\/12\/logopng.png\",\"width\":1019,\"height\":776,\"caption\":\"PrijedorDanas.com\"},\"image\":{\"@id\":\"https:\/\/www.prijedordanas.com\/#\/schema\/logo\/image\/\"},\"sameAs\":[\"https:\/\/www.facebook.com\/PrijedorDanasCom\/\"]},{\"@type\":\"Person\",\"@id\":\"https:\/\/www.prijedordanas.com\/#\/schema\/person\/4e08ccf29b506ca916ff86d46bb700e6\",\"name\":\"admin\",\"image\":{\"@type\":\"ImageObject\",\"inLanguage\":\"en-US\",\"@id\":\"https:\/\/www.prijedordanas.com\/#\/schema\/person\/image\/\",\"url\":\"https:\/\/secure.gravatar.com\/avatar\/1d3fc949d550f0b53a5f0d51e06dfd79?s=96&d=mm&r=g\",\"contentUrl\":\"https:\/\/secure.gravatar.com\/avatar\/1d3fc949d550f0b53a5f0d51e06dfd79?s=96&d=mm&r=g\",\"caption\":\"admin\"},\"url\":\"https:\/\/www.prijedordanas.com\/?author=1\"}]}<\/script>\n<!-- \/ Yoast SEO plugin. -->","yoast_head_json":{"title":"Su\u0111enje \u0106ulibrk: Krici iz \u201cBijele ku\u0107e\u201d u logoru Omarska - PrijedorDanas.com - Prijedorski gradski portal","robots":{"index":"index","follow":"follow","max-snippet":"max-snippet:-1","max-image-preview":"max-image-preview:large","max-video-preview":"max-video-preview:-1"},"canonical":"https:\/\/www.prijedordanas.com\/?p=181102","og_locale":"en_US","og_type":"article","og_title":"Su\u0111enje \u0106ulibrk: Krici iz \u201cBijele ku\u0107e\u201d u logoru Omarska - PrijedorDanas.com - Prijedorski gradski portal","og_description":"Na su\u0111enju Du\u0161anu \u0106ulibrku, optu\u017eenom za zlo\u010dine po\u010dinjene u ljeto 1992. godine na podru\u010dju Bosanske Krupe, svjedoci Tu\u017eila\u0161tva Bosne i Hercegovine su pri\u010dali o zarobljavanju u logorima te ubistvima civila, [&hellip;]","og_url":"https:\/\/www.prijedordanas.com\/?p=181102","og_site_name":"PrijedorDanas.com - Prijedorski gradski portal","article_publisher":"https:\/\/www.facebook.com\/PrijedorDanasCom\/","article_published_time":"2022-02-08T08:41:24+00:00","og_image":[{"url":"https:\/\/www.prijedordanas.com\/wp-content\/uploads\/2018\/02\/sud-bih-sudnica-300x231.jpg"}],"author":"admin","twitter_card":"summary_large_image","twitter_misc":{"Written by":"admin","Est. reading time":"3 minutes"},"schema":{"@context":"https:\/\/schema.org","@graph":[{"@type":"Article","@id":"https:\/\/www.prijedordanas.com\/?p=181102#article","isPartOf":{"@id":"https:\/\/www.prijedordanas.com\/?p=181102"},"author":{"name":"admin","@id":"https:\/\/www.prijedordanas.com\/#\/schema\/person\/4e08ccf29b506ca916ff86d46bb700e6"},"headline":"Su\u0111enje \u0106ulibrk: Krici iz \u201cBijele ku\u0107e\u201d u logoru Omarska","datePublished":"2022-02-08T08:41:24+00:00","dateModified":"2022-02-08T08:41:24+00:00","mainEntityOfPage":{"@id":"https:\/\/www.prijedordanas.com\/?p=181102"},"wordCount":665,"publisher":{"@id":"https:\/\/www.prijedordanas.com\/#organization"},"articleSection":["Hronika"],"inLanguage":"en-US"},{"@type":"WebPage","@id":"https:\/\/www.prijedordanas.com\/?p=181102","url":"https:\/\/www.prijedordanas.com\/?p=181102","name":"Su\u0111enje \u0106ulibrk: Krici iz \u201cBijele ku\u0107e\u201d u logoru Omarska - PrijedorDanas.com - Prijedorski gradski portal","isPartOf":{"@id":"https:\/\/www.prijedordanas.com\/#website"},"datePublished":"2022-02-08T08:41:24+00:00","dateModified":"2022-02-08T08:41:24+00:00","breadcrumb":{"@id":"https:\/\/www.prijedordanas.com\/?p=181102#breadcrumb"},"inLanguage":"en-US","potentialAction":[{"@type":"ReadAction","target":["https:\/\/www.prijedordanas.com\/?p=181102"]}]},{"@type":"BreadcrumbList","@id":"https:\/\/www.prijedordanas.com\/?p=181102#breadcrumb","itemListElement":[{"@type":"ListItem","position":1,"name":"Home","item":"https:\/\/www.prijedordanas.com\/"},{"@type":"ListItem","position":2,"name":"Su\u0111enje \u0106ulibrk: Krici iz \u201cBijele ku\u0107e\u201d u logoru Omarska"}]},{"@type":"WebSite","@id":"https:\/\/www.prijedordanas.com\/#website","url":"https:\/\/www.prijedordanas.com\/","name":"PrijedorDanas.com - Prijedorski gradski portal","description":"Portal o doga\u0111anjima u gradu Prijedoru","publisher":{"@id":"https:\/\/www.prijedordanas.com\/#organization"},"potentialAction":[{"@type":"SearchAction","target":{"@type":"EntryPoint","urlTemplate":"https:\/\/www.prijedordanas.com\/?s={search_term_string}"},"query-input":"required name=search_term_string"}],"inLanguage":"en-US"},{"@type":"Organization","@id":"https:\/\/www.prijedordanas.com\/#organization","name":"PrijedorDanas.com","url":"https:\/\/www.prijedordanas.com\/","logo":{"@type":"ImageObject","inLanguage":"en-US","@id":"https:\/\/www.prijedordanas.com\/#\/schema\/logo\/image\/","url":"http:\/\/www.prijedordanas.com\/wp-content\/uploads\/2021\/12\/logopng.png","contentUrl":"http:\/\/www.prijedordanas.com\/wp-content\/uploads\/2021\/12\/logopng.png","width":1019,"height":776,"caption":"PrijedorDanas.com"},"image":{"@id":"https:\/\/www.prijedordanas.com\/#\/schema\/logo\/image\/"},"sameAs":["https:\/\/www.facebook.com\/PrijedorDanasCom\/"]},{"@type":"Person","@id":"https:\/\/www.prijedordanas.com\/#\/schema\/person\/4e08ccf29b506ca916ff86d46bb700e6","name":"admin","image":{"@type":"ImageObject","inLanguage":"en-US","@id":"https:\/\/www.prijedordanas.com\/#\/schema\/person\/image\/","url":"https:\/\/secure.gravatar.com\/avatar\/1d3fc949d550f0b53a5f0d51e06dfd79?s=96&d=mm&r=g","contentUrl":"https:\/\/secure.gravatar.com\/avatar\/1d3fc949d550f0b53a5f0d51e06dfd79?s=96&d=mm&r=g","caption":"admin"},"url":"https:\/\/www.prijedordanas.com\/?author=1"}]}},"_links":{"self":[{"href":"https:\/\/www.prijedordanas.com\/index.php?rest_route=\/wp\/v2\/posts\/181102"}],"collection":[{"href":"https:\/\/www.prijedordanas.com\/index.php?rest_route=\/wp\/v2\/posts"}],"about":[{"href":"https:\/\/www.prijedordanas.com\/index.php?rest_route=\/wp\/v2\/types\/post"}],"author":[{"embeddable":true,"href":"https:\/\/www.prijedordanas.com\/index.php?rest_route=\/wp\/v2\/users\/1"}],"replies":[{"embeddable":true,"href":"https:\/\/www.prijedordanas.com\/index.php?rest_route=%2Fwp%2Fv2%2Fcomments&post=181102"}],"version-history":[{"count":1,"href":"https:\/\/www.prijedordanas.com\/index.php?rest_route=\/wp\/v2\/posts\/181102\/revisions"}],"predecessor-version":[{"id":181103,"href":"https:\/\/www.prijedordanas.com\/index.php?rest_route=\/wp\/v2\/posts\/181102\/revisions\/181103"}],"wp:attachment":[{"href":"https:\/\/www.prijedordanas.com\/index.php?rest_route=%2Fwp%2Fv2%2Fmedia&parent=181102"}],"wp:term":[{"taxonomy":"category","embeddable":true,"href":"https:\/\/www.prijedordanas.com\/index.php?rest_route=%2Fwp%2Fv2%2Fcategories&post=181102"},{"taxonomy":"post_tag","embeddable":true,"href":"https:\/\/www.prijedordanas.com\/index.php?rest_route=%2Fwp%2Fv2%2Ftags&post=181102"}],"curies":[{"name":"wp","href":"https:\/\/api.w.org\/{rel}","templated":true}]}}