{"id":181086,"date":"2022-02-07T22:33:57","date_gmt":"2022-02-07T21:33:57","guid":{"rendered":"https:\/\/www.prijedordanas.com\/?p=181086"},"modified":"2022-02-07T22:33:57","modified_gmt":"2022-02-07T21:33:57","slug":"nema-saradnje-sa-klubom-odbornika-sds-u-skupstini-grada-prijedora-dragojevic-stojic-o-zahtjevu-odbornika-da-podnese-ostavku","status":"publish","type":"post","link":"https:\/\/www.prijedordanas.com\/?p=181086","title":{"rendered":"&#8220;Nema saradnje sa klubom odbornika SDS u Skup\u0161tini grada Prijedora&#8221;: Dragojevi\u0107-Stoji\u0107 o zahtjevu odbornika da podnese ostavku"},"content":{"rendered":"<p><a href=\"https:\/\/www.prijedordanas.com\/wp-content\/uploads\/2020\/10\/maja-dragojevic-stojic.jpg\"><img loading=\"lazy\" decoding=\"async\" src=\"https:\/\/www.prijedordanas.com\/wp-content\/uploads\/2020\/10\/maja-dragojevic-stojic-300x231.jpg\" alt=\"\" width=\"300\" height=\"231\" class=\"alignleft size-medium wp-image-154972\" srcset=\"https:\/\/www.prijedordanas.com\/wp-content\/uploads\/2020\/10\/maja-dragojevic-stojic-300x231.jpg 300w, https:\/\/www.prijedordanas.com\/wp-content\/uploads\/2020\/10\/maja-dragojevic-stojic.jpg 650w\" sizes=\"(max-width: 300px) 100vw, 300px\" \/><\/a>Predsjednica Gradskog odbora SDS Prijedor Maja Dragojevi\u0107-Stoji\u0107 ka\u017ee da ne postoji saradnja sa Klubom odbornika SDS u Skup\u0161tini grada Prijedora i da je ne\u0107e ni biti, nakon \u0161to su oni zatra\u017eili njenu ostavku na ovu strana\u010dku funkciju.<\/p>\n<p>Sa klubom odbornika nemamo saradnju, jer se ve\u0107 vi\u0161e puta potvrdilo da nisu posve\u0107eni op\u0161tem interesu i da ne po\u0161tuju odluke stranke. Tako \u0107e i ostati \u2013 rekla je Dragojevi\u0107-Stoji\u0107.<\/p>\n<p>Ona je tvrdi da je na mjesto predsjednika Gradskog odbora SDS Prijedor izabrana jednoglasnom podr\u0161kom svih prisutnih delegata, a da su izbori sprovedeni onako kako nala\u017ee Statut.<\/p>\n<p>\u2013 Nezapam\u0107en je slu\u010daj da neko isklju\u010den iz SDS zbog te\u017ee povrede Statuta javno tra\u017ei moju ostavku na mjestu predsjednika gradskog odbora. To je upravo ju\u010de uradila gospo\u0111ica \u041ane\u017eevi\u0107 \u2013 navodi ona.<\/p>\n<p><a href=\"https:\/\/www.prijedordanas.com\/wp-content\/uploads\/2022\/02\/blic-skupstina-odbornici-sds-prijedor-1.jpg\"><img loading=\"lazy\" decoding=\"async\" src=\"https:\/\/www.prijedordanas.com\/wp-content\/uploads\/2022\/02\/blic-skupstina-odbornici-sds-prijedor-1-300x225.jpg\" alt=\"\" width=\"300\" height=\"225\" class=\"alignleft size-medium wp-image-181024\" srcset=\"https:\/\/www.prijedordanas.com\/wp-content\/uploads\/2022\/02\/blic-skupstina-odbornici-sds-prijedor-1-300x225.jpg 300w, https:\/\/www.prijedordanas.com\/wp-content\/uploads\/2022\/02\/blic-skupstina-odbornici-sds-prijedor-1-640x480.jpg 640w, https:\/\/www.prijedordanas.com\/wp-content\/uploads\/2022\/02\/blic-skupstina-odbornici-sds-prijedor-1.jpg 667w\" sizes=\"(max-width: 300px) 100vw, 300px\" \/><\/a>Dragojevi\u0107-Stoji\u0107 tvrdi da je od njenog izbora za predsjednicu GrO SDS Prijedor ostvario napredak.<\/p>\n<p>  \u2013 Od toga dana pa do danas SDS ja\u010da, u\u010dlanjuje nove ljude i sigurna sam da \u0107e op\u0161ti izbori ove godine to i pokazati. Uz mene stoje \u010dlanovi na\u0161eg gradskog odbora, ali i \u0161ire \u010dlanstvo, \u0161to svakog dana mo\u017eemo vidjeti na terenu \u2013 tvrdi ona.<\/p>\n<p>Dodala je da SDS ne\u0107e \u0161tititi ni\u0161ta \u0161to nije u skladu sa zakonom.<\/p>\n<p>\u2013 Tako je i u slu\u010daju Marka Munjize. Istra\u017eni organi svoj posao moraju odraditi \u010dasno i profesionalno. Va\u017eno je da se utvrdi stvarna krivica, a za svoja li\u010dna djela svako treba snositi odgovornost \u2013 zaklju\u010dila je ona.<\/p>\n<p>Podsje\u0107amo, odbornici SDS u Skup\u0161tini grada Prijedora Biljana Kne\u017eevi\u0107, Predrag Stra\u010devi\u0107 i Sr\u0111an Adamovi\u0107 tra\u017ee da Maja Dragojevi\u0107-Stoji\u0107 podnese ostavku na mjesto predsjednika GrO SDS Prijedor jer je aktivista SDS Marko Munjiza uhap\u0161en zbog sumnje da je ucjenjivao direktora IRB Dra\u017eena Vrhovca.<\/p>\n<p>Odnosi unutar Gradskog odbora SDS Prijedor su ina\u010de du\u017ee vrijeme naru\u0161eni. Povjereni\u0161tvo ove partije u Prijedoru, a na \u010dijem je \u010delu bila Dragojevi\u0107-Stoji\u0107 je u aprilu pro\u0161le godine isklju\u010dilo iz SDS Biljanu Kne\u017eevi\u0107 koja je \u0161efica Kluba odbornika SDS u Skup\u0161tini grada Prijedora.<\/p>\n<p>Me\u0111utim, ostala dva odbornika SDS i dalje prihvataju da Kne\u017eevi\u0107eva bude \u0161efica njihovog kluba.<\/p>\n<p><a href=\"https:\/\/srpskainfo.com\/nema-saradnje-sa-klubom-odbornika-sds-dragojevic-stojic-o-zahtjevu-odbornika-da-podnese-ostavku\/\" rel=\"noopener\" target=\"_blank\">srpskainfo.com<\/a><\/p>\n","protected":false},"excerpt":{"rendered":"<p>Predsjednica Gradskog odbora SDS Prijedor Maja Dragojevi\u0107-Stoji\u0107 ka\u017ee da ne postoji saradnja sa Klubom odbornika SDS u Skup\u0161tini grada Prijedora i da je ne\u0107e ni biti, nakon \u0161to su oni [&hellip;]<\/p>\n","protected":false},"author":1,"featured_media":0,"comment_status":"closed","ping_status":"open","sticky":false,"template":"","format":"standard","meta":{"_monsterinsights_skip_tracking":false,"_monsterinsights_sitenote_active":false,"_monsterinsights_sitenote_note":"","_monsterinsights_sitenote_category":0,"footnotes":""},"categories":[8],"tags":[],"yoast_head":"<!-- This site is optimized with the Yoast SEO plugin v21.6 - https:\/\/yoast.com\/wordpress\/plugins\/seo\/ -->\n<title>&quot;Nema saradnje sa klubom odbornika SDS u Skup\u0161tini grada Prijedora&quot;: Dragojevi\u0107-Stoji\u0107 o zahtjevu odbornika da podnese ostavku - PrijedorDanas.com - Prijedorski gradski portal<\/title>\n<meta name=\"robots\" content=\"index, follow, max-snippet:-1, max-image-preview:large, max-video-preview:-1\" \/>\n<link rel=\"canonical\" href=\"https:\/\/www.prijedordanas.com\/?p=181086\" \/>\n<meta property=\"og:locale\" content=\"en_US\" \/>\n<meta property=\"og:type\" content=\"article\" \/>\n<meta property=\"og:title\" content=\"&quot;Nema saradnje sa klubom odbornika SDS u Skup\u0161tini grada Prijedora&quot;: Dragojevi\u0107-Stoji\u0107 o zahtjevu odbornika da podnese ostavku - PrijedorDanas.com - Prijedorski gradski portal\" \/>\n<meta property=\"og:description\" content=\"Predsjednica Gradskog odbora SDS Prijedor Maja Dragojevi\u0107-Stoji\u0107 ka\u017ee da ne postoji saradnja sa Klubom odbornika SDS u Skup\u0161tini grada Prijedora i da je ne\u0107e ni biti, nakon \u0161to su oni [&hellip;]\" \/>\n<meta property=\"og:url\" content=\"https:\/\/www.prijedordanas.com\/?p=181086\" \/>\n<meta property=\"og:site_name\" content=\"PrijedorDanas.com - Prijedorski gradski portal\" \/>\n<meta property=\"article:publisher\" content=\"https:\/\/www.facebook.com\/PrijedorDanasCom\/\" \/>\n<meta property=\"article:published_time\" content=\"2022-02-07T21:33:57+00:00\" \/>\n<meta property=\"og:image\" content=\"https:\/\/www.prijedordanas.com\/wp-content\/uploads\/2020\/10\/maja-dragojevic-stojic-300x231.jpg\" \/>\n<meta name=\"author\" content=\"admin\" \/>\n<meta name=\"twitter:card\" content=\"summary_large_image\" \/>\n<meta name=\"twitter:label1\" content=\"Written by\" \/>\n\t<meta name=\"twitter:data1\" content=\"admin\" \/>\n\t<meta name=\"twitter:label2\" content=\"Est. reading time\" \/>\n\t<meta name=\"twitter:data2\" content=\"2 minutes\" \/>\n<script type=\"application\/ld+json\" class=\"yoast-schema-graph\">{\"@context\":\"https:\/\/schema.org\",\"@graph\":[{\"@type\":\"Article\",\"@id\":\"https:\/\/www.prijedordanas.com\/?p=181086#article\",\"isPartOf\":{\"@id\":\"https:\/\/www.prijedordanas.com\/?p=181086\"},\"author\":{\"name\":\"admin\",\"@id\":\"https:\/\/www.prijedordanas.com\/#\/schema\/person\/4e08ccf29b506ca916ff86d46bb700e6\"},\"headline\":\"&#8220;Nema saradnje sa klubom odbornika SDS u Skup\u0161tini grada Prijedora&#8221;: Dragojevi\u0107-Stoji\u0107 o zahtjevu odbornika da podnese ostavku\",\"datePublished\":\"2022-02-07T21:33:57+00:00\",\"dateModified\":\"2022-02-07T21:33:57+00:00\",\"mainEntityOfPage\":{\"@id\":\"https:\/\/www.prijedordanas.com\/?p=181086\"},\"wordCount\":415,\"publisher\":{\"@id\":\"https:\/\/www.prijedordanas.com\/#organization\"},\"articleSection\":[\"Svakodnevno\"],\"inLanguage\":\"en-US\"},{\"@type\":\"WebPage\",\"@id\":\"https:\/\/www.prijedordanas.com\/?p=181086\",\"url\":\"https:\/\/www.prijedordanas.com\/?p=181086\",\"name\":\"\\\"Nema saradnje sa klubom odbornika SDS u Skup\u0161tini grada Prijedora\\\": Dragojevi\u0107-Stoji\u0107 o zahtjevu odbornika da podnese ostavku - PrijedorDanas.com - Prijedorski gradski portal\",\"isPartOf\":{\"@id\":\"https:\/\/www.prijedordanas.com\/#website\"},\"datePublished\":\"2022-02-07T21:33:57+00:00\",\"dateModified\":\"2022-02-07T21:33:57+00:00\",\"breadcrumb\":{\"@id\":\"https:\/\/www.prijedordanas.com\/?p=181086#breadcrumb\"},\"inLanguage\":\"en-US\",\"potentialAction\":[{\"@type\":\"ReadAction\",\"target\":[\"https:\/\/www.prijedordanas.com\/?p=181086\"]}]},{\"@type\":\"BreadcrumbList\",\"@id\":\"https:\/\/www.prijedordanas.com\/?p=181086#breadcrumb\",\"itemListElement\":[{\"@type\":\"ListItem\",\"position\":1,\"name\":\"Home\",\"item\":\"https:\/\/www.prijedordanas.com\/\"},{\"@type\":\"ListItem\",\"position\":2,\"name\":\"&#8220;Nema saradnje sa klubom odbornika SDS u Skup\u0161tini grada Prijedora&#8221;: Dragojevi\u0107-Stoji\u0107 o zahtjevu odbornika da podnese ostavku\"}]},{\"@type\":\"WebSite\",\"@id\":\"https:\/\/www.prijedordanas.com\/#website\",\"url\":\"https:\/\/www.prijedordanas.com\/\",\"name\":\"PrijedorDanas.com - Prijedorski gradski portal\",\"description\":\"Portal o doga\u0111anjima u gradu Prijedoru\",\"publisher\":{\"@id\":\"https:\/\/www.prijedordanas.com\/#organization\"},\"potentialAction\":[{\"@type\":\"SearchAction\",\"target\":{\"@type\":\"EntryPoint\",\"urlTemplate\":\"https:\/\/www.prijedordanas.com\/?s={search_term_string}\"},\"query-input\":\"required name=search_term_string\"}],\"inLanguage\":\"en-US\"},{\"@type\":\"Organization\",\"@id\":\"https:\/\/www.prijedordanas.com\/#organization\",\"name\":\"PrijedorDanas.com\",\"url\":\"https:\/\/www.prijedordanas.com\/\",\"logo\":{\"@type\":\"ImageObject\",\"inLanguage\":\"en-US\",\"@id\":\"https:\/\/www.prijedordanas.com\/#\/schema\/logo\/image\/\",\"url\":\"http:\/\/www.prijedordanas.com\/wp-content\/uploads\/2021\/12\/logopng.png\",\"contentUrl\":\"http:\/\/www.prijedordanas.com\/wp-content\/uploads\/2021\/12\/logopng.png\",\"width\":1019,\"height\":776,\"caption\":\"PrijedorDanas.com\"},\"image\":{\"@id\":\"https:\/\/www.prijedordanas.com\/#\/schema\/logo\/image\/\"},\"sameAs\":[\"https:\/\/www.facebook.com\/PrijedorDanasCom\/\"]},{\"@type\":\"Person\",\"@id\":\"https:\/\/www.prijedordanas.com\/#\/schema\/person\/4e08ccf29b506ca916ff86d46bb700e6\",\"name\":\"admin\",\"image\":{\"@type\":\"ImageObject\",\"inLanguage\":\"en-US\",\"@id\":\"https:\/\/www.prijedordanas.com\/#\/schema\/person\/image\/\",\"url\":\"https:\/\/secure.gravatar.com\/avatar\/1d3fc949d550f0b53a5f0d51e06dfd79?s=96&d=mm&r=g\",\"contentUrl\":\"https:\/\/secure.gravatar.com\/avatar\/1d3fc949d550f0b53a5f0d51e06dfd79?s=96&d=mm&r=g\",\"caption\":\"admin\"},\"url\":\"https:\/\/www.prijedordanas.com\/?author=1\"}]}<\/script>\n<!-- \/ Yoast SEO plugin. -->","yoast_head_json":{"title":"\"Nema saradnje sa klubom odbornika SDS u Skup\u0161tini grada Prijedora\": Dragojevi\u0107-Stoji\u0107 o zahtjevu odbornika da podnese ostavku - PrijedorDanas.com - Prijedorski gradski portal","robots":{"index":"index","follow":"follow","max-snippet":"max-snippet:-1","max-image-preview":"max-image-preview:large","max-video-preview":"max-video-preview:-1"},"canonical":"https:\/\/www.prijedordanas.com\/?p=181086","og_locale":"en_US","og_type":"article","og_title":"\"Nema saradnje sa klubom odbornika SDS u Skup\u0161tini grada Prijedora\": Dragojevi\u0107-Stoji\u0107 o zahtjevu odbornika da podnese ostavku - PrijedorDanas.com - Prijedorski gradski portal","og_description":"Predsjednica Gradskog odbora SDS Prijedor Maja Dragojevi\u0107-Stoji\u0107 ka\u017ee da ne postoji saradnja sa Klubom odbornika SDS u Skup\u0161tini grada Prijedora i da je ne\u0107e ni biti, nakon \u0161to su oni [&hellip;]","og_url":"https:\/\/www.prijedordanas.com\/?p=181086","og_site_name":"PrijedorDanas.com - Prijedorski gradski portal","article_publisher":"https:\/\/www.facebook.com\/PrijedorDanasCom\/","article_published_time":"2022-02-07T21:33:57+00:00","og_image":[{"url":"https:\/\/www.prijedordanas.com\/wp-content\/uploads\/2020\/10\/maja-dragojevic-stojic-300x231.jpg"}],"author":"admin","twitter_card":"summary_large_image","twitter_misc":{"Written by":"admin","Est. reading time":"2 minutes"},"schema":{"@context":"https:\/\/schema.org","@graph":[{"@type":"Article","@id":"https:\/\/www.prijedordanas.com\/?p=181086#article","isPartOf":{"@id":"https:\/\/www.prijedordanas.com\/?p=181086"},"author":{"name":"admin","@id":"https:\/\/www.prijedordanas.com\/#\/schema\/person\/4e08ccf29b506ca916ff86d46bb700e6"},"headline":"&#8220;Nema saradnje sa klubom odbornika SDS u Skup\u0161tini grada Prijedora&#8221;: Dragojevi\u0107-Stoji\u0107 o zahtjevu odbornika da podnese ostavku","datePublished":"2022-02-07T21:33:57+00:00","dateModified":"2022-02-07T21:33:57+00:00","mainEntityOfPage":{"@id":"https:\/\/www.prijedordanas.com\/?p=181086"},"wordCount":415,"publisher":{"@id":"https:\/\/www.prijedordanas.com\/#organization"},"articleSection":["Svakodnevno"],"inLanguage":"en-US"},{"@type":"WebPage","@id":"https:\/\/www.prijedordanas.com\/?p=181086","url":"https:\/\/www.prijedordanas.com\/?p=181086","name":"\"Nema saradnje sa klubom odbornika SDS u Skup\u0161tini grada Prijedora\": Dragojevi\u0107-Stoji\u0107 o zahtjevu odbornika da podnese ostavku - PrijedorDanas.com - Prijedorski gradski portal","isPartOf":{"@id":"https:\/\/www.prijedordanas.com\/#website"},"datePublished":"2022-02-07T21:33:57+00:00","dateModified":"2022-02-07T21:33:57+00:00","breadcrumb":{"@id":"https:\/\/www.prijedordanas.com\/?p=181086#breadcrumb"},"inLanguage":"en-US","potentialAction":[{"@type":"ReadAction","target":["https:\/\/www.prijedordanas.com\/?p=181086"]}]},{"@type":"BreadcrumbList","@id":"https:\/\/www.prijedordanas.com\/?p=181086#breadcrumb","itemListElement":[{"@type":"ListItem","position":1,"name":"Home","item":"https:\/\/www.prijedordanas.com\/"},{"@type":"ListItem","position":2,"name":"&#8220;Nema saradnje sa klubom odbornika SDS u Skup\u0161tini grada Prijedora&#8221;: Dragojevi\u0107-Stoji\u0107 o zahtjevu odbornika da podnese ostavku"}]},{"@type":"WebSite","@id":"https:\/\/www.prijedordanas.com\/#website","url":"https:\/\/www.prijedordanas.com\/","name":"PrijedorDanas.com - Prijedorski gradski portal","description":"Portal o doga\u0111anjima u gradu Prijedoru","publisher":{"@id":"https:\/\/www.prijedordanas.com\/#organization"},"potentialAction":[{"@type":"SearchAction","target":{"@type":"EntryPoint","urlTemplate":"https:\/\/www.prijedordanas.com\/?s={search_term_string}"},"query-input":"required name=search_term_string"}],"inLanguage":"en-US"},{"@type":"Organization","@id":"https:\/\/www.prijedordanas.com\/#organization","name":"PrijedorDanas.com","url":"https:\/\/www.prijedordanas.com\/","logo":{"@type":"ImageObject","inLanguage":"en-US","@id":"https:\/\/www.prijedordanas.com\/#\/schema\/logo\/image\/","url":"http:\/\/www.prijedordanas.com\/wp-content\/uploads\/2021\/12\/logopng.png","contentUrl":"http:\/\/www.prijedordanas.com\/wp-content\/uploads\/2021\/12\/logopng.png","width":1019,"height":776,"caption":"PrijedorDanas.com"},"image":{"@id":"https:\/\/www.prijedordanas.com\/#\/schema\/logo\/image\/"},"sameAs":["https:\/\/www.facebook.com\/PrijedorDanasCom\/"]},{"@type":"Person","@id":"https:\/\/www.prijedordanas.com\/#\/schema\/person\/4e08ccf29b506ca916ff86d46bb700e6","name":"admin","image":{"@type":"ImageObject","inLanguage":"en-US","@id":"https:\/\/www.prijedordanas.com\/#\/schema\/person\/image\/","url":"https:\/\/secure.gravatar.com\/avatar\/1d3fc949d550f0b53a5f0d51e06dfd79?s=96&d=mm&r=g","contentUrl":"https:\/\/secure.gravatar.com\/avatar\/1d3fc949d550f0b53a5f0d51e06dfd79?s=96&d=mm&r=g","caption":"admin"},"url":"https:\/\/www.prijedordanas.com\/?author=1"}]}},"_links":{"self":[{"href":"https:\/\/www.prijedordanas.com\/index.php?rest_route=\/wp\/v2\/posts\/181086"}],"collection":[{"href":"https:\/\/www.prijedordanas.com\/index.php?rest_route=\/wp\/v2\/posts"}],"about":[{"href":"https:\/\/www.prijedordanas.com\/index.php?rest_route=\/wp\/v2\/types\/post"}],"author":[{"embeddable":true,"href":"https:\/\/www.prijedordanas.com\/index.php?rest_route=\/wp\/v2\/users\/1"}],"replies":[{"embeddable":true,"href":"https:\/\/www.prijedordanas.com\/index.php?rest_route=%2Fwp%2Fv2%2Fcomments&post=181086"}],"version-history":[{"count":1,"href":"https:\/\/www.prijedordanas.com\/index.php?rest_route=\/wp\/v2\/posts\/181086\/revisions"}],"predecessor-version":[{"id":181087,"href":"https:\/\/www.prijedordanas.com\/index.php?rest_route=\/wp\/v2\/posts\/181086\/revisions\/181087"}],"wp:attachment":[{"href":"https:\/\/www.prijedordanas.com\/index.php?rest_route=%2Fwp%2Fv2%2Fmedia&parent=181086"}],"wp:term":[{"taxonomy":"category","embeddable":true,"href":"https:\/\/www.prijedordanas.com\/index.php?rest_route=%2Fwp%2Fv2%2Fcategories&post=181086"},{"taxonomy":"post_tag","embeddable":true,"href":"https:\/\/www.prijedordanas.com\/index.php?rest_route=%2Fwp%2Fv2%2Ftags&post=181086"}],"curies":[{"name":"wp","href":"https:\/\/api.w.org\/{rel}","templated":true}]}}