{"id":180911,"date":"2022-02-03T18:50:11","date_gmt":"2022-02-03T17:50:11","guid":{"rendered":"https:\/\/www.prijedordanas.com\/?p=180911"},"modified":"2022-02-03T18:50:11","modified_gmt":"2022-02-03T17:50:11","slug":"otac-i-sin-milan-i-dulijano-reljic-osumnjiceni-da-su-pucali-na-kcerku-vlasnika-petog-neplana","status":"publish","type":"post","link":"https:\/\/www.prijedordanas.com\/?p=180911","title":{"rendered":"Otac i sin Milan i \u0110ulijano Relji\u0107 osumnji\u010deni da su pucali na k\u0107erku vlasnika &#8220;Petog neplana&#8221;"},"content":{"rendered":"<p><a href=\"https:\/\/www.prijedordanas.com\/wp-content\/uploads\/2022\/02\/glas-ilustracija-policija.jpg\"><img loading=\"lazy\" decoding=\"async\" src=\"https:\/\/www.prijedordanas.com\/wp-content\/uploads\/2022\/02\/glas-ilustracija-policija-300x225.jpg\" alt=\"\" width=\"300\" height=\"225\" class=\"alignleft size-medium wp-image-180912\" srcset=\"https:\/\/www.prijedordanas.com\/wp-content\/uploads\/2022\/02\/glas-ilustracija-policija-300x225.jpg 300w, https:\/\/www.prijedordanas.com\/wp-content\/uploads\/2022\/02\/glas-ilustracija-policija-640x480.jpg 640w, https:\/\/www.prijedordanas.com\/wp-content\/uploads\/2022\/02\/glas-ilustracija-policija.jpg 666w\" sizes=\"(max-width: 300px) 100vw, 300px\" \/><\/a>Milan Relji\u0107, koji se nalazi u pritvoru u Njema\u010dkoj zbog sumnje da je po\u010dinio ubistvo, te njegov sin \u0110ulijano, osumnji\u010deni su da su pucali iz automatske pu\u0161ke na &#8220;opel astru&#8221; kojom je upravljala Ljubica Romani\u0107, k\u0107erka vlasnika firme &#8220;Peti neplan&#8221;, saznaje &#8220;Glas Srpske&#8221;.<\/p>\n<p>Saznajemo da je ovo otkriveno tokom policijske akcije &#8220;Talijan&#8221; koju je sprovela Policijska uprava Prijedor. Osim starijeg i mla\u0111i Relji\u0107 je nedostupan istra\u017eiocima i on je u bjekstvu.<\/p>\n<p>&#8211; U ovoj akciji uhap\u0161en je i Danilo Kljaji\u0107 iz Prijedora kojeg terete da je zajedno sa ocem i sinom Relji\u0107 oplja\u010dkao firmu u Industrijskoj zoni \u201eCelpak\u201c u Prijedoru. Mla\u0111eg Relji\u0107a terete i da je u\u010destvovao u plja\u010dki benzinske pumpe u Donjoj Bistrici kod Prijedora i ukrao oko 2.500 KM -rekao je izvor blizak istrazi.<\/p>\n<p>Na \u201copel astru\u201d kojom je upravljala Ljubica Romani\u0107, k\u0107erka \u017deljka Romani\u0107a, vlasnika \u201cPetog neplana\u201d iz Omarske,  pucano je u oktobru 2020. godine. Hitac je pogodio zadnje lijevo svjetlo i zavr\u0161io u sjedi\u0161tu automobila. Romani\u0107eva je uspjela da umakne napada\u010dima nepovrije\u0111ena.<\/p>\n<p>Policijska uprava Prijedor, navode\u0107i inicijale, saop\u0161tila je da su u akciji &#8220;Talijan&#8221; uhapsili jednu osobu, a da se traga za dvije zbog sumnje da su po\u010dinili razbojni\u0161tva  i te\u0161ku kra\u0111u.<\/p>\n<p>Stariji Relji\u0107 optu\u017eivan je za milionske plja\u010dke, a odle\u017eao je i osam godina zatvora zbog plja\u010dke 1.035.000 KM iz Komercijalne banke u Banjaluci. Tako\u0111e je klju\u010dni svjedok protiv optu\u017eenih za milionske plja\u010dke u predmetu &#8220;Trezor&#8221;, a  to je postao nakon \u0161to je priznao svoju krivicu i ulogu u tim krivi\u010dnim djelima i nagodio se sa tu\u017eila\u0161tvom.<\/p>\n<p>&#8211; Akcija je usmjerena na  rasvjetljavanje imovinskih krivi\u010dnih djela i 1. februara obavljena je kriminalisti\u010dka obrada vi\u0161e lica sa podru\u010dja Prijedora i Banjaluke koja se dovode u vezu sa izvr\u0161enjem krivi\u010dnih djela razbojni\u0161tvo i te\u0161ka kra\u0111a po\u010dinjenih na podru\u010dju operativne nadle\u017enosti Policijske uprave Prijedor &#8211; saop\u0161teno je iz policije.<\/p>\n<p>Navodi se da je kriminalisti\u010dkom obradom utvr\u0111eno da je osumnji\u010deni G.R. iz Prijedora u\u010destvovao u izvr\u0161enju krivi\u010dnog djela razbojni\u0161tvo koje je po\u010dinjeno 25. jula 2020. u mjestu Donja Bistrica kom prilikom je prijetnjom upotrebe vatrenog oru\u017eja od radnika benzinske pumpe otu\u0111en novac.<\/p>\n<p>&#8211; Osumnji\u010deni je zajedno sa M.R. i D.K. iz Prijedora 12. oktobra 2020. godine po\u010dinio i razbojni\u0161tvo kom prilikom su uz prijetnju upotrebe vatrenog oru\u017eja nad radnikom obezbje\u0111enja, iz prostorija firme u krugu industrijske zone \u201eCelpak\u201e u Prijedoru otu\u0111ili novac &#8211; saop\u0161teno je iz policije.<\/p>\n<p>Dodaje se da G.R. i M.R. terete da su 29. oktobra 2020. godine u\u010destvovala u poku\u0161aju razbojni\u0161tva kom prilikom su po\u010dinili izazivanje op\u0161te opasnosti i nedozvoljena proizvodnja i promet oru\u017eja ili eksplozivnih materija.<\/p>\n<p>&#8211; Oni su na lokalnom putu u mjestu Ni\u0161evi\u0107i poku\u0161ali zaustavili vozilo kojim je upravljalo o\u0161te\u0107eno lice, te tom prilikom upotrijebili vatreno oru\u017eje. Utvr\u0111eno je da su G.R. i D.K. u septembru i oktobru 2020. godine u Kozarskoj Dubici po\u010dinili dva krivi\u010dna djela te\u0161ka kra\u0111a od kojih jedno u poku\u0161aju. Izvr\u0161enjem krivi\u010dnog djela \u201eTe\u0161ka kra\u0111a\u201c osumnji\u010deni su iz ku\u0107e o\u0161te\u0107enog lica otu\u0111ili vatreno oru\u017eje &#8211; saop\u0161tila je policija.<\/p>\n<p>U saop\u0161tenju se isti\u010de da \u0107e nakon kompletiranja predmeta nadle\u017enom tu\u017eila\u0161tvu bi\u0107e dostavljeni izvje\u0161taji za po\u010dinjena krivi\u010dna djela.<\/p>\n<p>&#8211; Osumnji\u010deni G.R. i M.R. su trenutno nedostupni policijskim slu\u017ebenicima i za istima \u0107e biti raspisana potraga-stoji u saop\u0161tenju.<\/p>\n<p>Glas Srpske<\/p>\n","protected":false},"excerpt":{"rendered":"<p>Milan Relji\u0107, koji se nalazi u pritvoru u Njema\u010dkoj zbog sumnje da je po\u010dinio ubistvo, te njegov sin \u0110ulijano, osumnji\u010deni su da su pucali iz automatske pu\u0161ke na &#8220;opel astru&#8221; [&hellip;]<\/p>\n","protected":false},"author":1,"featured_media":0,"comment_status":"closed","ping_status":"open","sticky":false,"template":"","format":"standard","meta":{"_monsterinsights_skip_tracking":false,"_monsterinsights_sitenote_active":false,"_monsterinsights_sitenote_note":"","_monsterinsights_sitenote_category":0,"footnotes":""},"categories":[5],"tags":[],"yoast_head":"<!-- This site is optimized with the Yoast SEO plugin v21.6 - https:\/\/yoast.com\/wordpress\/plugins\/seo\/ -->\n<title>Otac i sin Milan i \u0110ulijano Relji\u0107 osumnji\u010deni da su pucali na k\u0107erku vlasnika &quot;Petog neplana&quot; - PrijedorDanas.com - Prijedorski gradski portal<\/title>\n<meta name=\"robots\" content=\"index, follow, max-snippet:-1, max-image-preview:large, max-video-preview:-1\" \/>\n<link rel=\"canonical\" href=\"https:\/\/www.prijedordanas.com\/?p=180911\" \/>\n<meta property=\"og:locale\" content=\"en_US\" \/>\n<meta property=\"og:type\" content=\"article\" \/>\n<meta property=\"og:title\" content=\"Otac i sin Milan i \u0110ulijano Relji\u0107 osumnji\u010deni da su pucali na k\u0107erku vlasnika &quot;Petog neplana&quot; - PrijedorDanas.com - Prijedorski gradski portal\" \/>\n<meta property=\"og:description\" content=\"Milan Relji\u0107, koji se nalazi u pritvoru u Njema\u010dkoj zbog sumnje da je po\u010dinio ubistvo, te njegov sin \u0110ulijano, osumnji\u010deni su da su pucali iz automatske pu\u0161ke na &#8220;opel astru&#8221; [&hellip;]\" \/>\n<meta property=\"og:url\" content=\"https:\/\/www.prijedordanas.com\/?p=180911\" \/>\n<meta property=\"og:site_name\" content=\"PrijedorDanas.com - Prijedorski gradski portal\" \/>\n<meta property=\"article:publisher\" content=\"https:\/\/www.facebook.com\/PrijedorDanasCom\/\" \/>\n<meta property=\"article:published_time\" content=\"2022-02-03T17:50:11+00:00\" \/>\n<meta property=\"og:image\" content=\"https:\/\/www.prijedordanas.com\/wp-content\/uploads\/2022\/02\/glas-ilustracija-policija-300x225.jpg\" \/>\n<meta name=\"author\" content=\"admin\" \/>\n<meta name=\"twitter:card\" content=\"summary_large_image\" \/>\n<meta name=\"twitter:label1\" content=\"Written by\" \/>\n\t<meta name=\"twitter:data1\" content=\"admin\" \/>\n\t<meta name=\"twitter:label2\" content=\"Est. reading time\" \/>\n\t<meta name=\"twitter:data2\" content=\"3 minutes\" \/>\n<script type=\"application\/ld+json\" class=\"yoast-schema-graph\">{\"@context\":\"https:\/\/schema.org\",\"@graph\":[{\"@type\":\"Article\",\"@id\":\"https:\/\/www.prijedordanas.com\/?p=180911#article\",\"isPartOf\":{\"@id\":\"https:\/\/www.prijedordanas.com\/?p=180911\"},\"author\":{\"name\":\"admin\",\"@id\":\"https:\/\/www.prijedordanas.com\/#\/schema\/person\/4e08ccf29b506ca916ff86d46bb700e6\"},\"headline\":\"Otac i sin Milan i \u0110ulijano Relji\u0107 osumnji\u010deni da su pucali na k\u0107erku vlasnika &#8220;Petog neplana&#8221;\",\"datePublished\":\"2022-02-03T17:50:11+00:00\",\"dateModified\":\"2022-02-03T17:50:11+00:00\",\"mainEntityOfPage\":{\"@id\":\"https:\/\/www.prijedordanas.com\/?p=180911\"},\"wordCount\":652,\"publisher\":{\"@id\":\"https:\/\/www.prijedordanas.com\/#organization\"},\"articleSection\":[\"Hronika\"],\"inLanguage\":\"en-US\"},{\"@type\":\"WebPage\",\"@id\":\"https:\/\/www.prijedordanas.com\/?p=180911\",\"url\":\"https:\/\/www.prijedordanas.com\/?p=180911\",\"name\":\"Otac i sin Milan i \u0110ulijano Relji\u0107 osumnji\u010deni da su pucali na k\u0107erku vlasnika \\\"Petog neplana\\\" - PrijedorDanas.com - Prijedorski gradski portal\",\"isPartOf\":{\"@id\":\"https:\/\/www.prijedordanas.com\/#website\"},\"datePublished\":\"2022-02-03T17:50:11+00:00\",\"dateModified\":\"2022-02-03T17:50:11+00:00\",\"breadcrumb\":{\"@id\":\"https:\/\/www.prijedordanas.com\/?p=180911#breadcrumb\"},\"inLanguage\":\"en-US\",\"potentialAction\":[{\"@type\":\"ReadAction\",\"target\":[\"https:\/\/www.prijedordanas.com\/?p=180911\"]}]},{\"@type\":\"BreadcrumbList\",\"@id\":\"https:\/\/www.prijedordanas.com\/?p=180911#breadcrumb\",\"itemListElement\":[{\"@type\":\"ListItem\",\"position\":1,\"name\":\"Home\",\"item\":\"https:\/\/www.prijedordanas.com\/\"},{\"@type\":\"ListItem\",\"position\":2,\"name\":\"Otac i sin Milan i \u0110ulijano Relji\u0107 osumnji\u010deni da su pucali na k\u0107erku vlasnika &#8220;Petog neplana&#8221;\"}]},{\"@type\":\"WebSite\",\"@id\":\"https:\/\/www.prijedordanas.com\/#website\",\"url\":\"https:\/\/www.prijedordanas.com\/\",\"name\":\"PrijedorDanas.com - Prijedorski gradski portal\",\"description\":\"Portal o doga\u0111anjima u gradu Prijedoru\",\"publisher\":{\"@id\":\"https:\/\/www.prijedordanas.com\/#organization\"},\"potentialAction\":[{\"@type\":\"SearchAction\",\"target\":{\"@type\":\"EntryPoint\",\"urlTemplate\":\"https:\/\/www.prijedordanas.com\/?s={search_term_string}\"},\"query-input\":\"required name=search_term_string\"}],\"inLanguage\":\"en-US\"},{\"@type\":\"Organization\",\"@id\":\"https:\/\/www.prijedordanas.com\/#organization\",\"name\":\"PrijedorDanas.com\",\"url\":\"https:\/\/www.prijedordanas.com\/\",\"logo\":{\"@type\":\"ImageObject\",\"inLanguage\":\"en-US\",\"@id\":\"https:\/\/www.prijedordanas.com\/#\/schema\/logo\/image\/\",\"url\":\"http:\/\/www.prijedordanas.com\/wp-content\/uploads\/2021\/12\/logopng.png\",\"contentUrl\":\"http:\/\/www.prijedordanas.com\/wp-content\/uploads\/2021\/12\/logopng.png\",\"width\":1019,\"height\":776,\"caption\":\"PrijedorDanas.com\"},\"image\":{\"@id\":\"https:\/\/www.prijedordanas.com\/#\/schema\/logo\/image\/\"},\"sameAs\":[\"https:\/\/www.facebook.com\/PrijedorDanasCom\/\"]},{\"@type\":\"Person\",\"@id\":\"https:\/\/www.prijedordanas.com\/#\/schema\/person\/4e08ccf29b506ca916ff86d46bb700e6\",\"name\":\"admin\",\"image\":{\"@type\":\"ImageObject\",\"inLanguage\":\"en-US\",\"@id\":\"https:\/\/www.prijedordanas.com\/#\/schema\/person\/image\/\",\"url\":\"https:\/\/secure.gravatar.com\/avatar\/1d3fc949d550f0b53a5f0d51e06dfd79?s=96&d=mm&r=g\",\"contentUrl\":\"https:\/\/secure.gravatar.com\/avatar\/1d3fc949d550f0b53a5f0d51e06dfd79?s=96&d=mm&r=g\",\"caption\":\"admin\"},\"url\":\"https:\/\/www.prijedordanas.com\/?author=1\"}]}<\/script>\n<!-- \/ Yoast SEO plugin. -->","yoast_head_json":{"title":"Otac i sin Milan i \u0110ulijano Relji\u0107 osumnji\u010deni da su pucali na k\u0107erku vlasnika \"Petog neplana\" - PrijedorDanas.com - Prijedorski gradski portal","robots":{"index":"index","follow":"follow","max-snippet":"max-snippet:-1","max-image-preview":"max-image-preview:large","max-video-preview":"max-video-preview:-1"},"canonical":"https:\/\/www.prijedordanas.com\/?p=180911","og_locale":"en_US","og_type":"article","og_title":"Otac i sin Milan i \u0110ulijano Relji\u0107 osumnji\u010deni da su pucali na k\u0107erku vlasnika \"Petog neplana\" - PrijedorDanas.com - Prijedorski gradski portal","og_description":"Milan Relji\u0107, koji se nalazi u pritvoru u Njema\u010dkoj zbog sumnje da je po\u010dinio ubistvo, te njegov sin \u0110ulijano, osumnji\u010deni su da su pucali iz automatske pu\u0161ke na &#8220;opel astru&#8221; [&hellip;]","og_url":"https:\/\/www.prijedordanas.com\/?p=180911","og_site_name":"PrijedorDanas.com - Prijedorski gradski portal","article_publisher":"https:\/\/www.facebook.com\/PrijedorDanasCom\/","article_published_time":"2022-02-03T17:50:11+00:00","og_image":[{"url":"https:\/\/www.prijedordanas.com\/wp-content\/uploads\/2022\/02\/glas-ilustracija-policija-300x225.jpg"}],"author":"admin","twitter_card":"summary_large_image","twitter_misc":{"Written by":"admin","Est. reading time":"3 minutes"},"schema":{"@context":"https:\/\/schema.org","@graph":[{"@type":"Article","@id":"https:\/\/www.prijedordanas.com\/?p=180911#article","isPartOf":{"@id":"https:\/\/www.prijedordanas.com\/?p=180911"},"author":{"name":"admin","@id":"https:\/\/www.prijedordanas.com\/#\/schema\/person\/4e08ccf29b506ca916ff86d46bb700e6"},"headline":"Otac i sin Milan i \u0110ulijano Relji\u0107 osumnji\u010deni da su pucali na k\u0107erku vlasnika &#8220;Petog neplana&#8221;","datePublished":"2022-02-03T17:50:11+00:00","dateModified":"2022-02-03T17:50:11+00:00","mainEntityOfPage":{"@id":"https:\/\/www.prijedordanas.com\/?p=180911"},"wordCount":652,"publisher":{"@id":"https:\/\/www.prijedordanas.com\/#organization"},"articleSection":["Hronika"],"inLanguage":"en-US"},{"@type":"WebPage","@id":"https:\/\/www.prijedordanas.com\/?p=180911","url":"https:\/\/www.prijedordanas.com\/?p=180911","name":"Otac i sin Milan i \u0110ulijano Relji\u0107 osumnji\u010deni da su pucali na k\u0107erku vlasnika \"Petog neplana\" - PrijedorDanas.com - Prijedorski gradski portal","isPartOf":{"@id":"https:\/\/www.prijedordanas.com\/#website"},"datePublished":"2022-02-03T17:50:11+00:00","dateModified":"2022-02-03T17:50:11+00:00","breadcrumb":{"@id":"https:\/\/www.prijedordanas.com\/?p=180911#breadcrumb"},"inLanguage":"en-US","potentialAction":[{"@type":"ReadAction","target":["https:\/\/www.prijedordanas.com\/?p=180911"]}]},{"@type":"BreadcrumbList","@id":"https:\/\/www.prijedordanas.com\/?p=180911#breadcrumb","itemListElement":[{"@type":"ListItem","position":1,"name":"Home","item":"https:\/\/www.prijedordanas.com\/"},{"@type":"ListItem","position":2,"name":"Otac i sin Milan i \u0110ulijano Relji\u0107 osumnji\u010deni da su pucali na k\u0107erku vlasnika &#8220;Petog neplana&#8221;"}]},{"@type":"WebSite","@id":"https:\/\/www.prijedordanas.com\/#website","url":"https:\/\/www.prijedordanas.com\/","name":"PrijedorDanas.com - Prijedorski gradski portal","description":"Portal o doga\u0111anjima u gradu Prijedoru","publisher":{"@id":"https:\/\/www.prijedordanas.com\/#organization"},"potentialAction":[{"@type":"SearchAction","target":{"@type":"EntryPoint","urlTemplate":"https:\/\/www.prijedordanas.com\/?s={search_term_string}"},"query-input":"required name=search_term_string"}],"inLanguage":"en-US"},{"@type":"Organization","@id":"https:\/\/www.prijedordanas.com\/#organization","name":"PrijedorDanas.com","url":"https:\/\/www.prijedordanas.com\/","logo":{"@type":"ImageObject","inLanguage":"en-US","@id":"https:\/\/www.prijedordanas.com\/#\/schema\/logo\/image\/","url":"http:\/\/www.prijedordanas.com\/wp-content\/uploads\/2021\/12\/logopng.png","contentUrl":"http:\/\/www.prijedordanas.com\/wp-content\/uploads\/2021\/12\/logopng.png","width":1019,"height":776,"caption":"PrijedorDanas.com"},"image":{"@id":"https:\/\/www.prijedordanas.com\/#\/schema\/logo\/image\/"},"sameAs":["https:\/\/www.facebook.com\/PrijedorDanasCom\/"]},{"@type":"Person","@id":"https:\/\/www.prijedordanas.com\/#\/schema\/person\/4e08ccf29b506ca916ff86d46bb700e6","name":"admin","image":{"@type":"ImageObject","inLanguage":"en-US","@id":"https:\/\/www.prijedordanas.com\/#\/schema\/person\/image\/","url":"https:\/\/secure.gravatar.com\/avatar\/1d3fc949d550f0b53a5f0d51e06dfd79?s=96&d=mm&r=g","contentUrl":"https:\/\/secure.gravatar.com\/avatar\/1d3fc949d550f0b53a5f0d51e06dfd79?s=96&d=mm&r=g","caption":"admin"},"url":"https:\/\/www.prijedordanas.com\/?author=1"}]}},"_links":{"self":[{"href":"https:\/\/www.prijedordanas.com\/index.php?rest_route=\/wp\/v2\/posts\/180911"}],"collection":[{"href":"https:\/\/www.prijedordanas.com\/index.php?rest_route=\/wp\/v2\/posts"}],"about":[{"href":"https:\/\/www.prijedordanas.com\/index.php?rest_route=\/wp\/v2\/types\/post"}],"author":[{"embeddable":true,"href":"https:\/\/www.prijedordanas.com\/index.php?rest_route=\/wp\/v2\/users\/1"}],"replies":[{"embeddable":true,"href":"https:\/\/www.prijedordanas.com\/index.php?rest_route=%2Fwp%2Fv2%2Fcomments&post=180911"}],"version-history":[{"count":1,"href":"https:\/\/www.prijedordanas.com\/index.php?rest_route=\/wp\/v2\/posts\/180911\/revisions"}],"predecessor-version":[{"id":180913,"href":"https:\/\/www.prijedordanas.com\/index.php?rest_route=\/wp\/v2\/posts\/180911\/revisions\/180913"}],"wp:attachment":[{"href":"https:\/\/www.prijedordanas.com\/index.php?rest_route=%2Fwp%2Fv2%2Fmedia&parent=180911"}],"wp:term":[{"taxonomy":"category","embeddable":true,"href":"https:\/\/www.prijedordanas.com\/index.php?rest_route=%2Fwp%2Fv2%2Fcategories&post=180911"},{"taxonomy":"post_tag","embeddable":true,"href":"https:\/\/www.prijedordanas.com\/index.php?rest_route=%2Fwp%2Fv2%2Ftags&post=180911"}],"curies":[{"name":"wp","href":"https:\/\/api.w.org\/{rel}","templated":true}]}}