{"id":180857,"date":"2022-02-02T14:03:26","date_gmt":"2022-02-02T13:03:26","guid":{"rendered":"https:\/\/www.prijedordanas.com\/?p=180857"},"modified":"2022-02-02T15:01:22","modified_gmt":"2022-02-02T14:01:22","slug":"pu-prijedor-u-akciji-kodnog-naziva-talijan-rasvijetljena-tri-razbojnistva-i-dvije-teske-krade","status":"publish","type":"post","link":"https:\/\/www.prijedordanas.com\/?p=180857","title":{"rendered":"PU Prijedor: U akciji \u201eTalijan\u201c rasvijetljena tri razbojni\u0161tva i dvije te\u0161ke kra\u0111e"},"content":{"rendered":"<p><a href=\"https:\/\/www.prijedordanas.com\/wp-content\/uploads\/2017\/08\/pu-prijedor-6.jpg\"><img loading=\"lazy\" decoding=\"async\" src=\"https:\/\/www.prijedordanas.com\/wp-content\/uploads\/2017\/08\/pu-prijedor-6-300x222.jpg\" alt=\"\" width=\"300\" height=\"222\" class=\"alignleft size-medium wp-image-87454\" srcset=\"https:\/\/www.prijedordanas.com\/wp-content\/uploads\/2017\/08\/pu-prijedor-6-300x222.jpg 300w, https:\/\/www.prijedordanas.com\/wp-content\/uploads\/2017\/08\/pu-prijedor-6-100x74.jpg 100w, https:\/\/www.prijedordanas.com\/wp-content\/uploads\/2017\/08\/pu-prijedor-6.jpg 675w\" sizes=\"(max-width: 300px) 100vw, 300px\" \/><\/a>Policijski slu\u017ebenici Policijske uprave Prijedor realizuju\u0107i akciju kodnog naziva \u201eTalijan\u201c koja je bila usmjerena na rasvjetljavanje imovinskih krivi\u010dnih djela, dana 01.02.2022. godine izvr\u0161ili su kriminalisti\u010dku obradu vi\u0161e lica sa podru\u010dja Prijedora i Banja Luke koja se dovode u vezu sa izvr\u0161enjem krivi\u010dnih djela \u201eRazbojni\u0161tvo\u201c i \u201eTe\u0161ka kra\u0111a\u201c po\u010dinjenih na podru\u010dju operativne nadle\u017enosti Policijske uprave Prijedor.<\/p>\n<p>Kriminalisti\u010dkom obradom utvr\u0111eno je da je osumnji\u010deno lice G.R. iz Prijedora u\u010destvovalo u izvr\u0161enju krivi\u010dnog djela \u201eRazbojni\u0161tvo\u201c koje je po\u010dinjeno 25.07.2020. godine u mjestu Donja Bistrica kom prilikom je prijetnjom upotrebe vatrenog oru\u017eja od radnika benzinske pumpe otu\u0111en novac. <\/p>\n<p>Osumnji\u010deni je zajedno sa licima M.R. i D.K. iz Prijedora dana 12.10.2020. godine po\u010dinio i krivi\u010dno djelo \u201eRazbojni\u0161tvo\u201c kom prilikom su uz prijetnju upotrebe vatrenog oru\u017eja nad radnikom obezbje\u0111enja, iz prostorija firme u krugu industrijske zone Celpak u Prijedoru otu\u0111ili novac.<\/p>\n<p>Osumnji\u010dena lica G.R. i M.R. su tako\u0111e 29.10.2020. godine u\u010destvovala u poku\u0161aju izvr\u0161enja krivi\u010dnog djela \u201eRazbojni\u0161tvo\u201c, kom prilikom su po\u010dinili krivi\u010dna djela \u201eIzazivanje op\u0161te opasnosti\u201c i \u201eNedozvoljena proizvodnja i promet oru\u017eja ili eksplozivnih materija\u201c na na\u010din da su na lokalnom putu u mjestu Ni\u0161evi\u0107i poku\u0161ali zaustavili vozilo kojim je upravljalo o\u0161te\u0107eno lice, te tom prilikom upotrijebili vatreno oru\u017eje.<\/p>\n<p>Utvr\u0111eno je da su G.R. i D.K. u septembru i oktobru mjesecu 2020. godine u Kozarskoj Dubici po\u010dinili dva krivi\u010dna djela \u201eTe\u0161ka kra\u0111a\u201c od kojih jedno u poku\u0161aju. Izvr\u0161enjem krivi\u010dnog djela \u201eTe\u0161ka kra\u0111a\u201c osumnji\u010deni su iz ku\u0107e o\u0161te\u0107enog lica otu\u0111ili vatreno oru\u017eje.<\/p>\n<p>Nakon kompletiranja predmeta nadle\u017enom tu\u017eila\u0161tvu bi\u0107e dostavljeni izvje\u0161taji za po\u010dinjena krivi\u010dna djela.<\/p>\n<p>Osumnji\u010deni G.R. i M.R. su trenutno nedostupni policijskim slu\u017ebenicima i za istima \u0107e biti raspisana potraga.<\/p>\n<p>PU Prijedor<br \/>\nFoto &#8211; ilustracija<\/p>\n","protected":false},"excerpt":{"rendered":"<p>Policijski slu\u017ebenici Policijske uprave Prijedor realizuju\u0107i akciju kodnog naziva \u201eTalijan\u201c koja je bila usmjerena na rasvjetljavanje imovinskih krivi\u010dnih djela, dana 01.02.2022. godine izvr\u0161ili su kriminalisti\u010dku obradu vi\u0161e lica sa podru\u010dja [&hellip;]<\/p>\n","protected":false},"author":1,"featured_media":0,"comment_status":"closed","ping_status":"open","sticky":false,"template":"","format":"standard","meta":{"_monsterinsights_skip_tracking":false,"_monsterinsights_sitenote_active":false,"_monsterinsights_sitenote_note":"","_monsterinsights_sitenote_category":0,"footnotes":""},"categories":[5],"tags":[],"yoast_head":"<!-- This site is optimized with the Yoast SEO plugin v21.6 - https:\/\/yoast.com\/wordpress\/plugins\/seo\/ -->\n<title>PU Prijedor: U akciji \u201eTalijan\u201c rasvijetljena tri razbojni\u0161tva i dvije te\u0161ke kra\u0111e - PrijedorDanas.com - Prijedorski gradski portal<\/title>\n<meta name=\"robots\" content=\"index, follow, max-snippet:-1, max-image-preview:large, max-video-preview:-1\" \/>\n<link rel=\"canonical\" href=\"https:\/\/www.prijedordanas.com\/?p=180857\" \/>\n<meta property=\"og:locale\" content=\"en_US\" \/>\n<meta property=\"og:type\" content=\"article\" \/>\n<meta property=\"og:title\" content=\"PU Prijedor: U akciji \u201eTalijan\u201c rasvijetljena tri razbojni\u0161tva i dvije te\u0161ke kra\u0111e - PrijedorDanas.com - Prijedorski gradski portal\" \/>\n<meta property=\"og:description\" content=\"Policijski slu\u017ebenici Policijske uprave Prijedor realizuju\u0107i akciju kodnog naziva \u201eTalijan\u201c koja je bila usmjerena na rasvjetljavanje imovinskih krivi\u010dnih djela, dana 01.02.2022. godine izvr\u0161ili su kriminalisti\u010dku obradu vi\u0161e lica sa podru\u010dja [&hellip;]\" \/>\n<meta property=\"og:url\" content=\"https:\/\/www.prijedordanas.com\/?p=180857\" \/>\n<meta property=\"og:site_name\" content=\"PrijedorDanas.com - Prijedorski gradski portal\" \/>\n<meta property=\"article:publisher\" content=\"https:\/\/www.facebook.com\/PrijedorDanasCom\/\" \/>\n<meta property=\"article:published_time\" content=\"2022-02-02T13:03:26+00:00\" \/>\n<meta property=\"article:modified_time\" content=\"2022-02-02T14:01:22+00:00\" \/>\n<meta property=\"og:image\" content=\"https:\/\/www.prijedordanas.com\/wp-content\/uploads\/2017\/08\/pu-prijedor-6-300x222.jpg\" \/>\n<meta name=\"author\" content=\"admin\" \/>\n<meta name=\"twitter:card\" content=\"summary_large_image\" \/>\n<meta name=\"twitter:label1\" content=\"Written by\" \/>\n\t<meta name=\"twitter:data1\" content=\"admin\" \/>\n\t<meta name=\"twitter:label2\" content=\"Est. reading time\" \/>\n\t<meta name=\"twitter:data2\" content=\"2 minutes\" \/>\n<script type=\"application\/ld+json\" class=\"yoast-schema-graph\">{\"@context\":\"https:\/\/schema.org\",\"@graph\":[{\"@type\":\"Article\",\"@id\":\"https:\/\/www.prijedordanas.com\/?p=180857#article\",\"isPartOf\":{\"@id\":\"https:\/\/www.prijedordanas.com\/?p=180857\"},\"author\":{\"name\":\"admin\",\"@id\":\"https:\/\/www.prijedordanas.com\/#\/schema\/person\/4e08ccf29b506ca916ff86d46bb700e6\"},\"headline\":\"PU Prijedor: U akciji \u201eTalijan\u201c rasvijetljena tri razbojni\u0161tva i dvije te\u0161ke kra\u0111e\",\"datePublished\":\"2022-02-02T13:03:26+00:00\",\"dateModified\":\"2022-02-02T14:01:22+00:00\",\"mainEntityOfPage\":{\"@id\":\"https:\/\/www.prijedordanas.com\/?p=180857\"},\"wordCount\":362,\"publisher\":{\"@id\":\"https:\/\/www.prijedordanas.com\/#organization\"},\"articleSection\":[\"Hronika\"],\"inLanguage\":\"en-US\"},{\"@type\":\"WebPage\",\"@id\":\"https:\/\/www.prijedordanas.com\/?p=180857\",\"url\":\"https:\/\/www.prijedordanas.com\/?p=180857\",\"name\":\"PU Prijedor: U akciji \u201eTalijan\u201c rasvijetljena tri razbojni\u0161tva i dvije te\u0161ke kra\u0111e - PrijedorDanas.com - Prijedorski gradski portal\",\"isPartOf\":{\"@id\":\"https:\/\/www.prijedordanas.com\/#website\"},\"datePublished\":\"2022-02-02T13:03:26+00:00\",\"dateModified\":\"2022-02-02T14:01:22+00:00\",\"breadcrumb\":{\"@id\":\"https:\/\/www.prijedordanas.com\/?p=180857#breadcrumb\"},\"inLanguage\":\"en-US\",\"potentialAction\":[{\"@type\":\"ReadAction\",\"target\":[\"https:\/\/www.prijedordanas.com\/?p=180857\"]}]},{\"@type\":\"BreadcrumbList\",\"@id\":\"https:\/\/www.prijedordanas.com\/?p=180857#breadcrumb\",\"itemListElement\":[{\"@type\":\"ListItem\",\"position\":1,\"name\":\"Home\",\"item\":\"https:\/\/www.prijedordanas.com\/\"},{\"@type\":\"ListItem\",\"position\":2,\"name\":\"PU Prijedor: U akciji \u201eTalijan\u201c rasvijetljena tri razbojni\u0161tva i dvije te\u0161ke kra\u0111e\"}]},{\"@type\":\"WebSite\",\"@id\":\"https:\/\/www.prijedordanas.com\/#website\",\"url\":\"https:\/\/www.prijedordanas.com\/\",\"name\":\"PrijedorDanas.com - Prijedorski gradski portal\",\"description\":\"Portal o doga\u0111anjima u gradu Prijedoru\",\"publisher\":{\"@id\":\"https:\/\/www.prijedordanas.com\/#organization\"},\"potentialAction\":[{\"@type\":\"SearchAction\",\"target\":{\"@type\":\"EntryPoint\",\"urlTemplate\":\"https:\/\/www.prijedordanas.com\/?s={search_term_string}\"},\"query-input\":\"required name=search_term_string\"}],\"inLanguage\":\"en-US\"},{\"@type\":\"Organization\",\"@id\":\"https:\/\/www.prijedordanas.com\/#organization\",\"name\":\"PrijedorDanas.com\",\"url\":\"https:\/\/www.prijedordanas.com\/\",\"logo\":{\"@type\":\"ImageObject\",\"inLanguage\":\"en-US\",\"@id\":\"https:\/\/www.prijedordanas.com\/#\/schema\/logo\/image\/\",\"url\":\"http:\/\/www.prijedordanas.com\/wp-content\/uploads\/2021\/12\/logopng.png\",\"contentUrl\":\"http:\/\/www.prijedordanas.com\/wp-content\/uploads\/2021\/12\/logopng.png\",\"width\":1019,\"height\":776,\"caption\":\"PrijedorDanas.com\"},\"image\":{\"@id\":\"https:\/\/www.prijedordanas.com\/#\/schema\/logo\/image\/\"},\"sameAs\":[\"https:\/\/www.facebook.com\/PrijedorDanasCom\/\"]},{\"@type\":\"Person\",\"@id\":\"https:\/\/www.prijedordanas.com\/#\/schema\/person\/4e08ccf29b506ca916ff86d46bb700e6\",\"name\":\"admin\",\"image\":{\"@type\":\"ImageObject\",\"inLanguage\":\"en-US\",\"@id\":\"https:\/\/www.prijedordanas.com\/#\/schema\/person\/image\/\",\"url\":\"https:\/\/secure.gravatar.com\/avatar\/1d3fc949d550f0b53a5f0d51e06dfd79?s=96&d=mm&r=g\",\"contentUrl\":\"https:\/\/secure.gravatar.com\/avatar\/1d3fc949d550f0b53a5f0d51e06dfd79?s=96&d=mm&r=g\",\"caption\":\"admin\"},\"url\":\"https:\/\/www.prijedordanas.com\/?author=1\"}]}<\/script>\n<!-- \/ Yoast SEO plugin. -->","yoast_head_json":{"title":"PU Prijedor: U akciji \u201eTalijan\u201c rasvijetljena tri razbojni\u0161tva i dvije te\u0161ke kra\u0111e - PrijedorDanas.com - Prijedorski gradski portal","robots":{"index":"index","follow":"follow","max-snippet":"max-snippet:-1","max-image-preview":"max-image-preview:large","max-video-preview":"max-video-preview:-1"},"canonical":"https:\/\/www.prijedordanas.com\/?p=180857","og_locale":"en_US","og_type":"article","og_title":"PU Prijedor: U akciji \u201eTalijan\u201c rasvijetljena tri razbojni\u0161tva i dvije te\u0161ke kra\u0111e - PrijedorDanas.com - Prijedorski gradski portal","og_description":"Policijski slu\u017ebenici Policijske uprave Prijedor realizuju\u0107i akciju kodnog naziva \u201eTalijan\u201c koja je bila usmjerena na rasvjetljavanje imovinskih krivi\u010dnih djela, dana 01.02.2022. godine izvr\u0161ili su kriminalisti\u010dku obradu vi\u0161e lica sa podru\u010dja [&hellip;]","og_url":"https:\/\/www.prijedordanas.com\/?p=180857","og_site_name":"PrijedorDanas.com - Prijedorski gradski portal","article_publisher":"https:\/\/www.facebook.com\/PrijedorDanasCom\/","article_published_time":"2022-02-02T13:03:26+00:00","article_modified_time":"2022-02-02T14:01:22+00:00","og_image":[{"url":"https:\/\/www.prijedordanas.com\/wp-content\/uploads\/2017\/08\/pu-prijedor-6-300x222.jpg"}],"author":"admin","twitter_card":"summary_large_image","twitter_misc":{"Written by":"admin","Est. reading time":"2 minutes"},"schema":{"@context":"https:\/\/schema.org","@graph":[{"@type":"Article","@id":"https:\/\/www.prijedordanas.com\/?p=180857#article","isPartOf":{"@id":"https:\/\/www.prijedordanas.com\/?p=180857"},"author":{"name":"admin","@id":"https:\/\/www.prijedordanas.com\/#\/schema\/person\/4e08ccf29b506ca916ff86d46bb700e6"},"headline":"PU Prijedor: U akciji \u201eTalijan\u201c rasvijetljena tri razbojni\u0161tva i dvije te\u0161ke kra\u0111e","datePublished":"2022-02-02T13:03:26+00:00","dateModified":"2022-02-02T14:01:22+00:00","mainEntityOfPage":{"@id":"https:\/\/www.prijedordanas.com\/?p=180857"},"wordCount":362,"publisher":{"@id":"https:\/\/www.prijedordanas.com\/#organization"},"articleSection":["Hronika"],"inLanguage":"en-US"},{"@type":"WebPage","@id":"https:\/\/www.prijedordanas.com\/?p=180857","url":"https:\/\/www.prijedordanas.com\/?p=180857","name":"PU Prijedor: U akciji \u201eTalijan\u201c rasvijetljena tri razbojni\u0161tva i dvije te\u0161ke kra\u0111e - PrijedorDanas.com - Prijedorski gradski portal","isPartOf":{"@id":"https:\/\/www.prijedordanas.com\/#website"},"datePublished":"2022-02-02T13:03:26+00:00","dateModified":"2022-02-02T14:01:22+00:00","breadcrumb":{"@id":"https:\/\/www.prijedordanas.com\/?p=180857#breadcrumb"},"inLanguage":"en-US","potentialAction":[{"@type":"ReadAction","target":["https:\/\/www.prijedordanas.com\/?p=180857"]}]},{"@type":"BreadcrumbList","@id":"https:\/\/www.prijedordanas.com\/?p=180857#breadcrumb","itemListElement":[{"@type":"ListItem","position":1,"name":"Home","item":"https:\/\/www.prijedordanas.com\/"},{"@type":"ListItem","position":2,"name":"PU Prijedor: U akciji \u201eTalijan\u201c rasvijetljena tri razbojni\u0161tva i dvije te\u0161ke kra\u0111e"}]},{"@type":"WebSite","@id":"https:\/\/www.prijedordanas.com\/#website","url":"https:\/\/www.prijedordanas.com\/","name":"PrijedorDanas.com - Prijedorski gradski portal","description":"Portal o doga\u0111anjima u gradu Prijedoru","publisher":{"@id":"https:\/\/www.prijedordanas.com\/#organization"},"potentialAction":[{"@type":"SearchAction","target":{"@type":"EntryPoint","urlTemplate":"https:\/\/www.prijedordanas.com\/?s={search_term_string}"},"query-input":"required name=search_term_string"}],"inLanguage":"en-US"},{"@type":"Organization","@id":"https:\/\/www.prijedordanas.com\/#organization","name":"PrijedorDanas.com","url":"https:\/\/www.prijedordanas.com\/","logo":{"@type":"ImageObject","inLanguage":"en-US","@id":"https:\/\/www.prijedordanas.com\/#\/schema\/logo\/image\/","url":"http:\/\/www.prijedordanas.com\/wp-content\/uploads\/2021\/12\/logopng.png","contentUrl":"http:\/\/www.prijedordanas.com\/wp-content\/uploads\/2021\/12\/logopng.png","width":1019,"height":776,"caption":"PrijedorDanas.com"},"image":{"@id":"https:\/\/www.prijedordanas.com\/#\/schema\/logo\/image\/"},"sameAs":["https:\/\/www.facebook.com\/PrijedorDanasCom\/"]},{"@type":"Person","@id":"https:\/\/www.prijedordanas.com\/#\/schema\/person\/4e08ccf29b506ca916ff86d46bb700e6","name":"admin","image":{"@type":"ImageObject","inLanguage":"en-US","@id":"https:\/\/www.prijedordanas.com\/#\/schema\/person\/image\/","url":"https:\/\/secure.gravatar.com\/avatar\/1d3fc949d550f0b53a5f0d51e06dfd79?s=96&d=mm&r=g","contentUrl":"https:\/\/secure.gravatar.com\/avatar\/1d3fc949d550f0b53a5f0d51e06dfd79?s=96&d=mm&r=g","caption":"admin"},"url":"https:\/\/www.prijedordanas.com\/?author=1"}]}},"_links":{"self":[{"href":"https:\/\/www.prijedordanas.com\/index.php?rest_route=\/wp\/v2\/posts\/180857"}],"collection":[{"href":"https:\/\/www.prijedordanas.com\/index.php?rest_route=\/wp\/v2\/posts"}],"about":[{"href":"https:\/\/www.prijedordanas.com\/index.php?rest_route=\/wp\/v2\/types\/post"}],"author":[{"embeddable":true,"href":"https:\/\/www.prijedordanas.com\/index.php?rest_route=\/wp\/v2\/users\/1"}],"replies":[{"embeddable":true,"href":"https:\/\/www.prijedordanas.com\/index.php?rest_route=%2Fwp%2Fv2%2Fcomments&post=180857"}],"version-history":[{"count":2,"href":"https:\/\/www.prijedordanas.com\/index.php?rest_route=\/wp\/v2\/posts\/180857\/revisions"}],"predecessor-version":[{"id":180859,"href":"https:\/\/www.prijedordanas.com\/index.php?rest_route=\/wp\/v2\/posts\/180857\/revisions\/180859"}],"wp:attachment":[{"href":"https:\/\/www.prijedordanas.com\/index.php?rest_route=%2Fwp%2Fv2%2Fmedia&parent=180857"}],"wp:term":[{"taxonomy":"category","embeddable":true,"href":"https:\/\/www.prijedordanas.com\/index.php?rest_route=%2Fwp%2Fv2%2Fcategories&post=180857"},{"taxonomy":"post_tag","embeddable":true,"href":"https:\/\/www.prijedordanas.com\/index.php?rest_route=%2Fwp%2Fv2%2Ftags&post=180857"}],"curies":[{"name":"wp","href":"https:\/\/api.w.org\/{rel}","templated":true}]}}