{"id":180824,"date":"2022-02-01T16:18:55","date_gmt":"2022-02-01T15:18:55","guid":{"rendered":"https:\/\/www.prijedordanas.com\/?p=180824"},"modified":"2022-02-01T16:18:55","modified_gmt":"2022-02-01T15:18:55","slug":"gradonacelnik-javor-razgovarao-sa-predstavnicima-kk-prijedor-spartak-povodom-pola-vijeka-postojanja-kluba-foto","status":"publish","type":"post","link":"https:\/\/www.prijedordanas.com\/?p=180824","title":{"rendered":"Gradona\u010delnik Javor razgovarao sa predstavnicima KK &#8220;Prijedor-Spartak&#8221; povodom pola vijeka postojanja kluba &#8211; FOTO"},"content":{"rendered":"<p><a href=\"https:\/\/www.prijedordanas.com\/wp-content\/uploads\/2022\/02\/gradonacelnik-javor-prijem-kk-prijedor-spartak-50-godina-kluba-1.jpg\"><img loading=\"lazy\" decoding=\"async\" class=\"alignleft size-medium wp-image-180825\" src=\"https:\/\/www.prijedordanas.com\/wp-content\/uploads\/2022\/02\/gradonacelnik-javor-prijem-kk-prijedor-spartak-50-godina-kluba-1-300x225.jpg\" alt=\"\" width=\"300\" height=\"225\" srcset=\"https:\/\/www.prijedordanas.com\/wp-content\/uploads\/2022\/02\/gradonacelnik-javor-prijem-kk-prijedor-spartak-50-godina-kluba-1-300x225.jpg 300w, https:\/\/www.prijedordanas.com\/wp-content\/uploads\/2022\/02\/gradonacelnik-javor-prijem-kk-prijedor-spartak-50-godina-kluba-1-640x480.jpg 640w, https:\/\/www.prijedordanas.com\/wp-content\/uploads\/2022\/02\/gradonacelnik-javor-prijem-kk-prijedor-spartak-50-godina-kluba-1.jpg 667w\" sizes=\"(max-width: 300px) 100vw, 300px\" \/><\/a>Gradona\u010delnik Prijedora Slobodan Javor danas je uprili\u010dio prijem za predstavnike Ko\u0161arka\u0161kog kluba \u201ePrijedor-Spartak\u201c povodom obilje\u017eavanja 50. godi\u0161njice postojanja i rada ovog sportskog kolektiva.<\/p>\n<p>Na ovom prijemu je bilo govora o promociji Monografije \u201e50 godina rada i postojanja Ko\u0161arka\u0161kog kluba Prijedor\u2013Spartak\u201c, autora Sa\u0161e Jakovljevic\u0301a koja c\u0301e biti odr\u017eana u petak 4.februara u Muzeju Kozare.<\/p>\n<p>Gradona\u010delnik Slobodan Javor je iskoristio priliku da me\u0111u prvima \u010destita vrijedan jubilej svim \u010dlanovima i rukovodstvu kluba. On je potvrdio opredijeljenost gradskih vlasti da podr\u017eava sport i sportske kolektive u gradu nagla\u0161avajuc\u0301i zna\u010daj razvoja sporta i za ove i buduc\u0301e mlade generacije.<\/p>\n<p><a href=\"https:\/\/www.prijedordanas.com\/wp-content\/uploads\/2022\/02\/gradonacelnik-javor-prijem-kk-prijedor-spartak-50-godina-kluba-2.jpg\"><img loading=\"lazy\" decoding=\"async\" src=\"https:\/\/www.prijedordanas.com\/wp-content\/uploads\/2022\/02\/gradonacelnik-javor-prijem-kk-prijedor-spartak-50-godina-kluba-2-300x225.jpg\" alt=\"\" width=\"300\" height=\"225\" class=\"alignleft size-medium wp-image-180826\" srcset=\"https:\/\/www.prijedordanas.com\/wp-content\/uploads\/2022\/02\/gradonacelnik-javor-prijem-kk-prijedor-spartak-50-godina-kluba-2-300x225.jpg 300w, https:\/\/www.prijedordanas.com\/wp-content\/uploads\/2022\/02\/gradonacelnik-javor-prijem-kk-prijedor-spartak-50-godina-kluba-2-640x480.jpg 640w, https:\/\/www.prijedordanas.com\/wp-content\/uploads\/2022\/02\/gradonacelnik-javor-prijem-kk-prijedor-spartak-50-godina-kluba-2.jpg 667w\" sizes=\"(max-width: 300px) 100vw, 300px\" \/><\/a>Predstavnici kluba su na ovom prijemu istakli da je KK \u201ePrijedor-Spartak\u201c osnovao prije 50 godina Mom\u010dilo Mr\u0111en, ina\u010de profesor prijedorske gimnazije, koja je u to doba stala iza ovog kluba. Kroz sve ove godine kroz klub su pr\u0161le i stasavale mnoge generacije.<\/p>\n<p>Svi oni zajedno pronosili su ime ovog kluba na raznim takmi\u010denjima na kojima je odigrano na hiljade utakmica, a klub je tokom pola vijeka postojanja imao i 14 predsjednika.<\/p>\n<p>Na najavljenoj promociji Monografije koja na svojevrstan, ilustrovan na\u010din svjedo\u010di o decenijama rada ovog kluba, bic\u0301e uru\u010dene zahvalnice, plakete i posebna priznanja zaslu\u017enim za razvoj KK \u201ePrijedor-Spartak\u201c u proteklom periodu.<\/p>\n<p>Pokrovitelj Monografije je Grad Prijedor.<\/p>\n<p>KABINET GRADONA\u010cELNIKA<\/p>\n<p><a href=\"https:\/\/www.prijedordanas.com\/wp-content\/uploads\/2022\/02\/gradonacelnik-javor-prijem-kk-prijedor-spartak-50-godina-kluba-3.jpg\"><img loading=\"lazy\" decoding=\"async\" src=\"https:\/\/www.prijedordanas.com\/wp-content\/uploads\/2022\/02\/gradonacelnik-javor-prijem-kk-prijedor-spartak-50-godina-kluba-3-300x200.jpg\" alt=\"\" width=\"300\" height=\"200\" class=\"alignleft size-medium wp-image-180827\" srcset=\"https:\/\/www.prijedordanas.com\/wp-content\/uploads\/2022\/02\/gradonacelnik-javor-prijem-kk-prijedor-spartak-50-godina-kluba-3-300x200.jpg 300w, https:\/\/www.prijedordanas.com\/wp-content\/uploads\/2022\/02\/gradonacelnik-javor-prijem-kk-prijedor-spartak-50-godina-kluba-3-480x320.jpg 480w, https:\/\/www.prijedordanas.com\/wp-content\/uploads\/2022\/02\/gradonacelnik-javor-prijem-kk-prijedor-spartak-50-godina-kluba-3.jpg 600w\" sizes=\"(max-width: 300px) 100vw, 300px\" \/><\/a> <a href=\"https:\/\/www.prijedordanas.com\/wp-content\/uploads\/2022\/02\/gradonacelnik-javor-prijem-kk-prijedor-spartak-50-godina-kluba-4.jpg\"><img loading=\"lazy\" decoding=\"async\" src=\"https:\/\/www.prijedordanas.com\/wp-content\/uploads\/2022\/02\/gradonacelnik-javor-prijem-kk-prijedor-spartak-50-godina-kluba-4-300x200.jpg\" alt=\"\" width=\"300\" height=\"200\" class=\"alignleft size-medium wp-image-180828\" srcset=\"https:\/\/www.prijedordanas.com\/wp-content\/uploads\/2022\/02\/gradonacelnik-javor-prijem-kk-prijedor-spartak-50-godina-kluba-4-300x200.jpg 300w, https:\/\/www.prijedordanas.com\/wp-content\/uploads\/2022\/02\/gradonacelnik-javor-prijem-kk-prijedor-spartak-50-godina-kluba-4-480x320.jpg 480w, https:\/\/www.prijedordanas.com\/wp-content\/uploads\/2022\/02\/gradonacelnik-javor-prijem-kk-prijedor-spartak-50-godina-kluba-4.jpg 600w\" sizes=\"(max-width: 300px) 100vw, 300px\" \/><\/a> <a href=\"https:\/\/www.prijedordanas.com\/wp-content\/uploads\/2022\/02\/gradonacelnik-javor-prijem-kk-prijedor-spartak-50-godina-kluba-5.jpg\"><img loading=\"lazy\" decoding=\"async\" src=\"https:\/\/www.prijedordanas.com\/wp-content\/uploads\/2022\/02\/gradonacelnik-javor-prijem-kk-prijedor-spartak-50-godina-kluba-5-300x200.jpg\" alt=\"\" width=\"300\" height=\"200\" class=\"alignleft size-medium wp-image-180829\" srcset=\"https:\/\/www.prijedordanas.com\/wp-content\/uploads\/2022\/02\/gradonacelnik-javor-prijem-kk-prijedor-spartak-50-godina-kluba-5-300x200.jpg 300w, https:\/\/www.prijedordanas.com\/wp-content\/uploads\/2022\/02\/gradonacelnik-javor-prijem-kk-prijedor-spartak-50-godina-kluba-5-480x320.jpg 480w, https:\/\/www.prijedordanas.com\/wp-content\/uploads\/2022\/02\/gradonacelnik-javor-prijem-kk-prijedor-spartak-50-godina-kluba-5.jpg 600w\" sizes=\"(max-width: 300px) 100vw, 300px\" \/><\/a><\/p>\n","protected":false},"excerpt":{"rendered":"<p>Gradona\u010delnik Prijedora Slobodan Javor danas je uprili\u010dio prijem za predstavnike Ko\u0161arka\u0161kog kluba \u201ePrijedor-Spartak\u201c povodom obilje\u017eavanja 50. godi\u0161njice postojanja i rada ovog sportskog kolektiva. Na ovom prijemu je bilo govora o [&hellip;]<\/p>\n","protected":false},"author":1,"featured_media":0,"comment_status":"closed","ping_status":"open","sticky":false,"template":"","format":"standard","meta":{"_monsterinsights_skip_tracking":false,"_monsterinsights_sitenote_active":false,"_monsterinsights_sitenote_note":"","_monsterinsights_sitenote_category":0,"footnotes":""},"categories":[7],"tags":[],"yoast_head":"<!-- This site is optimized with the Yoast SEO plugin v21.6 - https:\/\/yoast.com\/wordpress\/plugins\/seo\/ -->\n<title>Gradona\u010delnik Javor razgovarao sa predstavnicima KK &quot;Prijedor-Spartak&quot; povodom pola vijeka postojanja kluba - FOTO - PrijedorDanas.com - Prijedorski gradski portal<\/title>\n<meta name=\"robots\" content=\"index, follow, max-snippet:-1, max-image-preview:large, max-video-preview:-1\" \/>\n<link rel=\"canonical\" href=\"https:\/\/www.prijedordanas.com\/?p=180824\" \/>\n<meta property=\"og:locale\" content=\"en_US\" \/>\n<meta property=\"og:type\" content=\"article\" \/>\n<meta property=\"og:title\" content=\"Gradona\u010delnik Javor razgovarao sa predstavnicima KK &quot;Prijedor-Spartak&quot; povodom pola vijeka postojanja kluba - FOTO - PrijedorDanas.com - Prijedorski gradski portal\" \/>\n<meta property=\"og:description\" content=\"Gradona\u010delnik Prijedora Slobodan Javor danas je uprili\u010dio prijem za predstavnike Ko\u0161arka\u0161kog kluba \u201ePrijedor-Spartak\u201c povodom obilje\u017eavanja 50. godi\u0161njice postojanja i rada ovog sportskog kolektiva. Na ovom prijemu je bilo govora o [&hellip;]\" \/>\n<meta property=\"og:url\" content=\"https:\/\/www.prijedordanas.com\/?p=180824\" \/>\n<meta property=\"og:site_name\" content=\"PrijedorDanas.com - Prijedorski gradski portal\" \/>\n<meta property=\"article:publisher\" content=\"https:\/\/www.facebook.com\/PrijedorDanasCom\/\" \/>\n<meta property=\"article:published_time\" content=\"2022-02-01T15:18:55+00:00\" \/>\n<meta property=\"og:image\" content=\"https:\/\/www.prijedordanas.com\/wp-content\/uploads\/2022\/02\/gradonacelnik-javor-prijem-kk-prijedor-spartak-50-godina-kluba-1-300x225.jpg\" \/>\n<meta name=\"author\" content=\"admin\" \/>\n<meta name=\"twitter:card\" content=\"summary_large_image\" \/>\n<meta name=\"twitter:label1\" content=\"Written by\" \/>\n\t<meta name=\"twitter:data1\" content=\"admin\" \/>\n\t<meta name=\"twitter:label2\" content=\"Est. reading time\" \/>\n\t<meta name=\"twitter:data2\" content=\"2 minutes\" \/>\n<script type=\"application\/ld+json\" class=\"yoast-schema-graph\">{\"@context\":\"https:\/\/schema.org\",\"@graph\":[{\"@type\":\"Article\",\"@id\":\"https:\/\/www.prijedordanas.com\/?p=180824#article\",\"isPartOf\":{\"@id\":\"https:\/\/www.prijedordanas.com\/?p=180824\"},\"author\":{\"name\":\"admin\",\"@id\":\"https:\/\/www.prijedordanas.com\/#\/schema\/person\/4e08ccf29b506ca916ff86d46bb700e6\"},\"headline\":\"Gradona\u010delnik Javor razgovarao sa predstavnicima KK &#8220;Prijedor-Spartak&#8221; povodom pola vijeka postojanja kluba &#8211; FOTO\",\"datePublished\":\"2022-02-01T15:18:55+00:00\",\"dateModified\":\"2022-02-01T15:18:55+00:00\",\"mainEntityOfPage\":{\"@id\":\"https:\/\/www.prijedordanas.com\/?p=180824\"},\"wordCount\":245,\"publisher\":{\"@id\":\"https:\/\/www.prijedordanas.com\/#organization\"},\"articleSection\":[\"Sport\"],\"inLanguage\":\"en-US\"},{\"@type\":\"WebPage\",\"@id\":\"https:\/\/www.prijedordanas.com\/?p=180824\",\"url\":\"https:\/\/www.prijedordanas.com\/?p=180824\",\"name\":\"Gradona\u010delnik Javor razgovarao sa predstavnicima KK \\\"Prijedor-Spartak\\\" povodom pola vijeka postojanja kluba - FOTO - PrijedorDanas.com - Prijedorski gradski portal\",\"isPartOf\":{\"@id\":\"https:\/\/www.prijedordanas.com\/#website\"},\"datePublished\":\"2022-02-01T15:18:55+00:00\",\"dateModified\":\"2022-02-01T15:18:55+00:00\",\"breadcrumb\":{\"@id\":\"https:\/\/www.prijedordanas.com\/?p=180824#breadcrumb\"},\"inLanguage\":\"en-US\",\"potentialAction\":[{\"@type\":\"ReadAction\",\"target\":[\"https:\/\/www.prijedordanas.com\/?p=180824\"]}]},{\"@type\":\"BreadcrumbList\",\"@id\":\"https:\/\/www.prijedordanas.com\/?p=180824#breadcrumb\",\"itemListElement\":[{\"@type\":\"ListItem\",\"position\":1,\"name\":\"Home\",\"item\":\"https:\/\/www.prijedordanas.com\/\"},{\"@type\":\"ListItem\",\"position\":2,\"name\":\"Gradona\u010delnik Javor razgovarao sa predstavnicima KK &#8220;Prijedor-Spartak&#8221; povodom pola vijeka postojanja kluba &#8211; FOTO\"}]},{\"@type\":\"WebSite\",\"@id\":\"https:\/\/www.prijedordanas.com\/#website\",\"url\":\"https:\/\/www.prijedordanas.com\/\",\"name\":\"PrijedorDanas.com - Prijedorski gradski portal\",\"description\":\"Portal o doga\u0111anjima u gradu Prijedoru\",\"publisher\":{\"@id\":\"https:\/\/www.prijedordanas.com\/#organization\"},\"potentialAction\":[{\"@type\":\"SearchAction\",\"target\":{\"@type\":\"EntryPoint\",\"urlTemplate\":\"https:\/\/www.prijedordanas.com\/?s={search_term_string}\"},\"query-input\":\"required name=search_term_string\"}],\"inLanguage\":\"en-US\"},{\"@type\":\"Organization\",\"@id\":\"https:\/\/www.prijedordanas.com\/#organization\",\"name\":\"PrijedorDanas.com\",\"url\":\"https:\/\/www.prijedordanas.com\/\",\"logo\":{\"@type\":\"ImageObject\",\"inLanguage\":\"en-US\",\"@id\":\"https:\/\/www.prijedordanas.com\/#\/schema\/logo\/image\/\",\"url\":\"http:\/\/www.prijedordanas.com\/wp-content\/uploads\/2021\/12\/logopng.png\",\"contentUrl\":\"http:\/\/www.prijedordanas.com\/wp-content\/uploads\/2021\/12\/logopng.png\",\"width\":1019,\"height\":776,\"caption\":\"PrijedorDanas.com\"},\"image\":{\"@id\":\"https:\/\/www.prijedordanas.com\/#\/schema\/logo\/image\/\"},\"sameAs\":[\"https:\/\/www.facebook.com\/PrijedorDanasCom\/\"]},{\"@type\":\"Person\",\"@id\":\"https:\/\/www.prijedordanas.com\/#\/schema\/person\/4e08ccf29b506ca916ff86d46bb700e6\",\"name\":\"admin\",\"image\":{\"@type\":\"ImageObject\",\"inLanguage\":\"en-US\",\"@id\":\"https:\/\/www.prijedordanas.com\/#\/schema\/person\/image\/\",\"url\":\"https:\/\/secure.gravatar.com\/avatar\/1d3fc949d550f0b53a5f0d51e06dfd79?s=96&d=mm&r=g\",\"contentUrl\":\"https:\/\/secure.gravatar.com\/avatar\/1d3fc949d550f0b53a5f0d51e06dfd79?s=96&d=mm&r=g\",\"caption\":\"admin\"},\"url\":\"https:\/\/www.prijedordanas.com\/?author=1\"}]}<\/script>\n<!-- \/ Yoast SEO plugin. -->","yoast_head_json":{"title":"Gradona\u010delnik Javor razgovarao sa predstavnicima KK \"Prijedor-Spartak\" povodom pola vijeka postojanja kluba - FOTO - PrijedorDanas.com - Prijedorski gradski portal","robots":{"index":"index","follow":"follow","max-snippet":"max-snippet:-1","max-image-preview":"max-image-preview:large","max-video-preview":"max-video-preview:-1"},"canonical":"https:\/\/www.prijedordanas.com\/?p=180824","og_locale":"en_US","og_type":"article","og_title":"Gradona\u010delnik Javor razgovarao sa predstavnicima KK \"Prijedor-Spartak\" povodom pola vijeka postojanja kluba - FOTO - PrijedorDanas.com - Prijedorski gradski portal","og_description":"Gradona\u010delnik Prijedora Slobodan Javor danas je uprili\u010dio prijem za predstavnike Ko\u0161arka\u0161kog kluba \u201ePrijedor-Spartak\u201c povodom obilje\u017eavanja 50. godi\u0161njice postojanja i rada ovog sportskog kolektiva. Na ovom prijemu je bilo govora o [&hellip;]","og_url":"https:\/\/www.prijedordanas.com\/?p=180824","og_site_name":"PrijedorDanas.com - Prijedorski gradski portal","article_publisher":"https:\/\/www.facebook.com\/PrijedorDanasCom\/","article_published_time":"2022-02-01T15:18:55+00:00","og_image":[{"url":"https:\/\/www.prijedordanas.com\/wp-content\/uploads\/2022\/02\/gradonacelnik-javor-prijem-kk-prijedor-spartak-50-godina-kluba-1-300x225.jpg"}],"author":"admin","twitter_card":"summary_large_image","twitter_misc":{"Written by":"admin","Est. reading time":"2 minutes"},"schema":{"@context":"https:\/\/schema.org","@graph":[{"@type":"Article","@id":"https:\/\/www.prijedordanas.com\/?p=180824#article","isPartOf":{"@id":"https:\/\/www.prijedordanas.com\/?p=180824"},"author":{"name":"admin","@id":"https:\/\/www.prijedordanas.com\/#\/schema\/person\/4e08ccf29b506ca916ff86d46bb700e6"},"headline":"Gradona\u010delnik Javor razgovarao sa predstavnicima KK &#8220;Prijedor-Spartak&#8221; povodom pola vijeka postojanja kluba &#8211; FOTO","datePublished":"2022-02-01T15:18:55+00:00","dateModified":"2022-02-01T15:18:55+00:00","mainEntityOfPage":{"@id":"https:\/\/www.prijedordanas.com\/?p=180824"},"wordCount":245,"publisher":{"@id":"https:\/\/www.prijedordanas.com\/#organization"},"articleSection":["Sport"],"inLanguage":"en-US"},{"@type":"WebPage","@id":"https:\/\/www.prijedordanas.com\/?p=180824","url":"https:\/\/www.prijedordanas.com\/?p=180824","name":"Gradona\u010delnik Javor razgovarao sa predstavnicima KK \"Prijedor-Spartak\" povodom pola vijeka postojanja kluba - FOTO - PrijedorDanas.com - Prijedorski gradski portal","isPartOf":{"@id":"https:\/\/www.prijedordanas.com\/#website"},"datePublished":"2022-02-01T15:18:55+00:00","dateModified":"2022-02-01T15:18:55+00:00","breadcrumb":{"@id":"https:\/\/www.prijedordanas.com\/?p=180824#breadcrumb"},"inLanguage":"en-US","potentialAction":[{"@type":"ReadAction","target":["https:\/\/www.prijedordanas.com\/?p=180824"]}]},{"@type":"BreadcrumbList","@id":"https:\/\/www.prijedordanas.com\/?p=180824#breadcrumb","itemListElement":[{"@type":"ListItem","position":1,"name":"Home","item":"https:\/\/www.prijedordanas.com\/"},{"@type":"ListItem","position":2,"name":"Gradona\u010delnik Javor razgovarao sa predstavnicima KK &#8220;Prijedor-Spartak&#8221; povodom pola vijeka postojanja kluba &#8211; FOTO"}]},{"@type":"WebSite","@id":"https:\/\/www.prijedordanas.com\/#website","url":"https:\/\/www.prijedordanas.com\/","name":"PrijedorDanas.com - Prijedorski gradski portal","description":"Portal o doga\u0111anjima u gradu Prijedoru","publisher":{"@id":"https:\/\/www.prijedordanas.com\/#organization"},"potentialAction":[{"@type":"SearchAction","target":{"@type":"EntryPoint","urlTemplate":"https:\/\/www.prijedordanas.com\/?s={search_term_string}"},"query-input":"required name=search_term_string"}],"inLanguage":"en-US"},{"@type":"Organization","@id":"https:\/\/www.prijedordanas.com\/#organization","name":"PrijedorDanas.com","url":"https:\/\/www.prijedordanas.com\/","logo":{"@type":"ImageObject","inLanguage":"en-US","@id":"https:\/\/www.prijedordanas.com\/#\/schema\/logo\/image\/","url":"http:\/\/www.prijedordanas.com\/wp-content\/uploads\/2021\/12\/logopng.png","contentUrl":"http:\/\/www.prijedordanas.com\/wp-content\/uploads\/2021\/12\/logopng.png","width":1019,"height":776,"caption":"PrijedorDanas.com"},"image":{"@id":"https:\/\/www.prijedordanas.com\/#\/schema\/logo\/image\/"},"sameAs":["https:\/\/www.facebook.com\/PrijedorDanasCom\/"]},{"@type":"Person","@id":"https:\/\/www.prijedordanas.com\/#\/schema\/person\/4e08ccf29b506ca916ff86d46bb700e6","name":"admin","image":{"@type":"ImageObject","inLanguage":"en-US","@id":"https:\/\/www.prijedordanas.com\/#\/schema\/person\/image\/","url":"https:\/\/secure.gravatar.com\/avatar\/1d3fc949d550f0b53a5f0d51e06dfd79?s=96&d=mm&r=g","contentUrl":"https:\/\/secure.gravatar.com\/avatar\/1d3fc949d550f0b53a5f0d51e06dfd79?s=96&d=mm&r=g","caption":"admin"},"url":"https:\/\/www.prijedordanas.com\/?author=1"}]}},"_links":{"self":[{"href":"https:\/\/www.prijedordanas.com\/index.php?rest_route=\/wp\/v2\/posts\/180824"}],"collection":[{"href":"https:\/\/www.prijedordanas.com\/index.php?rest_route=\/wp\/v2\/posts"}],"about":[{"href":"https:\/\/www.prijedordanas.com\/index.php?rest_route=\/wp\/v2\/types\/post"}],"author":[{"embeddable":true,"href":"https:\/\/www.prijedordanas.com\/index.php?rest_route=\/wp\/v2\/users\/1"}],"replies":[{"embeddable":true,"href":"https:\/\/www.prijedordanas.com\/index.php?rest_route=%2Fwp%2Fv2%2Fcomments&post=180824"}],"version-history":[{"count":1,"href":"https:\/\/www.prijedordanas.com\/index.php?rest_route=\/wp\/v2\/posts\/180824\/revisions"}],"predecessor-version":[{"id":180830,"href":"https:\/\/www.prijedordanas.com\/index.php?rest_route=\/wp\/v2\/posts\/180824\/revisions\/180830"}],"wp:attachment":[{"href":"https:\/\/www.prijedordanas.com\/index.php?rest_route=%2Fwp%2Fv2%2Fmedia&parent=180824"}],"wp:term":[{"taxonomy":"category","embeddable":true,"href":"https:\/\/www.prijedordanas.com\/index.php?rest_route=%2Fwp%2Fv2%2Fcategories&post=180824"},{"taxonomy":"post_tag","embeddable":true,"href":"https:\/\/www.prijedordanas.com\/index.php?rest_route=%2Fwp%2Fv2%2Ftags&post=180824"}],"curies":[{"name":"wp","href":"https:\/\/api.w.org\/{rel}","templated":true}]}}