{"id":180759,"date":"2022-01-29T21:53:11","date_gmt":"2022-01-29T20:53:11","guid":{"rendered":"https:\/\/www.prijedordanas.com\/?p=180759"},"modified":"2022-01-29T21:53:11","modified_gmt":"2022-01-29T20:53:11","slug":"krivicne-prijave-pobunjeni-clanovi-pdp-a-nisu-clanovi-pdp-a","status":"publish","type":"post","link":"https:\/\/www.prijedordanas.com\/?p=180759","title":{"rendered":"Krivi\u010dne prijave: pobunjeni \u010dlanovi PDP-a nisu \u010dlanovi PDP-a?"},"content":{"rendered":"<p><a href=\"https:\/\/www.prijedordanas.com\/wp-content\/uploads\/2021\/12\/pdp-prijedor-raspusten-gradski-odbor-6.jpg\"><img loading=\"lazy\" decoding=\"async\" class=\"alignleft size-medium wp-image-179276\" src=\"https:\/\/www.prijedordanas.com\/wp-content\/uploads\/2021\/12\/pdp-prijedor-raspusten-gradski-odbor-6-300x225.jpg\" alt=\"\" width=\"300\" height=\"225\" srcset=\"https:\/\/www.prijedordanas.com\/wp-content\/uploads\/2021\/12\/pdp-prijedor-raspusten-gradski-odbor-6-300x225.jpg 300w, https:\/\/www.prijedordanas.com\/wp-content\/uploads\/2021\/12\/pdp-prijedor-raspusten-gradski-odbor-6-640x480.jpg 640w, https:\/\/www.prijedordanas.com\/wp-content\/uploads\/2021\/12\/pdp-prijedor-raspusten-gradski-odbor-6.jpg 667w\" sizes=\"(max-width: 300px) 100vw, 300px\" \/><\/a>Kako Insajder saznaje, u bazi podataka PDP se nalazi svega 32 \u010dlana od 112 lica ju\u010de potpisanih na zahtjeve nekolicine \u010dlanova Gradskog odbora PDP Prijedor upu\u0107enih organima stranke.<\/p>\n<p>Informaciju nam je potvrdila portparolka PDP-a Anja Petrovi\u0107.<\/p>\n<p>\u2013 Ta\u010dno, u na\u0161oj bazi podataka nema, ne postoji, tih 80 osoba koje se nalaze na spisku navodnih 112 \u010dlanova koji, ukoliko se ne ispune zahtjevi troje ljudi, od kojih je jedno i isklju\u010deno iz stranke, napu\u0161taju PDP.<\/p>\n<p>Prvi zaklju\u010dak koji se mo\u017ee izvesti jeste da im je SNSD ustupio neke svoje spiskove da bi poja\u010dali utisak i pojedincima vratili usluge za djelovanje u njihovu korist tokom izbora i da je dio spiska la\u017eiran. Smije\u0161an poku\u0161aj manipulacije javnosti, jer sve iza\u0111e na vidjelo. Bilo kako bilo, Predsjedni\u0161tvo PDP je odavno donijelo zaklju\u010dak da nema koaliranja sa SNSD, pa kome se to ne svi\u0111a, neka slobodno ide, rekla je Petrovi\u0107eva.<\/p>\n<p><a href=\"https:\/\/www.prijedordanas.com\/wp-content\/uploads\/2022\/01\/insajderin-krivicne-prijave-pdp-prijedor.jpg\"><img loading=\"lazy\" decoding=\"async\" src=\"https:\/\/www.prijedordanas.com\/wp-content\/uploads\/2022\/01\/insajderin-krivicne-prijave-pdp-prijedor-300x169.jpg\" alt=\"\" width=\"300\" height=\"169\" class=\"alignleft size-medium wp-image-180760\" srcset=\"https:\/\/www.prijedordanas.com\/wp-content\/uploads\/2022\/01\/insajderin-krivicne-prijave-pdp-prijedor-300x169.jpg 300w, https:\/\/www.prijedordanas.com\/wp-content\/uploads\/2022\/01\/insajderin-krivicne-prijave-pdp-prijedor.jpg 600w\" sizes=\"(max-width: 300px) 100vw, 300px\" \/><\/a>Iz ovoga proizilazi zaklju\u010dak da se radi o falsifikatu i da \u0107e, kako saznajemo, biti podnijete krivi\u010dne prijava za falsifikovanje i la\u017eiranje.<\/p>\n<p>Prema informacijama do kojih je do\u0161ao Insajder, prijave \u0107e biti podnijete protiv An\u0111i\u0107 Branka, pod rednim brojem 13 na spisku, koji je \u010dlan Gradske izborne komisije, a po zakonu ne mo\u017ee biti \u010dlan partije.<\/p>\n<p>Iz PDP-a isti\u010du da se centrali stranke javio veliki broj \u201cpotpisnika\u201d koji tvrde da su prisiljeni od strane Dalibora Grabe\u017ea, direktora Komunalnog preduze\u0107a da se prisilno potpi\u0161u na spisak i isti\u010du da je to krivi\u010dno djelo.<\/p>\n<p>Na\u0161a redakcija je poku\u0161ala stupiti u kontakt sa Daliborom Grabe\u017eom koji je kratko prokomentarisao da je na putu u Srbiji i da nema vremena za izjavu.<\/p>\n<p>insajder.in<\/p>\n","protected":false},"excerpt":{"rendered":"<p>Kako Insajder saznaje, u bazi podataka PDP se nalazi svega 32 \u010dlana od 112 lica ju\u010de potpisanih na zahtjeve nekolicine \u010dlanova Gradskog odbora PDP Prijedor upu\u0107enih organima stranke. Informaciju nam [&hellip;]<\/p>\n","protected":false},"author":1,"featured_media":0,"comment_status":"closed","ping_status":"open","sticky":false,"template":"","format":"standard","meta":{"_monsterinsights_skip_tracking":false,"_monsterinsights_sitenote_active":false,"_monsterinsights_sitenote_note":"","_monsterinsights_sitenote_category":0,"footnotes":""},"categories":[8],"tags":[],"yoast_head":"<!-- This site is optimized with the Yoast SEO plugin v21.6 - https:\/\/yoast.com\/wordpress\/plugins\/seo\/ -->\n<title>Krivi\u010dne prijave: pobunjeni \u010dlanovi PDP-a nisu \u010dlanovi PDP-a? - PrijedorDanas.com - Prijedorski gradski portal<\/title>\n<meta name=\"robots\" content=\"index, follow, max-snippet:-1, max-image-preview:large, max-video-preview:-1\" \/>\n<link rel=\"canonical\" href=\"https:\/\/www.prijedordanas.com\/?p=180759\" \/>\n<meta property=\"og:locale\" content=\"en_US\" \/>\n<meta property=\"og:type\" content=\"article\" \/>\n<meta property=\"og:title\" content=\"Krivi\u010dne prijave: pobunjeni \u010dlanovi PDP-a nisu \u010dlanovi PDP-a? - PrijedorDanas.com - Prijedorski gradski portal\" \/>\n<meta property=\"og:description\" content=\"Kako Insajder saznaje, u bazi podataka PDP se nalazi svega 32 \u010dlana od 112 lica ju\u010de potpisanih na zahtjeve nekolicine \u010dlanova Gradskog odbora PDP Prijedor upu\u0107enih organima stranke. Informaciju nam [&hellip;]\" \/>\n<meta property=\"og:url\" content=\"https:\/\/www.prijedordanas.com\/?p=180759\" \/>\n<meta property=\"og:site_name\" content=\"PrijedorDanas.com - Prijedorski gradski portal\" \/>\n<meta property=\"article:publisher\" content=\"https:\/\/www.facebook.com\/PrijedorDanasCom\/\" \/>\n<meta property=\"article:published_time\" content=\"2022-01-29T20:53:11+00:00\" \/>\n<meta property=\"og:image\" content=\"https:\/\/www.prijedordanas.com\/wp-content\/uploads\/2021\/12\/pdp-prijedor-raspusten-gradski-odbor-6-300x225.jpg\" \/>\n<meta name=\"author\" content=\"admin\" \/>\n<meta name=\"twitter:card\" content=\"summary_large_image\" \/>\n<meta name=\"twitter:label1\" content=\"Written by\" \/>\n\t<meta name=\"twitter:data1\" content=\"admin\" \/>\n\t<meta name=\"twitter:label2\" content=\"Est. reading time\" \/>\n\t<meta name=\"twitter:data2\" content=\"1 minute\" \/>\n<script type=\"application\/ld+json\" class=\"yoast-schema-graph\">{\"@context\":\"https:\/\/schema.org\",\"@graph\":[{\"@type\":\"Article\",\"@id\":\"https:\/\/www.prijedordanas.com\/?p=180759#article\",\"isPartOf\":{\"@id\":\"https:\/\/www.prijedordanas.com\/?p=180759\"},\"author\":{\"name\":\"admin\",\"@id\":\"https:\/\/www.prijedordanas.com\/#\/schema\/person\/4e08ccf29b506ca916ff86d46bb700e6\"},\"headline\":\"Krivi\u010dne prijave: pobunjeni \u010dlanovi PDP-a nisu \u010dlanovi PDP-a?\",\"datePublished\":\"2022-01-29T20:53:11+00:00\",\"dateModified\":\"2022-01-29T20:53:11+00:00\",\"mainEntityOfPage\":{\"@id\":\"https:\/\/www.prijedordanas.com\/?p=180759\"},\"wordCount\":300,\"publisher\":{\"@id\":\"https:\/\/www.prijedordanas.com\/#organization\"},\"articleSection\":[\"Svakodnevno\"],\"inLanguage\":\"en-US\"},{\"@type\":\"WebPage\",\"@id\":\"https:\/\/www.prijedordanas.com\/?p=180759\",\"url\":\"https:\/\/www.prijedordanas.com\/?p=180759\",\"name\":\"Krivi\u010dne prijave: pobunjeni \u010dlanovi PDP-a nisu \u010dlanovi PDP-a? - PrijedorDanas.com - Prijedorski gradski portal\",\"isPartOf\":{\"@id\":\"https:\/\/www.prijedordanas.com\/#website\"},\"datePublished\":\"2022-01-29T20:53:11+00:00\",\"dateModified\":\"2022-01-29T20:53:11+00:00\",\"breadcrumb\":{\"@id\":\"https:\/\/www.prijedordanas.com\/?p=180759#breadcrumb\"},\"inLanguage\":\"en-US\",\"potentialAction\":[{\"@type\":\"ReadAction\",\"target\":[\"https:\/\/www.prijedordanas.com\/?p=180759\"]}]},{\"@type\":\"BreadcrumbList\",\"@id\":\"https:\/\/www.prijedordanas.com\/?p=180759#breadcrumb\",\"itemListElement\":[{\"@type\":\"ListItem\",\"position\":1,\"name\":\"Home\",\"item\":\"https:\/\/www.prijedordanas.com\/\"},{\"@type\":\"ListItem\",\"position\":2,\"name\":\"Krivi\u010dne prijave: pobunjeni \u010dlanovi PDP-a nisu \u010dlanovi PDP-a?\"}]},{\"@type\":\"WebSite\",\"@id\":\"https:\/\/www.prijedordanas.com\/#website\",\"url\":\"https:\/\/www.prijedordanas.com\/\",\"name\":\"PrijedorDanas.com - Prijedorski gradski portal\",\"description\":\"Portal o doga\u0111anjima u gradu Prijedoru\",\"publisher\":{\"@id\":\"https:\/\/www.prijedordanas.com\/#organization\"},\"potentialAction\":[{\"@type\":\"SearchAction\",\"target\":{\"@type\":\"EntryPoint\",\"urlTemplate\":\"https:\/\/www.prijedordanas.com\/?s={search_term_string}\"},\"query-input\":\"required name=search_term_string\"}],\"inLanguage\":\"en-US\"},{\"@type\":\"Organization\",\"@id\":\"https:\/\/www.prijedordanas.com\/#organization\",\"name\":\"PrijedorDanas.com\",\"url\":\"https:\/\/www.prijedordanas.com\/\",\"logo\":{\"@type\":\"ImageObject\",\"inLanguage\":\"en-US\",\"@id\":\"https:\/\/www.prijedordanas.com\/#\/schema\/logo\/image\/\",\"url\":\"http:\/\/www.prijedordanas.com\/wp-content\/uploads\/2021\/12\/logopng.png\",\"contentUrl\":\"http:\/\/www.prijedordanas.com\/wp-content\/uploads\/2021\/12\/logopng.png\",\"width\":1019,\"height\":776,\"caption\":\"PrijedorDanas.com\"},\"image\":{\"@id\":\"https:\/\/www.prijedordanas.com\/#\/schema\/logo\/image\/\"},\"sameAs\":[\"https:\/\/www.facebook.com\/PrijedorDanasCom\/\"]},{\"@type\":\"Person\",\"@id\":\"https:\/\/www.prijedordanas.com\/#\/schema\/person\/4e08ccf29b506ca916ff86d46bb700e6\",\"name\":\"admin\",\"image\":{\"@type\":\"ImageObject\",\"inLanguage\":\"en-US\",\"@id\":\"https:\/\/www.prijedordanas.com\/#\/schema\/person\/image\/\",\"url\":\"https:\/\/secure.gravatar.com\/avatar\/1d3fc949d550f0b53a5f0d51e06dfd79?s=96&d=mm&r=g\",\"contentUrl\":\"https:\/\/secure.gravatar.com\/avatar\/1d3fc949d550f0b53a5f0d51e06dfd79?s=96&d=mm&r=g\",\"caption\":\"admin\"},\"url\":\"https:\/\/www.prijedordanas.com\/?author=1\"}]}<\/script>\n<!-- \/ Yoast SEO plugin. -->","yoast_head_json":{"title":"Krivi\u010dne prijave: pobunjeni \u010dlanovi PDP-a nisu \u010dlanovi PDP-a? - PrijedorDanas.com - Prijedorski gradski portal","robots":{"index":"index","follow":"follow","max-snippet":"max-snippet:-1","max-image-preview":"max-image-preview:large","max-video-preview":"max-video-preview:-1"},"canonical":"https:\/\/www.prijedordanas.com\/?p=180759","og_locale":"en_US","og_type":"article","og_title":"Krivi\u010dne prijave: pobunjeni \u010dlanovi PDP-a nisu \u010dlanovi PDP-a? - PrijedorDanas.com - Prijedorski gradski portal","og_description":"Kako Insajder saznaje, u bazi podataka PDP se nalazi svega 32 \u010dlana od 112 lica ju\u010de potpisanih na zahtjeve nekolicine \u010dlanova Gradskog odbora PDP Prijedor upu\u0107enih organima stranke. Informaciju nam [&hellip;]","og_url":"https:\/\/www.prijedordanas.com\/?p=180759","og_site_name":"PrijedorDanas.com - Prijedorski gradski portal","article_publisher":"https:\/\/www.facebook.com\/PrijedorDanasCom\/","article_published_time":"2022-01-29T20:53:11+00:00","og_image":[{"url":"https:\/\/www.prijedordanas.com\/wp-content\/uploads\/2021\/12\/pdp-prijedor-raspusten-gradski-odbor-6-300x225.jpg"}],"author":"admin","twitter_card":"summary_large_image","twitter_misc":{"Written by":"admin","Est. reading time":"1 minute"},"schema":{"@context":"https:\/\/schema.org","@graph":[{"@type":"Article","@id":"https:\/\/www.prijedordanas.com\/?p=180759#article","isPartOf":{"@id":"https:\/\/www.prijedordanas.com\/?p=180759"},"author":{"name":"admin","@id":"https:\/\/www.prijedordanas.com\/#\/schema\/person\/4e08ccf29b506ca916ff86d46bb700e6"},"headline":"Krivi\u010dne prijave: pobunjeni \u010dlanovi PDP-a nisu \u010dlanovi PDP-a?","datePublished":"2022-01-29T20:53:11+00:00","dateModified":"2022-01-29T20:53:11+00:00","mainEntityOfPage":{"@id":"https:\/\/www.prijedordanas.com\/?p=180759"},"wordCount":300,"publisher":{"@id":"https:\/\/www.prijedordanas.com\/#organization"},"articleSection":["Svakodnevno"],"inLanguage":"en-US"},{"@type":"WebPage","@id":"https:\/\/www.prijedordanas.com\/?p=180759","url":"https:\/\/www.prijedordanas.com\/?p=180759","name":"Krivi\u010dne prijave: pobunjeni \u010dlanovi PDP-a nisu \u010dlanovi PDP-a? - PrijedorDanas.com - Prijedorski gradski portal","isPartOf":{"@id":"https:\/\/www.prijedordanas.com\/#website"},"datePublished":"2022-01-29T20:53:11+00:00","dateModified":"2022-01-29T20:53:11+00:00","breadcrumb":{"@id":"https:\/\/www.prijedordanas.com\/?p=180759#breadcrumb"},"inLanguage":"en-US","potentialAction":[{"@type":"ReadAction","target":["https:\/\/www.prijedordanas.com\/?p=180759"]}]},{"@type":"BreadcrumbList","@id":"https:\/\/www.prijedordanas.com\/?p=180759#breadcrumb","itemListElement":[{"@type":"ListItem","position":1,"name":"Home","item":"https:\/\/www.prijedordanas.com\/"},{"@type":"ListItem","position":2,"name":"Krivi\u010dne prijave: pobunjeni \u010dlanovi PDP-a nisu \u010dlanovi PDP-a?"}]},{"@type":"WebSite","@id":"https:\/\/www.prijedordanas.com\/#website","url":"https:\/\/www.prijedordanas.com\/","name":"PrijedorDanas.com - Prijedorski gradski portal","description":"Portal o doga\u0111anjima u gradu Prijedoru","publisher":{"@id":"https:\/\/www.prijedordanas.com\/#organization"},"potentialAction":[{"@type":"SearchAction","target":{"@type":"EntryPoint","urlTemplate":"https:\/\/www.prijedordanas.com\/?s={search_term_string}"},"query-input":"required name=search_term_string"}],"inLanguage":"en-US"},{"@type":"Organization","@id":"https:\/\/www.prijedordanas.com\/#organization","name":"PrijedorDanas.com","url":"https:\/\/www.prijedordanas.com\/","logo":{"@type":"ImageObject","inLanguage":"en-US","@id":"https:\/\/www.prijedordanas.com\/#\/schema\/logo\/image\/","url":"http:\/\/www.prijedordanas.com\/wp-content\/uploads\/2021\/12\/logopng.png","contentUrl":"http:\/\/www.prijedordanas.com\/wp-content\/uploads\/2021\/12\/logopng.png","width":1019,"height":776,"caption":"PrijedorDanas.com"},"image":{"@id":"https:\/\/www.prijedordanas.com\/#\/schema\/logo\/image\/"},"sameAs":["https:\/\/www.facebook.com\/PrijedorDanasCom\/"]},{"@type":"Person","@id":"https:\/\/www.prijedordanas.com\/#\/schema\/person\/4e08ccf29b506ca916ff86d46bb700e6","name":"admin","image":{"@type":"ImageObject","inLanguage":"en-US","@id":"https:\/\/www.prijedordanas.com\/#\/schema\/person\/image\/","url":"https:\/\/secure.gravatar.com\/avatar\/1d3fc949d550f0b53a5f0d51e06dfd79?s=96&d=mm&r=g","contentUrl":"https:\/\/secure.gravatar.com\/avatar\/1d3fc949d550f0b53a5f0d51e06dfd79?s=96&d=mm&r=g","caption":"admin"},"url":"https:\/\/www.prijedordanas.com\/?author=1"}]}},"_links":{"self":[{"href":"https:\/\/www.prijedordanas.com\/index.php?rest_route=\/wp\/v2\/posts\/180759"}],"collection":[{"href":"https:\/\/www.prijedordanas.com\/index.php?rest_route=\/wp\/v2\/posts"}],"about":[{"href":"https:\/\/www.prijedordanas.com\/index.php?rest_route=\/wp\/v2\/types\/post"}],"author":[{"embeddable":true,"href":"https:\/\/www.prijedordanas.com\/index.php?rest_route=\/wp\/v2\/users\/1"}],"replies":[{"embeddable":true,"href":"https:\/\/www.prijedordanas.com\/index.php?rest_route=%2Fwp%2Fv2%2Fcomments&post=180759"}],"version-history":[{"count":1,"href":"https:\/\/www.prijedordanas.com\/index.php?rest_route=\/wp\/v2\/posts\/180759\/revisions"}],"predecessor-version":[{"id":180761,"href":"https:\/\/www.prijedordanas.com\/index.php?rest_route=\/wp\/v2\/posts\/180759\/revisions\/180761"}],"wp:attachment":[{"href":"https:\/\/www.prijedordanas.com\/index.php?rest_route=%2Fwp%2Fv2%2Fmedia&parent=180759"}],"wp:term":[{"taxonomy":"category","embeddable":true,"href":"https:\/\/www.prijedordanas.com\/index.php?rest_route=%2Fwp%2Fv2%2Fcategories&post=180759"},{"taxonomy":"post_tag","embeddable":true,"href":"https:\/\/www.prijedordanas.com\/index.php?rest_route=%2Fwp%2Fv2%2Ftags&post=180759"}],"curies":[{"name":"wp","href":"https:\/\/api.w.org\/{rel}","templated":true}]}}