{"id":180725,"date":"2022-01-28T19:44:17","date_gmt":"2022-01-28T18:44:17","guid":{"rendered":"https:\/\/www.prijedordanas.com\/?p=180725"},"modified":"2022-01-28T21:44:40","modified_gmt":"2022-01-28T20:44:40","slug":"predlozen-pritvor-za-munjizu","status":"publish","type":"post","link":"https:\/\/www.prijedordanas.com\/?p=180725","title":{"rendered":"Predlo\u017een pritvor za Munjizu &#8211; VIDEO"},"content":{"rendered":"<p><a href=\"https:\/\/www.prijedordanas.com\/wp-content\/uploads\/2022\/01\/rtrs-munjiza.jpg\"><img loading=\"lazy\" decoding=\"async\" src=\"https:\/\/www.prijedordanas.com\/wp-content\/uploads\/2022\/01\/rtrs-munjiza-300x225.jpg\" alt=\"\" width=\"300\" height=\"225\" class=\"alignleft size-medium wp-image-180726\" srcset=\"https:\/\/www.prijedordanas.com\/wp-content\/uploads\/2022\/01\/rtrs-munjiza-300x225.jpg 300w, https:\/\/www.prijedordanas.com\/wp-content\/uploads\/2022\/01\/rtrs-munjiza-640x480.jpg 640w, https:\/\/www.prijedordanas.com\/wp-content\/uploads\/2022\/01\/rtrs-munjiza.jpg 666w\" sizes=\"(max-width: 300px) 100vw, 300px\" \/><\/a>Okru\u017eno javno tu\u017eila\u0161tvo Prijedor predlo\u017eilo je pritvor za mu\u0161karca iz ovog grada \u010diji su inicijali M.M. osumnji\u010denog za ucjenu, potvr\u0111eno je Srni u ovom tu\u017eila\u0161tvu.<\/p>\n<p><strong><a href=\"https:\/\/www.prijedordanas.com\/?p=180713\" rel=\"noopener\" target=\"_blank\">Marko Munjiza sproveden u Okru\u017eno javno tu\u017eila\u0161tvo Prijedor<\/a><\/strong><\/p>\n<p>U Tu\u017eila\u0161tvu je ne\u0161to prije 18.00 \u010dasova zavr\u0161eno je ispitivanje osumnji\u010denog.<\/p>\n<p><strong><a href=\"https:\/\/www.prijedordanas.com\/?p=180695\" rel=\"noopener\" target=\"_blank\">Uhap\u0161en Marko Munjiza zbog sumnje da je ucjenjivao direktora IRB-a \u2013 FOTO<\/a><\/strong><\/p>\n<p>M.M. je sino\u0107 uhap\u0161en u akciji Uprave MUP-a Republike Srpske za organizovani i te\u0161ki kriminalitet, a pod nadzorom i rukovo\u0111enjem O\u0408T Prijedor.<\/p>\n<p><strong><a href=\"https:\/\/www.prijedordanas.com\/?p=180690\" rel=\"noopener\" target=\"_blank\">Okru\u017eno javno tu\u017eila\u0161tvo Prijedor: U toku kriminalisti\u010dka obrada mu\u0161karca uhap\u0161enog zbog ucjene<\/a><\/strong><\/p>\n<p>Kod njega je prona\u0111eno prethodno obilje\u017eenih 10.000 KM, kao i tehni\u010dki ure\u0111aji, dokumentacija i drugi predmeti koji \u0107e poslu\u017eiti kao dokazi u daljem toku istrage.<\/p>\n<p><strong><a href=\"https:\/\/www.prijedordanas.com\/?p=180657\" target=\"_blank\" rel=\"noopener\">U Prijedoru uhap\u0161en Marko Munjiza \u2013 FOTO<\/a><\/strong><\/p>\n<p>Osumnji\u010deni je od o\u0161te\u0107enog novac tra\u017eio u zamjenu da ne objavljuje sadr\u017eaje koji bi mogli \u0161tetiti o\u0161te\u0107enom.<\/p>\n<p><strong><a href=\"https:\/\/www.prijedordanas.com\/?p=180653\" target=\"_blank\" rel=\"noopener\">Uhap\u0161en zbog ucjene \u201cte\u0161ke\u201d 10.000 KM: Prijedor\u010danin Marko Munjiza zaslu\u017ean za smjenu Pavlovi\u0107a pao nakon tajne istrage<\/a><\/strong><\/p>\n<p>Rije\u010d o krivi\u010dnom djelu ucjena iz \u010dlana 233 Krivi\u010dnog zakonika Republike Srpske kojim su propisane kazne zatvora u rasponu od \u0161est mjeseci do 15 godina.<\/p>\n<p><strong><a href=\"https:\/\/www.prijedordanas.com\/?p=180684\" target=\"_blank\" rel=\"noopener\">U toku pretresi prostorija koje koristi Munjiza: Prijedor\u010danin koji je ucjenjivao Dalibora Pavlovi\u0107a \u201cpao\u201d u akciji \u201cProvajder\u201d \u2013 FOTO<\/a><\/strong><\/p>\n<p>RTRS nezvani\u010dno saznaje da je uhap\u0161en Marko Munjiza koji je ucjenjivao direktora Investiciono-razvojne banke Dra\u017eena Vrhovca.<\/p>\n<p>RTRS\/SRNA<\/p>\n<p><iframe loading=\"lazy\" title=\"Predlo\u017een pritvor za Munjizu\" width=\"500\" height=\"281\" src=\"https:\/\/www.youtube.com\/embed\/LsSHVxLEXlI?feature=oembed\" frameborder=\"0\" allow=\"accelerometer; autoplay; clipboard-write; encrypted-media; gyroscope; picture-in-picture\" allowfullscreen><\/iframe><\/p>\n","protected":false},"excerpt":{"rendered":"<p>Okru\u017eno javno tu\u017eila\u0161tvo Prijedor predlo\u017eilo je pritvor za mu\u0161karca iz ovog grada \u010diji su inicijali M.M. osumnji\u010denog za ucjenu, potvr\u0111eno je Srni u ovom tu\u017eila\u0161tvu. Marko Munjiza sproveden u Okru\u017eno [&hellip;]<\/p>\n","protected":false},"author":1,"featured_media":0,"comment_status":"closed","ping_status":"open","sticky":false,"template":"","format":"standard","meta":{"_monsterinsights_skip_tracking":false,"_monsterinsights_sitenote_active":false,"_monsterinsights_sitenote_note":"","_monsterinsights_sitenote_category":0,"footnotes":""},"categories":[5],"tags":[],"yoast_head":"<!-- This site is optimized with the Yoast SEO plugin v21.6 - https:\/\/yoast.com\/wordpress\/plugins\/seo\/ -->\n<title>Predlo\u017een pritvor za Munjizu - VIDEO - PrijedorDanas.com - Prijedorski gradski portal<\/title>\n<meta name=\"robots\" content=\"index, follow, max-snippet:-1, max-image-preview:large, max-video-preview:-1\" \/>\n<link rel=\"canonical\" href=\"https:\/\/www.prijedordanas.com\/?p=180725\" \/>\n<meta property=\"og:locale\" content=\"en_US\" \/>\n<meta property=\"og:type\" content=\"article\" \/>\n<meta property=\"og:title\" content=\"Predlo\u017een pritvor za Munjizu - VIDEO - PrijedorDanas.com - Prijedorski gradski portal\" \/>\n<meta property=\"og:description\" content=\"Okru\u017eno javno tu\u017eila\u0161tvo Prijedor predlo\u017eilo je pritvor za mu\u0161karca iz ovog grada \u010diji su inicijali M.M. osumnji\u010denog za ucjenu, potvr\u0111eno je Srni u ovom tu\u017eila\u0161tvu. Marko Munjiza sproveden u Okru\u017eno [&hellip;]\" \/>\n<meta property=\"og:url\" content=\"https:\/\/www.prijedordanas.com\/?p=180725\" \/>\n<meta property=\"og:site_name\" content=\"PrijedorDanas.com - Prijedorski gradski portal\" \/>\n<meta property=\"article:publisher\" content=\"https:\/\/www.facebook.com\/PrijedorDanasCom\/\" \/>\n<meta property=\"article:published_time\" content=\"2022-01-28T18:44:17+00:00\" \/>\n<meta property=\"article:modified_time\" content=\"2022-01-28T20:44:40+00:00\" \/>\n<meta property=\"og:image\" content=\"https:\/\/www.prijedordanas.com\/wp-content\/uploads\/2022\/01\/rtrs-munjiza-300x225.jpg\" \/>\n<meta name=\"author\" content=\"admin\" \/>\n<meta name=\"twitter:card\" content=\"summary_large_image\" \/>\n<meta name=\"twitter:label1\" content=\"Written by\" \/>\n\t<meta name=\"twitter:data1\" content=\"admin\" \/>\n\t<meta name=\"twitter:label2\" content=\"Est. reading time\" \/>\n\t<meta name=\"twitter:data2\" content=\"1 minute\" \/>\n<script type=\"application\/ld+json\" class=\"yoast-schema-graph\">{\"@context\":\"https:\/\/schema.org\",\"@graph\":[{\"@type\":\"Article\",\"@id\":\"https:\/\/www.prijedordanas.com\/?p=180725#article\",\"isPartOf\":{\"@id\":\"https:\/\/www.prijedordanas.com\/?p=180725\"},\"author\":{\"name\":\"admin\",\"@id\":\"https:\/\/www.prijedordanas.com\/#\/schema\/person\/4e08ccf29b506ca916ff86d46bb700e6\"},\"headline\":\"Predlo\u017een pritvor za Munjizu &#8211; VIDEO\",\"datePublished\":\"2022-01-28T18:44:17+00:00\",\"dateModified\":\"2022-01-28T20:44:40+00:00\",\"mainEntityOfPage\":{\"@id\":\"https:\/\/www.prijedordanas.com\/?p=180725\"},\"wordCount\":276,\"publisher\":{\"@id\":\"https:\/\/www.prijedordanas.com\/#organization\"},\"articleSection\":[\"Hronika\"],\"inLanguage\":\"en-US\"},{\"@type\":\"WebPage\",\"@id\":\"https:\/\/www.prijedordanas.com\/?p=180725\",\"url\":\"https:\/\/www.prijedordanas.com\/?p=180725\",\"name\":\"Predlo\u017een pritvor za Munjizu - VIDEO - PrijedorDanas.com - Prijedorski gradski portal\",\"isPartOf\":{\"@id\":\"https:\/\/www.prijedordanas.com\/#website\"},\"datePublished\":\"2022-01-28T18:44:17+00:00\",\"dateModified\":\"2022-01-28T20:44:40+00:00\",\"breadcrumb\":{\"@id\":\"https:\/\/www.prijedordanas.com\/?p=180725#breadcrumb\"},\"inLanguage\":\"en-US\",\"potentialAction\":[{\"@type\":\"ReadAction\",\"target\":[\"https:\/\/www.prijedordanas.com\/?p=180725\"]}]},{\"@type\":\"BreadcrumbList\",\"@id\":\"https:\/\/www.prijedordanas.com\/?p=180725#breadcrumb\",\"itemListElement\":[{\"@type\":\"ListItem\",\"position\":1,\"name\":\"Home\",\"item\":\"https:\/\/www.prijedordanas.com\/\"},{\"@type\":\"ListItem\",\"position\":2,\"name\":\"Predlo\u017een pritvor za Munjizu &#8211; VIDEO\"}]},{\"@type\":\"WebSite\",\"@id\":\"https:\/\/www.prijedordanas.com\/#website\",\"url\":\"https:\/\/www.prijedordanas.com\/\",\"name\":\"PrijedorDanas.com - Prijedorski gradski portal\",\"description\":\"Portal o doga\u0111anjima u gradu Prijedoru\",\"publisher\":{\"@id\":\"https:\/\/www.prijedordanas.com\/#organization\"},\"potentialAction\":[{\"@type\":\"SearchAction\",\"target\":{\"@type\":\"EntryPoint\",\"urlTemplate\":\"https:\/\/www.prijedordanas.com\/?s={search_term_string}\"},\"query-input\":\"required name=search_term_string\"}],\"inLanguage\":\"en-US\"},{\"@type\":\"Organization\",\"@id\":\"https:\/\/www.prijedordanas.com\/#organization\",\"name\":\"PrijedorDanas.com\",\"url\":\"https:\/\/www.prijedordanas.com\/\",\"logo\":{\"@type\":\"ImageObject\",\"inLanguage\":\"en-US\",\"@id\":\"https:\/\/www.prijedordanas.com\/#\/schema\/logo\/image\/\",\"url\":\"http:\/\/www.prijedordanas.com\/wp-content\/uploads\/2021\/12\/logopng.png\",\"contentUrl\":\"http:\/\/www.prijedordanas.com\/wp-content\/uploads\/2021\/12\/logopng.png\",\"width\":1019,\"height\":776,\"caption\":\"PrijedorDanas.com\"},\"image\":{\"@id\":\"https:\/\/www.prijedordanas.com\/#\/schema\/logo\/image\/\"},\"sameAs\":[\"https:\/\/www.facebook.com\/PrijedorDanasCom\/\"]},{\"@type\":\"Person\",\"@id\":\"https:\/\/www.prijedordanas.com\/#\/schema\/person\/4e08ccf29b506ca916ff86d46bb700e6\",\"name\":\"admin\",\"image\":{\"@type\":\"ImageObject\",\"inLanguage\":\"en-US\",\"@id\":\"https:\/\/www.prijedordanas.com\/#\/schema\/person\/image\/\",\"url\":\"https:\/\/secure.gravatar.com\/avatar\/1d3fc949d550f0b53a5f0d51e06dfd79?s=96&d=mm&r=g\",\"contentUrl\":\"https:\/\/secure.gravatar.com\/avatar\/1d3fc949d550f0b53a5f0d51e06dfd79?s=96&d=mm&r=g\",\"caption\":\"admin\"},\"url\":\"https:\/\/www.prijedordanas.com\/?author=1\"}]}<\/script>\n<!-- \/ Yoast SEO plugin. -->","yoast_head_json":{"title":"Predlo\u017een pritvor za Munjizu - VIDEO - PrijedorDanas.com - Prijedorski gradski portal","robots":{"index":"index","follow":"follow","max-snippet":"max-snippet:-1","max-image-preview":"max-image-preview:large","max-video-preview":"max-video-preview:-1"},"canonical":"https:\/\/www.prijedordanas.com\/?p=180725","og_locale":"en_US","og_type":"article","og_title":"Predlo\u017een pritvor za Munjizu - VIDEO - PrijedorDanas.com - Prijedorski gradski portal","og_description":"Okru\u017eno javno tu\u017eila\u0161tvo Prijedor predlo\u017eilo je pritvor za mu\u0161karca iz ovog grada \u010diji su inicijali M.M. osumnji\u010denog za ucjenu, potvr\u0111eno je Srni u ovom tu\u017eila\u0161tvu. Marko Munjiza sproveden u Okru\u017eno [&hellip;]","og_url":"https:\/\/www.prijedordanas.com\/?p=180725","og_site_name":"PrijedorDanas.com - Prijedorski gradski portal","article_publisher":"https:\/\/www.facebook.com\/PrijedorDanasCom\/","article_published_time":"2022-01-28T18:44:17+00:00","article_modified_time":"2022-01-28T20:44:40+00:00","og_image":[{"url":"https:\/\/www.prijedordanas.com\/wp-content\/uploads\/2022\/01\/rtrs-munjiza-300x225.jpg"}],"author":"admin","twitter_card":"summary_large_image","twitter_misc":{"Written by":"admin","Est. reading time":"1 minute"},"schema":{"@context":"https:\/\/schema.org","@graph":[{"@type":"Article","@id":"https:\/\/www.prijedordanas.com\/?p=180725#article","isPartOf":{"@id":"https:\/\/www.prijedordanas.com\/?p=180725"},"author":{"name":"admin","@id":"https:\/\/www.prijedordanas.com\/#\/schema\/person\/4e08ccf29b506ca916ff86d46bb700e6"},"headline":"Predlo\u017een pritvor za Munjizu &#8211; VIDEO","datePublished":"2022-01-28T18:44:17+00:00","dateModified":"2022-01-28T20:44:40+00:00","mainEntityOfPage":{"@id":"https:\/\/www.prijedordanas.com\/?p=180725"},"wordCount":276,"publisher":{"@id":"https:\/\/www.prijedordanas.com\/#organization"},"articleSection":["Hronika"],"inLanguage":"en-US"},{"@type":"WebPage","@id":"https:\/\/www.prijedordanas.com\/?p=180725","url":"https:\/\/www.prijedordanas.com\/?p=180725","name":"Predlo\u017een pritvor za Munjizu - VIDEO - PrijedorDanas.com - Prijedorski gradski portal","isPartOf":{"@id":"https:\/\/www.prijedordanas.com\/#website"},"datePublished":"2022-01-28T18:44:17+00:00","dateModified":"2022-01-28T20:44:40+00:00","breadcrumb":{"@id":"https:\/\/www.prijedordanas.com\/?p=180725#breadcrumb"},"inLanguage":"en-US","potentialAction":[{"@type":"ReadAction","target":["https:\/\/www.prijedordanas.com\/?p=180725"]}]},{"@type":"BreadcrumbList","@id":"https:\/\/www.prijedordanas.com\/?p=180725#breadcrumb","itemListElement":[{"@type":"ListItem","position":1,"name":"Home","item":"https:\/\/www.prijedordanas.com\/"},{"@type":"ListItem","position":2,"name":"Predlo\u017een pritvor za Munjizu &#8211; VIDEO"}]},{"@type":"WebSite","@id":"https:\/\/www.prijedordanas.com\/#website","url":"https:\/\/www.prijedordanas.com\/","name":"PrijedorDanas.com - Prijedorski gradski portal","description":"Portal o doga\u0111anjima u gradu Prijedoru","publisher":{"@id":"https:\/\/www.prijedordanas.com\/#organization"},"potentialAction":[{"@type":"SearchAction","target":{"@type":"EntryPoint","urlTemplate":"https:\/\/www.prijedordanas.com\/?s={search_term_string}"},"query-input":"required name=search_term_string"}],"inLanguage":"en-US"},{"@type":"Organization","@id":"https:\/\/www.prijedordanas.com\/#organization","name":"PrijedorDanas.com","url":"https:\/\/www.prijedordanas.com\/","logo":{"@type":"ImageObject","inLanguage":"en-US","@id":"https:\/\/www.prijedordanas.com\/#\/schema\/logo\/image\/","url":"http:\/\/www.prijedordanas.com\/wp-content\/uploads\/2021\/12\/logopng.png","contentUrl":"http:\/\/www.prijedordanas.com\/wp-content\/uploads\/2021\/12\/logopng.png","width":1019,"height":776,"caption":"PrijedorDanas.com"},"image":{"@id":"https:\/\/www.prijedordanas.com\/#\/schema\/logo\/image\/"},"sameAs":["https:\/\/www.facebook.com\/PrijedorDanasCom\/"]},{"@type":"Person","@id":"https:\/\/www.prijedordanas.com\/#\/schema\/person\/4e08ccf29b506ca916ff86d46bb700e6","name":"admin","image":{"@type":"ImageObject","inLanguage":"en-US","@id":"https:\/\/www.prijedordanas.com\/#\/schema\/person\/image\/","url":"https:\/\/secure.gravatar.com\/avatar\/1d3fc949d550f0b53a5f0d51e06dfd79?s=96&d=mm&r=g","contentUrl":"https:\/\/secure.gravatar.com\/avatar\/1d3fc949d550f0b53a5f0d51e06dfd79?s=96&d=mm&r=g","caption":"admin"},"url":"https:\/\/www.prijedordanas.com\/?author=1"}]}},"_links":{"self":[{"href":"https:\/\/www.prijedordanas.com\/index.php?rest_route=\/wp\/v2\/posts\/180725"}],"collection":[{"href":"https:\/\/www.prijedordanas.com\/index.php?rest_route=\/wp\/v2\/posts"}],"about":[{"href":"https:\/\/www.prijedordanas.com\/index.php?rest_route=\/wp\/v2\/types\/post"}],"author":[{"embeddable":true,"href":"https:\/\/www.prijedordanas.com\/index.php?rest_route=\/wp\/v2\/users\/1"}],"replies":[{"embeddable":true,"href":"https:\/\/www.prijedordanas.com\/index.php?rest_route=%2Fwp%2Fv2%2Fcomments&post=180725"}],"version-history":[{"count":2,"href":"https:\/\/www.prijedordanas.com\/index.php?rest_route=\/wp\/v2\/posts\/180725\/revisions"}],"predecessor-version":[{"id":180731,"href":"https:\/\/www.prijedordanas.com\/index.php?rest_route=\/wp\/v2\/posts\/180725\/revisions\/180731"}],"wp:attachment":[{"href":"https:\/\/www.prijedordanas.com\/index.php?rest_route=%2Fwp%2Fv2%2Fmedia&parent=180725"}],"wp:term":[{"taxonomy":"category","embeddable":true,"href":"https:\/\/www.prijedordanas.com\/index.php?rest_route=%2Fwp%2Fv2%2Fcategories&post=180725"},{"taxonomy":"post_tag","embeddable":true,"href":"https:\/\/www.prijedordanas.com\/index.php?rest_route=%2Fwp%2Fv2%2Ftags&post=180725"}],"curies":[{"name":"wp","href":"https:\/\/api.w.org\/{rel}","templated":true}]}}