{"id":180684,"date":"2022-01-28T09:43:31","date_gmt":"2022-01-28T08:43:31","guid":{"rendered":"https:\/\/www.prijedordanas.com\/?p=180684"},"modified":"2022-01-28T09:43:31","modified_gmt":"2022-01-28T08:43:31","slug":"u-toku-pretresi-prostorija-koje-koristi-munjiza-prijedorcanin-koji-je-ucjenjivao-dalibora-pavlovica-pao-u-akciji-provajder-foto","status":"publish","type":"post","link":"https:\/\/www.prijedordanas.com\/?p=180684","title":{"rendered":"U toku pretresi prostorija koje koristi Munjiza: Prijedor\u010danin koji je ucjenjivao Dalibora Pavlovi\u0107a &#8220;pao&#8221; u akciji &#8220;Provajder&#8221; &#8211; FOTO"},"content":{"rendered":"<p><a href=\"https:\/\/www.prijedordanas.com\/wp-content\/uploads\/2022\/01\/hapsenje-munjiza-1.jpg\"><img loading=\"lazy\" decoding=\"async\" class=\"alignleft size-medium wp-image-180685\" src=\"https:\/\/www.prijedordanas.com\/wp-content\/uploads\/2022\/01\/hapsenje-munjiza-1-300x225.jpg\" alt=\"\" width=\"300\" height=\"225\" srcset=\"https:\/\/www.prijedordanas.com\/wp-content\/uploads\/2022\/01\/hapsenje-munjiza-1-300x225.jpg 300w, https:\/\/www.prijedordanas.com\/wp-content\/uploads\/2022\/01\/hapsenje-munjiza-1-640x480.jpg 640w, https:\/\/www.prijedordanas.com\/wp-content\/uploads\/2022\/01\/hapsenje-munjiza-1.jpg 667w\" sizes=\"(max-width: 300px) 100vw, 300px\" \/><\/a>Pripadnici Uprave za organizovani i te\u0161ki kriminalitet sino\u0107 su u akciji &#8220;Provajder&#8221; uhapsili su Marka Munjizu zbog sumnje da je ucjenjivao D.V., potvr\u0111eno je za Srpskainfo.<\/p>\n<p>Munjiza je ina\u010de aktivista SDS koji je objavio snimke zbog kojih je podnio ostavku biv\u0161i gradona\u010delnik u Prijedoru Dalibor Pavlovi\u0107.<\/p>\n<p><strong><a href=\"https:\/\/www.prijedordanas.com\/?p=180657\" target=\"_blank\" rel=\"noopener\">U Prijedoru uhap\u0161en Marko Munjiza \u2013 FOTO<\/a><\/strong><\/p>\n<p>U MUP Srpske rekli su, navode\u0107i inicijale, da je Munjiza uhap\u0161en nakon \u0161to je primio novac od o\u0161te\u0107enog, a koji je zahtjevao da bi prestao sa daljim izno\u0161enjem informacijama koje \u0161kode njegovom ugledu i \u010dasti.<\/p>\n<p><strong><a href=\"https:\/\/www.prijedordanas.com\/?p=180653\" target=\"_blank\" rel=\"noopener\">Uhap\u0161en zbog ucjene \u201cte\u0161ke\u201d 10.000 KM: Prijedor\u010danin Marko Munjiza zaslu\u017ean za smjenu Pavlovi\u0107a pao nakon tajne istrage<\/a><\/strong><\/p>\n<p>U toku su pretresi vozila i prostorija koje koristi Munjiza.<\/p>\n<p><a href=\"https:\/\/srpskainfo.com\/prijedorcanin-koji-je-ucjenjivao-dalibora-pavlovica-pao-u-akciji-provajder\/\" target=\"_blank\" rel=\"noopener\">srpskainfo.com<\/a><\/p>\n<p><a href=\"https:\/\/www.prijedordanas.com\/wp-content\/uploads\/2022\/01\/hapsenje-munjiza-2.jpg\"><img loading=\"lazy\" decoding=\"async\" src=\"https:\/\/www.prijedordanas.com\/wp-content\/uploads\/2022\/01\/hapsenje-munjiza-2-241x300.jpg\" alt=\"\" width=\"241\" height=\"300\" class=\"alignleft size-medium wp-image-180686\" srcset=\"https:\/\/www.prijedordanas.com\/wp-content\/uploads\/2022\/01\/hapsenje-munjiza-2-241x300.jpg 241w, https:\/\/www.prijedordanas.com\/wp-content\/uploads\/2022\/01\/hapsenje-munjiza-2.jpg 481w\" sizes=\"(max-width: 241px) 100vw, 241px\" \/><\/a><\/p>\n","protected":false},"excerpt":{"rendered":"<p>Pripadnici Uprave za organizovani i te\u0161ki kriminalitet sino\u0107 su u akciji &#8220;Provajder&#8221; uhapsili su Marka Munjizu zbog sumnje da je ucjenjivao D.V., potvr\u0111eno je za Srpskainfo. Munjiza je ina\u010de aktivista [&hellip;]<\/p>\n","protected":false},"author":1,"featured_media":0,"comment_status":"closed","ping_status":"open","sticky":false,"template":"","format":"standard","meta":{"_monsterinsights_skip_tracking":false,"_monsterinsights_sitenote_active":false,"_monsterinsights_sitenote_note":"","_monsterinsights_sitenote_category":0,"footnotes":""},"categories":[5],"tags":[],"yoast_head":"<!-- This site is optimized with the Yoast SEO plugin v21.6 - https:\/\/yoast.com\/wordpress\/plugins\/seo\/ -->\n<title>U toku pretresi prostorija koje koristi Munjiza: Prijedor\u010danin koji je ucjenjivao Dalibora Pavlovi\u0107a &quot;pao&quot; u akciji &quot;Provajder&quot; - FOTO - PrijedorDanas.com - Prijedorski gradski portal<\/title>\n<meta name=\"robots\" content=\"index, follow, max-snippet:-1, max-image-preview:large, max-video-preview:-1\" \/>\n<link rel=\"canonical\" href=\"https:\/\/www.prijedordanas.com\/?p=180684\" \/>\n<meta property=\"og:locale\" content=\"en_US\" \/>\n<meta property=\"og:type\" content=\"article\" \/>\n<meta property=\"og:title\" content=\"U toku pretresi prostorija koje koristi Munjiza: Prijedor\u010danin koji je ucjenjivao Dalibora Pavlovi\u0107a &quot;pao&quot; u akciji &quot;Provajder&quot; - FOTO - PrijedorDanas.com - Prijedorski gradski portal\" \/>\n<meta property=\"og:description\" content=\"Pripadnici Uprave za organizovani i te\u0161ki kriminalitet sino\u0107 su u akciji &#8220;Provajder&#8221; uhapsili su Marka Munjizu zbog sumnje da je ucjenjivao D.V., potvr\u0111eno je za Srpskainfo. Munjiza je ina\u010de aktivista [&hellip;]\" \/>\n<meta property=\"og:url\" content=\"https:\/\/www.prijedordanas.com\/?p=180684\" \/>\n<meta property=\"og:site_name\" content=\"PrijedorDanas.com - Prijedorski gradski portal\" \/>\n<meta property=\"article:publisher\" content=\"https:\/\/www.facebook.com\/PrijedorDanasCom\/\" \/>\n<meta property=\"article:published_time\" content=\"2022-01-28T08:43:31+00:00\" \/>\n<meta property=\"og:image\" content=\"https:\/\/www.prijedordanas.com\/wp-content\/uploads\/2022\/01\/hapsenje-munjiza-1-300x225.jpg\" \/>\n<meta name=\"author\" content=\"admin\" \/>\n<meta name=\"twitter:card\" content=\"summary_large_image\" \/>\n<meta name=\"twitter:label1\" content=\"Written by\" \/>\n\t<meta name=\"twitter:data1\" content=\"admin\" \/>\n\t<meta name=\"twitter:label2\" content=\"Est. reading time\" \/>\n\t<meta name=\"twitter:data2\" content=\"1 minute\" \/>\n<script type=\"application\/ld+json\" class=\"yoast-schema-graph\">{\"@context\":\"https:\/\/schema.org\",\"@graph\":[{\"@type\":\"Article\",\"@id\":\"https:\/\/www.prijedordanas.com\/?p=180684#article\",\"isPartOf\":{\"@id\":\"https:\/\/www.prijedordanas.com\/?p=180684\"},\"author\":{\"name\":\"admin\",\"@id\":\"https:\/\/www.prijedordanas.com\/#\/schema\/person\/4e08ccf29b506ca916ff86d46bb700e6\"},\"headline\":\"U toku pretresi prostorija koje koristi Munjiza: Prijedor\u010danin koji je ucjenjivao Dalibora Pavlovi\u0107a &#8220;pao&#8221; u akciji &#8220;Provajder&#8221; &#8211; FOTO\",\"datePublished\":\"2022-01-28T08:43:31+00:00\",\"dateModified\":\"2022-01-28T08:43:31+00:00\",\"mainEntityOfPage\":{\"@id\":\"https:\/\/www.prijedordanas.com\/?p=180684\"},\"wordCount\":153,\"publisher\":{\"@id\":\"https:\/\/www.prijedordanas.com\/#organization\"},\"articleSection\":[\"Hronika\"],\"inLanguage\":\"en-US\"},{\"@type\":\"WebPage\",\"@id\":\"https:\/\/www.prijedordanas.com\/?p=180684\",\"url\":\"https:\/\/www.prijedordanas.com\/?p=180684\",\"name\":\"U toku pretresi prostorija koje koristi Munjiza: Prijedor\u010danin koji je ucjenjivao Dalibora Pavlovi\u0107a \\\"pao\\\" u akciji \\\"Provajder\\\" - FOTO - PrijedorDanas.com - Prijedorski gradski portal\",\"isPartOf\":{\"@id\":\"https:\/\/www.prijedordanas.com\/#website\"},\"datePublished\":\"2022-01-28T08:43:31+00:00\",\"dateModified\":\"2022-01-28T08:43:31+00:00\",\"breadcrumb\":{\"@id\":\"https:\/\/www.prijedordanas.com\/?p=180684#breadcrumb\"},\"inLanguage\":\"en-US\",\"potentialAction\":[{\"@type\":\"ReadAction\",\"target\":[\"https:\/\/www.prijedordanas.com\/?p=180684\"]}]},{\"@type\":\"BreadcrumbList\",\"@id\":\"https:\/\/www.prijedordanas.com\/?p=180684#breadcrumb\",\"itemListElement\":[{\"@type\":\"ListItem\",\"position\":1,\"name\":\"Home\",\"item\":\"https:\/\/www.prijedordanas.com\/\"},{\"@type\":\"ListItem\",\"position\":2,\"name\":\"U toku pretresi prostorija koje koristi Munjiza: Prijedor\u010danin koji je ucjenjivao Dalibora Pavlovi\u0107a &#8220;pao&#8221; u akciji &#8220;Provajder&#8221; &#8211; FOTO\"}]},{\"@type\":\"WebSite\",\"@id\":\"https:\/\/www.prijedordanas.com\/#website\",\"url\":\"https:\/\/www.prijedordanas.com\/\",\"name\":\"PrijedorDanas.com - Prijedorski gradski portal\",\"description\":\"Portal o doga\u0111anjima u gradu Prijedoru\",\"publisher\":{\"@id\":\"https:\/\/www.prijedordanas.com\/#organization\"},\"potentialAction\":[{\"@type\":\"SearchAction\",\"target\":{\"@type\":\"EntryPoint\",\"urlTemplate\":\"https:\/\/www.prijedordanas.com\/?s={search_term_string}\"},\"query-input\":\"required name=search_term_string\"}],\"inLanguage\":\"en-US\"},{\"@type\":\"Organization\",\"@id\":\"https:\/\/www.prijedordanas.com\/#organization\",\"name\":\"PrijedorDanas.com\",\"url\":\"https:\/\/www.prijedordanas.com\/\",\"logo\":{\"@type\":\"ImageObject\",\"inLanguage\":\"en-US\",\"@id\":\"https:\/\/www.prijedordanas.com\/#\/schema\/logo\/image\/\",\"url\":\"http:\/\/www.prijedordanas.com\/wp-content\/uploads\/2021\/12\/logopng.png\",\"contentUrl\":\"http:\/\/www.prijedordanas.com\/wp-content\/uploads\/2021\/12\/logopng.png\",\"width\":1019,\"height\":776,\"caption\":\"PrijedorDanas.com\"},\"image\":{\"@id\":\"https:\/\/www.prijedordanas.com\/#\/schema\/logo\/image\/\"},\"sameAs\":[\"https:\/\/www.facebook.com\/PrijedorDanasCom\/\"]},{\"@type\":\"Person\",\"@id\":\"https:\/\/www.prijedordanas.com\/#\/schema\/person\/4e08ccf29b506ca916ff86d46bb700e6\",\"name\":\"admin\",\"image\":{\"@type\":\"ImageObject\",\"inLanguage\":\"en-US\",\"@id\":\"https:\/\/www.prijedordanas.com\/#\/schema\/person\/image\/\",\"url\":\"https:\/\/secure.gravatar.com\/avatar\/1d3fc949d550f0b53a5f0d51e06dfd79?s=96&d=mm&r=g\",\"contentUrl\":\"https:\/\/secure.gravatar.com\/avatar\/1d3fc949d550f0b53a5f0d51e06dfd79?s=96&d=mm&r=g\",\"caption\":\"admin\"},\"url\":\"https:\/\/www.prijedordanas.com\/?author=1\"}]}<\/script>\n<!-- \/ Yoast SEO plugin. -->","yoast_head_json":{"title":"U toku pretresi prostorija koje koristi Munjiza: Prijedor\u010danin koji je ucjenjivao Dalibora Pavlovi\u0107a \"pao\" u akciji \"Provajder\" - FOTO - PrijedorDanas.com - Prijedorski gradski portal","robots":{"index":"index","follow":"follow","max-snippet":"max-snippet:-1","max-image-preview":"max-image-preview:large","max-video-preview":"max-video-preview:-1"},"canonical":"https:\/\/www.prijedordanas.com\/?p=180684","og_locale":"en_US","og_type":"article","og_title":"U toku pretresi prostorija koje koristi Munjiza: Prijedor\u010danin koji je ucjenjivao Dalibora Pavlovi\u0107a \"pao\" u akciji \"Provajder\" - FOTO - PrijedorDanas.com - Prijedorski gradski portal","og_description":"Pripadnici Uprave za organizovani i te\u0161ki kriminalitet sino\u0107 su u akciji &#8220;Provajder&#8221; uhapsili su Marka Munjizu zbog sumnje da je ucjenjivao D.V., potvr\u0111eno je za Srpskainfo. Munjiza je ina\u010de aktivista [&hellip;]","og_url":"https:\/\/www.prijedordanas.com\/?p=180684","og_site_name":"PrijedorDanas.com - Prijedorski gradski portal","article_publisher":"https:\/\/www.facebook.com\/PrijedorDanasCom\/","article_published_time":"2022-01-28T08:43:31+00:00","og_image":[{"url":"https:\/\/www.prijedordanas.com\/wp-content\/uploads\/2022\/01\/hapsenje-munjiza-1-300x225.jpg"}],"author":"admin","twitter_card":"summary_large_image","twitter_misc":{"Written by":"admin","Est. reading time":"1 minute"},"schema":{"@context":"https:\/\/schema.org","@graph":[{"@type":"Article","@id":"https:\/\/www.prijedordanas.com\/?p=180684#article","isPartOf":{"@id":"https:\/\/www.prijedordanas.com\/?p=180684"},"author":{"name":"admin","@id":"https:\/\/www.prijedordanas.com\/#\/schema\/person\/4e08ccf29b506ca916ff86d46bb700e6"},"headline":"U toku pretresi prostorija koje koristi Munjiza: Prijedor\u010danin koji je ucjenjivao Dalibora Pavlovi\u0107a &#8220;pao&#8221; u akciji &#8220;Provajder&#8221; &#8211; FOTO","datePublished":"2022-01-28T08:43:31+00:00","dateModified":"2022-01-28T08:43:31+00:00","mainEntityOfPage":{"@id":"https:\/\/www.prijedordanas.com\/?p=180684"},"wordCount":153,"publisher":{"@id":"https:\/\/www.prijedordanas.com\/#organization"},"articleSection":["Hronika"],"inLanguage":"en-US"},{"@type":"WebPage","@id":"https:\/\/www.prijedordanas.com\/?p=180684","url":"https:\/\/www.prijedordanas.com\/?p=180684","name":"U toku pretresi prostorija koje koristi Munjiza: Prijedor\u010danin koji je ucjenjivao Dalibora Pavlovi\u0107a \"pao\" u akciji \"Provajder\" - FOTO - PrijedorDanas.com - Prijedorski gradski portal","isPartOf":{"@id":"https:\/\/www.prijedordanas.com\/#website"},"datePublished":"2022-01-28T08:43:31+00:00","dateModified":"2022-01-28T08:43:31+00:00","breadcrumb":{"@id":"https:\/\/www.prijedordanas.com\/?p=180684#breadcrumb"},"inLanguage":"en-US","potentialAction":[{"@type":"ReadAction","target":["https:\/\/www.prijedordanas.com\/?p=180684"]}]},{"@type":"BreadcrumbList","@id":"https:\/\/www.prijedordanas.com\/?p=180684#breadcrumb","itemListElement":[{"@type":"ListItem","position":1,"name":"Home","item":"https:\/\/www.prijedordanas.com\/"},{"@type":"ListItem","position":2,"name":"U toku pretresi prostorija koje koristi Munjiza: Prijedor\u010danin koji je ucjenjivao Dalibora Pavlovi\u0107a &#8220;pao&#8221; u akciji &#8220;Provajder&#8221; &#8211; FOTO"}]},{"@type":"WebSite","@id":"https:\/\/www.prijedordanas.com\/#website","url":"https:\/\/www.prijedordanas.com\/","name":"PrijedorDanas.com - Prijedorski gradski portal","description":"Portal o doga\u0111anjima u gradu Prijedoru","publisher":{"@id":"https:\/\/www.prijedordanas.com\/#organization"},"potentialAction":[{"@type":"SearchAction","target":{"@type":"EntryPoint","urlTemplate":"https:\/\/www.prijedordanas.com\/?s={search_term_string}"},"query-input":"required name=search_term_string"}],"inLanguage":"en-US"},{"@type":"Organization","@id":"https:\/\/www.prijedordanas.com\/#organization","name":"PrijedorDanas.com","url":"https:\/\/www.prijedordanas.com\/","logo":{"@type":"ImageObject","inLanguage":"en-US","@id":"https:\/\/www.prijedordanas.com\/#\/schema\/logo\/image\/","url":"http:\/\/www.prijedordanas.com\/wp-content\/uploads\/2021\/12\/logopng.png","contentUrl":"http:\/\/www.prijedordanas.com\/wp-content\/uploads\/2021\/12\/logopng.png","width":1019,"height":776,"caption":"PrijedorDanas.com"},"image":{"@id":"https:\/\/www.prijedordanas.com\/#\/schema\/logo\/image\/"},"sameAs":["https:\/\/www.facebook.com\/PrijedorDanasCom\/"]},{"@type":"Person","@id":"https:\/\/www.prijedordanas.com\/#\/schema\/person\/4e08ccf29b506ca916ff86d46bb700e6","name":"admin","image":{"@type":"ImageObject","inLanguage":"en-US","@id":"https:\/\/www.prijedordanas.com\/#\/schema\/person\/image\/","url":"https:\/\/secure.gravatar.com\/avatar\/1d3fc949d550f0b53a5f0d51e06dfd79?s=96&d=mm&r=g","contentUrl":"https:\/\/secure.gravatar.com\/avatar\/1d3fc949d550f0b53a5f0d51e06dfd79?s=96&d=mm&r=g","caption":"admin"},"url":"https:\/\/www.prijedordanas.com\/?author=1"}]}},"_links":{"self":[{"href":"https:\/\/www.prijedordanas.com\/index.php?rest_route=\/wp\/v2\/posts\/180684"}],"collection":[{"href":"https:\/\/www.prijedordanas.com\/index.php?rest_route=\/wp\/v2\/posts"}],"about":[{"href":"https:\/\/www.prijedordanas.com\/index.php?rest_route=\/wp\/v2\/types\/post"}],"author":[{"embeddable":true,"href":"https:\/\/www.prijedordanas.com\/index.php?rest_route=\/wp\/v2\/users\/1"}],"replies":[{"embeddable":true,"href":"https:\/\/www.prijedordanas.com\/index.php?rest_route=%2Fwp%2Fv2%2Fcomments&post=180684"}],"version-history":[{"count":1,"href":"https:\/\/www.prijedordanas.com\/index.php?rest_route=\/wp\/v2\/posts\/180684\/revisions"}],"predecessor-version":[{"id":180687,"href":"https:\/\/www.prijedordanas.com\/index.php?rest_route=\/wp\/v2\/posts\/180684\/revisions\/180687"}],"wp:attachment":[{"href":"https:\/\/www.prijedordanas.com\/index.php?rest_route=%2Fwp%2Fv2%2Fmedia&parent=180684"}],"wp:term":[{"taxonomy":"category","embeddable":true,"href":"https:\/\/www.prijedordanas.com\/index.php?rest_route=%2Fwp%2Fv2%2Fcategories&post=180684"},{"taxonomy":"post_tag","embeddable":true,"href":"https:\/\/www.prijedordanas.com\/index.php?rest_route=%2Fwp%2Fv2%2Ftags&post=180684"}],"curies":[{"name":"wp","href":"https:\/\/api.w.org\/{rel}","templated":true}]}}