{"id":180584,"date":"2022-01-26T18:51:19","date_gmt":"2022-01-26T17:51:19","guid":{"rendered":"https:\/\/www.prijedordanas.com\/?p=180584"},"modified":"2022-01-26T18:51:19","modified_gmt":"2022-01-26T17:51:19","slug":"gradonacelnik-slobodan-javor-organizovao-prijem-za-direktore-osnovnih-i-srednjih-skola-i-za-najbolje-prosvjetne-radnike-foto","status":"publish","type":"post","link":"https:\/\/www.prijedordanas.com\/?p=180584","title":{"rendered":"Gradona\u010delnik Slobodan Javor organizovao prijem za direktore osnovnih i srednjih \u0161kola i za najbolje prosvjetne radnike &#8211; FOTO"},"content":{"rendered":"<p><a href=\"https:\/\/www.prijedordanas.com\/wp-content\/uploads\/2022\/01\/prijedorgradorg-gradonacelnik-prijem-prosvjetni-radnici-1.jpg\"><img loading=\"lazy\" decoding=\"async\" class=\"alignleft size-medium wp-image-180585\" src=\"https:\/\/www.prijedordanas.com\/wp-content\/uploads\/2022\/01\/prijedorgradorg-gradonacelnik-prijem-prosvjetni-radnici-1-300x225.jpg\" alt=\"\" width=\"300\" height=\"225\" srcset=\"https:\/\/www.prijedordanas.com\/wp-content\/uploads\/2022\/01\/prijedorgradorg-gradonacelnik-prijem-prosvjetni-radnici-1-300x225.jpg 300w, https:\/\/www.prijedordanas.com\/wp-content\/uploads\/2022\/01\/prijedorgradorg-gradonacelnik-prijem-prosvjetni-radnici-1-640x480.jpg 640w, https:\/\/www.prijedordanas.com\/wp-content\/uploads\/2022\/01\/prijedorgradorg-gradonacelnik-prijem-prosvjetni-radnici-1.jpg 667w\" sizes=\"(max-width: 300px) 100vw, 300px\" \/><\/a>Gradona\u010delnik Prijedora Slobodan Javor danas je u povodu Svetog Save organizovao prijem za direktore osnovnih i srednjih \u0161kola i dje\u010dijeg vrti\u0107a i uru\u010dio im zahvalnice za doprinos o\u010duvanju osnovnih vrijednosti vaspitno-obrazovnog procesa za vrijeme pandemije izazvane virusom korona.<\/p>\n<p>Prijemu su prisustvovala i tri prosvjetna radnika iz Prijedora koji su se na\u0161li me\u0111u 42 dobitnika Svetosavske nagrade za \u0161kolsku 2020\/21. godini u Republici Srpskoj.<\/p>\n<p>Javor je izjavio da su nagrade Ministarstva prosvjete i kulture Republike Srpske velika priznanja i za dobitnike i za ustanove iz kojih dolaze, a ujedno i za lokalnu zajednicu, te da o\u010dekuje da u budu\u0107nosti bude sve vi\u0161e ovakvih nagrada.<\/p>\n<p><a href=\"https:\/\/www.prijedordanas.com\/wp-content\/uploads\/2022\/01\/prijedorgradorg-gradonacelnik-prijem-prosvjetni-radnici-2.jpg\"><img loading=\"lazy\" decoding=\"async\" class=\"alignleft size-medium wp-image-180586\" src=\"https:\/\/www.prijedordanas.com\/wp-content\/uploads\/2022\/01\/prijedorgradorg-gradonacelnik-prijem-prosvjetni-radnici-2-300x225.jpg\" alt=\"\" width=\"300\" height=\"225\" srcset=\"https:\/\/www.prijedordanas.com\/wp-content\/uploads\/2022\/01\/prijedorgradorg-gradonacelnik-prijem-prosvjetni-radnici-2-300x225.jpg 300w, https:\/\/www.prijedordanas.com\/wp-content\/uploads\/2022\/01\/prijedorgradorg-gradonacelnik-prijem-prosvjetni-radnici-2.jpg 600w\" sizes=\"(max-width: 300px) 100vw, 300px\" \/><\/a>&#8220;Grad \u0107e uvijek stati iz le\u0111a na\u0161im prosvjetnim radnicima i dati punu podr\u0161ku obrazovanju. Ja \u0107u iskoristiti priliku da se zahvalim Srpskoj pravoslavnoj crkvenoj op\u0161tini Prijedor koja je prvu put uzela u\u010de\u0161\u0107e u obilje\u017eavanju ovog svetog dana za sve nas i o\u010dekujem da svi zajedno krenemo putem koji je Sveti Sava ukazao&#8221;, rekao je Javor novinarima u Prijedoru.<\/p>\n<p>Predsjednik Aktiva direktora osnovnih \u0161kola Zdravko Budimir rekao je da je ovo prilika da se \u0161ira javnost upozna sa nekim rezultatima koji su ostvareni u protekloj \u0161kolskoj godini i da se upozna sa onima koji su prvi me\u0111u jednakima.<\/p>\n<p>&#8220;Ove godine sa punim ponosom mo\u017eemo re\u0107i da mi ispred na\u0161eg grada imamo tri nagra\u0111ena prosvjetna radnika kojima ovom prilkom \u017eelim da \u010destitam na nagradama. Tako\u0111e, svim prosvjetnim radnicima i na\u0161im u\u010denicima \u017eelim da \u010destitam \u0161kolsku slavu. Hvala i Srpskoj pravoslavnoj crkvi \u0161to je zajedno sa nama uzela u\u010de\u0161\u0107e u organizaciji sve\u010danosti&#8221;, dodao je Budimir.<\/p>\n<p><a href=\"https:\/\/www.prijedordanas.com\/wp-content\/uploads\/2022\/01\/prijedorgradorg-gradonacelnik-prijem-prosvjetni-radnici-3.jpg\"><img loading=\"lazy\" decoding=\"async\" class=\"alignleft size-medium wp-image-180587\" src=\"https:\/\/www.prijedordanas.com\/wp-content\/uploads\/2022\/01\/prijedorgradorg-gradonacelnik-prijem-prosvjetni-radnici-3-300x225.jpg\" alt=\"\" width=\"300\" height=\"225\" srcset=\"https:\/\/www.prijedordanas.com\/wp-content\/uploads\/2022\/01\/prijedorgradorg-gradonacelnik-prijem-prosvjetni-radnici-3-300x225.jpg 300w, https:\/\/www.prijedordanas.com\/wp-content\/uploads\/2022\/01\/prijedorgradorg-gradonacelnik-prijem-prosvjetni-radnici-3.jpg 600w\" sizes=\"(max-width: 300px) 100vw, 300px\" \/><\/a>Predsjednik Aktiva direktora srednjih \u0161kola Aleksandar Milje\u0161i\u0107 rekao je da svake godine Gradska uprava tradicionalno pravi ovaj skup i da to prosvjetnim radnicima mnogo zna\u010di.<\/p>\n<p>&#8220;\u010cestitao bih svim u\u010denicima koji su nagra\u0111eni i njihovim mentorima, odnosno nastavnicima i profesorima koji su sigurno dali nemjerljiv doprinos kako bi u\u010denici iskazali svoja znanja i vje\u0161tine. Sutra je u Prijedoru, kao i \u0161irom Republike Srpske, radni nenastavni dan i sve \u0161kole \u0107e na svoj na\u010din obilje\u017eiti \u0161kolsku slavu&#8221;, dodao je Milje\u0161i\u0107.<\/p>\n<p>U\u010diteljica Osnovne \u0161kole &#8220;Petar Ko\u010di\u0107&#8221; Vesna Zekanovi\u0107 rekla je da su velika \u010dast, ponos i zadovoljstvo \u0161to mo\u017ee da stojim zajedno sa svim dobitnicima Svetosavske nagrade iz cijele Republike Srpske.<\/p>\n<p><a href=\"https:\/\/www.prijedordanas.com\/wp-content\/uploads\/2022\/01\/prijedorgradorg-gradonacelnik-prijem-prosvjetni-radnici-4.jpg\"><img loading=\"lazy\" decoding=\"async\" src=\"https:\/\/www.prijedordanas.com\/wp-content\/uploads\/2022\/01\/prijedorgradorg-gradonacelnik-prijem-prosvjetni-radnici-4-300x225.jpg\" alt=\"\" width=\"300\" height=\"225\" class=\"alignleft size-medium wp-image-180588\" srcset=\"https:\/\/www.prijedordanas.com\/wp-content\/uploads\/2022\/01\/prijedorgradorg-gradonacelnik-prijem-prosvjetni-radnici-4-300x225.jpg 300w, https:\/\/www.prijedordanas.com\/wp-content\/uploads\/2022\/01\/prijedorgradorg-gradonacelnik-prijem-prosvjetni-radnici-4-640x480.jpg 640w, https:\/\/www.prijedordanas.com\/wp-content\/uploads\/2022\/01\/prijedorgradorg-gradonacelnik-prijem-prosvjetni-radnici-4.jpg 667w\" sizes=\"(max-width: 300px) 100vw, 300px\" \/><\/a>&#8220;Mi smo tu da ka\u017eemo da vaspitno-obrazovni proces traje, da smo vrijedni, da radimo i da nas ni\u0161ta ne mo\u017ee pokolebati i zaustaviti&#8221;, dodala je ona.<\/p>\n<p>Sve\u0161tenik Dragan Hrva\u0107anin podsjetio je da je Srpska pravoslavna crkvena op\u0161tina Prijedor raspisala javni konkurs za najbolji likovni i literarni rad i najljep\u0161e \u0107irili\u010dno pismo, krasnopis o zavje\u0161tanju Stefana Nemanje o jeziku.<\/p>\n<p>&#8220;Skoro sve \u0161kole su se uklju\u010dile i imali smo oko 100 prijavljenih radova. Hvala i komisiji koja je obavila procjenjivanje i nagra\u0111ivanje radova, tako da smo iz svih oblasti nagradili odre\u0111en broj u\u010denika kako sa prigodnom knjigom, Biblijom, tako i sa nov\u010danim sredstvima koje je grad obezbijedio&#8221;, naveo je Hrva\u0107anin.<\/p>\n<p><a href=\"http:\/\/prijedorgrad.org\/sr-EU\/vijesti-sadrzaj.html?vid=13843\" target=\"_blank\" rel=\"noopener\">prijedorgrad.org<\/a><\/p>\n<p><a href=\"https:\/\/www.prijedordanas.com\/wp-content\/uploads\/2022\/01\/prijedorgradorg-gradonacelnik-prijem-prosvjetni-radnici-5.jpg\"><img loading=\"lazy\" decoding=\"async\" src=\"https:\/\/www.prijedordanas.com\/wp-content\/uploads\/2022\/01\/prijedorgradorg-gradonacelnik-prijem-prosvjetni-radnici-5-300x225.jpg\" alt=\"\" width=\"300\" height=\"225\" class=\"alignleft size-medium wp-image-180589\" srcset=\"https:\/\/www.prijedordanas.com\/wp-content\/uploads\/2022\/01\/prijedorgradorg-gradonacelnik-prijem-prosvjetni-radnici-5-300x225.jpg 300w, https:\/\/www.prijedordanas.com\/wp-content\/uploads\/2022\/01\/prijedorgradorg-gradonacelnik-prijem-prosvjetni-radnici-5.jpg 600w\" sizes=\"(max-width: 300px) 100vw, 300px\" \/><\/a> <a href=\"https:\/\/www.prijedordanas.com\/wp-content\/uploads\/2022\/01\/prijedorgradorg-gradonacelnik-prijem-prosvjetni-radnici-6.jpg\"><img loading=\"lazy\" decoding=\"async\" src=\"https:\/\/www.prijedordanas.com\/wp-content\/uploads\/2022\/01\/prijedorgradorg-gradonacelnik-prijem-prosvjetni-radnici-6-300x225.jpg\" alt=\"\" width=\"300\" height=\"225\" class=\"alignleft size-medium wp-image-180590\" srcset=\"https:\/\/www.prijedordanas.com\/wp-content\/uploads\/2022\/01\/prijedorgradorg-gradonacelnik-prijem-prosvjetni-radnici-6-300x225.jpg 300w, https:\/\/www.prijedordanas.com\/wp-content\/uploads\/2022\/01\/prijedorgradorg-gradonacelnik-prijem-prosvjetni-radnici-6.jpg 600w\" sizes=\"(max-width: 300px) 100vw, 300px\" \/><\/a><\/p>\n","protected":false},"excerpt":{"rendered":"<p>Gradona\u010delnik Prijedora Slobodan Javor danas je u povodu Svetog Save organizovao prijem za direktore osnovnih i srednjih \u0161kola i dje\u010dijeg vrti\u0107a i uru\u010dio im zahvalnice za doprinos o\u010duvanju osnovnih vrijednosti [&hellip;]<\/p>\n","protected":false},"author":1,"featured_media":0,"comment_status":"closed","ping_status":"open","sticky":false,"template":"","format":"standard","meta":{"_monsterinsights_skip_tracking":false,"_monsterinsights_sitenote_active":false,"_monsterinsights_sitenote_note":"","_monsterinsights_sitenote_category":0,"footnotes":""},"categories":[4],"tags":[],"yoast_head":"<!-- This site is optimized with the Yoast SEO plugin v21.6 - https:\/\/yoast.com\/wordpress\/plugins\/seo\/ -->\n<title>Gradona\u010delnik Slobodan Javor organizovao prijem za direktore osnovnih i srednjih \u0161kola i za najbolje prosvjetne radnike - FOTO - PrijedorDanas.com - Prijedorski gradski portal<\/title>\n<meta name=\"robots\" content=\"index, follow, max-snippet:-1, max-image-preview:large, max-video-preview:-1\" \/>\n<link rel=\"canonical\" href=\"https:\/\/www.prijedordanas.com\/?p=180584\" \/>\n<meta property=\"og:locale\" content=\"en_US\" \/>\n<meta property=\"og:type\" content=\"article\" \/>\n<meta property=\"og:title\" content=\"Gradona\u010delnik Slobodan Javor organizovao prijem za direktore osnovnih i srednjih \u0161kola i za najbolje prosvjetne radnike - FOTO - PrijedorDanas.com - Prijedorski gradski portal\" \/>\n<meta property=\"og:description\" content=\"Gradona\u010delnik Prijedora Slobodan Javor danas je u povodu Svetog Save organizovao prijem za direktore osnovnih i srednjih \u0161kola i dje\u010dijeg vrti\u0107a i uru\u010dio im zahvalnice za doprinos o\u010duvanju osnovnih vrijednosti [&hellip;]\" \/>\n<meta property=\"og:url\" content=\"https:\/\/www.prijedordanas.com\/?p=180584\" \/>\n<meta property=\"og:site_name\" content=\"PrijedorDanas.com - Prijedorski gradski portal\" \/>\n<meta property=\"article:publisher\" content=\"https:\/\/www.facebook.com\/PrijedorDanasCom\/\" \/>\n<meta property=\"article:published_time\" content=\"2022-01-26T17:51:19+00:00\" \/>\n<meta property=\"og:image\" content=\"https:\/\/www.prijedordanas.com\/wp-content\/uploads\/2022\/01\/prijedorgradorg-gradonacelnik-prijem-prosvjetni-radnici-1-300x225.jpg\" \/>\n<meta name=\"author\" content=\"admin\" \/>\n<meta name=\"twitter:card\" content=\"summary_large_image\" \/>\n<meta name=\"twitter:label1\" content=\"Written by\" \/>\n\t<meta name=\"twitter:data1\" content=\"admin\" \/>\n\t<meta name=\"twitter:label2\" content=\"Est. reading time\" \/>\n\t<meta name=\"twitter:data2\" content=\"3 minutes\" \/>\n<script type=\"application\/ld+json\" class=\"yoast-schema-graph\">{\"@context\":\"https:\/\/schema.org\",\"@graph\":[{\"@type\":\"Article\",\"@id\":\"https:\/\/www.prijedordanas.com\/?p=180584#article\",\"isPartOf\":{\"@id\":\"https:\/\/www.prijedordanas.com\/?p=180584\"},\"author\":{\"name\":\"admin\",\"@id\":\"https:\/\/www.prijedordanas.com\/#\/schema\/person\/4e08ccf29b506ca916ff86d46bb700e6\"},\"headline\":\"Gradona\u010delnik Slobodan Javor organizovao prijem za direktore osnovnih i srednjih \u0161kola i za najbolje prosvjetne radnike &#8211; FOTO\",\"datePublished\":\"2022-01-26T17:51:19+00:00\",\"dateModified\":\"2022-01-26T17:51:19+00:00\",\"mainEntityOfPage\":{\"@id\":\"https:\/\/www.prijedordanas.com\/?p=180584\"},\"wordCount\":545,\"publisher\":{\"@id\":\"https:\/\/www.prijedordanas.com\/#organization\"},\"articleSection\":[\"Dru\u0161tvo\"],\"inLanguage\":\"en-US\"},{\"@type\":\"WebPage\",\"@id\":\"https:\/\/www.prijedordanas.com\/?p=180584\",\"url\":\"https:\/\/www.prijedordanas.com\/?p=180584\",\"name\":\"Gradona\u010delnik Slobodan Javor organizovao prijem za direktore osnovnih i srednjih \u0161kola i za najbolje prosvjetne radnike - FOTO - PrijedorDanas.com - Prijedorski gradski portal\",\"isPartOf\":{\"@id\":\"https:\/\/www.prijedordanas.com\/#website\"},\"datePublished\":\"2022-01-26T17:51:19+00:00\",\"dateModified\":\"2022-01-26T17:51:19+00:00\",\"breadcrumb\":{\"@id\":\"https:\/\/www.prijedordanas.com\/?p=180584#breadcrumb\"},\"inLanguage\":\"en-US\",\"potentialAction\":[{\"@type\":\"ReadAction\",\"target\":[\"https:\/\/www.prijedordanas.com\/?p=180584\"]}]},{\"@type\":\"BreadcrumbList\",\"@id\":\"https:\/\/www.prijedordanas.com\/?p=180584#breadcrumb\",\"itemListElement\":[{\"@type\":\"ListItem\",\"position\":1,\"name\":\"Home\",\"item\":\"https:\/\/www.prijedordanas.com\/\"},{\"@type\":\"ListItem\",\"position\":2,\"name\":\"Gradona\u010delnik Slobodan Javor organizovao prijem za direktore osnovnih i srednjih \u0161kola i za najbolje prosvjetne radnike &#8211; FOTO\"}]},{\"@type\":\"WebSite\",\"@id\":\"https:\/\/www.prijedordanas.com\/#website\",\"url\":\"https:\/\/www.prijedordanas.com\/\",\"name\":\"PrijedorDanas.com - Prijedorski gradski portal\",\"description\":\"Portal o doga\u0111anjima u gradu Prijedoru\",\"publisher\":{\"@id\":\"https:\/\/www.prijedordanas.com\/#organization\"},\"potentialAction\":[{\"@type\":\"SearchAction\",\"target\":{\"@type\":\"EntryPoint\",\"urlTemplate\":\"https:\/\/www.prijedordanas.com\/?s={search_term_string}\"},\"query-input\":\"required name=search_term_string\"}],\"inLanguage\":\"en-US\"},{\"@type\":\"Organization\",\"@id\":\"https:\/\/www.prijedordanas.com\/#organization\",\"name\":\"PrijedorDanas.com\",\"url\":\"https:\/\/www.prijedordanas.com\/\",\"logo\":{\"@type\":\"ImageObject\",\"inLanguage\":\"en-US\",\"@id\":\"https:\/\/www.prijedordanas.com\/#\/schema\/logo\/image\/\",\"url\":\"http:\/\/www.prijedordanas.com\/wp-content\/uploads\/2021\/12\/logopng.png\",\"contentUrl\":\"http:\/\/www.prijedordanas.com\/wp-content\/uploads\/2021\/12\/logopng.png\",\"width\":1019,\"height\":776,\"caption\":\"PrijedorDanas.com\"},\"image\":{\"@id\":\"https:\/\/www.prijedordanas.com\/#\/schema\/logo\/image\/\"},\"sameAs\":[\"https:\/\/www.facebook.com\/PrijedorDanasCom\/\"]},{\"@type\":\"Person\",\"@id\":\"https:\/\/www.prijedordanas.com\/#\/schema\/person\/4e08ccf29b506ca916ff86d46bb700e6\",\"name\":\"admin\",\"image\":{\"@type\":\"ImageObject\",\"inLanguage\":\"en-US\",\"@id\":\"https:\/\/www.prijedordanas.com\/#\/schema\/person\/image\/\",\"url\":\"https:\/\/secure.gravatar.com\/avatar\/1d3fc949d550f0b53a5f0d51e06dfd79?s=96&d=mm&r=g\",\"contentUrl\":\"https:\/\/secure.gravatar.com\/avatar\/1d3fc949d550f0b53a5f0d51e06dfd79?s=96&d=mm&r=g\",\"caption\":\"admin\"},\"url\":\"https:\/\/www.prijedordanas.com\/?author=1\"}]}<\/script>\n<!-- \/ Yoast SEO plugin. -->","yoast_head_json":{"title":"Gradona\u010delnik Slobodan Javor organizovao prijem za direktore osnovnih i srednjih \u0161kola i za najbolje prosvjetne radnike - FOTO - PrijedorDanas.com - Prijedorski gradski portal","robots":{"index":"index","follow":"follow","max-snippet":"max-snippet:-1","max-image-preview":"max-image-preview:large","max-video-preview":"max-video-preview:-1"},"canonical":"https:\/\/www.prijedordanas.com\/?p=180584","og_locale":"en_US","og_type":"article","og_title":"Gradona\u010delnik Slobodan Javor organizovao prijem za direktore osnovnih i srednjih \u0161kola i za najbolje prosvjetne radnike - FOTO - PrijedorDanas.com - Prijedorski gradski portal","og_description":"Gradona\u010delnik Prijedora Slobodan Javor danas je u povodu Svetog Save organizovao prijem za direktore osnovnih i srednjih \u0161kola i dje\u010dijeg vrti\u0107a i uru\u010dio im zahvalnice za doprinos o\u010duvanju osnovnih vrijednosti [&hellip;]","og_url":"https:\/\/www.prijedordanas.com\/?p=180584","og_site_name":"PrijedorDanas.com - Prijedorski gradski portal","article_publisher":"https:\/\/www.facebook.com\/PrijedorDanasCom\/","article_published_time":"2022-01-26T17:51:19+00:00","og_image":[{"url":"https:\/\/www.prijedordanas.com\/wp-content\/uploads\/2022\/01\/prijedorgradorg-gradonacelnik-prijem-prosvjetni-radnici-1-300x225.jpg"}],"author":"admin","twitter_card":"summary_large_image","twitter_misc":{"Written by":"admin","Est. reading time":"3 minutes"},"schema":{"@context":"https:\/\/schema.org","@graph":[{"@type":"Article","@id":"https:\/\/www.prijedordanas.com\/?p=180584#article","isPartOf":{"@id":"https:\/\/www.prijedordanas.com\/?p=180584"},"author":{"name":"admin","@id":"https:\/\/www.prijedordanas.com\/#\/schema\/person\/4e08ccf29b506ca916ff86d46bb700e6"},"headline":"Gradona\u010delnik Slobodan Javor organizovao prijem za direktore osnovnih i srednjih \u0161kola i za najbolje prosvjetne radnike &#8211; FOTO","datePublished":"2022-01-26T17:51:19+00:00","dateModified":"2022-01-26T17:51:19+00:00","mainEntityOfPage":{"@id":"https:\/\/www.prijedordanas.com\/?p=180584"},"wordCount":545,"publisher":{"@id":"https:\/\/www.prijedordanas.com\/#organization"},"articleSection":["Dru\u0161tvo"],"inLanguage":"en-US"},{"@type":"WebPage","@id":"https:\/\/www.prijedordanas.com\/?p=180584","url":"https:\/\/www.prijedordanas.com\/?p=180584","name":"Gradona\u010delnik Slobodan Javor organizovao prijem za direktore osnovnih i srednjih \u0161kola i za najbolje prosvjetne radnike - FOTO - PrijedorDanas.com - Prijedorski gradski portal","isPartOf":{"@id":"https:\/\/www.prijedordanas.com\/#website"},"datePublished":"2022-01-26T17:51:19+00:00","dateModified":"2022-01-26T17:51:19+00:00","breadcrumb":{"@id":"https:\/\/www.prijedordanas.com\/?p=180584#breadcrumb"},"inLanguage":"en-US","potentialAction":[{"@type":"ReadAction","target":["https:\/\/www.prijedordanas.com\/?p=180584"]}]},{"@type":"BreadcrumbList","@id":"https:\/\/www.prijedordanas.com\/?p=180584#breadcrumb","itemListElement":[{"@type":"ListItem","position":1,"name":"Home","item":"https:\/\/www.prijedordanas.com\/"},{"@type":"ListItem","position":2,"name":"Gradona\u010delnik Slobodan Javor organizovao prijem za direktore osnovnih i srednjih \u0161kola i za najbolje prosvjetne radnike &#8211; FOTO"}]},{"@type":"WebSite","@id":"https:\/\/www.prijedordanas.com\/#website","url":"https:\/\/www.prijedordanas.com\/","name":"PrijedorDanas.com - Prijedorski gradski portal","description":"Portal o doga\u0111anjima u gradu Prijedoru","publisher":{"@id":"https:\/\/www.prijedordanas.com\/#organization"},"potentialAction":[{"@type":"SearchAction","target":{"@type":"EntryPoint","urlTemplate":"https:\/\/www.prijedordanas.com\/?s={search_term_string}"},"query-input":"required name=search_term_string"}],"inLanguage":"en-US"},{"@type":"Organization","@id":"https:\/\/www.prijedordanas.com\/#organization","name":"PrijedorDanas.com","url":"https:\/\/www.prijedordanas.com\/","logo":{"@type":"ImageObject","inLanguage":"en-US","@id":"https:\/\/www.prijedordanas.com\/#\/schema\/logo\/image\/","url":"http:\/\/www.prijedordanas.com\/wp-content\/uploads\/2021\/12\/logopng.png","contentUrl":"http:\/\/www.prijedordanas.com\/wp-content\/uploads\/2021\/12\/logopng.png","width":1019,"height":776,"caption":"PrijedorDanas.com"},"image":{"@id":"https:\/\/www.prijedordanas.com\/#\/schema\/logo\/image\/"},"sameAs":["https:\/\/www.facebook.com\/PrijedorDanasCom\/"]},{"@type":"Person","@id":"https:\/\/www.prijedordanas.com\/#\/schema\/person\/4e08ccf29b506ca916ff86d46bb700e6","name":"admin","image":{"@type":"ImageObject","inLanguage":"en-US","@id":"https:\/\/www.prijedordanas.com\/#\/schema\/person\/image\/","url":"https:\/\/secure.gravatar.com\/avatar\/1d3fc949d550f0b53a5f0d51e06dfd79?s=96&d=mm&r=g","contentUrl":"https:\/\/secure.gravatar.com\/avatar\/1d3fc949d550f0b53a5f0d51e06dfd79?s=96&d=mm&r=g","caption":"admin"},"url":"https:\/\/www.prijedordanas.com\/?author=1"}]}},"_links":{"self":[{"href":"https:\/\/www.prijedordanas.com\/index.php?rest_route=\/wp\/v2\/posts\/180584"}],"collection":[{"href":"https:\/\/www.prijedordanas.com\/index.php?rest_route=\/wp\/v2\/posts"}],"about":[{"href":"https:\/\/www.prijedordanas.com\/index.php?rest_route=\/wp\/v2\/types\/post"}],"author":[{"embeddable":true,"href":"https:\/\/www.prijedordanas.com\/index.php?rest_route=\/wp\/v2\/users\/1"}],"replies":[{"embeddable":true,"href":"https:\/\/www.prijedordanas.com\/index.php?rest_route=%2Fwp%2Fv2%2Fcomments&post=180584"}],"version-history":[{"count":1,"href":"https:\/\/www.prijedordanas.com\/index.php?rest_route=\/wp\/v2\/posts\/180584\/revisions"}],"predecessor-version":[{"id":180591,"href":"https:\/\/www.prijedordanas.com\/index.php?rest_route=\/wp\/v2\/posts\/180584\/revisions\/180591"}],"wp:attachment":[{"href":"https:\/\/www.prijedordanas.com\/index.php?rest_route=%2Fwp%2Fv2%2Fmedia&parent=180584"}],"wp:term":[{"taxonomy":"category","embeddable":true,"href":"https:\/\/www.prijedordanas.com\/index.php?rest_route=%2Fwp%2Fv2%2Fcategories&post=180584"},{"taxonomy":"post_tag","embeddable":true,"href":"https:\/\/www.prijedordanas.com\/index.php?rest_route=%2Fwp%2Fv2%2Ftags&post=180584"}],"curies":[{"name":"wp","href":"https:\/\/api.w.org\/{rel}","templated":true}]}}