{"id":18037,"date":"2015-03-12T11:57:30","date_gmt":"2015-03-12T10:57:30","guid":{"rendered":"https:\/\/www.prijedordanas.com\/?p=18037"},"modified":"2015-03-12T12:37:09","modified_gmt":"2015-03-12T11:37:09","slug":"odrzana-panel-debata-u-okviru-kampanje-a-gdje-da-sviram","status":"publish","type":"post","link":"https:\/\/www.prijedordanas.com\/?p=18037","title":{"rendered":"ODR\u017dANA PANEL DEBATA U OKVIRU KAMPANJE \u201e A, GDJE DA SVIRAM\u201c &#8211; VIDEO"},"content":{"rendered":"<p><a href=\"https:\/\/www.prijedordanas.com\/wp-content\/uploads\/2015\/03\/a-gdje-da-sviram-debata-1.jpg\"><img loading=\"lazy\" decoding=\"async\" class=\"alignleft size-medium wp-image-18038\" src=\"https:\/\/www.prijedordanas.com\/wp-content\/uploads\/2015\/03\/a-gdje-da-sviram-debata-1-300x199.jpg\" alt=\"a gdje da sviram debata (1)\" width=\"300\" height=\"199\" srcset=\"https:\/\/www.prijedordanas.com\/wp-content\/uploads\/2015\/03\/a-gdje-da-sviram-debata-1-300x199.jpg 300w, https:\/\/www.prijedordanas.com\/wp-content\/uploads\/2015\/03\/a-gdje-da-sviram-debata-1.jpg 600w\" sizes=\"(max-width: 300px) 100vw, 300px\" \/><\/a>&#8220;A, gdje da sviram&#8221;, naziv je kampanje koju provodi Centar za mlade &#8220;Kvart&#8221; iz Prijedora u saradnji sa neformalnom grupom mladih ljudi u tom gradu. Cilj kampanje jeste da se uka\u017ee na nedostatak prostora gdje bi mladi muzi\u010dari mogli da sviraju i odr\u017eavaju probe.<\/p>\n<p>Predstavnici muzi\u010dkih grupa i bendova u Prijedoru ve\u0107 godinama muku mu\u010de sa nedostatkom prostora za svirke i probe. Smatraju da je gradu na Sani neophodan Dom za mlade, koji bi, izme\u0111u ostalog slu\u017eio i u te svrhe. Muzi\u010dari ka\u017eu da su kafane i iznajmljeni prostori jedino mjesto gdje sviraju.<\/p>\n<p>&#8211; Gdje nema privrede nema ni kulture. Konkretno, najve\u0107i problem mladih muzi\u010dara jeste nepostajanje nekog prostora gdje bi mogli svirati. Sviramo po kafanama i iznajmljenom prostoru u privatnoj ku\u0107i. Vrlo \u010desto u gara\u017eama pravimo vje\u017ebaonu \u2013 rekao je Sini\u0161a Aleksi\u0107, frontmen grupe &#8220;DBAU&#8221; na panel debati odr\u017eanoj u prostorijama &#8220;Kvarta&#8221;.<\/p>\n<p><a href=\"https:\/\/www.prijedordanas.com\/wp-content\/uploads\/2015\/03\/a-gdje-da-sviram-debata-2.jpg\"><img loading=\"lazy\" decoding=\"async\" class=\"alignleft size-medium wp-image-18039\" src=\"https:\/\/www.prijedordanas.com\/wp-content\/uploads\/2015\/03\/a-gdje-da-sviram-debata-2-300x199.jpg\" alt=\"a gdje da sviram debata (2)\" width=\"300\" height=\"199\" srcset=\"https:\/\/www.prijedordanas.com\/wp-content\/uploads\/2015\/03\/a-gdje-da-sviram-debata-2-300x199.jpg 300w, https:\/\/www.prijedordanas.com\/wp-content\/uploads\/2015\/03\/a-gdje-da-sviram-debata-2.jpg 600w\" sizes=\"(max-width: 300px) 100vw, 300px\" \/><\/a>Prijedor je grad koji je nekada bio prepoznatljiv po kvalitetnoj muzi\u010dkoj sceni. U Centru za mlade &#8220;Kvart&#8221; ka\u017eu da se to ne bi potpuno promijenilo odlu\u010dili su da pokrenu kampanju pod nazivom &#8220;A, gdje da sviram&#8221;.<\/p>\n<p>&#8211; Mladi su, u sklopu projekta, imali zadatak da kandiduju problem koji ih mu\u010de. Jedan od njih je nedostatak tog prostora za odr\u017eavanje probi i svirke za mlade i neafirmisane bendove &#8211; rekao je Goran Zori\u0107, iz Centra za mlade &#8220;KVART&#8221;, Prijedor.<\/p>\n<p>U sklopu kampanje &#8220;A, gdje da sviram&#8221;plan je da se prikupljaju i potpisi za peticiju koja \u0107e biti upu\u0107ena na adresu Skup\u0161ine grada Prijedora.<\/p>\n<p>Tekst &#8211; Video \u2013 ELTA TV<br \/>\nFoto \u2013 Aleksandar Drakuli\u0107 \u2013 www.prijedordanas.com<\/p>\n<p><iframe loading=\"lazy\" width=\"500\" height=\"281\" src=\"https:\/\/www.youtube.com\/embed\/vNGgNwVVjkM?feature=oembed\" frameborder=\"0\" allowfullscreen><\/iframe><\/p>\n","protected":false},"excerpt":{"rendered":"<p>&#8220;A, gdje da sviram&#8221;, naziv je kampanje koju provodi Centar za mlade &#8220;Kvart&#8221; iz Prijedora u saradnji sa neformalnom grupom mladih ljudi u tom gradu. Cilj kampanje jeste da se [&hellip;]<\/p>\n","protected":false},"author":1,"featured_media":0,"comment_status":"closed","ping_status":"open","sticky":false,"template":"","format":"standard","meta":{"_monsterinsights_skip_tracking":false,"_monsterinsights_sitenote_active":false,"_monsterinsights_sitenote_note":"","_monsterinsights_sitenote_category":0,"footnotes":""},"categories":[8],"tags":[],"yoast_head":"<!-- This site is optimized with the Yoast SEO plugin v21.6 - https:\/\/yoast.com\/wordpress\/plugins\/seo\/ -->\n<title>ODR\u017dANA PANEL DEBATA U OKVIRU KAMPANJE \u201e A, GDJE DA SVIRAM\u201c - VIDEO - PrijedorDanas.com - Prijedorski gradski portal<\/title>\n<meta name=\"robots\" content=\"index, follow, max-snippet:-1, max-image-preview:large, max-video-preview:-1\" \/>\n<link rel=\"canonical\" href=\"https:\/\/www.prijedordanas.com\/?p=18037\" \/>\n<meta property=\"og:locale\" content=\"en_US\" \/>\n<meta property=\"og:type\" content=\"article\" \/>\n<meta property=\"og:title\" content=\"ODR\u017dANA PANEL DEBATA U OKVIRU KAMPANJE \u201e A, GDJE DA SVIRAM\u201c - VIDEO - PrijedorDanas.com - Prijedorski gradski portal\" \/>\n<meta property=\"og:description\" content=\"&#8220;A, gdje da sviram&#8221;, naziv je kampanje koju provodi Centar za mlade &#8220;Kvart&#8221; iz Prijedora u saradnji sa neformalnom grupom mladih ljudi u tom gradu. Cilj kampanje jeste da se [&hellip;]\" \/>\n<meta property=\"og:url\" content=\"https:\/\/www.prijedordanas.com\/?p=18037\" \/>\n<meta property=\"og:site_name\" content=\"PrijedorDanas.com - Prijedorski gradski portal\" \/>\n<meta property=\"article:publisher\" content=\"https:\/\/www.facebook.com\/PrijedorDanasCom\/\" \/>\n<meta property=\"article:published_time\" content=\"2015-03-12T10:57:30+00:00\" \/>\n<meta property=\"article:modified_time\" content=\"2015-03-12T11:37:09+00:00\" \/>\n<meta property=\"og:image\" content=\"https:\/\/www.prijedordanas.com\/wp-content\/uploads\/2015\/03\/a-gdje-da-sviram-debata-1-300x199.jpg\" \/>\n<meta name=\"author\" content=\"admin\" \/>\n<meta name=\"twitter:card\" content=\"summary_large_image\" \/>\n<meta name=\"twitter:label1\" content=\"Written by\" \/>\n\t<meta name=\"twitter:data1\" content=\"admin\" \/>\n\t<meta name=\"twitter:label2\" content=\"Est. reading time\" \/>\n\t<meta name=\"twitter:data2\" content=\"1 minute\" \/>\n<script type=\"application\/ld+json\" class=\"yoast-schema-graph\">{\"@context\":\"https:\/\/schema.org\",\"@graph\":[{\"@type\":\"Article\",\"@id\":\"https:\/\/www.prijedordanas.com\/?p=18037#article\",\"isPartOf\":{\"@id\":\"https:\/\/www.prijedordanas.com\/?p=18037\"},\"author\":{\"name\":\"admin\",\"@id\":\"https:\/\/www.prijedordanas.com\/#\/schema\/person\/4e08ccf29b506ca916ff86d46bb700e6\"},\"headline\":\"ODR\u017dANA PANEL DEBATA U OKVIRU KAMPANJE \u201e A, GDJE DA SVIRAM\u201c &#8211; VIDEO\",\"datePublished\":\"2015-03-12T10:57:30+00:00\",\"dateModified\":\"2015-03-12T11:37:09+00:00\",\"mainEntityOfPage\":{\"@id\":\"https:\/\/www.prijedordanas.com\/?p=18037\"},\"wordCount\":296,\"publisher\":{\"@id\":\"https:\/\/www.prijedordanas.com\/#organization\"},\"articleSection\":[\"Svakodnevno\"],\"inLanguage\":\"en-US\"},{\"@type\":\"WebPage\",\"@id\":\"https:\/\/www.prijedordanas.com\/?p=18037\",\"url\":\"https:\/\/www.prijedordanas.com\/?p=18037\",\"name\":\"ODR\u017dANA PANEL DEBATA U OKVIRU KAMPANJE \u201e A, GDJE DA SVIRAM\u201c - VIDEO - PrijedorDanas.com - Prijedorski gradski portal\",\"isPartOf\":{\"@id\":\"https:\/\/www.prijedordanas.com\/#website\"},\"datePublished\":\"2015-03-12T10:57:30+00:00\",\"dateModified\":\"2015-03-12T11:37:09+00:00\",\"breadcrumb\":{\"@id\":\"https:\/\/www.prijedordanas.com\/?p=18037#breadcrumb\"},\"inLanguage\":\"en-US\",\"potentialAction\":[{\"@type\":\"ReadAction\",\"target\":[\"https:\/\/www.prijedordanas.com\/?p=18037\"]}]},{\"@type\":\"BreadcrumbList\",\"@id\":\"https:\/\/www.prijedordanas.com\/?p=18037#breadcrumb\",\"itemListElement\":[{\"@type\":\"ListItem\",\"position\":1,\"name\":\"Home\",\"item\":\"https:\/\/www.prijedordanas.com\/\"},{\"@type\":\"ListItem\",\"position\":2,\"name\":\"ODR\u017dANA PANEL DEBATA U OKVIRU KAMPANJE \u201e A, GDJE DA SVIRAM\u201c &#8211; VIDEO\"}]},{\"@type\":\"WebSite\",\"@id\":\"https:\/\/www.prijedordanas.com\/#website\",\"url\":\"https:\/\/www.prijedordanas.com\/\",\"name\":\"PrijedorDanas.com - Prijedorski gradski portal\",\"description\":\"Portal o doga\u0111anjima u gradu Prijedoru\",\"publisher\":{\"@id\":\"https:\/\/www.prijedordanas.com\/#organization\"},\"potentialAction\":[{\"@type\":\"SearchAction\",\"target\":{\"@type\":\"EntryPoint\",\"urlTemplate\":\"https:\/\/www.prijedordanas.com\/?s={search_term_string}\"},\"query-input\":\"required name=search_term_string\"}],\"inLanguage\":\"en-US\"},{\"@type\":\"Organization\",\"@id\":\"https:\/\/www.prijedordanas.com\/#organization\",\"name\":\"PrijedorDanas.com\",\"url\":\"https:\/\/www.prijedordanas.com\/\",\"logo\":{\"@type\":\"ImageObject\",\"inLanguage\":\"en-US\",\"@id\":\"https:\/\/www.prijedordanas.com\/#\/schema\/logo\/image\/\",\"url\":\"http:\/\/www.prijedordanas.com\/wp-content\/uploads\/2021\/12\/logopng.png\",\"contentUrl\":\"http:\/\/www.prijedordanas.com\/wp-content\/uploads\/2021\/12\/logopng.png\",\"width\":1019,\"height\":776,\"caption\":\"PrijedorDanas.com\"},\"image\":{\"@id\":\"https:\/\/www.prijedordanas.com\/#\/schema\/logo\/image\/\"},\"sameAs\":[\"https:\/\/www.facebook.com\/PrijedorDanasCom\/\"]},{\"@type\":\"Person\",\"@id\":\"https:\/\/www.prijedordanas.com\/#\/schema\/person\/4e08ccf29b506ca916ff86d46bb700e6\",\"name\":\"admin\",\"image\":{\"@type\":\"ImageObject\",\"inLanguage\":\"en-US\",\"@id\":\"https:\/\/www.prijedordanas.com\/#\/schema\/person\/image\/\",\"url\":\"https:\/\/secure.gravatar.com\/avatar\/1d3fc949d550f0b53a5f0d51e06dfd79?s=96&d=mm&r=g\",\"contentUrl\":\"https:\/\/secure.gravatar.com\/avatar\/1d3fc949d550f0b53a5f0d51e06dfd79?s=96&d=mm&r=g\",\"caption\":\"admin\"},\"url\":\"https:\/\/www.prijedordanas.com\/?author=1\"}]}<\/script>\n<!-- \/ Yoast SEO plugin. -->","yoast_head_json":{"title":"ODR\u017dANA PANEL DEBATA U OKVIRU KAMPANJE \u201e A, GDJE DA SVIRAM\u201c - VIDEO - PrijedorDanas.com - Prijedorski gradski portal","robots":{"index":"index","follow":"follow","max-snippet":"max-snippet:-1","max-image-preview":"max-image-preview:large","max-video-preview":"max-video-preview:-1"},"canonical":"https:\/\/www.prijedordanas.com\/?p=18037","og_locale":"en_US","og_type":"article","og_title":"ODR\u017dANA PANEL DEBATA U OKVIRU KAMPANJE \u201e A, GDJE DA SVIRAM\u201c - VIDEO - PrijedorDanas.com - Prijedorski gradski portal","og_description":"&#8220;A, gdje da sviram&#8221;, naziv je kampanje koju provodi Centar za mlade &#8220;Kvart&#8221; iz Prijedora u saradnji sa neformalnom grupom mladih ljudi u tom gradu. Cilj kampanje jeste da se [&hellip;]","og_url":"https:\/\/www.prijedordanas.com\/?p=18037","og_site_name":"PrijedorDanas.com - Prijedorski gradski portal","article_publisher":"https:\/\/www.facebook.com\/PrijedorDanasCom\/","article_published_time":"2015-03-12T10:57:30+00:00","article_modified_time":"2015-03-12T11:37:09+00:00","og_image":[{"url":"https:\/\/www.prijedordanas.com\/wp-content\/uploads\/2015\/03\/a-gdje-da-sviram-debata-1-300x199.jpg"}],"author":"admin","twitter_card":"summary_large_image","twitter_misc":{"Written by":"admin","Est. reading time":"1 minute"},"schema":{"@context":"https:\/\/schema.org","@graph":[{"@type":"Article","@id":"https:\/\/www.prijedordanas.com\/?p=18037#article","isPartOf":{"@id":"https:\/\/www.prijedordanas.com\/?p=18037"},"author":{"name":"admin","@id":"https:\/\/www.prijedordanas.com\/#\/schema\/person\/4e08ccf29b506ca916ff86d46bb700e6"},"headline":"ODR\u017dANA PANEL DEBATA U OKVIRU KAMPANJE \u201e A, GDJE DA SVIRAM\u201c &#8211; VIDEO","datePublished":"2015-03-12T10:57:30+00:00","dateModified":"2015-03-12T11:37:09+00:00","mainEntityOfPage":{"@id":"https:\/\/www.prijedordanas.com\/?p=18037"},"wordCount":296,"publisher":{"@id":"https:\/\/www.prijedordanas.com\/#organization"},"articleSection":["Svakodnevno"],"inLanguage":"en-US"},{"@type":"WebPage","@id":"https:\/\/www.prijedordanas.com\/?p=18037","url":"https:\/\/www.prijedordanas.com\/?p=18037","name":"ODR\u017dANA PANEL DEBATA U OKVIRU KAMPANJE \u201e A, GDJE DA SVIRAM\u201c - VIDEO - PrijedorDanas.com - Prijedorski gradski portal","isPartOf":{"@id":"https:\/\/www.prijedordanas.com\/#website"},"datePublished":"2015-03-12T10:57:30+00:00","dateModified":"2015-03-12T11:37:09+00:00","breadcrumb":{"@id":"https:\/\/www.prijedordanas.com\/?p=18037#breadcrumb"},"inLanguage":"en-US","potentialAction":[{"@type":"ReadAction","target":["https:\/\/www.prijedordanas.com\/?p=18037"]}]},{"@type":"BreadcrumbList","@id":"https:\/\/www.prijedordanas.com\/?p=18037#breadcrumb","itemListElement":[{"@type":"ListItem","position":1,"name":"Home","item":"https:\/\/www.prijedordanas.com\/"},{"@type":"ListItem","position":2,"name":"ODR\u017dANA PANEL DEBATA U OKVIRU KAMPANJE \u201e A, GDJE DA SVIRAM\u201c &#8211; VIDEO"}]},{"@type":"WebSite","@id":"https:\/\/www.prijedordanas.com\/#website","url":"https:\/\/www.prijedordanas.com\/","name":"PrijedorDanas.com - Prijedorski gradski portal","description":"Portal o doga\u0111anjima u gradu Prijedoru","publisher":{"@id":"https:\/\/www.prijedordanas.com\/#organization"},"potentialAction":[{"@type":"SearchAction","target":{"@type":"EntryPoint","urlTemplate":"https:\/\/www.prijedordanas.com\/?s={search_term_string}"},"query-input":"required name=search_term_string"}],"inLanguage":"en-US"},{"@type":"Organization","@id":"https:\/\/www.prijedordanas.com\/#organization","name":"PrijedorDanas.com","url":"https:\/\/www.prijedordanas.com\/","logo":{"@type":"ImageObject","inLanguage":"en-US","@id":"https:\/\/www.prijedordanas.com\/#\/schema\/logo\/image\/","url":"http:\/\/www.prijedordanas.com\/wp-content\/uploads\/2021\/12\/logopng.png","contentUrl":"http:\/\/www.prijedordanas.com\/wp-content\/uploads\/2021\/12\/logopng.png","width":1019,"height":776,"caption":"PrijedorDanas.com"},"image":{"@id":"https:\/\/www.prijedordanas.com\/#\/schema\/logo\/image\/"},"sameAs":["https:\/\/www.facebook.com\/PrijedorDanasCom\/"]},{"@type":"Person","@id":"https:\/\/www.prijedordanas.com\/#\/schema\/person\/4e08ccf29b506ca916ff86d46bb700e6","name":"admin","image":{"@type":"ImageObject","inLanguage":"en-US","@id":"https:\/\/www.prijedordanas.com\/#\/schema\/person\/image\/","url":"https:\/\/secure.gravatar.com\/avatar\/1d3fc949d550f0b53a5f0d51e06dfd79?s=96&d=mm&r=g","contentUrl":"https:\/\/secure.gravatar.com\/avatar\/1d3fc949d550f0b53a5f0d51e06dfd79?s=96&d=mm&r=g","caption":"admin"},"url":"https:\/\/www.prijedordanas.com\/?author=1"}]}},"_links":{"self":[{"href":"https:\/\/www.prijedordanas.com\/index.php?rest_route=\/wp\/v2\/posts\/18037"}],"collection":[{"href":"https:\/\/www.prijedordanas.com\/index.php?rest_route=\/wp\/v2\/posts"}],"about":[{"href":"https:\/\/www.prijedordanas.com\/index.php?rest_route=\/wp\/v2\/types\/post"}],"author":[{"embeddable":true,"href":"https:\/\/www.prijedordanas.com\/index.php?rest_route=\/wp\/v2\/users\/1"}],"replies":[{"embeddable":true,"href":"https:\/\/www.prijedordanas.com\/index.php?rest_route=%2Fwp%2Fv2%2Fcomments&post=18037"}],"version-history":[{"count":2,"href":"https:\/\/www.prijedordanas.com\/index.php?rest_route=\/wp\/v2\/posts\/18037\/revisions"}],"predecessor-version":[{"id":18041,"href":"https:\/\/www.prijedordanas.com\/index.php?rest_route=\/wp\/v2\/posts\/18037\/revisions\/18041"}],"wp:attachment":[{"href":"https:\/\/www.prijedordanas.com\/index.php?rest_route=%2Fwp%2Fv2%2Fmedia&parent=18037"}],"wp:term":[{"taxonomy":"category","embeddable":true,"href":"https:\/\/www.prijedordanas.com\/index.php?rest_route=%2Fwp%2Fv2%2Fcategories&post=18037"},{"taxonomy":"post_tag","embeddable":true,"href":"https:\/\/www.prijedordanas.com\/index.php?rest_route=%2Fwp%2Fv2%2Ftags&post=18037"}],"curies":[{"name":"wp","href":"https:\/\/api.w.org\/{rel}","templated":true}]}}