{"id":179944,"date":"2022-01-11T19:16:59","date_gmt":"2022-01-11T18:16:59","guid":{"rendered":"https:\/\/www.prijedordanas.com\/?p=179944"},"modified":"2022-01-11T19:16:59","modified_gmt":"2022-01-11T18:16:59","slug":"prijedor-sve-vise-pacijenata-u-ari-ambulantama","status":"publish","type":"post","link":"https:\/\/www.prijedordanas.com\/?p=179944","title":{"rendered":"Prijedor: Sve vi\u0161e pacijenata u ARI ambulantama"},"content":{"rendered":"<p><a href=\"https:\/\/www.prijedordanas.com\/wp-content\/uploads\/2022\/01\/kozarski-ari-ambulanta-pacijenti.jpg\"><img loading=\"lazy\" decoding=\"async\" src=\"https:\/\/www.prijedordanas.com\/wp-content\/uploads\/2022\/01\/kozarski-ari-ambulanta-pacijenti-300x225.jpg\" alt=\"\" width=\"300\" height=\"225\" class=\"alignleft size-medium wp-image-179945\" srcset=\"https:\/\/www.prijedordanas.com\/wp-content\/uploads\/2022\/01\/kozarski-ari-ambulanta-pacijenti-300x225.jpg 300w, https:\/\/www.prijedordanas.com\/wp-content\/uploads\/2022\/01\/kozarski-ari-ambulanta-pacijenti-640x480.jpg 640w, https:\/\/www.prijedordanas.com\/wp-content\/uploads\/2022\/01\/kozarski-ari-ambulanta-pacijenti.jpg 667w\" sizes=\"(max-width: 300px) 100vw, 300px\" \/><\/a>Novi omikron soj virusa korona u poslednjih nekoliko dana naglo se \u0161iri. Zdravstveni radnici rade punom parom, jer iz sata u sat raste broj pacijenata u Akutno-respiratornoj ambulanti. Me\u0111u zara\u017eenim ima i zdravstvenih radnika \u0161to je dodatni problem zdravstvenim ustanovama.  Prema rije\u010dima stru\u010dnjaka, ovo je veliki udar na zdravstvo,a razumijevanje pacijenata za cjelokupnu situaciju, na\u017ealost je na minimalnom nivou.<\/p>\n<p>&#8220;Najve\u0107i udar do sada po meni jeste, prema ari ambulantama. Do sada smo imali isto dosta pacijenata, ali mislim da nije bilo u ovom broju. Na sre\u0107u izuzetno su lagane klini\u010dke slike, \u0161to nam daje nadu da ne\u0107e biti velikih te\u0161kih klini\u010dkih slika. U nedelju u  Akutno-respiratornoj ambulanti pregledano je preko 100 pacijenata, a ju\u010de 150. Na\u0161 zdravstveni sistem ne mo\u017ee da izdr\u017ei takav napad. Molim sve gra\u0111ana Prijedora da po\u0161tuju epidemiolo\u0161ku situaciju, da shvate da zdravstveni radnici nisu krivi za ovu epidemiolo\u0161ku situaciju, te da smo mi tu da njima pomognemo, ali i oni moraju pomo\u0107i nama. Napad na zdravstvene radnike dok rade svoj posao, niti je povoljan nama, a ni gra\u0111anima.\u201d, istakla je Dijana \u0110eri\u0107, pomo\u0107nik direktora Doma zdravlja Prijedor za medicinska pitanja.<\/p>\n<p>Ni\u0161ta bolje nije ni u Prijedorskoj bolnici &#8220;Mladen Stojanovi\u0107\u201d.<\/p>\n<p>&#8220;Na \u010detvrtom spratu kovid odjeljenja imamo 38 pacijenata. Na prvom gdje se nalazi kovid intezivna njega imamo tri pacijenta i ta tri pacijenta su na neinvazivnoj mehani\u010dkoj ventilaciji. Od ovih 38 pacijenata imamo sedam do osam pacijenata koji su na visokim kiseoni\u010dkim protocima, dok su ostali su na manjim kiseoni\u010dkim protocima. Situacija se iz dana u dan pogor\u0161ava. Mi smo prethodnih nedelja imali dosta dobru epidemiolo\u0161ku situaciju, ali kako su Bo\u017ei\u0107ni i novogodi\u0161nji praznici pro\u0161li situacija nam se pogor\u0161ava. Pojavio se novi omikron soj koji pravi dodu\u0161e bla\u017ee klini\u010dke slike, ali ve\u0107i broj zara\u017eenih. Ovo je jo\u0161 jedan apel da se stanovnici ove regije smire, da vode ra\u010duna o epidemiolo\u0161kim mjerama i da bude \u0161to ve\u0107i broj vakcinisanih.\u201d dodaje Andrija Vukoti\u0107, direktor JZU Bolnica &#8220;Dr Mladen Stojanovi\u0107\u201d<\/p>\n<p>Medicinski radnici upituli su apel svim gra\u0111anima  da se ne javljaju u zdravstvene ustanove zbog nekih obi\u010dnih kontrola, nego da sa\u010dekaju da se situacija stabilizuje, jer se samim dolaskom stvaraju velike gu\u017eve koje uti\u010du na naglo \u0161irenje pandemije virusa korona.<\/p>\n<p>kozarski.com<\/p>\n","protected":false},"excerpt":{"rendered":"<p>Novi omikron soj virusa korona u poslednjih nekoliko dana naglo se \u0161iri. Zdravstveni radnici rade punom parom, jer iz sata u sat raste broj pacijenata u Akutno-respiratornoj ambulanti. Me\u0111u zara\u017eenim [&hellip;]<\/p>\n","protected":false},"author":1,"featured_media":0,"comment_status":"closed","ping_status":"open","sticky":false,"template":"","format":"standard","meta":{"_monsterinsights_skip_tracking":false,"_monsterinsights_sitenote_active":false,"_monsterinsights_sitenote_note":"","_monsterinsights_sitenote_category":0,"footnotes":""},"categories":[4],"tags":[],"yoast_head":"<!-- This site is optimized with the Yoast SEO plugin v21.6 - https:\/\/yoast.com\/wordpress\/plugins\/seo\/ -->\n<title>Prijedor: Sve vi\u0161e pacijenata u ARI ambulantama - PrijedorDanas.com - Prijedorski gradski portal<\/title>\n<meta name=\"robots\" content=\"index, follow, max-snippet:-1, max-image-preview:large, max-video-preview:-1\" \/>\n<link rel=\"canonical\" href=\"https:\/\/www.prijedordanas.com\/?p=179944\" \/>\n<meta property=\"og:locale\" content=\"en_US\" \/>\n<meta property=\"og:type\" content=\"article\" \/>\n<meta property=\"og:title\" content=\"Prijedor: Sve vi\u0161e pacijenata u ARI ambulantama - PrijedorDanas.com - Prijedorski gradski portal\" \/>\n<meta property=\"og:description\" content=\"Novi omikron soj virusa korona u poslednjih nekoliko dana naglo se \u0161iri. Zdravstveni radnici rade punom parom, jer iz sata u sat raste broj pacijenata u Akutno-respiratornoj ambulanti. Me\u0111u zara\u017eenim [&hellip;]\" \/>\n<meta property=\"og:url\" content=\"https:\/\/www.prijedordanas.com\/?p=179944\" \/>\n<meta property=\"og:site_name\" content=\"PrijedorDanas.com - Prijedorski gradski portal\" \/>\n<meta property=\"article:publisher\" content=\"https:\/\/www.facebook.com\/PrijedorDanasCom\/\" \/>\n<meta property=\"article:published_time\" content=\"2022-01-11T18:16:59+00:00\" \/>\n<meta property=\"og:image\" content=\"https:\/\/www.prijedordanas.com\/wp-content\/uploads\/2022\/01\/kozarski-ari-ambulanta-pacijenti-300x225.jpg\" \/>\n<meta name=\"author\" content=\"admin\" \/>\n<meta name=\"twitter:card\" content=\"summary_large_image\" \/>\n<meta name=\"twitter:label1\" content=\"Written by\" \/>\n\t<meta name=\"twitter:data1\" content=\"admin\" \/>\n\t<meta name=\"twitter:label2\" content=\"Est. reading time\" \/>\n\t<meta name=\"twitter:data2\" content=\"2 minutes\" \/>\n<script type=\"application\/ld+json\" class=\"yoast-schema-graph\">{\"@context\":\"https:\/\/schema.org\",\"@graph\":[{\"@type\":\"Article\",\"@id\":\"https:\/\/www.prijedordanas.com\/?p=179944#article\",\"isPartOf\":{\"@id\":\"https:\/\/www.prijedordanas.com\/?p=179944\"},\"author\":{\"name\":\"admin\",\"@id\":\"https:\/\/www.prijedordanas.com\/#\/schema\/person\/4e08ccf29b506ca916ff86d46bb700e6\"},\"headline\":\"Prijedor: Sve vi\u0161e pacijenata u ARI ambulantama\",\"datePublished\":\"2022-01-11T18:16:59+00:00\",\"dateModified\":\"2022-01-11T18:16:59+00:00\",\"mainEntityOfPage\":{\"@id\":\"https:\/\/www.prijedordanas.com\/?p=179944\"},\"wordCount\":412,\"publisher\":{\"@id\":\"https:\/\/www.prijedordanas.com\/#organization\"},\"articleSection\":[\"Dru\u0161tvo\"],\"inLanguage\":\"en-US\"},{\"@type\":\"WebPage\",\"@id\":\"https:\/\/www.prijedordanas.com\/?p=179944\",\"url\":\"https:\/\/www.prijedordanas.com\/?p=179944\",\"name\":\"Prijedor: Sve vi\u0161e pacijenata u ARI ambulantama - PrijedorDanas.com - Prijedorski gradski portal\",\"isPartOf\":{\"@id\":\"https:\/\/www.prijedordanas.com\/#website\"},\"datePublished\":\"2022-01-11T18:16:59+00:00\",\"dateModified\":\"2022-01-11T18:16:59+00:00\",\"breadcrumb\":{\"@id\":\"https:\/\/www.prijedordanas.com\/?p=179944#breadcrumb\"},\"inLanguage\":\"en-US\",\"potentialAction\":[{\"@type\":\"ReadAction\",\"target\":[\"https:\/\/www.prijedordanas.com\/?p=179944\"]}]},{\"@type\":\"BreadcrumbList\",\"@id\":\"https:\/\/www.prijedordanas.com\/?p=179944#breadcrumb\",\"itemListElement\":[{\"@type\":\"ListItem\",\"position\":1,\"name\":\"Home\",\"item\":\"https:\/\/www.prijedordanas.com\/\"},{\"@type\":\"ListItem\",\"position\":2,\"name\":\"Prijedor: Sve vi\u0161e pacijenata u ARI ambulantama\"}]},{\"@type\":\"WebSite\",\"@id\":\"https:\/\/www.prijedordanas.com\/#website\",\"url\":\"https:\/\/www.prijedordanas.com\/\",\"name\":\"PrijedorDanas.com - Prijedorski gradski portal\",\"description\":\"Portal o doga\u0111anjima u gradu Prijedoru\",\"publisher\":{\"@id\":\"https:\/\/www.prijedordanas.com\/#organization\"},\"potentialAction\":[{\"@type\":\"SearchAction\",\"target\":{\"@type\":\"EntryPoint\",\"urlTemplate\":\"https:\/\/www.prijedordanas.com\/?s={search_term_string}\"},\"query-input\":\"required name=search_term_string\"}],\"inLanguage\":\"en-US\"},{\"@type\":\"Organization\",\"@id\":\"https:\/\/www.prijedordanas.com\/#organization\",\"name\":\"PrijedorDanas.com\",\"url\":\"https:\/\/www.prijedordanas.com\/\",\"logo\":{\"@type\":\"ImageObject\",\"inLanguage\":\"en-US\",\"@id\":\"https:\/\/www.prijedordanas.com\/#\/schema\/logo\/image\/\",\"url\":\"http:\/\/www.prijedordanas.com\/wp-content\/uploads\/2021\/12\/logopng.png\",\"contentUrl\":\"http:\/\/www.prijedordanas.com\/wp-content\/uploads\/2021\/12\/logopng.png\",\"width\":1019,\"height\":776,\"caption\":\"PrijedorDanas.com\"},\"image\":{\"@id\":\"https:\/\/www.prijedordanas.com\/#\/schema\/logo\/image\/\"},\"sameAs\":[\"https:\/\/www.facebook.com\/PrijedorDanasCom\/\"]},{\"@type\":\"Person\",\"@id\":\"https:\/\/www.prijedordanas.com\/#\/schema\/person\/4e08ccf29b506ca916ff86d46bb700e6\",\"name\":\"admin\",\"image\":{\"@type\":\"ImageObject\",\"inLanguage\":\"en-US\",\"@id\":\"https:\/\/www.prijedordanas.com\/#\/schema\/person\/image\/\",\"url\":\"https:\/\/secure.gravatar.com\/avatar\/1d3fc949d550f0b53a5f0d51e06dfd79?s=96&d=mm&r=g\",\"contentUrl\":\"https:\/\/secure.gravatar.com\/avatar\/1d3fc949d550f0b53a5f0d51e06dfd79?s=96&d=mm&r=g\",\"caption\":\"admin\"},\"url\":\"https:\/\/www.prijedordanas.com\/?author=1\"}]}<\/script>\n<!-- \/ Yoast SEO plugin. -->","yoast_head_json":{"title":"Prijedor: Sve vi\u0161e pacijenata u ARI ambulantama - PrijedorDanas.com - Prijedorski gradski portal","robots":{"index":"index","follow":"follow","max-snippet":"max-snippet:-1","max-image-preview":"max-image-preview:large","max-video-preview":"max-video-preview:-1"},"canonical":"https:\/\/www.prijedordanas.com\/?p=179944","og_locale":"en_US","og_type":"article","og_title":"Prijedor: Sve vi\u0161e pacijenata u ARI ambulantama - PrijedorDanas.com - Prijedorski gradski portal","og_description":"Novi omikron soj virusa korona u poslednjih nekoliko dana naglo se \u0161iri. Zdravstveni radnici rade punom parom, jer iz sata u sat raste broj pacijenata u Akutno-respiratornoj ambulanti. Me\u0111u zara\u017eenim [&hellip;]","og_url":"https:\/\/www.prijedordanas.com\/?p=179944","og_site_name":"PrijedorDanas.com - Prijedorski gradski portal","article_publisher":"https:\/\/www.facebook.com\/PrijedorDanasCom\/","article_published_time":"2022-01-11T18:16:59+00:00","og_image":[{"url":"https:\/\/www.prijedordanas.com\/wp-content\/uploads\/2022\/01\/kozarski-ari-ambulanta-pacijenti-300x225.jpg"}],"author":"admin","twitter_card":"summary_large_image","twitter_misc":{"Written by":"admin","Est. reading time":"2 minutes"},"schema":{"@context":"https:\/\/schema.org","@graph":[{"@type":"Article","@id":"https:\/\/www.prijedordanas.com\/?p=179944#article","isPartOf":{"@id":"https:\/\/www.prijedordanas.com\/?p=179944"},"author":{"name":"admin","@id":"https:\/\/www.prijedordanas.com\/#\/schema\/person\/4e08ccf29b506ca916ff86d46bb700e6"},"headline":"Prijedor: Sve vi\u0161e pacijenata u ARI ambulantama","datePublished":"2022-01-11T18:16:59+00:00","dateModified":"2022-01-11T18:16:59+00:00","mainEntityOfPage":{"@id":"https:\/\/www.prijedordanas.com\/?p=179944"},"wordCount":412,"publisher":{"@id":"https:\/\/www.prijedordanas.com\/#organization"},"articleSection":["Dru\u0161tvo"],"inLanguage":"en-US"},{"@type":"WebPage","@id":"https:\/\/www.prijedordanas.com\/?p=179944","url":"https:\/\/www.prijedordanas.com\/?p=179944","name":"Prijedor: Sve vi\u0161e pacijenata u ARI ambulantama - PrijedorDanas.com - Prijedorski gradski portal","isPartOf":{"@id":"https:\/\/www.prijedordanas.com\/#website"},"datePublished":"2022-01-11T18:16:59+00:00","dateModified":"2022-01-11T18:16:59+00:00","breadcrumb":{"@id":"https:\/\/www.prijedordanas.com\/?p=179944#breadcrumb"},"inLanguage":"en-US","potentialAction":[{"@type":"ReadAction","target":["https:\/\/www.prijedordanas.com\/?p=179944"]}]},{"@type":"BreadcrumbList","@id":"https:\/\/www.prijedordanas.com\/?p=179944#breadcrumb","itemListElement":[{"@type":"ListItem","position":1,"name":"Home","item":"https:\/\/www.prijedordanas.com\/"},{"@type":"ListItem","position":2,"name":"Prijedor: Sve vi\u0161e pacijenata u ARI ambulantama"}]},{"@type":"WebSite","@id":"https:\/\/www.prijedordanas.com\/#website","url":"https:\/\/www.prijedordanas.com\/","name":"PrijedorDanas.com - Prijedorski gradski portal","description":"Portal o doga\u0111anjima u gradu Prijedoru","publisher":{"@id":"https:\/\/www.prijedordanas.com\/#organization"},"potentialAction":[{"@type":"SearchAction","target":{"@type":"EntryPoint","urlTemplate":"https:\/\/www.prijedordanas.com\/?s={search_term_string}"},"query-input":"required name=search_term_string"}],"inLanguage":"en-US"},{"@type":"Organization","@id":"https:\/\/www.prijedordanas.com\/#organization","name":"PrijedorDanas.com","url":"https:\/\/www.prijedordanas.com\/","logo":{"@type":"ImageObject","inLanguage":"en-US","@id":"https:\/\/www.prijedordanas.com\/#\/schema\/logo\/image\/","url":"http:\/\/www.prijedordanas.com\/wp-content\/uploads\/2021\/12\/logopng.png","contentUrl":"http:\/\/www.prijedordanas.com\/wp-content\/uploads\/2021\/12\/logopng.png","width":1019,"height":776,"caption":"PrijedorDanas.com"},"image":{"@id":"https:\/\/www.prijedordanas.com\/#\/schema\/logo\/image\/"},"sameAs":["https:\/\/www.facebook.com\/PrijedorDanasCom\/"]},{"@type":"Person","@id":"https:\/\/www.prijedordanas.com\/#\/schema\/person\/4e08ccf29b506ca916ff86d46bb700e6","name":"admin","image":{"@type":"ImageObject","inLanguage":"en-US","@id":"https:\/\/www.prijedordanas.com\/#\/schema\/person\/image\/","url":"https:\/\/secure.gravatar.com\/avatar\/1d3fc949d550f0b53a5f0d51e06dfd79?s=96&d=mm&r=g","contentUrl":"https:\/\/secure.gravatar.com\/avatar\/1d3fc949d550f0b53a5f0d51e06dfd79?s=96&d=mm&r=g","caption":"admin"},"url":"https:\/\/www.prijedordanas.com\/?author=1"}]}},"_links":{"self":[{"href":"https:\/\/www.prijedordanas.com\/index.php?rest_route=\/wp\/v2\/posts\/179944"}],"collection":[{"href":"https:\/\/www.prijedordanas.com\/index.php?rest_route=\/wp\/v2\/posts"}],"about":[{"href":"https:\/\/www.prijedordanas.com\/index.php?rest_route=\/wp\/v2\/types\/post"}],"author":[{"embeddable":true,"href":"https:\/\/www.prijedordanas.com\/index.php?rest_route=\/wp\/v2\/users\/1"}],"replies":[{"embeddable":true,"href":"https:\/\/www.prijedordanas.com\/index.php?rest_route=%2Fwp%2Fv2%2Fcomments&post=179944"}],"version-history":[{"count":1,"href":"https:\/\/www.prijedordanas.com\/index.php?rest_route=\/wp\/v2\/posts\/179944\/revisions"}],"predecessor-version":[{"id":179946,"href":"https:\/\/www.prijedordanas.com\/index.php?rest_route=\/wp\/v2\/posts\/179944\/revisions\/179946"}],"wp:attachment":[{"href":"https:\/\/www.prijedordanas.com\/index.php?rest_route=%2Fwp%2Fv2%2Fmedia&parent=179944"}],"wp:term":[{"taxonomy":"category","embeddable":true,"href":"https:\/\/www.prijedordanas.com\/index.php?rest_route=%2Fwp%2Fv2%2Fcategories&post=179944"},{"taxonomy":"post_tag","embeddable":true,"href":"https:\/\/www.prijedordanas.com\/index.php?rest_route=%2Fwp%2Fv2%2Ftags&post=179944"}],"curies":[{"name":"wp","href":"https:\/\/api.w.org\/{rel}","templated":true}]}}