{"id":179317,"date":"2021-12-31T14:56:48","date_gmt":"2021-12-31T13:56:48","guid":{"rendered":"https:\/\/www.prijedordanas.com\/?p=179317"},"modified":"2021-12-31T22:28:50","modified_gmt":"2021-12-31T21:28:50","slug":"prijedor-malisani-proslavili-djeciju-novu-godinu-foto","status":"publish","type":"post","link":"https:\/\/www.prijedordanas.com\/?p=179317","title":{"rendered":"Prijedor: Mali\u0161ani proslavili Dje\u010diju Novu godinu &#8211; FOTO\/VIDEO"},"content":{"rendered":"<p><a href=\"https:\/\/www.prijedordanas.com\/wp-content\/uploads\/2021\/12\/djecija-nova-2022-godina-1.jpg\"><img loading=\"lazy\" decoding=\"async\" class=\"alignleft size-medium wp-image-179319\" src=\"https:\/\/www.prijedordanas.com\/wp-content\/uploads\/2021\/12\/djecija-nova-2022-godina-1-300x225.jpg\" alt=\"\" width=\"300\" height=\"225\" srcset=\"https:\/\/www.prijedordanas.com\/wp-content\/uploads\/2021\/12\/djecija-nova-2022-godina-1-300x225.jpg 300w, https:\/\/www.prijedordanas.com\/wp-content\/uploads\/2021\/12\/djecija-nova-2022-godina-1-640x480.jpg 640w, https:\/\/www.prijedordanas.com\/wp-content\/uploads\/2021\/12\/djecija-nova-2022-godina-1.jpg 667w\" sizes=\"(max-width: 300px) 100vw, 300px\" \/><\/a>Pjesmom, igrom i dje\u010dijim osmijehom, najmla\u0111i Prijedor\u010dani ve\u0107 su krenuli u susret novoj godini. <\/p>\n<p>Na centralnom gradskom trgu proslavljena je Dje\u010dija nova godina, na kojoj su mali\u0161ani svojim vr\u0161njacima, ali i gradu, po\u017eeljeli sre\u0107nu 2022.<\/p>\n<p>Dru\u017eili su se sa Djedom Mrazom i dobili paketi\u0107e.<\/p>\n<p>Zadovoljni su i roditelji, koji ka\u017eu da im je drago \u0161to se organizuju manifestacije posve\u0107ene djeci, te da ih treba biti jo\u0161 vi\u0161e u narednom periodu. <\/p>\n<p>Dje\u010dije nova godina dio je \u201ePrijedorske zime\u201c, koju je organizovao Grad Prijedor.<\/p>\n<p>\u201cNasmijana lica ove djece \u010dine nas jo\u0161 sre\u0107nijima. Grad je, zajedno sa sponzorima, kupio i podijelio 600 paketi\u0107a, kako bismo obradovali na\u0161e male sugra\u0111ane\u201d, rekao je Lazar Gaji\u0107, savjetnik gradona\u010delnika Prijedora, poru\u010div\u0161i da je namjera Gradske uprave da ve\u0107i fokus u narednom periodu stavi na rad za djecu i mlade.<\/p>\n<p>kozarski.com<\/p>\n<p><iframe loading=\"lazy\" title=\"MALI\u0160ANI PROSLAVILI DJE\u010cIJU NOVU GODINU\" width=\"500\" height=\"281\" src=\"https:\/\/www.youtube.com\/embed\/a1fagLgD-I0?feature=oembed\" frameborder=\"0\" allow=\"accelerometer; autoplay; clipboard-write; encrypted-media; gyroscope; picture-in-picture\" allowfullscreen><\/iframe><\/p>\n<p><a href=\"https:\/\/www.prijedordanas.com\/wp-content\/uploads\/2021\/12\/djecija-nova-2022-godina-2.jpg\"><img loading=\"lazy\" decoding=\"async\" src=\"https:\/\/www.prijedordanas.com\/wp-content\/uploads\/2021\/12\/djecija-nova-2022-godina-2-300x225.jpg\" alt=\"\" width=\"300\" height=\"225\" class=\"alignleft size-medium wp-image-179320\" srcset=\"https:\/\/www.prijedordanas.com\/wp-content\/uploads\/2021\/12\/djecija-nova-2022-godina-2-300x225.jpg 300w, https:\/\/www.prijedordanas.com\/wp-content\/uploads\/2021\/12\/djecija-nova-2022-godina-2-640x480.jpg 640w, https:\/\/www.prijedordanas.com\/wp-content\/uploads\/2021\/12\/djecija-nova-2022-godina-2.jpg 667w\" sizes=\"(max-width: 300px) 100vw, 300px\" \/><\/a> <a href=\"https:\/\/www.prijedordanas.com\/wp-content\/uploads\/2021\/12\/djecija-nova-2022-godina-3.jpg\"><img loading=\"lazy\" decoding=\"async\" src=\"https:\/\/www.prijedordanas.com\/wp-content\/uploads\/2021\/12\/djecija-nova-2022-godina-3-300x225.jpg\" alt=\"\" width=\"300\" height=\"225\" class=\"alignleft size-medium wp-image-179321\" srcset=\"https:\/\/www.prijedordanas.com\/wp-content\/uploads\/2021\/12\/djecija-nova-2022-godina-3-300x225.jpg 300w, https:\/\/www.prijedordanas.com\/wp-content\/uploads\/2021\/12\/djecija-nova-2022-godina-3-640x480.jpg 640w, https:\/\/www.prijedordanas.com\/wp-content\/uploads\/2021\/12\/djecija-nova-2022-godina-3.jpg 667w\" sizes=\"(max-width: 300px) 100vw, 300px\" \/><\/a> <a href=\"https:\/\/www.prijedordanas.com\/wp-content\/uploads\/2021\/12\/djecija-nova-2022-godina-5.jpg\"><img loading=\"lazy\" decoding=\"async\" src=\"https:\/\/www.prijedordanas.com\/wp-content\/uploads\/2021\/12\/djecija-nova-2022-godina-5-300x200.jpg\" alt=\"\" width=\"300\" height=\"200\" class=\"alignleft size-medium wp-image-179322\" srcset=\"https:\/\/www.prijedordanas.com\/wp-content\/uploads\/2021\/12\/djecija-nova-2022-godina-5-300x200.jpg 300w, https:\/\/www.prijedordanas.com\/wp-content\/uploads\/2021\/12\/djecija-nova-2022-godina-5-480x320.jpg 480w, https:\/\/www.prijedordanas.com\/wp-content\/uploads\/2021\/12\/djecija-nova-2022-godina-5.jpg 600w\" sizes=\"(max-width: 300px) 100vw, 300px\" \/><\/a> <a href=\"https:\/\/www.prijedordanas.com\/wp-content\/uploads\/2021\/12\/djecija-nova-2022-godina-6.jpg\"><img loading=\"lazy\" decoding=\"async\" src=\"https:\/\/www.prijedordanas.com\/wp-content\/uploads\/2021\/12\/djecija-nova-2022-godina-6-300x200.jpg\" alt=\"\" width=\"300\" height=\"200\" class=\"alignleft size-medium wp-image-179323\" srcset=\"https:\/\/www.prijedordanas.com\/wp-content\/uploads\/2021\/12\/djecija-nova-2022-godina-6-300x200.jpg 300w, https:\/\/www.prijedordanas.com\/wp-content\/uploads\/2021\/12\/djecija-nova-2022-godina-6-480x320.jpg 480w, https:\/\/www.prijedordanas.com\/wp-content\/uploads\/2021\/12\/djecija-nova-2022-godina-6.jpg 600w\" sizes=\"(max-width: 300px) 100vw, 300px\" \/><\/a> <a href=\"https:\/\/www.prijedordanas.com\/wp-content\/uploads\/2021\/12\/djecija-nova-2022-godina-7.jpg\"><img loading=\"lazy\" decoding=\"async\" src=\"https:\/\/www.prijedordanas.com\/wp-content\/uploads\/2021\/12\/djecija-nova-2022-godina-7-300x200.jpg\" alt=\"\" width=\"300\" height=\"200\" class=\"alignleft size-medium wp-image-179324\" srcset=\"https:\/\/www.prijedordanas.com\/wp-content\/uploads\/2021\/12\/djecija-nova-2022-godina-7-300x200.jpg 300w, https:\/\/www.prijedordanas.com\/wp-content\/uploads\/2021\/12\/djecija-nova-2022-godina-7-480x320.jpg 480w, https:\/\/www.prijedordanas.com\/wp-content\/uploads\/2021\/12\/djecija-nova-2022-godina-7.jpg 600w\" sizes=\"(max-width: 300px) 100vw, 300px\" \/><\/a> <a href=\"https:\/\/www.prijedordanas.com\/wp-content\/uploads\/2021\/12\/djecija-nova-2022-godina-8.jpg\"><img loading=\"lazy\" decoding=\"async\" src=\"https:\/\/www.prijedordanas.com\/wp-content\/uploads\/2021\/12\/djecija-nova-2022-godina-8-300x200.jpg\" alt=\"\" width=\"300\" height=\"200\" class=\"alignleft size-medium wp-image-179325\" srcset=\"https:\/\/www.prijedordanas.com\/wp-content\/uploads\/2021\/12\/djecija-nova-2022-godina-8-300x200.jpg 300w, https:\/\/www.prijedordanas.com\/wp-content\/uploads\/2021\/12\/djecija-nova-2022-godina-8-480x320.jpg 480w, https:\/\/www.prijedordanas.com\/wp-content\/uploads\/2021\/12\/djecija-nova-2022-godina-8.jpg 600w\" sizes=\"(max-width: 300px) 100vw, 300px\" \/><\/a> <a href=\"https:\/\/www.prijedordanas.com\/wp-content\/uploads\/2021\/12\/djecija-nova-2022-godina-9.jpg\"><img loading=\"lazy\" decoding=\"async\" src=\"https:\/\/www.prijedordanas.com\/wp-content\/uploads\/2021\/12\/djecija-nova-2022-godina-9-300x200.jpg\" alt=\"\" width=\"300\" height=\"200\" class=\"alignleft size-medium wp-image-179326\" srcset=\"https:\/\/www.prijedordanas.com\/wp-content\/uploads\/2021\/12\/djecija-nova-2022-godina-9-300x200.jpg 300w, https:\/\/www.prijedordanas.com\/wp-content\/uploads\/2021\/12\/djecija-nova-2022-godina-9-480x320.jpg 480w, https:\/\/www.prijedordanas.com\/wp-content\/uploads\/2021\/12\/djecija-nova-2022-godina-9.jpg 600w\" sizes=\"(max-width: 300px) 100vw, 300px\" \/><\/a> <a href=\"https:\/\/www.prijedordanas.com\/wp-content\/uploads\/2021\/12\/djecija-nova-2022-godina-10.jpg\"><img loading=\"lazy\" decoding=\"async\" src=\"https:\/\/www.prijedordanas.com\/wp-content\/uploads\/2021\/12\/djecija-nova-2022-godina-10-300x200.jpg\" alt=\"\" width=\"300\" height=\"200\" class=\"alignleft size-medium wp-image-179327\" srcset=\"https:\/\/www.prijedordanas.com\/wp-content\/uploads\/2021\/12\/djecija-nova-2022-godina-10-300x200.jpg 300w, https:\/\/www.prijedordanas.com\/wp-content\/uploads\/2021\/12\/djecija-nova-2022-godina-10-480x320.jpg 480w, https:\/\/www.prijedordanas.com\/wp-content\/uploads\/2021\/12\/djecija-nova-2022-godina-10.jpg 600w\" sizes=\"(max-width: 300px) 100vw, 300px\" \/><\/a> <a href=\"https:\/\/www.prijedordanas.com\/wp-content\/uploads\/2021\/12\/djecija-nova-2022-godina-12.jpg\"><img loading=\"lazy\" decoding=\"async\" src=\"https:\/\/www.prijedordanas.com\/wp-content\/uploads\/2021\/12\/djecija-nova-2022-godina-12-300x200.jpg\" alt=\"\" width=\"300\" height=\"200\" class=\"alignleft size-medium wp-image-179330\" srcset=\"https:\/\/www.prijedordanas.com\/wp-content\/uploads\/2021\/12\/djecija-nova-2022-godina-12-300x200.jpg 300w, https:\/\/www.prijedordanas.com\/wp-content\/uploads\/2021\/12\/djecija-nova-2022-godina-12-480x320.jpg 480w, https:\/\/www.prijedordanas.com\/wp-content\/uploads\/2021\/12\/djecija-nova-2022-godina-12.jpg 600w\" sizes=\"(max-width: 300px) 100vw, 300px\" \/><\/a> <a href=\"https:\/\/www.prijedordanas.com\/wp-content\/uploads\/2021\/12\/djecija-nova-2022-godina-13.jpg\"><img loading=\"lazy\" decoding=\"async\" src=\"https:\/\/www.prijedordanas.com\/wp-content\/uploads\/2021\/12\/djecija-nova-2022-godina-13-300x200.jpg\" alt=\"\" width=\"300\" height=\"200\" class=\"alignleft size-medium wp-image-179332\" srcset=\"https:\/\/www.prijedordanas.com\/wp-content\/uploads\/2021\/12\/djecija-nova-2022-godina-13-300x200.jpg 300w, https:\/\/www.prijedordanas.com\/wp-content\/uploads\/2021\/12\/djecija-nova-2022-godina-13-480x320.jpg 480w, https:\/\/www.prijedordanas.com\/wp-content\/uploads\/2021\/12\/djecija-nova-2022-godina-13.jpg 600w\" sizes=\"(max-width: 300px) 100vw, 300px\" \/><\/a> <a href=\"https:\/\/www.prijedordanas.com\/wp-content\/uploads\/2021\/12\/djecija-nova-2022-godina-14.jpg\"><img loading=\"lazy\" decoding=\"async\" src=\"https:\/\/www.prijedordanas.com\/wp-content\/uploads\/2021\/12\/djecija-nova-2022-godina-14-300x200.jpg\" alt=\"\" width=\"300\" height=\"200\" class=\"alignleft size-medium wp-image-179333\" srcset=\"https:\/\/www.prijedordanas.com\/wp-content\/uploads\/2021\/12\/djecija-nova-2022-godina-14-300x200.jpg 300w, https:\/\/www.prijedordanas.com\/wp-content\/uploads\/2021\/12\/djecija-nova-2022-godina-14-480x320.jpg 480w, https:\/\/www.prijedordanas.com\/wp-content\/uploads\/2021\/12\/djecija-nova-2022-godina-14.jpg 600w\" sizes=\"(max-width: 300px) 100vw, 300px\" \/><\/a> <a href=\"https:\/\/www.prijedordanas.com\/wp-content\/uploads\/2021\/12\/djecija-nova-2022-godina-15.jpg\"><img loading=\"lazy\" decoding=\"async\" src=\"https:\/\/www.prijedordanas.com\/wp-content\/uploads\/2021\/12\/djecija-nova-2022-godina-15-300x200.jpg\" alt=\"\" width=\"300\" height=\"200\" class=\"alignleft size-medium wp-image-179334\" srcset=\"https:\/\/www.prijedordanas.com\/wp-content\/uploads\/2021\/12\/djecija-nova-2022-godina-15-300x200.jpg 300w, https:\/\/www.prijedordanas.com\/wp-content\/uploads\/2021\/12\/djecija-nova-2022-godina-15-480x320.jpg 480w, https:\/\/www.prijedordanas.com\/wp-content\/uploads\/2021\/12\/djecija-nova-2022-godina-15.jpg 600w\" sizes=\"(max-width: 300px) 100vw, 300px\" \/><\/a> <a href=\"https:\/\/www.prijedordanas.com\/wp-content\/uploads\/2021\/12\/djecija-nova-2022-godina-16.jpg\"><img loading=\"lazy\" decoding=\"async\" src=\"https:\/\/www.prijedordanas.com\/wp-content\/uploads\/2021\/12\/djecija-nova-2022-godina-16-300x200.jpg\" alt=\"\" width=\"300\" height=\"200\" class=\"alignleft size-medium wp-image-179335\" srcset=\"https:\/\/www.prijedordanas.com\/wp-content\/uploads\/2021\/12\/djecija-nova-2022-godina-16-300x200.jpg 300w, https:\/\/www.prijedordanas.com\/wp-content\/uploads\/2021\/12\/djecija-nova-2022-godina-16-480x320.jpg 480w, https:\/\/www.prijedordanas.com\/wp-content\/uploads\/2021\/12\/djecija-nova-2022-godina-16.jpg 600w\" sizes=\"(max-width: 300px) 100vw, 300px\" \/><\/a> <a href=\"https:\/\/www.prijedordanas.com\/wp-content\/uploads\/2021\/12\/djecija-nova-2022-godina-17.jpg\"><img loading=\"lazy\" decoding=\"async\" src=\"https:\/\/www.prijedordanas.com\/wp-content\/uploads\/2021\/12\/djecija-nova-2022-godina-17-300x200.jpg\" alt=\"\" width=\"300\" height=\"200\" class=\"alignleft size-medium wp-image-179336\" srcset=\"https:\/\/www.prijedordanas.com\/wp-content\/uploads\/2021\/12\/djecija-nova-2022-godina-17-300x200.jpg 300w, https:\/\/www.prijedordanas.com\/wp-content\/uploads\/2021\/12\/djecija-nova-2022-godina-17-480x320.jpg 480w, https:\/\/www.prijedordanas.com\/wp-content\/uploads\/2021\/12\/djecija-nova-2022-godina-17.jpg 600w\" sizes=\"(max-width: 300px) 100vw, 300px\" \/><\/a> <a href=\"https:\/\/www.prijedordanas.com\/wp-content\/uploads\/2021\/12\/djecija-nova-2022-godina-18.jpg\"><img loading=\"lazy\" decoding=\"async\" src=\"https:\/\/www.prijedordanas.com\/wp-content\/uploads\/2021\/12\/djecija-nova-2022-godina-18-300x200.jpg\" alt=\"\" width=\"300\" height=\"200\" class=\"alignleft size-medium wp-image-179337\" srcset=\"https:\/\/www.prijedordanas.com\/wp-content\/uploads\/2021\/12\/djecija-nova-2022-godina-18-300x200.jpg 300w, https:\/\/www.prijedordanas.com\/wp-content\/uploads\/2021\/12\/djecija-nova-2022-godina-18-480x320.jpg 480w, https:\/\/www.prijedordanas.com\/wp-content\/uploads\/2021\/12\/djecija-nova-2022-godina-18.jpg 600w\" sizes=\"(max-width: 300px) 100vw, 300px\" \/><\/a> <a href=\"https:\/\/www.prijedordanas.com\/wp-content\/uploads\/2021\/12\/djecija-nova-2022-godina-19.jpg\"><img loading=\"lazy\" decoding=\"async\" src=\"https:\/\/www.prijedordanas.com\/wp-content\/uploads\/2021\/12\/djecija-nova-2022-godina-19-300x200.jpg\" alt=\"\" width=\"300\" height=\"200\" class=\"alignleft size-medium wp-image-179338\" srcset=\"https:\/\/www.prijedordanas.com\/wp-content\/uploads\/2021\/12\/djecija-nova-2022-godina-19-300x200.jpg 300w, https:\/\/www.prijedordanas.com\/wp-content\/uploads\/2021\/12\/djecija-nova-2022-godina-19-480x320.jpg 480w, https:\/\/www.prijedordanas.com\/wp-content\/uploads\/2021\/12\/djecija-nova-2022-godina-19.jpg 600w\" sizes=\"(max-width: 300px) 100vw, 300px\" \/><\/a> <a href=\"https:\/\/www.prijedordanas.com\/wp-content\/uploads\/2021\/12\/djecija-nova-2022-godina-20.jpg\"><img loading=\"lazy\" decoding=\"async\" src=\"https:\/\/www.prijedordanas.com\/wp-content\/uploads\/2021\/12\/djecija-nova-2022-godina-20-300x200.jpg\" alt=\"\" width=\"300\" height=\"200\" class=\"alignleft size-medium wp-image-179339\" srcset=\"https:\/\/www.prijedordanas.com\/wp-content\/uploads\/2021\/12\/djecija-nova-2022-godina-20-300x200.jpg 300w, https:\/\/www.prijedordanas.com\/wp-content\/uploads\/2021\/12\/djecija-nova-2022-godina-20-480x320.jpg 480w, https:\/\/www.prijedordanas.com\/wp-content\/uploads\/2021\/12\/djecija-nova-2022-godina-20.jpg 600w\" sizes=\"(max-width: 300px) 100vw, 300px\" \/><\/a> <a href=\"https:\/\/www.prijedordanas.com\/wp-content\/uploads\/2021\/12\/djecija-nova-2022-godina-21.jpg\"><img loading=\"lazy\" decoding=\"async\" src=\"https:\/\/www.prijedordanas.com\/wp-content\/uploads\/2021\/12\/djecija-nova-2022-godina-21-300x200.jpg\" alt=\"\" width=\"300\" height=\"200\" class=\"alignleft size-medium wp-image-179340\" srcset=\"https:\/\/www.prijedordanas.com\/wp-content\/uploads\/2021\/12\/djecija-nova-2022-godina-21-300x200.jpg 300w, https:\/\/www.prijedordanas.com\/wp-content\/uploads\/2021\/12\/djecija-nova-2022-godina-21-480x320.jpg 480w, https:\/\/www.prijedordanas.com\/wp-content\/uploads\/2021\/12\/djecija-nova-2022-godina-21.jpg 600w\" sizes=\"(max-width: 300px) 100vw, 300px\" \/><\/a> <a href=\"https:\/\/www.prijedordanas.com\/wp-content\/uploads\/2021\/12\/djecija-nova-2022-godina-22.jpg\"><img loading=\"lazy\" decoding=\"async\" src=\"https:\/\/www.prijedordanas.com\/wp-content\/uploads\/2021\/12\/djecija-nova-2022-godina-22-300x200.jpg\" alt=\"\" width=\"300\" height=\"200\" class=\"alignleft size-medium wp-image-179341\" srcset=\"https:\/\/www.prijedordanas.com\/wp-content\/uploads\/2021\/12\/djecija-nova-2022-godina-22-300x200.jpg 300w, https:\/\/www.prijedordanas.com\/wp-content\/uploads\/2021\/12\/djecija-nova-2022-godina-22-480x320.jpg 480w, https:\/\/www.prijedordanas.com\/wp-content\/uploads\/2021\/12\/djecija-nova-2022-godina-22.jpg 600w\" sizes=\"(max-width: 300px) 100vw, 300px\" \/><\/a> <a href=\"https:\/\/www.prijedordanas.com\/wp-content\/uploads\/2021\/12\/djecija-nova-2022-godina-23.jpg\"><img loading=\"lazy\" decoding=\"async\" src=\"https:\/\/www.prijedordanas.com\/wp-content\/uploads\/2021\/12\/djecija-nova-2022-godina-23-300x200.jpg\" alt=\"\" width=\"300\" height=\"200\" class=\"alignleft size-medium wp-image-179342\" srcset=\"https:\/\/www.prijedordanas.com\/wp-content\/uploads\/2021\/12\/djecija-nova-2022-godina-23-300x200.jpg 300w, https:\/\/www.prijedordanas.com\/wp-content\/uploads\/2021\/12\/djecija-nova-2022-godina-23-480x320.jpg 480w, https:\/\/www.prijedordanas.com\/wp-content\/uploads\/2021\/12\/djecija-nova-2022-godina-23.jpg 600w\" sizes=\"(max-width: 300px) 100vw, 300px\" \/><\/a> <a href=\"https:\/\/www.prijedordanas.com\/wp-content\/uploads\/2021\/12\/djecija-nova-2022-godina-24.jpg\"><img loading=\"lazy\" decoding=\"async\" src=\"https:\/\/www.prijedordanas.com\/wp-content\/uploads\/2021\/12\/djecija-nova-2022-godina-24-300x200.jpg\" alt=\"\" width=\"300\" height=\"200\" class=\"alignleft size-medium wp-image-179343\" srcset=\"https:\/\/www.prijedordanas.com\/wp-content\/uploads\/2021\/12\/djecija-nova-2022-godina-24-300x200.jpg 300w, https:\/\/www.prijedordanas.com\/wp-content\/uploads\/2021\/12\/djecija-nova-2022-godina-24-480x320.jpg 480w, https:\/\/www.prijedordanas.com\/wp-content\/uploads\/2021\/12\/djecija-nova-2022-godina-24.jpg 600w\" sizes=\"(max-width: 300px) 100vw, 300px\" \/><\/a> <a href=\"https:\/\/www.prijedordanas.com\/wp-content\/uploads\/2021\/12\/djecija-nova-2022-godina-4.jpg\"><img loading=\"lazy\" decoding=\"async\" src=\"https:\/\/www.prijedordanas.com\/wp-content\/uploads\/2021\/12\/djecija-nova-2022-godina-4-300x225.jpg\" alt=\"\" width=\"300\" height=\"225\" class=\"alignleft size-medium wp-image-179345\" srcset=\"https:\/\/www.prijedordanas.com\/wp-content\/uploads\/2021\/12\/djecija-nova-2022-godina-4-300x225.jpg 300w, https:\/\/www.prijedordanas.com\/wp-content\/uploads\/2021\/12\/djecija-nova-2022-godina-4-640x480.jpg 640w, https:\/\/www.prijedordanas.com\/wp-content\/uploads\/2021\/12\/djecija-nova-2022-godina-4.jpg 667w\" sizes=\"(max-width: 300px) 100vw, 300px\" \/><\/a> <a href=\"https:\/\/www.prijedordanas.com\/wp-content\/uploads\/2021\/12\/djecija-nova-2022-godina-25.jpg\"><img loading=\"lazy\" decoding=\"async\" src=\"https:\/\/www.prijedordanas.com\/wp-content\/uploads\/2021\/12\/djecija-nova-2022-godina-25-200x300.jpg\" alt=\"\" width=\"200\" height=\"300\" class=\"alignleft size-medium wp-image-179346\" srcset=\"https:\/\/www.prijedordanas.com\/wp-content\/uploads\/2021\/12\/djecija-nova-2022-godina-25-200x300.jpg 200w, https:\/\/www.prijedordanas.com\/wp-content\/uploads\/2021\/12\/djecija-nova-2022-godina-25.jpg 400w\" sizes=\"(max-width: 200px) 100vw, 200px\" \/><\/a><\/p>\n","protected":false},"excerpt":{"rendered":"<p>Pjesmom, igrom i dje\u010dijim osmijehom, najmla\u0111i Prijedor\u010dani ve\u0107 su krenuli u susret novoj godini. Na centralnom gradskom trgu proslavljena je Dje\u010dija nova godina, na kojoj su mali\u0161ani svojim vr\u0161njacima, ali [&hellip;]<\/p>\n","protected":false},"author":1,"featured_media":0,"comment_status":"closed","ping_status":"open","sticky":false,"template":"","format":"standard","meta":{"_monsterinsights_skip_tracking":false,"_monsterinsights_sitenote_active":false,"_monsterinsights_sitenote_note":"","_monsterinsights_sitenote_category":0,"footnotes":""},"categories":[7515,7518],"tags":[],"yoast_head":"<!-- This site is optimized with the Yoast SEO plugin v21.6 - https:\/\/yoast.com\/wordpress\/plugins\/seo\/ -->\n<title>Prijedor: Mali\u0161ani proslavili Dje\u010diju Novu godinu - FOTO\/VIDEO - PrijedorDanas.com - Prijedorski gradski portal<\/title>\n<meta name=\"robots\" content=\"index, follow, max-snippet:-1, max-image-preview:large, max-video-preview:-1\" \/>\n<link rel=\"canonical\" href=\"https:\/\/www.prijedordanas.com\/?p=179317\" \/>\n<meta property=\"og:locale\" content=\"en_US\" \/>\n<meta property=\"og:type\" content=\"article\" \/>\n<meta property=\"og:title\" content=\"Prijedor: Mali\u0161ani proslavili Dje\u010diju Novu godinu - FOTO\/VIDEO - PrijedorDanas.com - Prijedorski gradski portal\" \/>\n<meta property=\"og:description\" content=\"Pjesmom, igrom i dje\u010dijim osmijehom, najmla\u0111i Prijedor\u010dani ve\u0107 su krenuli u susret novoj godini. Na centralnom gradskom trgu proslavljena je Dje\u010dija nova godina, na kojoj su mali\u0161ani svojim vr\u0161njacima, ali [&hellip;]\" \/>\n<meta property=\"og:url\" content=\"https:\/\/www.prijedordanas.com\/?p=179317\" \/>\n<meta property=\"og:site_name\" content=\"PrijedorDanas.com - Prijedorski gradski portal\" \/>\n<meta property=\"article:publisher\" content=\"https:\/\/www.facebook.com\/PrijedorDanasCom\/\" \/>\n<meta property=\"article:published_time\" content=\"2021-12-31T13:56:48+00:00\" \/>\n<meta property=\"article:modified_time\" content=\"2021-12-31T21:28:50+00:00\" \/>\n<meta property=\"og:image\" content=\"https:\/\/www.prijedordanas.com\/wp-content\/uploads\/2021\/12\/djecija-nova-2022-godina-1-300x225.jpg\" \/>\n<meta name=\"author\" content=\"admin\" \/>\n<meta name=\"twitter:card\" content=\"summary_large_image\" \/>\n<meta name=\"twitter:label1\" content=\"Written by\" \/>\n\t<meta name=\"twitter:data1\" content=\"admin\" \/>\n\t<meta name=\"twitter:label2\" content=\"Est. reading time\" \/>\n\t<meta name=\"twitter:data2\" content=\"1 minute\" \/>\n<script type=\"application\/ld+json\" class=\"yoast-schema-graph\">{\"@context\":\"https:\/\/schema.org\",\"@graph\":[{\"@type\":\"Article\",\"@id\":\"https:\/\/www.prijedordanas.com\/?p=179317#article\",\"isPartOf\":{\"@id\":\"https:\/\/www.prijedordanas.com\/?p=179317\"},\"author\":{\"name\":\"admin\",\"@id\":\"https:\/\/www.prijedordanas.com\/#\/schema\/person\/4e08ccf29b506ca916ff86d46bb700e6\"},\"headline\":\"Prijedor: Mali\u0161ani proslavili Dje\u010diju Novu godinu &#8211; FOTO\/VIDEO\",\"datePublished\":\"2021-12-31T13:56:48+00:00\",\"dateModified\":\"2021-12-31T21:28:50+00:00\",\"mainEntityOfPage\":{\"@id\":\"https:\/\/www.prijedordanas.com\/?p=179317\"},\"wordCount\":170,\"publisher\":{\"@id\":\"https:\/\/www.prijedordanas.com\/#organization\"},\"articleSection\":[\"Foto dana\",\"Mladi\"],\"inLanguage\":\"en-US\"},{\"@type\":\"WebPage\",\"@id\":\"https:\/\/www.prijedordanas.com\/?p=179317\",\"url\":\"https:\/\/www.prijedordanas.com\/?p=179317\",\"name\":\"Prijedor: Mali\u0161ani proslavili Dje\u010diju Novu godinu - FOTO\/VIDEO - PrijedorDanas.com - Prijedorski gradski portal\",\"isPartOf\":{\"@id\":\"https:\/\/www.prijedordanas.com\/#website\"},\"datePublished\":\"2021-12-31T13:56:48+00:00\",\"dateModified\":\"2021-12-31T21:28:50+00:00\",\"breadcrumb\":{\"@id\":\"https:\/\/www.prijedordanas.com\/?p=179317#breadcrumb\"},\"inLanguage\":\"en-US\",\"potentialAction\":[{\"@type\":\"ReadAction\",\"target\":[\"https:\/\/www.prijedordanas.com\/?p=179317\"]}]},{\"@type\":\"BreadcrumbList\",\"@id\":\"https:\/\/www.prijedordanas.com\/?p=179317#breadcrumb\",\"itemListElement\":[{\"@type\":\"ListItem\",\"position\":1,\"name\":\"Home\",\"item\":\"https:\/\/www.prijedordanas.com\/\"},{\"@type\":\"ListItem\",\"position\":2,\"name\":\"Prijedor: Mali\u0161ani proslavili Dje\u010diju Novu godinu &#8211; FOTO\/VIDEO\"}]},{\"@type\":\"WebSite\",\"@id\":\"https:\/\/www.prijedordanas.com\/#website\",\"url\":\"https:\/\/www.prijedordanas.com\/\",\"name\":\"PrijedorDanas.com - Prijedorski gradski portal\",\"description\":\"Portal o doga\u0111anjima u gradu Prijedoru\",\"publisher\":{\"@id\":\"https:\/\/www.prijedordanas.com\/#organization\"},\"potentialAction\":[{\"@type\":\"SearchAction\",\"target\":{\"@type\":\"EntryPoint\",\"urlTemplate\":\"https:\/\/www.prijedordanas.com\/?s={search_term_string}\"},\"query-input\":\"required name=search_term_string\"}],\"inLanguage\":\"en-US\"},{\"@type\":\"Organization\",\"@id\":\"https:\/\/www.prijedordanas.com\/#organization\",\"name\":\"PrijedorDanas.com\",\"url\":\"https:\/\/www.prijedordanas.com\/\",\"logo\":{\"@type\":\"ImageObject\",\"inLanguage\":\"en-US\",\"@id\":\"https:\/\/www.prijedordanas.com\/#\/schema\/logo\/image\/\",\"url\":\"http:\/\/www.prijedordanas.com\/wp-content\/uploads\/2021\/12\/logopng.png\",\"contentUrl\":\"http:\/\/www.prijedordanas.com\/wp-content\/uploads\/2021\/12\/logopng.png\",\"width\":1019,\"height\":776,\"caption\":\"PrijedorDanas.com\"},\"image\":{\"@id\":\"https:\/\/www.prijedordanas.com\/#\/schema\/logo\/image\/\"},\"sameAs\":[\"https:\/\/www.facebook.com\/PrijedorDanasCom\/\"]},{\"@type\":\"Person\",\"@id\":\"https:\/\/www.prijedordanas.com\/#\/schema\/person\/4e08ccf29b506ca916ff86d46bb700e6\",\"name\":\"admin\",\"image\":{\"@type\":\"ImageObject\",\"inLanguage\":\"en-US\",\"@id\":\"https:\/\/www.prijedordanas.com\/#\/schema\/person\/image\/\",\"url\":\"https:\/\/secure.gravatar.com\/avatar\/1d3fc949d550f0b53a5f0d51e06dfd79?s=96&d=mm&r=g\",\"contentUrl\":\"https:\/\/secure.gravatar.com\/avatar\/1d3fc949d550f0b53a5f0d51e06dfd79?s=96&d=mm&r=g\",\"caption\":\"admin\"},\"url\":\"https:\/\/www.prijedordanas.com\/?author=1\"}]}<\/script>\n<!-- \/ Yoast SEO plugin. -->","yoast_head_json":{"title":"Prijedor: Mali\u0161ani proslavili Dje\u010diju Novu godinu - FOTO\/VIDEO - PrijedorDanas.com - Prijedorski gradski portal","robots":{"index":"index","follow":"follow","max-snippet":"max-snippet:-1","max-image-preview":"max-image-preview:large","max-video-preview":"max-video-preview:-1"},"canonical":"https:\/\/www.prijedordanas.com\/?p=179317","og_locale":"en_US","og_type":"article","og_title":"Prijedor: Mali\u0161ani proslavili Dje\u010diju Novu godinu - FOTO\/VIDEO - PrijedorDanas.com - Prijedorski gradski portal","og_description":"Pjesmom, igrom i dje\u010dijim osmijehom, najmla\u0111i Prijedor\u010dani ve\u0107 su krenuli u susret novoj godini. Na centralnom gradskom trgu proslavljena je Dje\u010dija nova godina, na kojoj su mali\u0161ani svojim vr\u0161njacima, ali [&hellip;]","og_url":"https:\/\/www.prijedordanas.com\/?p=179317","og_site_name":"PrijedorDanas.com - Prijedorski gradski portal","article_publisher":"https:\/\/www.facebook.com\/PrijedorDanasCom\/","article_published_time":"2021-12-31T13:56:48+00:00","article_modified_time":"2021-12-31T21:28:50+00:00","og_image":[{"url":"https:\/\/www.prijedordanas.com\/wp-content\/uploads\/2021\/12\/djecija-nova-2022-godina-1-300x225.jpg"}],"author":"admin","twitter_card":"summary_large_image","twitter_misc":{"Written by":"admin","Est. reading time":"1 minute"},"schema":{"@context":"https:\/\/schema.org","@graph":[{"@type":"Article","@id":"https:\/\/www.prijedordanas.com\/?p=179317#article","isPartOf":{"@id":"https:\/\/www.prijedordanas.com\/?p=179317"},"author":{"name":"admin","@id":"https:\/\/www.prijedordanas.com\/#\/schema\/person\/4e08ccf29b506ca916ff86d46bb700e6"},"headline":"Prijedor: Mali\u0161ani proslavili Dje\u010diju Novu godinu &#8211; FOTO\/VIDEO","datePublished":"2021-12-31T13:56:48+00:00","dateModified":"2021-12-31T21:28:50+00:00","mainEntityOfPage":{"@id":"https:\/\/www.prijedordanas.com\/?p=179317"},"wordCount":170,"publisher":{"@id":"https:\/\/www.prijedordanas.com\/#organization"},"articleSection":["Foto dana","Mladi"],"inLanguage":"en-US"},{"@type":"WebPage","@id":"https:\/\/www.prijedordanas.com\/?p=179317","url":"https:\/\/www.prijedordanas.com\/?p=179317","name":"Prijedor: Mali\u0161ani proslavili Dje\u010diju Novu godinu - FOTO\/VIDEO - PrijedorDanas.com - Prijedorski gradski portal","isPartOf":{"@id":"https:\/\/www.prijedordanas.com\/#website"},"datePublished":"2021-12-31T13:56:48+00:00","dateModified":"2021-12-31T21:28:50+00:00","breadcrumb":{"@id":"https:\/\/www.prijedordanas.com\/?p=179317#breadcrumb"},"inLanguage":"en-US","potentialAction":[{"@type":"ReadAction","target":["https:\/\/www.prijedordanas.com\/?p=179317"]}]},{"@type":"BreadcrumbList","@id":"https:\/\/www.prijedordanas.com\/?p=179317#breadcrumb","itemListElement":[{"@type":"ListItem","position":1,"name":"Home","item":"https:\/\/www.prijedordanas.com\/"},{"@type":"ListItem","position":2,"name":"Prijedor: Mali\u0161ani proslavili Dje\u010diju Novu godinu &#8211; FOTO\/VIDEO"}]},{"@type":"WebSite","@id":"https:\/\/www.prijedordanas.com\/#website","url":"https:\/\/www.prijedordanas.com\/","name":"PrijedorDanas.com - Prijedorski gradski portal","description":"Portal o doga\u0111anjima u gradu Prijedoru","publisher":{"@id":"https:\/\/www.prijedordanas.com\/#organization"},"potentialAction":[{"@type":"SearchAction","target":{"@type":"EntryPoint","urlTemplate":"https:\/\/www.prijedordanas.com\/?s={search_term_string}"},"query-input":"required name=search_term_string"}],"inLanguage":"en-US"},{"@type":"Organization","@id":"https:\/\/www.prijedordanas.com\/#organization","name":"PrijedorDanas.com","url":"https:\/\/www.prijedordanas.com\/","logo":{"@type":"ImageObject","inLanguage":"en-US","@id":"https:\/\/www.prijedordanas.com\/#\/schema\/logo\/image\/","url":"http:\/\/www.prijedordanas.com\/wp-content\/uploads\/2021\/12\/logopng.png","contentUrl":"http:\/\/www.prijedordanas.com\/wp-content\/uploads\/2021\/12\/logopng.png","width":1019,"height":776,"caption":"PrijedorDanas.com"},"image":{"@id":"https:\/\/www.prijedordanas.com\/#\/schema\/logo\/image\/"},"sameAs":["https:\/\/www.facebook.com\/PrijedorDanasCom\/"]},{"@type":"Person","@id":"https:\/\/www.prijedordanas.com\/#\/schema\/person\/4e08ccf29b506ca916ff86d46bb700e6","name":"admin","image":{"@type":"ImageObject","inLanguage":"en-US","@id":"https:\/\/www.prijedordanas.com\/#\/schema\/person\/image\/","url":"https:\/\/secure.gravatar.com\/avatar\/1d3fc949d550f0b53a5f0d51e06dfd79?s=96&d=mm&r=g","contentUrl":"https:\/\/secure.gravatar.com\/avatar\/1d3fc949d550f0b53a5f0d51e06dfd79?s=96&d=mm&r=g","caption":"admin"},"url":"https:\/\/www.prijedordanas.com\/?author=1"}]}},"_links":{"self":[{"href":"https:\/\/www.prijedordanas.com\/index.php?rest_route=\/wp\/v2\/posts\/179317"}],"collection":[{"href":"https:\/\/www.prijedordanas.com\/index.php?rest_route=\/wp\/v2\/posts"}],"about":[{"href":"https:\/\/www.prijedordanas.com\/index.php?rest_route=\/wp\/v2\/types\/post"}],"author":[{"embeddable":true,"href":"https:\/\/www.prijedordanas.com\/index.php?rest_route=\/wp\/v2\/users\/1"}],"replies":[{"embeddable":true,"href":"https:\/\/www.prijedordanas.com\/index.php?rest_route=%2Fwp%2Fv2%2Fcomments&post=179317"}],"version-history":[{"count":6,"href":"https:\/\/www.prijedordanas.com\/index.php?rest_route=\/wp\/v2\/posts\/179317\/revisions"}],"predecessor-version":[{"id":179388,"href":"https:\/\/www.prijedordanas.com\/index.php?rest_route=\/wp\/v2\/posts\/179317\/revisions\/179388"}],"wp:attachment":[{"href":"https:\/\/www.prijedordanas.com\/index.php?rest_route=%2Fwp%2Fv2%2Fmedia&parent=179317"}],"wp:term":[{"taxonomy":"category","embeddable":true,"href":"https:\/\/www.prijedordanas.com\/index.php?rest_route=%2Fwp%2Fv2%2Fcategories&post=179317"},{"taxonomy":"post_tag","embeddable":true,"href":"https:\/\/www.prijedordanas.com\/index.php?rest_route=%2Fwp%2Fv2%2Ftags&post=179317"}],"curies":[{"name":"wp","href":"https:\/\/api.w.org\/{rel}","templated":true}]}}