{"id":179207,"date":"2021-12-29T16:51:20","date_gmt":"2021-12-29T15:51:20","guid":{"rendered":"https:\/\/www.prijedordanas.com\/?p=179207"},"modified":"2021-12-29T16:51:20","modified_gmt":"2021-12-29T15:51:20","slug":"skupstina-grada-prijedora-odbornici-glasali-protivno-sudskoj-odluci","status":"publish","type":"post","link":"https:\/\/www.prijedordanas.com\/?p=179207","title":{"rendered":"Skup\u0161tina grada Prijedora: Odbornici glasali protivno sudskoj odluci"},"content":{"rendered":"<p><a href=\"https:\/\/www.prijedordanas.com\/wp-content\/uploads\/2021\/12\/skupstina-grada-29decembar-1.jpg\"><img loading=\"lazy\" decoding=\"async\" class=\"alignleft size-medium wp-image-179208\" src=\"https:\/\/www.prijedordanas.com\/wp-content\/uploads\/2021\/12\/skupstina-grada-29decembar-1-300x225.jpg\" alt=\"\" width=\"300\" height=\"225\" srcset=\"https:\/\/www.prijedordanas.com\/wp-content\/uploads\/2021\/12\/skupstina-grada-29decembar-1-300x225.jpg 300w, https:\/\/www.prijedordanas.com\/wp-content\/uploads\/2021\/12\/skupstina-grada-29decembar-1-640x480.jpg 640w, https:\/\/www.prijedordanas.com\/wp-content\/uploads\/2021\/12\/skupstina-grada-29decembar-1.jpg 667w\" sizes=\"(max-width: 300px) 100vw, 300px\" \/><\/a>Odbornici Skup\u0161tine grada Prijedora nisu danas usvojili prijedlog rje\u0161enja o poni\u0161tenju rje\u0161enja o razrje\u0161enju direktora Sportske dvorane &#8220;Mladost&#8221; Du\u0161ka Rajili\u0107a, a zamjenik gradona\u010delnika \u017darko Kova\u010devi\u0107 potom je povukao i preostale tri ta\u010dke dnevnog reda u vezi sa ovim kadrovskim rje\u0161enjem.<\/p>\n<p>Skup\u0161tina grada Prijedora razrije\u0161ila je du\u017enosti Rajili\u0107a na sjednici 15. marta, a prijedorski Okru\u017eni sud poni\u0161tio je tu odluku, utvrdiv\u0161i da je po\u010dinjena povreda odredaba upravnog postupka.<\/p>\n<p>Kova\u010devi\u0107 je podsjetio da je na sjednicama i prije bilo diskusije da li treba raspravljati o sudskim presudama.<\/p>\n<p><a href=\"https:\/\/www.prijedordanas.com\/wp-content\/uploads\/2021\/12\/skupstina-grada-29decembar-9.jpg\"><img loading=\"lazy\" decoding=\"async\" src=\"https:\/\/www.prijedordanas.com\/wp-content\/uploads\/2021\/12\/skupstina-grada-29decembar-9-300x200.jpg\" alt=\"\" width=\"300\" height=\"200\" class=\"alignleft size-medium wp-image-179209\" srcset=\"https:\/\/www.prijedordanas.com\/wp-content\/uploads\/2021\/12\/skupstina-grada-29decembar-9-300x200.jpg 300w, https:\/\/www.prijedordanas.com\/wp-content\/uploads\/2021\/12\/skupstina-grada-29decembar-9-480x320.jpg 480w, https:\/\/www.prijedordanas.com\/wp-content\/uploads\/2021\/12\/skupstina-grada-29decembar-9.jpg 600w\" sizes=\"(max-width: 300px) 100vw, 300px\" \/><\/a>&#8220;Mi smo raspravljali o presudama koje je donio Ha\u0161ki tribunal, a da ne pri\u010damo o nekoj presudi koju je donio neki sudija pojedinac Okru\u017enog suda u Prijedoru. Mi smo u zakonskom roku od 30 dana i\u0161li sa zahtjevom za preispitivanje ove sudske presude vi\u0161oj instanci. Moje mi\u0161ljenje je da treba da sa\u010dekamo da ta vi\u0161a instanca ka\u017ee da li ima elemenata za preispitivanje ove sudske presude&#8221;, rekao je Kova\u010devi\u0107.<\/p>\n<p>Odbornici su usvojili \u010detiri ta\u010dke kojima je ispo\u0161tovana sudska presuda u korist prethodnog direktora Dje\u010dijeg vrti\u0107a &#8220;Radost&#8221; Gordane Jeki\u0107, koju je, prema odluci suda, Skup\u0161tina grada, tako\u0111e, nezakonito razrije\u0161ila.<\/p>\n<p>Ona je danas ponovo razrije\u0161ena, ovaj put zbog isteka mandata, a imenovana je Tatjana Brdar, koja je vr\u0161ilac du\u017enosti od kada je Jeki\u0107eva drugi put smijenjena.<\/p>\n<p>Odbornici su imenovali Ranka Kolara za vr\u0161ioca du\u017enosti na\u010delnika Odjeljenja za bora\u010dko-invalidsku za\u0161titu i razrije\u0161ili Slobodana Javora pozicije vr\u0161ioca du\u017enosti direktora Doma zdravlja Prijedor, koji je na to mjesto dao ostavku budu\u0107i da je izabran za gradona\u010delnika.<\/p>\n<p>SRNA<\/p>\n","protected":false},"excerpt":{"rendered":"<p>Odbornici Skup\u0161tine grada Prijedora nisu danas usvojili prijedlog rje\u0161enja o poni\u0161tenju rje\u0161enja o razrje\u0161enju direktora Sportske dvorane &#8220;Mladost&#8221; Du\u0161ka Rajili\u0107a, a zamjenik gradona\u010delnika \u017darko Kova\u010devi\u0107 potom je povukao i preostale [&hellip;]<\/p>\n","protected":false},"author":1,"featured_media":0,"comment_status":"closed","ping_status":"open","sticky":false,"template":"","format":"standard","meta":{"_monsterinsights_skip_tracking":false,"_monsterinsights_sitenote_active":false,"_monsterinsights_sitenote_note":"","_monsterinsights_sitenote_category":0,"footnotes":""},"categories":[4],"tags":[],"yoast_head":"<!-- This site is optimized with the Yoast SEO plugin v21.6 - https:\/\/yoast.com\/wordpress\/plugins\/seo\/ -->\n<title>Skup\u0161tina grada Prijedora: Odbornici glasali protivno sudskoj odluci - PrijedorDanas.com - Prijedorski gradski portal<\/title>\n<meta name=\"robots\" content=\"index, follow, max-snippet:-1, max-image-preview:large, max-video-preview:-1\" \/>\n<link rel=\"canonical\" href=\"https:\/\/www.prijedordanas.com\/?p=179207\" \/>\n<meta property=\"og:locale\" content=\"en_US\" \/>\n<meta property=\"og:type\" content=\"article\" \/>\n<meta property=\"og:title\" content=\"Skup\u0161tina grada Prijedora: Odbornici glasali protivno sudskoj odluci - PrijedorDanas.com - Prijedorski gradski portal\" \/>\n<meta property=\"og:description\" content=\"Odbornici Skup\u0161tine grada Prijedora nisu danas usvojili prijedlog rje\u0161enja o poni\u0161tenju rje\u0161enja o razrje\u0161enju direktora Sportske dvorane &#8220;Mladost&#8221; Du\u0161ka Rajili\u0107a, a zamjenik gradona\u010delnika \u017darko Kova\u010devi\u0107 potom je povukao i preostale [&hellip;]\" \/>\n<meta property=\"og:url\" content=\"https:\/\/www.prijedordanas.com\/?p=179207\" \/>\n<meta property=\"og:site_name\" content=\"PrijedorDanas.com - Prijedorski gradski portal\" \/>\n<meta property=\"article:publisher\" content=\"https:\/\/www.facebook.com\/PrijedorDanasCom\/\" \/>\n<meta property=\"article:published_time\" content=\"2021-12-29T15:51:20+00:00\" \/>\n<meta property=\"og:image\" content=\"https:\/\/www.prijedordanas.com\/wp-content\/uploads\/2021\/12\/skupstina-grada-29decembar-1-300x225.jpg\" \/>\n<meta name=\"author\" content=\"admin\" \/>\n<meta name=\"twitter:card\" content=\"summary_large_image\" \/>\n<meta name=\"twitter:label1\" content=\"Written by\" \/>\n\t<meta name=\"twitter:data1\" content=\"admin\" \/>\n\t<meta name=\"twitter:label2\" content=\"Est. reading time\" \/>\n\t<meta name=\"twitter:data2\" content=\"1 minute\" \/>\n<script type=\"application\/ld+json\" class=\"yoast-schema-graph\">{\"@context\":\"https:\/\/schema.org\",\"@graph\":[{\"@type\":\"Article\",\"@id\":\"https:\/\/www.prijedordanas.com\/?p=179207#article\",\"isPartOf\":{\"@id\":\"https:\/\/www.prijedordanas.com\/?p=179207\"},\"author\":{\"name\":\"admin\",\"@id\":\"https:\/\/www.prijedordanas.com\/#\/schema\/person\/4e08ccf29b506ca916ff86d46bb700e6\"},\"headline\":\"Skup\u0161tina grada Prijedora: Odbornici glasali protivno sudskoj odluci\",\"datePublished\":\"2021-12-29T15:51:20+00:00\",\"dateModified\":\"2021-12-29T15:51:20+00:00\",\"mainEntityOfPage\":{\"@id\":\"https:\/\/www.prijedordanas.com\/?p=179207\"},\"wordCount\":305,\"publisher\":{\"@id\":\"https:\/\/www.prijedordanas.com\/#organization\"},\"articleSection\":[\"Dru\u0161tvo\"],\"inLanguage\":\"en-US\"},{\"@type\":\"WebPage\",\"@id\":\"https:\/\/www.prijedordanas.com\/?p=179207\",\"url\":\"https:\/\/www.prijedordanas.com\/?p=179207\",\"name\":\"Skup\u0161tina grada Prijedora: Odbornici glasali protivno sudskoj odluci - PrijedorDanas.com - Prijedorski gradski portal\",\"isPartOf\":{\"@id\":\"https:\/\/www.prijedordanas.com\/#website\"},\"datePublished\":\"2021-12-29T15:51:20+00:00\",\"dateModified\":\"2021-12-29T15:51:20+00:00\",\"breadcrumb\":{\"@id\":\"https:\/\/www.prijedordanas.com\/?p=179207#breadcrumb\"},\"inLanguage\":\"en-US\",\"potentialAction\":[{\"@type\":\"ReadAction\",\"target\":[\"https:\/\/www.prijedordanas.com\/?p=179207\"]}]},{\"@type\":\"BreadcrumbList\",\"@id\":\"https:\/\/www.prijedordanas.com\/?p=179207#breadcrumb\",\"itemListElement\":[{\"@type\":\"ListItem\",\"position\":1,\"name\":\"Home\",\"item\":\"https:\/\/www.prijedordanas.com\/\"},{\"@type\":\"ListItem\",\"position\":2,\"name\":\"Skup\u0161tina grada Prijedora: Odbornici glasali protivno sudskoj odluci\"}]},{\"@type\":\"WebSite\",\"@id\":\"https:\/\/www.prijedordanas.com\/#website\",\"url\":\"https:\/\/www.prijedordanas.com\/\",\"name\":\"PrijedorDanas.com - Prijedorski gradski portal\",\"description\":\"Portal o doga\u0111anjima u gradu Prijedoru\",\"publisher\":{\"@id\":\"https:\/\/www.prijedordanas.com\/#organization\"},\"potentialAction\":[{\"@type\":\"SearchAction\",\"target\":{\"@type\":\"EntryPoint\",\"urlTemplate\":\"https:\/\/www.prijedordanas.com\/?s={search_term_string}\"},\"query-input\":\"required name=search_term_string\"}],\"inLanguage\":\"en-US\"},{\"@type\":\"Organization\",\"@id\":\"https:\/\/www.prijedordanas.com\/#organization\",\"name\":\"PrijedorDanas.com\",\"url\":\"https:\/\/www.prijedordanas.com\/\",\"logo\":{\"@type\":\"ImageObject\",\"inLanguage\":\"en-US\",\"@id\":\"https:\/\/www.prijedordanas.com\/#\/schema\/logo\/image\/\",\"url\":\"http:\/\/www.prijedordanas.com\/wp-content\/uploads\/2021\/12\/logopng.png\",\"contentUrl\":\"http:\/\/www.prijedordanas.com\/wp-content\/uploads\/2021\/12\/logopng.png\",\"width\":1019,\"height\":776,\"caption\":\"PrijedorDanas.com\"},\"image\":{\"@id\":\"https:\/\/www.prijedordanas.com\/#\/schema\/logo\/image\/\"},\"sameAs\":[\"https:\/\/www.facebook.com\/PrijedorDanasCom\/\"]},{\"@type\":\"Person\",\"@id\":\"https:\/\/www.prijedordanas.com\/#\/schema\/person\/4e08ccf29b506ca916ff86d46bb700e6\",\"name\":\"admin\",\"image\":{\"@type\":\"ImageObject\",\"inLanguage\":\"en-US\",\"@id\":\"https:\/\/www.prijedordanas.com\/#\/schema\/person\/image\/\",\"url\":\"https:\/\/secure.gravatar.com\/avatar\/1d3fc949d550f0b53a5f0d51e06dfd79?s=96&d=mm&r=g\",\"contentUrl\":\"https:\/\/secure.gravatar.com\/avatar\/1d3fc949d550f0b53a5f0d51e06dfd79?s=96&d=mm&r=g\",\"caption\":\"admin\"},\"url\":\"https:\/\/www.prijedordanas.com\/?author=1\"}]}<\/script>\n<!-- \/ Yoast SEO plugin. -->","yoast_head_json":{"title":"Skup\u0161tina grada Prijedora: Odbornici glasali protivno sudskoj odluci - PrijedorDanas.com - Prijedorski gradski portal","robots":{"index":"index","follow":"follow","max-snippet":"max-snippet:-1","max-image-preview":"max-image-preview:large","max-video-preview":"max-video-preview:-1"},"canonical":"https:\/\/www.prijedordanas.com\/?p=179207","og_locale":"en_US","og_type":"article","og_title":"Skup\u0161tina grada Prijedora: Odbornici glasali protivno sudskoj odluci - PrijedorDanas.com - Prijedorski gradski portal","og_description":"Odbornici Skup\u0161tine grada Prijedora nisu danas usvojili prijedlog rje\u0161enja o poni\u0161tenju rje\u0161enja o razrje\u0161enju direktora Sportske dvorane &#8220;Mladost&#8221; Du\u0161ka Rajili\u0107a, a zamjenik gradona\u010delnika \u017darko Kova\u010devi\u0107 potom je povukao i preostale [&hellip;]","og_url":"https:\/\/www.prijedordanas.com\/?p=179207","og_site_name":"PrijedorDanas.com - Prijedorski gradski portal","article_publisher":"https:\/\/www.facebook.com\/PrijedorDanasCom\/","article_published_time":"2021-12-29T15:51:20+00:00","og_image":[{"url":"https:\/\/www.prijedordanas.com\/wp-content\/uploads\/2021\/12\/skupstina-grada-29decembar-1-300x225.jpg"}],"author":"admin","twitter_card":"summary_large_image","twitter_misc":{"Written by":"admin","Est. reading time":"1 minute"},"schema":{"@context":"https:\/\/schema.org","@graph":[{"@type":"Article","@id":"https:\/\/www.prijedordanas.com\/?p=179207#article","isPartOf":{"@id":"https:\/\/www.prijedordanas.com\/?p=179207"},"author":{"name":"admin","@id":"https:\/\/www.prijedordanas.com\/#\/schema\/person\/4e08ccf29b506ca916ff86d46bb700e6"},"headline":"Skup\u0161tina grada Prijedora: Odbornici glasali protivno sudskoj odluci","datePublished":"2021-12-29T15:51:20+00:00","dateModified":"2021-12-29T15:51:20+00:00","mainEntityOfPage":{"@id":"https:\/\/www.prijedordanas.com\/?p=179207"},"wordCount":305,"publisher":{"@id":"https:\/\/www.prijedordanas.com\/#organization"},"articleSection":["Dru\u0161tvo"],"inLanguage":"en-US"},{"@type":"WebPage","@id":"https:\/\/www.prijedordanas.com\/?p=179207","url":"https:\/\/www.prijedordanas.com\/?p=179207","name":"Skup\u0161tina grada Prijedora: Odbornici glasali protivno sudskoj odluci - PrijedorDanas.com - Prijedorski gradski portal","isPartOf":{"@id":"https:\/\/www.prijedordanas.com\/#website"},"datePublished":"2021-12-29T15:51:20+00:00","dateModified":"2021-12-29T15:51:20+00:00","breadcrumb":{"@id":"https:\/\/www.prijedordanas.com\/?p=179207#breadcrumb"},"inLanguage":"en-US","potentialAction":[{"@type":"ReadAction","target":["https:\/\/www.prijedordanas.com\/?p=179207"]}]},{"@type":"BreadcrumbList","@id":"https:\/\/www.prijedordanas.com\/?p=179207#breadcrumb","itemListElement":[{"@type":"ListItem","position":1,"name":"Home","item":"https:\/\/www.prijedordanas.com\/"},{"@type":"ListItem","position":2,"name":"Skup\u0161tina grada Prijedora: Odbornici glasali protivno sudskoj odluci"}]},{"@type":"WebSite","@id":"https:\/\/www.prijedordanas.com\/#website","url":"https:\/\/www.prijedordanas.com\/","name":"PrijedorDanas.com - Prijedorski gradski portal","description":"Portal o doga\u0111anjima u gradu Prijedoru","publisher":{"@id":"https:\/\/www.prijedordanas.com\/#organization"},"potentialAction":[{"@type":"SearchAction","target":{"@type":"EntryPoint","urlTemplate":"https:\/\/www.prijedordanas.com\/?s={search_term_string}"},"query-input":"required name=search_term_string"}],"inLanguage":"en-US"},{"@type":"Organization","@id":"https:\/\/www.prijedordanas.com\/#organization","name":"PrijedorDanas.com","url":"https:\/\/www.prijedordanas.com\/","logo":{"@type":"ImageObject","inLanguage":"en-US","@id":"https:\/\/www.prijedordanas.com\/#\/schema\/logo\/image\/","url":"http:\/\/www.prijedordanas.com\/wp-content\/uploads\/2021\/12\/logopng.png","contentUrl":"http:\/\/www.prijedordanas.com\/wp-content\/uploads\/2021\/12\/logopng.png","width":1019,"height":776,"caption":"PrijedorDanas.com"},"image":{"@id":"https:\/\/www.prijedordanas.com\/#\/schema\/logo\/image\/"},"sameAs":["https:\/\/www.facebook.com\/PrijedorDanasCom\/"]},{"@type":"Person","@id":"https:\/\/www.prijedordanas.com\/#\/schema\/person\/4e08ccf29b506ca916ff86d46bb700e6","name":"admin","image":{"@type":"ImageObject","inLanguage":"en-US","@id":"https:\/\/www.prijedordanas.com\/#\/schema\/person\/image\/","url":"https:\/\/secure.gravatar.com\/avatar\/1d3fc949d550f0b53a5f0d51e06dfd79?s=96&d=mm&r=g","contentUrl":"https:\/\/secure.gravatar.com\/avatar\/1d3fc949d550f0b53a5f0d51e06dfd79?s=96&d=mm&r=g","caption":"admin"},"url":"https:\/\/www.prijedordanas.com\/?author=1"}]}},"_links":{"self":[{"href":"https:\/\/www.prijedordanas.com\/index.php?rest_route=\/wp\/v2\/posts\/179207"}],"collection":[{"href":"https:\/\/www.prijedordanas.com\/index.php?rest_route=\/wp\/v2\/posts"}],"about":[{"href":"https:\/\/www.prijedordanas.com\/index.php?rest_route=\/wp\/v2\/types\/post"}],"author":[{"embeddable":true,"href":"https:\/\/www.prijedordanas.com\/index.php?rest_route=\/wp\/v2\/users\/1"}],"replies":[{"embeddable":true,"href":"https:\/\/www.prijedordanas.com\/index.php?rest_route=%2Fwp%2Fv2%2Fcomments&post=179207"}],"version-history":[{"count":1,"href":"https:\/\/www.prijedordanas.com\/index.php?rest_route=\/wp\/v2\/posts\/179207\/revisions"}],"predecessor-version":[{"id":179210,"href":"https:\/\/www.prijedordanas.com\/index.php?rest_route=\/wp\/v2\/posts\/179207\/revisions\/179210"}],"wp:attachment":[{"href":"https:\/\/www.prijedordanas.com\/index.php?rest_route=%2Fwp%2Fv2%2Fmedia&parent=179207"}],"wp:term":[{"taxonomy":"category","embeddable":true,"href":"https:\/\/www.prijedordanas.com\/index.php?rest_route=%2Fwp%2Fv2%2Fcategories&post=179207"},{"taxonomy":"post_tag","embeddable":true,"href":"https:\/\/www.prijedordanas.com\/index.php?rest_route=%2Fwp%2Fv2%2Ftags&post=179207"}],"curies":[{"name":"wp","href":"https:\/\/api.w.org\/{rel}","templated":true}]}}