{"id":178754,"date":"2021-12-20T12:00:02","date_gmt":"2021-12-20T11:00:02","guid":{"rendered":"https:\/\/www.prijedordanas.com\/?p=178754"},"modified":"2021-12-20T12:00:02","modified_gmt":"2021-12-20T11:00:02","slug":"u-saobracajnoj-nezgodi-tesko-povrijeden-biciklista-iz-prijedora-prevezen-na-ukc-rs-foto","status":"publish","type":"post","link":"https:\/\/www.prijedordanas.com\/?p=178754","title":{"rendered":"U saobra\u0107ajnoj nezgodi te\u0161ko povrije\u0111en biciklista iz Prijedora: Prevezen na UKC RS &#8211; FOTO"},"content":{"rendered":"<p><a href=\"https:\/\/www.prijedordanas.com\/wp-content\/uploads\/2021\/12\/saobracajka-gomjenica-pezo-bicikl-7.jpg\"><img loading=\"lazy\" decoding=\"async\" class=\"alignleft size-medium wp-image-178729\" src=\"https:\/\/www.prijedordanas.com\/wp-content\/uploads\/2021\/12\/saobracajka-gomjenica-pezo-bicikl-7-300x225.jpg\" alt=\"\" width=\"300\" height=\"225\" srcset=\"https:\/\/www.prijedordanas.com\/wp-content\/uploads\/2021\/12\/saobracajka-gomjenica-pezo-bicikl-7-300x225.jpg 300w, https:\/\/www.prijedordanas.com\/wp-content\/uploads\/2021\/12\/saobracajka-gomjenica-pezo-bicikl-7-640x480.jpg 640w, https:\/\/www.prijedordanas.com\/wp-content\/uploads\/2021\/12\/saobracajka-gomjenica-pezo-bicikl-7.jpg 667w\" sizes=\"(max-width: 300px) 100vw, 300px\" \/><\/a>Policijskoj upravi Prijedor, dana 19.12.2021. godine oko 10:35 \u010dasova, prijavljeno je da se na raskrsnici ulica Srpskih Velikana i Mahmuta Bu\u0161atlije u Prijedoru dogodila sabra\u0107ajna nezgoda u kojoj je jedno lice te\u0161ko povrije\u0111eno.<\/p>\n<p>Na licu mjesta izvr\u0161en je uvi\u0111aj kom prilikom je utvr\u0111eno da je u saobra\u0107ajnoj nezgodi u\u010destvovalo lice R.S. iz Prijedora upravljaju\u0107i vozilom marke \u201ePe\u017eo\u201c i biciklista S.M. iz Prijedora koji je zadobio te\u0161ke tjelesne povrede.<\/p>\n<p><strong><a href=\"https:\/\/www.prijedordanas.com\/?p=178722\" target=\"_blank\" rel=\"noopener\">Prijedor: \u201cPe\u017eo\u201d udario biciklistu, prevezen u bolnicu \u2013 FOTO<\/a><\/strong><\/p>\n<p>Zbog te\u017eine povreda lice S.M. je prevezeno na Univerzitetsko-klini\u010dki centar u Banja Luci, a o svemu je obavije\u0161ten tu\u017eilac Okru\u017enog javnog tu\u017eila\u0161tva Prijedor.<\/p>\n<p>Policijska uprava Prijedor apeluje na sve voza\u010de da po\u0161tuju saobra\u0107ajna pravila i propise, da prilagode brzinu uslovima i stanju na kolovozu i da obrate pa\u017enju na pje\u0161ake i bicikliste kao u\u010desnike u saobra\u0107aju koji su tako\u0111e obavezni po\u0161tovati saobra\u0107ajne propise.<\/p>\n<p>PU Prijedor<\/p>\n<p><a href=\"https:\/\/www.prijedordanas.com\/wp-content\/uploads\/2021\/12\/saobracajka-gomjenica-pezo-bicikl-6.jpg\"><img loading=\"lazy\" decoding=\"async\" class=\"alignleft size-medium wp-image-178755\" src=\"https:\/\/www.prijedordanas.com\/wp-content\/uploads\/2021\/12\/saobracajka-gomjenica-pezo-bicikl-6-300x200.jpg\" alt=\"\" width=\"300\" height=\"200\" srcset=\"https:\/\/www.prijedordanas.com\/wp-content\/uploads\/2021\/12\/saobracajka-gomjenica-pezo-bicikl-6-300x200.jpg 300w, https:\/\/www.prijedordanas.com\/wp-content\/uploads\/2021\/12\/saobracajka-gomjenica-pezo-bicikl-6-480x320.jpg 480w, https:\/\/www.prijedordanas.com\/wp-content\/uploads\/2021\/12\/saobracajka-gomjenica-pezo-bicikl-6.jpg 600w\" sizes=\"(max-width: 300px) 100vw, 300px\" \/><\/a> <a href=\"https:\/\/www.prijedordanas.com\/wp-content\/uploads\/2021\/12\/saobracajka-gomjenica-pezo-bicikl-8.jpg\"><img loading=\"lazy\" decoding=\"async\" class=\"alignleft size-medium wp-image-178756\" src=\"https:\/\/www.prijedordanas.com\/wp-content\/uploads\/2021\/12\/saobracajka-gomjenica-pezo-bicikl-8-300x200.jpg\" alt=\"\" width=\"300\" height=\"200\" srcset=\"https:\/\/www.prijedordanas.com\/wp-content\/uploads\/2021\/12\/saobracajka-gomjenica-pezo-bicikl-8-300x200.jpg 300w, https:\/\/www.prijedordanas.com\/wp-content\/uploads\/2021\/12\/saobracajka-gomjenica-pezo-bicikl-8-480x320.jpg 480w, https:\/\/www.prijedordanas.com\/wp-content\/uploads\/2021\/12\/saobracajka-gomjenica-pezo-bicikl-8.jpg 600w\" sizes=\"(max-width: 300px) 100vw, 300px\" \/><\/a> <a href=\"https:\/\/www.prijedordanas.com\/wp-content\/uploads\/2021\/12\/saobracajka-gomjenica-pezo-bicikl-1.jpg\"><img loading=\"lazy\" decoding=\"async\" class=\"alignleft size-medium wp-image-178724\" src=\"https:\/\/www.prijedordanas.com\/wp-content\/uploads\/2021\/12\/saobracajka-gomjenica-pezo-bicikl-1-300x225.jpg\" alt=\"\" width=\"300\" height=\"225\" srcset=\"https:\/\/www.prijedordanas.com\/wp-content\/uploads\/2021\/12\/saobracajka-gomjenica-pezo-bicikl-1-300x225.jpg 300w, https:\/\/www.prijedordanas.com\/wp-content\/uploads\/2021\/12\/saobracajka-gomjenica-pezo-bicikl-1-640x480.jpg 640w, https:\/\/www.prijedordanas.com\/wp-content\/uploads\/2021\/12\/saobracajka-gomjenica-pezo-bicikl-1.jpg 667w\" sizes=\"(max-width: 300px) 100vw, 300px\" \/><\/a> <a href=\"https:\/\/www.prijedordanas.com\/wp-content\/uploads\/2021\/12\/saobracajka-gomjenica-pezo-bicikl-3.jpg\"><img loading=\"lazy\" decoding=\"async\" class=\"alignleft size-medium wp-image-178726\" src=\"https:\/\/www.prijedordanas.com\/wp-content\/uploads\/2021\/12\/saobracajka-gomjenica-pezo-bicikl-3-300x225.jpg\" alt=\"\" width=\"300\" height=\"225\" srcset=\"https:\/\/www.prijedordanas.com\/wp-content\/uploads\/2021\/12\/saobracajka-gomjenica-pezo-bicikl-3-300x225.jpg 300w, https:\/\/www.prijedordanas.com\/wp-content\/uploads\/2021\/12\/saobracajka-gomjenica-pezo-bicikl-3-640x480.jpg 640w, https:\/\/www.prijedordanas.com\/wp-content\/uploads\/2021\/12\/saobracajka-gomjenica-pezo-bicikl-3.jpg 667w\" sizes=\"(max-width: 300px) 100vw, 300px\" \/><\/a><\/p>\n","protected":false},"excerpt":{"rendered":"<p>Policijskoj upravi Prijedor, dana 19.12.2021. godine oko 10:35 \u010dasova, prijavljeno je da se na raskrsnici ulica Srpskih Velikana i Mahmuta Bu\u0161atlije u Prijedoru dogodila sabra\u0107ajna nezgoda u kojoj je jedno [&hellip;]<\/p>\n","protected":false},"author":1,"featured_media":0,"comment_status":"closed","ping_status":"open","sticky":false,"template":"","format":"standard","meta":{"_monsterinsights_skip_tracking":false,"_monsterinsights_sitenote_active":false,"_monsterinsights_sitenote_note":"","_monsterinsights_sitenote_category":0,"footnotes":""},"categories":[5],"tags":[],"yoast_head":"<!-- This site is optimized with the Yoast SEO plugin v21.6 - https:\/\/yoast.com\/wordpress\/plugins\/seo\/ -->\n<title>U saobra\u0107ajnoj nezgodi te\u0161ko povrije\u0111en biciklista iz Prijedora: Prevezen na UKC RS - FOTO - PrijedorDanas.com - Prijedorski gradski portal<\/title>\n<meta name=\"robots\" content=\"index, follow, max-snippet:-1, max-image-preview:large, max-video-preview:-1\" \/>\n<link rel=\"canonical\" href=\"https:\/\/www.prijedordanas.com\/?p=178754\" \/>\n<meta property=\"og:locale\" content=\"en_US\" \/>\n<meta property=\"og:type\" content=\"article\" \/>\n<meta property=\"og:title\" content=\"U saobra\u0107ajnoj nezgodi te\u0161ko povrije\u0111en biciklista iz Prijedora: Prevezen na UKC RS - FOTO - PrijedorDanas.com - Prijedorski gradski portal\" \/>\n<meta property=\"og:description\" content=\"Policijskoj upravi Prijedor, dana 19.12.2021. godine oko 10:35 \u010dasova, prijavljeno je da se na raskrsnici ulica Srpskih Velikana i Mahmuta Bu\u0161atlije u Prijedoru dogodila sabra\u0107ajna nezgoda u kojoj je jedno [&hellip;]\" \/>\n<meta property=\"og:url\" content=\"https:\/\/www.prijedordanas.com\/?p=178754\" \/>\n<meta property=\"og:site_name\" content=\"PrijedorDanas.com - Prijedorski gradski portal\" \/>\n<meta property=\"article:publisher\" content=\"https:\/\/www.facebook.com\/PrijedorDanasCom\/\" \/>\n<meta property=\"article:published_time\" content=\"2021-12-20T11:00:02+00:00\" \/>\n<meta property=\"og:image\" content=\"https:\/\/www.prijedordanas.com\/wp-content\/uploads\/2021\/12\/saobracajka-gomjenica-pezo-bicikl-7-300x225.jpg\" \/>\n<meta name=\"author\" content=\"admin\" \/>\n<meta name=\"twitter:card\" content=\"summary_large_image\" \/>\n<meta name=\"twitter:label1\" content=\"Written by\" \/>\n\t<meta name=\"twitter:data1\" content=\"admin\" \/>\n\t<meta name=\"twitter:label2\" content=\"Est. reading time\" \/>\n\t<meta name=\"twitter:data2\" content=\"1 minute\" \/>\n<script type=\"application\/ld+json\" class=\"yoast-schema-graph\">{\"@context\":\"https:\/\/schema.org\",\"@graph\":[{\"@type\":\"Article\",\"@id\":\"https:\/\/www.prijedordanas.com\/?p=178754#article\",\"isPartOf\":{\"@id\":\"https:\/\/www.prijedordanas.com\/?p=178754\"},\"author\":{\"name\":\"admin\",\"@id\":\"https:\/\/www.prijedordanas.com\/#\/schema\/person\/4e08ccf29b506ca916ff86d46bb700e6\"},\"headline\":\"U saobra\u0107ajnoj nezgodi te\u0161ko povrije\u0111en biciklista iz Prijedora: Prevezen na UKC RS &#8211; FOTO\",\"datePublished\":\"2021-12-20T11:00:02+00:00\",\"dateModified\":\"2021-12-20T11:00:02+00:00\",\"mainEntityOfPage\":{\"@id\":\"https:\/\/www.prijedordanas.com\/?p=178754\"},\"wordCount\":189,\"publisher\":{\"@id\":\"https:\/\/www.prijedordanas.com\/#organization\"},\"articleSection\":[\"Hronika\"],\"inLanguage\":\"en-US\"},{\"@type\":\"WebPage\",\"@id\":\"https:\/\/www.prijedordanas.com\/?p=178754\",\"url\":\"https:\/\/www.prijedordanas.com\/?p=178754\",\"name\":\"U saobra\u0107ajnoj nezgodi te\u0161ko povrije\u0111en biciklista iz Prijedora: Prevezen na UKC RS - FOTO - PrijedorDanas.com - Prijedorski gradski portal\",\"isPartOf\":{\"@id\":\"https:\/\/www.prijedordanas.com\/#website\"},\"datePublished\":\"2021-12-20T11:00:02+00:00\",\"dateModified\":\"2021-12-20T11:00:02+00:00\",\"breadcrumb\":{\"@id\":\"https:\/\/www.prijedordanas.com\/?p=178754#breadcrumb\"},\"inLanguage\":\"en-US\",\"potentialAction\":[{\"@type\":\"ReadAction\",\"target\":[\"https:\/\/www.prijedordanas.com\/?p=178754\"]}]},{\"@type\":\"BreadcrumbList\",\"@id\":\"https:\/\/www.prijedordanas.com\/?p=178754#breadcrumb\",\"itemListElement\":[{\"@type\":\"ListItem\",\"position\":1,\"name\":\"Home\",\"item\":\"https:\/\/www.prijedordanas.com\/\"},{\"@type\":\"ListItem\",\"position\":2,\"name\":\"U saobra\u0107ajnoj nezgodi te\u0161ko povrije\u0111en biciklista iz Prijedora: Prevezen na UKC RS &#8211; FOTO\"}]},{\"@type\":\"WebSite\",\"@id\":\"https:\/\/www.prijedordanas.com\/#website\",\"url\":\"https:\/\/www.prijedordanas.com\/\",\"name\":\"PrijedorDanas.com - Prijedorski gradski portal\",\"description\":\"Portal o doga\u0111anjima u gradu Prijedoru\",\"publisher\":{\"@id\":\"https:\/\/www.prijedordanas.com\/#organization\"},\"potentialAction\":[{\"@type\":\"SearchAction\",\"target\":{\"@type\":\"EntryPoint\",\"urlTemplate\":\"https:\/\/www.prijedordanas.com\/?s={search_term_string}\"},\"query-input\":\"required name=search_term_string\"}],\"inLanguage\":\"en-US\"},{\"@type\":\"Organization\",\"@id\":\"https:\/\/www.prijedordanas.com\/#organization\",\"name\":\"PrijedorDanas.com\",\"url\":\"https:\/\/www.prijedordanas.com\/\",\"logo\":{\"@type\":\"ImageObject\",\"inLanguage\":\"en-US\",\"@id\":\"https:\/\/www.prijedordanas.com\/#\/schema\/logo\/image\/\",\"url\":\"http:\/\/www.prijedordanas.com\/wp-content\/uploads\/2021\/12\/logopng.png\",\"contentUrl\":\"http:\/\/www.prijedordanas.com\/wp-content\/uploads\/2021\/12\/logopng.png\",\"width\":1019,\"height\":776,\"caption\":\"PrijedorDanas.com\"},\"image\":{\"@id\":\"https:\/\/www.prijedordanas.com\/#\/schema\/logo\/image\/\"},\"sameAs\":[\"https:\/\/www.facebook.com\/PrijedorDanasCom\/\"]},{\"@type\":\"Person\",\"@id\":\"https:\/\/www.prijedordanas.com\/#\/schema\/person\/4e08ccf29b506ca916ff86d46bb700e6\",\"name\":\"admin\",\"image\":{\"@type\":\"ImageObject\",\"inLanguage\":\"en-US\",\"@id\":\"https:\/\/www.prijedordanas.com\/#\/schema\/person\/image\/\",\"url\":\"https:\/\/secure.gravatar.com\/avatar\/1d3fc949d550f0b53a5f0d51e06dfd79?s=96&d=mm&r=g\",\"contentUrl\":\"https:\/\/secure.gravatar.com\/avatar\/1d3fc949d550f0b53a5f0d51e06dfd79?s=96&d=mm&r=g\",\"caption\":\"admin\"},\"url\":\"https:\/\/www.prijedordanas.com\/?author=1\"}]}<\/script>\n<!-- \/ Yoast SEO plugin. -->","yoast_head_json":{"title":"U saobra\u0107ajnoj nezgodi te\u0161ko povrije\u0111en biciklista iz Prijedora: Prevezen na UKC RS - FOTO - PrijedorDanas.com - Prijedorski gradski portal","robots":{"index":"index","follow":"follow","max-snippet":"max-snippet:-1","max-image-preview":"max-image-preview:large","max-video-preview":"max-video-preview:-1"},"canonical":"https:\/\/www.prijedordanas.com\/?p=178754","og_locale":"en_US","og_type":"article","og_title":"U saobra\u0107ajnoj nezgodi te\u0161ko povrije\u0111en biciklista iz Prijedora: Prevezen na UKC RS - FOTO - PrijedorDanas.com - Prijedorski gradski portal","og_description":"Policijskoj upravi Prijedor, dana 19.12.2021. godine oko 10:35 \u010dasova, prijavljeno je da se na raskrsnici ulica Srpskih Velikana i Mahmuta Bu\u0161atlije u Prijedoru dogodila sabra\u0107ajna nezgoda u kojoj je jedno [&hellip;]","og_url":"https:\/\/www.prijedordanas.com\/?p=178754","og_site_name":"PrijedorDanas.com - Prijedorski gradski portal","article_publisher":"https:\/\/www.facebook.com\/PrijedorDanasCom\/","article_published_time":"2021-12-20T11:00:02+00:00","og_image":[{"url":"https:\/\/www.prijedordanas.com\/wp-content\/uploads\/2021\/12\/saobracajka-gomjenica-pezo-bicikl-7-300x225.jpg"}],"author":"admin","twitter_card":"summary_large_image","twitter_misc":{"Written by":"admin","Est. reading time":"1 minute"},"schema":{"@context":"https:\/\/schema.org","@graph":[{"@type":"Article","@id":"https:\/\/www.prijedordanas.com\/?p=178754#article","isPartOf":{"@id":"https:\/\/www.prijedordanas.com\/?p=178754"},"author":{"name":"admin","@id":"https:\/\/www.prijedordanas.com\/#\/schema\/person\/4e08ccf29b506ca916ff86d46bb700e6"},"headline":"U saobra\u0107ajnoj nezgodi te\u0161ko povrije\u0111en biciklista iz Prijedora: Prevezen na UKC RS &#8211; FOTO","datePublished":"2021-12-20T11:00:02+00:00","dateModified":"2021-12-20T11:00:02+00:00","mainEntityOfPage":{"@id":"https:\/\/www.prijedordanas.com\/?p=178754"},"wordCount":189,"publisher":{"@id":"https:\/\/www.prijedordanas.com\/#organization"},"articleSection":["Hronika"],"inLanguage":"en-US"},{"@type":"WebPage","@id":"https:\/\/www.prijedordanas.com\/?p=178754","url":"https:\/\/www.prijedordanas.com\/?p=178754","name":"U saobra\u0107ajnoj nezgodi te\u0161ko povrije\u0111en biciklista iz Prijedora: Prevezen na UKC RS - FOTO - PrijedorDanas.com - Prijedorski gradski portal","isPartOf":{"@id":"https:\/\/www.prijedordanas.com\/#website"},"datePublished":"2021-12-20T11:00:02+00:00","dateModified":"2021-12-20T11:00:02+00:00","breadcrumb":{"@id":"https:\/\/www.prijedordanas.com\/?p=178754#breadcrumb"},"inLanguage":"en-US","potentialAction":[{"@type":"ReadAction","target":["https:\/\/www.prijedordanas.com\/?p=178754"]}]},{"@type":"BreadcrumbList","@id":"https:\/\/www.prijedordanas.com\/?p=178754#breadcrumb","itemListElement":[{"@type":"ListItem","position":1,"name":"Home","item":"https:\/\/www.prijedordanas.com\/"},{"@type":"ListItem","position":2,"name":"U saobra\u0107ajnoj nezgodi te\u0161ko povrije\u0111en biciklista iz Prijedora: Prevezen na UKC RS &#8211; FOTO"}]},{"@type":"WebSite","@id":"https:\/\/www.prijedordanas.com\/#website","url":"https:\/\/www.prijedordanas.com\/","name":"PrijedorDanas.com - Prijedorski gradski portal","description":"Portal o doga\u0111anjima u gradu Prijedoru","publisher":{"@id":"https:\/\/www.prijedordanas.com\/#organization"},"potentialAction":[{"@type":"SearchAction","target":{"@type":"EntryPoint","urlTemplate":"https:\/\/www.prijedordanas.com\/?s={search_term_string}"},"query-input":"required name=search_term_string"}],"inLanguage":"en-US"},{"@type":"Organization","@id":"https:\/\/www.prijedordanas.com\/#organization","name":"PrijedorDanas.com","url":"https:\/\/www.prijedordanas.com\/","logo":{"@type":"ImageObject","inLanguage":"en-US","@id":"https:\/\/www.prijedordanas.com\/#\/schema\/logo\/image\/","url":"http:\/\/www.prijedordanas.com\/wp-content\/uploads\/2021\/12\/logopng.png","contentUrl":"http:\/\/www.prijedordanas.com\/wp-content\/uploads\/2021\/12\/logopng.png","width":1019,"height":776,"caption":"PrijedorDanas.com"},"image":{"@id":"https:\/\/www.prijedordanas.com\/#\/schema\/logo\/image\/"},"sameAs":["https:\/\/www.facebook.com\/PrijedorDanasCom\/"]},{"@type":"Person","@id":"https:\/\/www.prijedordanas.com\/#\/schema\/person\/4e08ccf29b506ca916ff86d46bb700e6","name":"admin","image":{"@type":"ImageObject","inLanguage":"en-US","@id":"https:\/\/www.prijedordanas.com\/#\/schema\/person\/image\/","url":"https:\/\/secure.gravatar.com\/avatar\/1d3fc949d550f0b53a5f0d51e06dfd79?s=96&d=mm&r=g","contentUrl":"https:\/\/secure.gravatar.com\/avatar\/1d3fc949d550f0b53a5f0d51e06dfd79?s=96&d=mm&r=g","caption":"admin"},"url":"https:\/\/www.prijedordanas.com\/?author=1"}]}},"_links":{"self":[{"href":"https:\/\/www.prijedordanas.com\/index.php?rest_route=\/wp\/v2\/posts\/178754"}],"collection":[{"href":"https:\/\/www.prijedordanas.com\/index.php?rest_route=\/wp\/v2\/posts"}],"about":[{"href":"https:\/\/www.prijedordanas.com\/index.php?rest_route=\/wp\/v2\/types\/post"}],"author":[{"embeddable":true,"href":"https:\/\/www.prijedordanas.com\/index.php?rest_route=\/wp\/v2\/users\/1"}],"replies":[{"embeddable":true,"href":"https:\/\/www.prijedordanas.com\/index.php?rest_route=%2Fwp%2Fv2%2Fcomments&post=178754"}],"version-history":[{"count":1,"href":"https:\/\/www.prijedordanas.com\/index.php?rest_route=\/wp\/v2\/posts\/178754\/revisions"}],"predecessor-version":[{"id":178757,"href":"https:\/\/www.prijedordanas.com\/index.php?rest_route=\/wp\/v2\/posts\/178754\/revisions\/178757"}],"wp:attachment":[{"href":"https:\/\/www.prijedordanas.com\/index.php?rest_route=%2Fwp%2Fv2%2Fmedia&parent=178754"}],"wp:term":[{"taxonomy":"category","embeddable":true,"href":"https:\/\/www.prijedordanas.com\/index.php?rest_route=%2Fwp%2Fv2%2Fcategories&post=178754"},{"taxonomy":"post_tag","embeddable":true,"href":"https:\/\/www.prijedordanas.com\/index.php?rest_route=%2Fwp%2Fv2%2Ftags&post=178754"}],"curies":[{"name":"wp","href":"https:\/\/api.w.org\/{rel}","templated":true}]}}