{"id":178542,"date":"2021-12-15T09:21:49","date_gmt":"2021-12-15T08:21:49","guid":{"rendered":"https:\/\/www.prijedordanas.com\/?p=178542"},"modified":"2021-12-15T09:26:41","modified_gmt":"2021-12-15T08:26:41","slug":"nova-premijera-pozorista-prijedor-kovid-ljubav-nasmijala-publiku-foto","status":"publish","type":"post","link":"https:\/\/www.prijedordanas.com\/?p=178542","title":{"rendered":"Nova premijera Pozori\u0161ta Prijedor: &#8220;Kovid ljubav&#8221; nasmijala publiku &#8211; FOTO"},"content":{"rendered":"<p><a href=\"https:\/\/www.prijedordanas.com\/wp-content\/uploads\/2021\/12\/kovid-ljubav-premijera-1.jpg\"><img loading=\"lazy\" decoding=\"async\" class=\"alignleft size-medium wp-image-178513\" src=\"https:\/\/www.prijedordanas.com\/wp-content\/uploads\/2021\/12\/kovid-ljubav-premijera-1-300x225.jpg\" alt=\"\" width=\"300\" height=\"225\" srcset=\"https:\/\/www.prijedordanas.com\/wp-content\/uploads\/2021\/12\/kovid-ljubav-premijera-1-300x225.jpg 300w, https:\/\/www.prijedordanas.com\/wp-content\/uploads\/2021\/12\/kovid-ljubav-premijera-1-640x480.jpg 640w, https:\/\/www.prijedordanas.com\/wp-content\/uploads\/2021\/12\/kovid-ljubav-premijera-1.jpg 667w\" sizes=\"(max-width: 300px) 100vw, 300px\" \/><\/a>Pozori\u0161te Prijedor premijerno je odigralo komediju &#8220;Kovid ljubav&#8221; po tekstu &#8220;Neobi\u010dna po\u0161iljka&#8221; Luke \u0110akomocija i u re\u017eiji \u017deljka Kasapa.<\/p>\n<p>Vr\u0161ilac du\u017enosti direktora ove ustanove Sr\u0111an Knjeginji\u0107 rekao je da su predstavu pripremali dva mjeseca i da nije o\u010dekivao ovako dobru reakciju publike koja se ba\u0161 nasmijala na dosta mjesta.<\/p>\n<p>&#8220;Kad radite komediju bude vam na po\u010detku zanimljivo, a poslije nemate osje\u0107aj da li ne\u0161to smije\u0161no ili nije, a ovo je dokaz da u stvari jeste&#8221;, izjavio je Knjeginji\u0107 novinarima nakon premijere.<\/p>\n<p>On je dodao da u narednom periodu o\u010dekuje da predstavu \u0161to vi\u0161e igraju i da uvijek bude posje\u0107ena.<\/p>\n<p><a href=\"https:\/\/www.prijedordanas.com\/wp-content\/uploads\/2021\/12\/kovid-ljubav-premijera-3.jpg\"><img loading=\"lazy\" decoding=\"async\" class=\"alignleft size-medium wp-image-178514\" src=\"https:\/\/www.prijedordanas.com\/wp-content\/uploads\/2021\/12\/kovid-ljubav-premijera-3-300x225.jpg\" alt=\"\" width=\"300\" height=\"225\" srcset=\"https:\/\/www.prijedordanas.com\/wp-content\/uploads\/2021\/12\/kovid-ljubav-premijera-3-300x225.jpg 300w, https:\/\/www.prijedordanas.com\/wp-content\/uploads\/2021\/12\/kovid-ljubav-premijera-3-640x480.jpg 640w, https:\/\/www.prijedordanas.com\/wp-content\/uploads\/2021\/12\/kovid-ljubav-premijera-3.jpg 667w\" sizes=\"(max-width: 300px) 100vw, 300px\" \/><\/a>&#8220;Nadam se da \u0107e gra\u0111ani da pro\u0161ire vijest da je predstava interesantna i optimisti\u010dan sam&#8221;, istakao je Knjeginji\u0107.<\/p>\n<p>Glumac Dean Batoz igra nesre\u0107nog mladi\u0107a \u0110or\u0111a koji u svem tom haosu pandemije odlu\u010di da pozove agenciju i naru\u010di sebi \u017eenu, ali gre\u0161kom mu dolazi mu\u0161karac, te sve kre\u0107e nizbrdo.<\/p>\n<p>&#8220;Imali smo 24 probe i uspjeli smo predstavu prilagoditi ovom vremenu , prebacili smo radnju u Prijedor i pribli\u017eili je na\u0161ih gledaocima. Predstava se mo\u017ee svugdje igrati i o\u010dekujemo da \u0107emo je svugdje igrati. To je jedna fina repertoarska predstava , slu\u017ei da se ljudi zabave da se malo opuste, da u\u017eivaju,a i mi stvarno u\u017eivamo dok je igramo&#8221;, izjavio je Batoz.<\/p>\n<p><a href=\"https:\/\/www.prijedordanas.com\/wp-content\/uploads\/2021\/12\/kovid-ljubav-premijera-2.jpg\"><img loading=\"lazy\" decoding=\"async\" class=\"alignleft size-medium wp-image-178515\" src=\"https:\/\/www.prijedordanas.com\/wp-content\/uploads\/2021\/12\/kovid-ljubav-premijera-2-300x225.jpg\" alt=\"\" width=\"300\" height=\"225\" srcset=\"https:\/\/www.prijedordanas.com\/wp-content\/uploads\/2021\/12\/kovid-ljubav-premijera-2-300x225.jpg 300w, https:\/\/www.prijedordanas.com\/wp-content\/uploads\/2021\/12\/kovid-ljubav-premijera-2-640x480.jpg 640w, https:\/\/www.prijedordanas.com\/wp-content\/uploads\/2021\/12\/kovid-ljubav-premijera-2.jpg 667w\" sizes=\"(max-width: 300px) 100vw, 300px\" \/><\/a>Re\u017eiser predstave \u017deljko Kasap je istakao da su najljep\u0161i komentar na predstavu ovi aplauzi na kraju i smijeh koji je konstantno trajao sat i deset minuta koliko predstava traje.<\/p>\n<p>&#8220;Nadam se da je publika prezadovoljna zato \u0161to su ove reakcije koje su dolazile sa scene pre\u0161le u interakciju tako da smo zajedno svi u\u017eivali u ovoj igri&#8221;, rekao je Kasap.<\/p>\n<p>On je dodao da je u po\u010detku postojala bojazan da u nekim trenucima, budu\u0107i da su samo tri glumca, predstava ne\u0107e biti dosadna.<\/p>\n<p>Kasap je dodao i da se nada da \u0107e ova predstava imati dug pozori\u0161an \u017eivot i da \u0107e ljudi koji do sada nisu dolazili u pozori\u0161te do\u0107i na ovu terapiju-smijehom.<\/p>\n<p>Pored Batoza i Knjeginji\u0107a, u predstavi igra i Jelena Seksen.<\/p>\n<p>Ova premijera je uvr\u0161tena i u zvani\u010dni program manifestacije&#8221;Prijedorska zima&#8221;.<\/p>\n<p><a href=\"http:\/\/prijedorgrad.org\/sr-EU\/vijesti-sadrzaj.html?vid=13630\" target=\"_blank\" rel=\"noopener\">prijedorgrad.org<\/a><\/p>\n<p><a href=\"https:\/\/www.prijedordanas.com\/wp-content\/uploads\/2021\/12\/kovid-ljubav-premijera-4.jpg\"><img loading=\"lazy\" decoding=\"async\" class=\"alignleft size-medium wp-image-178516\" src=\"https:\/\/www.prijedordanas.com\/wp-content\/uploads\/2021\/12\/kovid-ljubav-premijera-4-300x225.jpg\" alt=\"\" width=\"300\" height=\"225\" srcset=\"https:\/\/www.prijedordanas.com\/wp-content\/uploads\/2021\/12\/kovid-ljubav-premijera-4-300x225.jpg 300w, https:\/\/www.prijedordanas.com\/wp-content\/uploads\/2021\/12\/kovid-ljubav-premijera-4-640x480.jpg 640w, https:\/\/www.prijedordanas.com\/wp-content\/uploads\/2021\/12\/kovid-ljubav-premijera-4.jpg 667w\" sizes=\"(max-width: 300px) 100vw, 300px\" \/><\/a> <a href=\"https:\/\/www.prijedordanas.com\/wp-content\/uploads\/2021\/12\/kovid-ljubav-premijera-5.jpg\"><img loading=\"lazy\" decoding=\"async\" class=\"alignleft size-medium wp-image-178517\" src=\"https:\/\/www.prijedordanas.com\/wp-content\/uploads\/2021\/12\/kovid-ljubav-premijera-5-300x225.jpg\" alt=\"\" width=\"300\" height=\"225\" srcset=\"https:\/\/www.prijedordanas.com\/wp-content\/uploads\/2021\/12\/kovid-ljubav-premijera-5-300x225.jpg 300w, https:\/\/www.prijedordanas.com\/wp-content\/uploads\/2021\/12\/kovid-ljubav-premijera-5-640x480.jpg 640w, https:\/\/www.prijedordanas.com\/wp-content\/uploads\/2021\/12\/kovid-ljubav-premijera-5.jpg 667w\" sizes=\"(max-width: 300px) 100vw, 300px\" \/><\/a> <a href=\"https:\/\/www.prijedordanas.com\/wp-content\/uploads\/2021\/12\/kovid-ljubav-premijera-6.jpg\"><img loading=\"lazy\" decoding=\"async\" class=\"alignleft size-medium wp-image-178518\" src=\"https:\/\/www.prijedordanas.com\/wp-content\/uploads\/2021\/12\/kovid-ljubav-premijera-6-300x225.jpg\" alt=\"\" width=\"300\" height=\"225\" srcset=\"https:\/\/www.prijedordanas.com\/wp-content\/uploads\/2021\/12\/kovid-ljubav-premijera-6-300x225.jpg 300w, https:\/\/www.prijedordanas.com\/wp-content\/uploads\/2021\/12\/kovid-ljubav-premijera-6-640x480.jpg 640w, https:\/\/www.prijedordanas.com\/wp-content\/uploads\/2021\/12\/kovid-ljubav-premijera-6.jpg 667w\" sizes=\"(max-width: 300px) 100vw, 300px\" \/><\/a> <a href=\"https:\/\/www.prijedordanas.com\/wp-content\/uploads\/2021\/12\/kovid-ljubav-premijera-7.jpg\"><img loading=\"lazy\" decoding=\"async\" class=\"alignleft size-medium wp-image-178519\" src=\"https:\/\/www.prijedordanas.com\/wp-content\/uploads\/2021\/12\/kovid-ljubav-premijera-7-300x200.jpg\" alt=\"\" width=\"300\" height=\"200\" srcset=\"https:\/\/www.prijedordanas.com\/wp-content\/uploads\/2021\/12\/kovid-ljubav-premijera-7-300x200.jpg 300w, https:\/\/www.prijedordanas.com\/wp-content\/uploads\/2021\/12\/kovid-ljubav-premijera-7-480x320.jpg 480w, https:\/\/www.prijedordanas.com\/wp-content\/uploads\/2021\/12\/kovid-ljubav-premijera-7.jpg 600w\" sizes=\"(max-width: 300px) 100vw, 300px\" \/><\/a> <a href=\"https:\/\/www.prijedordanas.com\/wp-content\/uploads\/2021\/12\/kovid-ljubav-premijera-8.jpg\"><img loading=\"lazy\" decoding=\"async\" class=\"alignleft size-medium wp-image-178520\" src=\"https:\/\/www.prijedordanas.com\/wp-content\/uploads\/2021\/12\/kovid-ljubav-premijera-8-300x200.jpg\" alt=\"\" width=\"300\" height=\"200\" srcset=\"https:\/\/www.prijedordanas.com\/wp-content\/uploads\/2021\/12\/kovid-ljubav-premijera-8-300x200.jpg 300w, https:\/\/www.prijedordanas.com\/wp-content\/uploads\/2021\/12\/kovid-ljubav-premijera-8-480x320.jpg 480w, https:\/\/www.prijedordanas.com\/wp-content\/uploads\/2021\/12\/kovid-ljubav-premijera-8.jpg 600w\" sizes=\"(max-width: 300px) 100vw, 300px\" \/><\/a> <a href=\"https:\/\/www.prijedordanas.com\/wp-content\/uploads\/2021\/12\/kovid-ljubav-premijera-9.jpg\"><img loading=\"lazy\" decoding=\"async\" class=\"alignleft size-medium wp-image-178521\" src=\"https:\/\/www.prijedordanas.com\/wp-content\/uploads\/2021\/12\/kovid-ljubav-premijera-9-300x200.jpg\" alt=\"\" width=\"300\" height=\"200\" srcset=\"https:\/\/www.prijedordanas.com\/wp-content\/uploads\/2021\/12\/kovid-ljubav-premijera-9-300x200.jpg 300w, https:\/\/www.prijedordanas.com\/wp-content\/uploads\/2021\/12\/kovid-ljubav-premijera-9-480x320.jpg 480w, https:\/\/www.prijedordanas.com\/wp-content\/uploads\/2021\/12\/kovid-ljubav-premijera-9.jpg 600w\" sizes=\"(max-width: 300px) 100vw, 300px\" \/><\/a> <a href=\"https:\/\/www.prijedordanas.com\/wp-content\/uploads\/2021\/12\/kovid-ljubav-premijera-10.jpg\"><img loading=\"lazy\" decoding=\"async\" class=\"alignleft size-medium wp-image-178522\" src=\"https:\/\/www.prijedordanas.com\/wp-content\/uploads\/2021\/12\/kovid-ljubav-premijera-10-300x200.jpg\" alt=\"\" width=\"300\" height=\"200\" srcset=\"https:\/\/www.prijedordanas.com\/wp-content\/uploads\/2021\/12\/kovid-ljubav-premijera-10-300x200.jpg 300w, https:\/\/www.prijedordanas.com\/wp-content\/uploads\/2021\/12\/kovid-ljubav-premijera-10-480x320.jpg 480w, https:\/\/www.prijedordanas.com\/wp-content\/uploads\/2021\/12\/kovid-ljubav-premijera-10.jpg 600w\" sizes=\"(max-width: 300px) 100vw, 300px\" \/><\/a> <a href=\"https:\/\/www.prijedordanas.com\/wp-content\/uploads\/2021\/12\/kovid-ljubav-premijera-11.jpg\"><img loading=\"lazy\" decoding=\"async\" class=\"alignleft size-medium wp-image-178523\" src=\"https:\/\/www.prijedordanas.com\/wp-content\/uploads\/2021\/12\/kovid-ljubav-premijera-11-300x200.jpg\" alt=\"\" width=\"300\" height=\"200\" srcset=\"https:\/\/www.prijedordanas.com\/wp-content\/uploads\/2021\/12\/kovid-ljubav-premijera-11-300x200.jpg 300w, https:\/\/www.prijedordanas.com\/wp-content\/uploads\/2021\/12\/kovid-ljubav-premijera-11-480x320.jpg 480w, https:\/\/www.prijedordanas.com\/wp-content\/uploads\/2021\/12\/kovid-ljubav-premijera-11.jpg 600w\" sizes=\"(max-width: 300px) 100vw, 300px\" \/><\/a> <a href=\"https:\/\/www.prijedordanas.com\/wp-content\/uploads\/2021\/12\/kovid-ljubav-premijera-12.jpg\"><img loading=\"lazy\" decoding=\"async\" class=\"alignleft size-medium wp-image-178524\" src=\"https:\/\/www.prijedordanas.com\/wp-content\/uploads\/2021\/12\/kovid-ljubav-premijera-12-300x200.jpg\" alt=\"\" width=\"300\" height=\"200\" srcset=\"https:\/\/www.prijedordanas.com\/wp-content\/uploads\/2021\/12\/kovid-ljubav-premijera-12-300x200.jpg 300w, https:\/\/www.prijedordanas.com\/wp-content\/uploads\/2021\/12\/kovid-ljubav-premijera-12-480x320.jpg 480w, https:\/\/www.prijedordanas.com\/wp-content\/uploads\/2021\/12\/kovid-ljubav-premijera-12.jpg 600w\" sizes=\"(max-width: 300px) 100vw, 300px\" \/><\/a> <a href=\"https:\/\/www.prijedordanas.com\/wp-content\/uploads\/2021\/12\/kovid-ljubav-premijera-13.jpg\"><img loading=\"lazy\" decoding=\"async\" class=\"alignleft size-medium wp-image-178525\" src=\"https:\/\/www.prijedordanas.com\/wp-content\/uploads\/2021\/12\/kovid-ljubav-premijera-13-300x200.jpg\" alt=\"\" width=\"300\" height=\"200\" srcset=\"https:\/\/www.prijedordanas.com\/wp-content\/uploads\/2021\/12\/kovid-ljubav-premijera-13-300x200.jpg 300w, https:\/\/www.prijedordanas.com\/wp-content\/uploads\/2021\/12\/kovid-ljubav-premijera-13-480x320.jpg 480w, https:\/\/www.prijedordanas.com\/wp-content\/uploads\/2021\/12\/kovid-ljubav-premijera-13.jpg 600w\" sizes=\"(max-width: 300px) 100vw, 300px\" \/><\/a><\/p>\n","protected":false},"excerpt":{"rendered":"<p>Pozori\u0161te Prijedor premijerno je odigralo komediju &#8220;Kovid ljubav&#8221; po tekstu &#8220;Neobi\u010dna po\u0161iljka&#8221; Luke \u0110akomocija i u re\u017eiji \u017deljka Kasapa. Vr\u0161ilac du\u017enosti direktora ove ustanove Sr\u0111an Knjeginji\u0107 rekao je da su [&hellip;]<\/p>\n","protected":false},"author":1,"featured_media":0,"comment_status":"closed","ping_status":"open","sticky":false,"template":"","format":"standard","meta":{"_monsterinsights_skip_tracking":false,"_monsterinsights_sitenote_active":false,"_monsterinsights_sitenote_note":"","_monsterinsights_sitenote_category":0,"footnotes":""},"categories":[7515,6],"tags":[],"yoast_head":"<!-- This site is optimized with the Yoast SEO plugin v21.6 - https:\/\/yoast.com\/wordpress\/plugins\/seo\/ -->\n<title>Nova premijera Pozori\u0161ta Prijedor: &quot;Kovid ljubav&quot; nasmijala publiku - FOTO - PrijedorDanas.com - Prijedorski gradski portal<\/title>\n<meta name=\"robots\" content=\"index, follow, max-snippet:-1, max-image-preview:large, max-video-preview:-1\" \/>\n<link rel=\"canonical\" href=\"https:\/\/www.prijedordanas.com\/?p=178542\" \/>\n<meta property=\"og:locale\" content=\"en_US\" \/>\n<meta property=\"og:type\" content=\"article\" \/>\n<meta property=\"og:title\" content=\"Nova premijera Pozori\u0161ta Prijedor: &quot;Kovid ljubav&quot; nasmijala publiku - FOTO - PrijedorDanas.com - Prijedorski gradski portal\" \/>\n<meta property=\"og:description\" content=\"Pozori\u0161te Prijedor premijerno je odigralo komediju &#8220;Kovid ljubav&#8221; po tekstu &#8220;Neobi\u010dna po\u0161iljka&#8221; Luke \u0110akomocija i u re\u017eiji \u017deljka Kasapa. Vr\u0161ilac du\u017enosti direktora ove ustanove Sr\u0111an Knjeginji\u0107 rekao je da su [&hellip;]\" \/>\n<meta property=\"og:url\" content=\"https:\/\/www.prijedordanas.com\/?p=178542\" \/>\n<meta property=\"og:site_name\" content=\"PrijedorDanas.com - Prijedorski gradski portal\" \/>\n<meta property=\"article:publisher\" content=\"https:\/\/www.facebook.com\/PrijedorDanasCom\/\" \/>\n<meta property=\"article:published_time\" content=\"2021-12-15T08:21:49+00:00\" \/>\n<meta property=\"article:modified_time\" content=\"2021-12-15T08:26:41+00:00\" \/>\n<meta property=\"og:image\" content=\"https:\/\/www.prijedordanas.com\/wp-content\/uploads\/2021\/12\/kovid-ljubav-premijera-1-300x225.jpg\" \/>\n<meta name=\"author\" content=\"admin\" \/>\n<meta name=\"twitter:card\" content=\"summary_large_image\" \/>\n<meta name=\"twitter:label1\" content=\"Written by\" \/>\n\t<meta name=\"twitter:data1\" content=\"admin\" \/>\n\t<meta name=\"twitter:label2\" content=\"Est. reading time\" \/>\n\t<meta name=\"twitter:data2\" content=\"2 minutes\" \/>\n<script type=\"application\/ld+json\" class=\"yoast-schema-graph\">{\"@context\":\"https:\/\/schema.org\",\"@graph\":[{\"@type\":\"Article\",\"@id\":\"https:\/\/www.prijedordanas.com\/?p=178542#article\",\"isPartOf\":{\"@id\":\"https:\/\/www.prijedordanas.com\/?p=178542\"},\"author\":{\"name\":\"admin\",\"@id\":\"https:\/\/www.prijedordanas.com\/#\/schema\/person\/4e08ccf29b506ca916ff86d46bb700e6\"},\"headline\":\"Nova premijera Pozori\u0161ta Prijedor: &#8220;Kovid ljubav&#8221; nasmijala publiku &#8211; FOTO\",\"datePublished\":\"2021-12-15T08:21:49+00:00\",\"dateModified\":\"2021-12-15T08:26:41+00:00\",\"mainEntityOfPage\":{\"@id\":\"https:\/\/www.prijedordanas.com\/?p=178542\"},\"wordCount\":400,\"publisher\":{\"@id\":\"https:\/\/www.prijedordanas.com\/#organization\"},\"articleSection\":[\"Foto dana\",\"Kultura\"],\"inLanguage\":\"en-US\"},{\"@type\":\"WebPage\",\"@id\":\"https:\/\/www.prijedordanas.com\/?p=178542\",\"url\":\"https:\/\/www.prijedordanas.com\/?p=178542\",\"name\":\"Nova premijera Pozori\u0161ta Prijedor: \\\"Kovid ljubav\\\" nasmijala publiku - FOTO - PrijedorDanas.com - Prijedorski gradski portal\",\"isPartOf\":{\"@id\":\"https:\/\/www.prijedordanas.com\/#website\"},\"datePublished\":\"2021-12-15T08:21:49+00:00\",\"dateModified\":\"2021-12-15T08:26:41+00:00\",\"breadcrumb\":{\"@id\":\"https:\/\/www.prijedordanas.com\/?p=178542#breadcrumb\"},\"inLanguage\":\"en-US\",\"potentialAction\":[{\"@type\":\"ReadAction\",\"target\":[\"https:\/\/www.prijedordanas.com\/?p=178542\"]}]},{\"@type\":\"BreadcrumbList\",\"@id\":\"https:\/\/www.prijedordanas.com\/?p=178542#breadcrumb\",\"itemListElement\":[{\"@type\":\"ListItem\",\"position\":1,\"name\":\"Home\",\"item\":\"https:\/\/www.prijedordanas.com\/\"},{\"@type\":\"ListItem\",\"position\":2,\"name\":\"Nova premijera Pozori\u0161ta Prijedor: &#8220;Kovid ljubav&#8221; nasmijala publiku &#8211; FOTO\"}]},{\"@type\":\"WebSite\",\"@id\":\"https:\/\/www.prijedordanas.com\/#website\",\"url\":\"https:\/\/www.prijedordanas.com\/\",\"name\":\"PrijedorDanas.com - Prijedorski gradski portal\",\"description\":\"Portal o doga\u0111anjima u gradu Prijedoru\",\"publisher\":{\"@id\":\"https:\/\/www.prijedordanas.com\/#organization\"},\"potentialAction\":[{\"@type\":\"SearchAction\",\"target\":{\"@type\":\"EntryPoint\",\"urlTemplate\":\"https:\/\/www.prijedordanas.com\/?s={search_term_string}\"},\"query-input\":\"required name=search_term_string\"}],\"inLanguage\":\"en-US\"},{\"@type\":\"Organization\",\"@id\":\"https:\/\/www.prijedordanas.com\/#organization\",\"name\":\"PrijedorDanas.com\",\"url\":\"https:\/\/www.prijedordanas.com\/\",\"logo\":{\"@type\":\"ImageObject\",\"inLanguage\":\"en-US\",\"@id\":\"https:\/\/www.prijedordanas.com\/#\/schema\/logo\/image\/\",\"url\":\"http:\/\/www.prijedordanas.com\/wp-content\/uploads\/2021\/12\/logopng.png\",\"contentUrl\":\"http:\/\/www.prijedordanas.com\/wp-content\/uploads\/2021\/12\/logopng.png\",\"width\":1019,\"height\":776,\"caption\":\"PrijedorDanas.com\"},\"image\":{\"@id\":\"https:\/\/www.prijedordanas.com\/#\/schema\/logo\/image\/\"},\"sameAs\":[\"https:\/\/www.facebook.com\/PrijedorDanasCom\/\"]},{\"@type\":\"Person\",\"@id\":\"https:\/\/www.prijedordanas.com\/#\/schema\/person\/4e08ccf29b506ca916ff86d46bb700e6\",\"name\":\"admin\",\"image\":{\"@type\":\"ImageObject\",\"inLanguage\":\"en-US\",\"@id\":\"https:\/\/www.prijedordanas.com\/#\/schema\/person\/image\/\",\"url\":\"https:\/\/secure.gravatar.com\/avatar\/1d3fc949d550f0b53a5f0d51e06dfd79?s=96&d=mm&r=g\",\"contentUrl\":\"https:\/\/secure.gravatar.com\/avatar\/1d3fc949d550f0b53a5f0d51e06dfd79?s=96&d=mm&r=g\",\"caption\":\"admin\"},\"url\":\"https:\/\/www.prijedordanas.com\/?author=1\"}]}<\/script>\n<!-- \/ Yoast SEO plugin. -->","yoast_head_json":{"title":"Nova premijera Pozori\u0161ta Prijedor: \"Kovid ljubav\" nasmijala publiku - FOTO - PrijedorDanas.com - Prijedorski gradski portal","robots":{"index":"index","follow":"follow","max-snippet":"max-snippet:-1","max-image-preview":"max-image-preview:large","max-video-preview":"max-video-preview:-1"},"canonical":"https:\/\/www.prijedordanas.com\/?p=178542","og_locale":"en_US","og_type":"article","og_title":"Nova premijera Pozori\u0161ta Prijedor: \"Kovid ljubav\" nasmijala publiku - FOTO - PrijedorDanas.com - Prijedorski gradski portal","og_description":"Pozori\u0161te Prijedor premijerno je odigralo komediju &#8220;Kovid ljubav&#8221; po tekstu &#8220;Neobi\u010dna po\u0161iljka&#8221; Luke \u0110akomocija i u re\u017eiji \u017deljka Kasapa. Vr\u0161ilac du\u017enosti direktora ove ustanove Sr\u0111an Knjeginji\u0107 rekao je da su [&hellip;]","og_url":"https:\/\/www.prijedordanas.com\/?p=178542","og_site_name":"PrijedorDanas.com - Prijedorski gradski portal","article_publisher":"https:\/\/www.facebook.com\/PrijedorDanasCom\/","article_published_time":"2021-12-15T08:21:49+00:00","article_modified_time":"2021-12-15T08:26:41+00:00","og_image":[{"url":"https:\/\/www.prijedordanas.com\/wp-content\/uploads\/2021\/12\/kovid-ljubav-premijera-1-300x225.jpg"}],"author":"admin","twitter_card":"summary_large_image","twitter_misc":{"Written by":"admin","Est. reading time":"2 minutes"},"schema":{"@context":"https:\/\/schema.org","@graph":[{"@type":"Article","@id":"https:\/\/www.prijedordanas.com\/?p=178542#article","isPartOf":{"@id":"https:\/\/www.prijedordanas.com\/?p=178542"},"author":{"name":"admin","@id":"https:\/\/www.prijedordanas.com\/#\/schema\/person\/4e08ccf29b506ca916ff86d46bb700e6"},"headline":"Nova premijera Pozori\u0161ta Prijedor: &#8220;Kovid ljubav&#8221; nasmijala publiku &#8211; FOTO","datePublished":"2021-12-15T08:21:49+00:00","dateModified":"2021-12-15T08:26:41+00:00","mainEntityOfPage":{"@id":"https:\/\/www.prijedordanas.com\/?p=178542"},"wordCount":400,"publisher":{"@id":"https:\/\/www.prijedordanas.com\/#organization"},"articleSection":["Foto dana","Kultura"],"inLanguage":"en-US"},{"@type":"WebPage","@id":"https:\/\/www.prijedordanas.com\/?p=178542","url":"https:\/\/www.prijedordanas.com\/?p=178542","name":"Nova premijera Pozori\u0161ta Prijedor: \"Kovid ljubav\" nasmijala publiku - FOTO - PrijedorDanas.com - Prijedorski gradski portal","isPartOf":{"@id":"https:\/\/www.prijedordanas.com\/#website"},"datePublished":"2021-12-15T08:21:49+00:00","dateModified":"2021-12-15T08:26:41+00:00","breadcrumb":{"@id":"https:\/\/www.prijedordanas.com\/?p=178542#breadcrumb"},"inLanguage":"en-US","potentialAction":[{"@type":"ReadAction","target":["https:\/\/www.prijedordanas.com\/?p=178542"]}]},{"@type":"BreadcrumbList","@id":"https:\/\/www.prijedordanas.com\/?p=178542#breadcrumb","itemListElement":[{"@type":"ListItem","position":1,"name":"Home","item":"https:\/\/www.prijedordanas.com\/"},{"@type":"ListItem","position":2,"name":"Nova premijera Pozori\u0161ta Prijedor: &#8220;Kovid ljubav&#8221; nasmijala publiku &#8211; FOTO"}]},{"@type":"WebSite","@id":"https:\/\/www.prijedordanas.com\/#website","url":"https:\/\/www.prijedordanas.com\/","name":"PrijedorDanas.com - Prijedorski gradski portal","description":"Portal o doga\u0111anjima u gradu Prijedoru","publisher":{"@id":"https:\/\/www.prijedordanas.com\/#organization"},"potentialAction":[{"@type":"SearchAction","target":{"@type":"EntryPoint","urlTemplate":"https:\/\/www.prijedordanas.com\/?s={search_term_string}"},"query-input":"required name=search_term_string"}],"inLanguage":"en-US"},{"@type":"Organization","@id":"https:\/\/www.prijedordanas.com\/#organization","name":"PrijedorDanas.com","url":"https:\/\/www.prijedordanas.com\/","logo":{"@type":"ImageObject","inLanguage":"en-US","@id":"https:\/\/www.prijedordanas.com\/#\/schema\/logo\/image\/","url":"http:\/\/www.prijedordanas.com\/wp-content\/uploads\/2021\/12\/logopng.png","contentUrl":"http:\/\/www.prijedordanas.com\/wp-content\/uploads\/2021\/12\/logopng.png","width":1019,"height":776,"caption":"PrijedorDanas.com"},"image":{"@id":"https:\/\/www.prijedordanas.com\/#\/schema\/logo\/image\/"},"sameAs":["https:\/\/www.facebook.com\/PrijedorDanasCom\/"]},{"@type":"Person","@id":"https:\/\/www.prijedordanas.com\/#\/schema\/person\/4e08ccf29b506ca916ff86d46bb700e6","name":"admin","image":{"@type":"ImageObject","inLanguage":"en-US","@id":"https:\/\/www.prijedordanas.com\/#\/schema\/person\/image\/","url":"https:\/\/secure.gravatar.com\/avatar\/1d3fc949d550f0b53a5f0d51e06dfd79?s=96&d=mm&r=g","contentUrl":"https:\/\/secure.gravatar.com\/avatar\/1d3fc949d550f0b53a5f0d51e06dfd79?s=96&d=mm&r=g","caption":"admin"},"url":"https:\/\/www.prijedordanas.com\/?author=1"}]}},"_links":{"self":[{"href":"https:\/\/www.prijedordanas.com\/index.php?rest_route=\/wp\/v2\/posts\/178542"}],"collection":[{"href":"https:\/\/www.prijedordanas.com\/index.php?rest_route=\/wp\/v2\/posts"}],"about":[{"href":"https:\/\/www.prijedordanas.com\/index.php?rest_route=\/wp\/v2\/types\/post"}],"author":[{"embeddable":true,"href":"https:\/\/www.prijedordanas.com\/index.php?rest_route=\/wp\/v2\/users\/1"}],"replies":[{"embeddable":true,"href":"https:\/\/www.prijedordanas.com\/index.php?rest_route=%2Fwp%2Fv2%2Fcomments&post=178542"}],"version-history":[{"count":2,"href":"https:\/\/www.prijedordanas.com\/index.php?rest_route=\/wp\/v2\/posts\/178542\/revisions"}],"predecessor-version":[{"id":178544,"href":"https:\/\/www.prijedordanas.com\/index.php?rest_route=\/wp\/v2\/posts\/178542\/revisions\/178544"}],"wp:attachment":[{"href":"https:\/\/www.prijedordanas.com\/index.php?rest_route=%2Fwp%2Fv2%2Fmedia&parent=178542"}],"wp:term":[{"taxonomy":"category","embeddable":true,"href":"https:\/\/www.prijedordanas.com\/index.php?rest_route=%2Fwp%2Fv2%2Fcategories&post=178542"},{"taxonomy":"post_tag","embeddable":true,"href":"https:\/\/www.prijedordanas.com\/index.php?rest_route=%2Fwp%2Fv2%2Ftags&post=178542"}],"curies":[{"name":"wp","href":"https:\/\/api.w.org\/{rel}","templated":true}]}}