{"id":178468,"date":"2021-12-14T12:04:23","date_gmt":"2021-12-14T11:04:23","guid":{"rendered":"https:\/\/www.prijedordanas.com\/?p=178468"},"modified":"2021-12-14T12:04:23","modified_gmt":"2021-12-14T11:04:23","slug":"sedmoro-povrijedenih-u-saobracajnoj-nezgodi-kod-prijedora-medu-njima-beba-i-sedmogodisnje-dijete-foto","status":"publish","type":"post","link":"https:\/\/www.prijedordanas.com\/?p=178468","title":{"rendered":"Sedmoro povrije\u0111enih u saobra\u0107ajnoj nezgodi kod Prijedora: Me\u0111u njima beba i sedmogodi\u0161nje dijete &#8211; FOTO"},"content":{"rendered":"<p><a href=\"https:\/\/www.prijedordanas.com\/wp-content\/uploads\/2021\/12\/saobracajka-hjundai-pezo-fiat-2.jpg\"><img loading=\"lazy\" decoding=\"async\" class=\"alignleft size-medium wp-image-178440\" src=\"https:\/\/www.prijedordanas.com\/wp-content\/uploads\/2021\/12\/saobracajka-hjundai-pezo-fiat-2-300x225.jpg\" alt=\"\" width=\"300\" height=\"225\" srcset=\"https:\/\/www.prijedordanas.com\/wp-content\/uploads\/2021\/12\/saobracajka-hjundai-pezo-fiat-2-300x225.jpg 300w, https:\/\/www.prijedordanas.com\/wp-content\/uploads\/2021\/12\/saobracajka-hjundai-pezo-fiat-2-640x480.jpg 640w, https:\/\/www.prijedordanas.com\/wp-content\/uploads\/2021\/12\/saobracajka-hjundai-pezo-fiat-2.jpg 667w\" sizes=\"(max-width: 300px) 100vw, 300px\" \/><\/a>Sedmoro povrije\u0111enih, od toga jedno lice sa te\u017eim tjelesnim povredama, bilans je te\u0161ke saobra\u0107ajne nezgode koja se ju\u010de u poslijepodnevnim \u010dasovima dogodila kod Prijedora.<\/p>\n<p>-Policijskoj upravi Prijedor dana 13.12.2021. godine oko 16:20 \u010dasova prijavljena je saobrac\u0301ajna nezgoda na magistralnom putu Prijedor-Banja Luka u mjestu Kon\u010dari. U njoj su u\u010destvovali lice B.G. iz Prijedora koje je upravljalo putni\u010dkim automobilom &#8220;Pe\u017eo&#8221;, lice T.K. iz Prijedora koje je upravljalo putni\u010dkim automobilom &#8220;Hjundai&#8221; i lice S.T. iz Prijedora koje je upravljalo putni\u010dkim automobilom &#8220;Fiat&#8221;. Tom prilikom lake tjelesne povrede zadobili su voza\u010d &#8220;Pe\u017eoa&#8221; B.G., lice A.O.G. iz Prijedora koje je bilo suvoza\u010d u istom vozilu kao i dva maloljetna putnika, dok je lice E.B. iz Prijedora zadobilo te\u0161ke tjelesne povrede. Lak\u0161e tjelesne povrede zadobili su i lica T.K. i N.G., oba iz Prijedora, voza\u010d i suvoza\u010d iz &#8220;Hjundaija&#8221; &#8211; rekla je Zvezdana Alendarevi\u0107, portparolka PU Prijedor.<\/p>\n<p><a href=\"https:\/\/www.prijedordanas.com\/wp-content\/uploads\/2021\/12\/saobracajka-hjundai-pezo-fiat-13.jpg\"><img loading=\"lazy\" decoding=\"async\" class=\"alignleft size-medium wp-image-178462\" src=\"https:\/\/www.prijedordanas.com\/wp-content\/uploads\/2021\/12\/saobracajka-hjundai-pezo-fiat-13-300x200.jpg\" alt=\"\" width=\"300\" height=\"200\" srcset=\"https:\/\/www.prijedordanas.com\/wp-content\/uploads\/2021\/12\/saobracajka-hjundai-pezo-fiat-13-300x200.jpg 300w, https:\/\/www.prijedordanas.com\/wp-content\/uploads\/2021\/12\/saobracajka-hjundai-pezo-fiat-13-480x320.jpg 480w, https:\/\/www.prijedordanas.com\/wp-content\/uploads\/2021\/12\/saobracajka-hjundai-pezo-fiat-13.jpg 600w\" sizes=\"(max-width: 300px) 100vw, 300px\" \/><\/a>O navedenom doga\u0111aju je obavije\u0161ten i tu\u017eilac Okru\u017enog javnog tu\u017eila\u0161tva Prijedor.<\/p>\n<p>Kako saznajemo, me\u0111u povrije\u0111enima su sedmogodi\u0161nje dijete i beba stara tek nekoliko mjeseci.<\/p>\n<p><a href=\"https:\/\/www.prijedordanas.com\/?p=178438\" target=\"_blank\" rel=\"noopener\">Te\u0161ka saobra\u0107ajka kod Prijedora: Vi\u0161e povrije\u0111enih me\u0111u kojima su i djeca, obustavljen saobra\u0107aj \u2013 FOTO<\/a><\/p>\n<p>Uvi\u0111aj su obavili policijski slu\u017ebenici PS za bezbjednost saobra\u0107aja Prijedor.<\/p>\n<p>Voza\u010di oprez, prilagodite svoju vo\u017enju uslovima na putu i po\u0161tujte saobra\u0107ajne propise.<\/p>\n<p>Tekst i foto &#8211; <a href=\"https:\/\/www.prijedordanas.com\" target=\"_blank\" rel=\"noopener noreferrer\">www.prijedordanas.com<\/a><\/p>\n<p><a href=\"https:\/\/www.prijedordanas.com\/wp-content\/uploads\/2021\/12\/saobracajka-hjundai-pezo-fiat-9.jpg\"><img loading=\"lazy\" decoding=\"async\" class=\"alignleft size-medium wp-image-178463\" src=\"https:\/\/www.prijedordanas.com\/wp-content\/uploads\/2021\/12\/saobracajka-hjundai-pezo-fiat-9-300x200.jpg\" alt=\"\" width=\"300\" height=\"200\" srcset=\"https:\/\/www.prijedordanas.com\/wp-content\/uploads\/2021\/12\/saobracajka-hjundai-pezo-fiat-9-300x200.jpg 300w, https:\/\/www.prijedordanas.com\/wp-content\/uploads\/2021\/12\/saobracajka-hjundai-pezo-fiat-9-480x320.jpg 480w, https:\/\/www.prijedordanas.com\/wp-content\/uploads\/2021\/12\/saobracajka-hjundai-pezo-fiat-9.jpg 600w\" sizes=\"(max-width: 300px) 100vw, 300px\" \/><\/a> <a href=\"https:\/\/www.prijedordanas.com\/wp-content\/uploads\/2021\/12\/saobracajka-hjundai-pezo-fiat-11.jpg\"><img loading=\"lazy\" decoding=\"async\" class=\"alignleft size-medium wp-image-178464\" src=\"https:\/\/www.prijedordanas.com\/wp-content\/uploads\/2021\/12\/saobracajka-hjundai-pezo-fiat-11-300x200.jpg\" alt=\"\" width=\"300\" height=\"200\" srcset=\"https:\/\/www.prijedordanas.com\/wp-content\/uploads\/2021\/12\/saobracajka-hjundai-pezo-fiat-11-300x200.jpg 300w, https:\/\/www.prijedordanas.com\/wp-content\/uploads\/2021\/12\/saobracajka-hjundai-pezo-fiat-11-480x320.jpg 480w, https:\/\/www.prijedordanas.com\/wp-content\/uploads\/2021\/12\/saobracajka-hjundai-pezo-fiat-11.jpg 600w\" sizes=\"(max-width: 300px) 100vw, 300px\" \/><\/a> <a href=\"https:\/\/www.prijedordanas.com\/wp-content\/uploads\/2021\/12\/saobracajka-hjundai-pezo-fiat-14.jpg\"><img loading=\"lazy\" decoding=\"async\" class=\"alignleft size-medium wp-image-178465\" src=\"https:\/\/www.prijedordanas.com\/wp-content\/uploads\/2021\/12\/saobracajka-hjundai-pezo-fiat-14-300x200.jpg\" alt=\"\" width=\"300\" height=\"200\" srcset=\"https:\/\/www.prijedordanas.com\/wp-content\/uploads\/2021\/12\/saobracajka-hjundai-pezo-fiat-14-300x200.jpg 300w, https:\/\/www.prijedordanas.com\/wp-content\/uploads\/2021\/12\/saobracajka-hjundai-pezo-fiat-14-480x320.jpg 480w, https:\/\/www.prijedordanas.com\/wp-content\/uploads\/2021\/12\/saobracajka-hjundai-pezo-fiat-14.jpg 600w\" sizes=\"(max-width: 300px) 100vw, 300px\" \/><\/a> <a href=\"https:\/\/www.prijedordanas.com\/wp-content\/uploads\/2021\/12\/saobracajka-hjundai-pezo-fiat-10.jpg\"><img loading=\"lazy\" decoding=\"async\" class=\"alignleft size-medium wp-image-178466\" src=\"https:\/\/www.prijedordanas.com\/wp-content\/uploads\/2021\/12\/saobracajka-hjundai-pezo-fiat-10-300x200.jpg\" alt=\"\" width=\"300\" height=\"200\" srcset=\"https:\/\/www.prijedordanas.com\/wp-content\/uploads\/2021\/12\/saobracajka-hjundai-pezo-fiat-10-300x200.jpg 300w, https:\/\/www.prijedordanas.com\/wp-content\/uploads\/2021\/12\/saobracajka-hjundai-pezo-fiat-10-480x320.jpg 480w, https:\/\/www.prijedordanas.com\/wp-content\/uploads\/2021\/12\/saobracajka-hjundai-pezo-fiat-10.jpg 600w\" sizes=\"(max-width: 300px) 100vw, 300px\" \/><\/a><\/p>\n","protected":false},"excerpt":{"rendered":"<p>Sedmoro povrije\u0111enih, od toga jedno lice sa te\u017eim tjelesnim povredama, bilans je te\u0161ke saobra\u0107ajne nezgode koja se ju\u010de u poslijepodnevnim \u010dasovima dogodila kod Prijedora. -Policijskoj upravi Prijedor dana 13.12.2021. godine [&hellip;]<\/p>\n","protected":false},"author":1,"featured_media":0,"comment_status":"closed","ping_status":"open","sticky":false,"template":"","format":"standard","meta":{"_monsterinsights_skip_tracking":false,"_monsterinsights_sitenote_active":false,"_monsterinsights_sitenote_note":"","_monsterinsights_sitenote_category":0,"footnotes":""},"categories":[5],"tags":[228],"yoast_head":"<!-- This site is optimized with the Yoast SEO plugin v21.6 - https:\/\/yoast.com\/wordpress\/plugins\/seo\/ -->\n<title>Sedmoro povrije\u0111enih u saobra\u0107ajnoj nezgodi kod Prijedora: Me\u0111u njima beba i sedmogodi\u0161nje dijete - FOTO - PrijedorDanas.com - Prijedorski gradski portal<\/title>\n<meta name=\"robots\" content=\"index, follow, max-snippet:-1, max-image-preview:large, max-video-preview:-1\" \/>\n<link rel=\"canonical\" href=\"https:\/\/www.prijedordanas.com\/?p=178468\" \/>\n<meta property=\"og:locale\" content=\"en_US\" \/>\n<meta property=\"og:type\" content=\"article\" \/>\n<meta property=\"og:title\" content=\"Sedmoro povrije\u0111enih u saobra\u0107ajnoj nezgodi kod Prijedora: Me\u0111u njima beba i sedmogodi\u0161nje dijete - FOTO - PrijedorDanas.com - Prijedorski gradski portal\" \/>\n<meta property=\"og:description\" content=\"Sedmoro povrije\u0111enih, od toga jedno lice sa te\u017eim tjelesnim povredama, bilans je te\u0161ke saobra\u0107ajne nezgode koja se ju\u010de u poslijepodnevnim \u010dasovima dogodila kod Prijedora. -Policijskoj upravi Prijedor dana 13.12.2021. godine [&hellip;]\" \/>\n<meta property=\"og:url\" content=\"https:\/\/www.prijedordanas.com\/?p=178468\" \/>\n<meta property=\"og:site_name\" content=\"PrijedorDanas.com - Prijedorski gradski portal\" \/>\n<meta property=\"article:publisher\" content=\"https:\/\/www.facebook.com\/PrijedorDanasCom\/\" \/>\n<meta property=\"article:published_time\" content=\"2021-12-14T11:04:23+00:00\" \/>\n<meta property=\"og:image\" content=\"https:\/\/www.prijedordanas.com\/wp-content\/uploads\/2021\/12\/saobracajka-hjundai-pezo-fiat-2-300x225.jpg\" \/>\n<meta name=\"author\" content=\"admin\" \/>\n<meta name=\"twitter:card\" content=\"summary_large_image\" \/>\n<meta name=\"twitter:label1\" content=\"Written by\" \/>\n\t<meta name=\"twitter:data1\" content=\"admin\" \/>\n\t<meta name=\"twitter:label2\" content=\"Est. reading time\" \/>\n\t<meta name=\"twitter:data2\" content=\"1 minute\" \/>\n<script type=\"application\/ld+json\" class=\"yoast-schema-graph\">{\"@context\":\"https:\/\/schema.org\",\"@graph\":[{\"@type\":\"Article\",\"@id\":\"https:\/\/www.prijedordanas.com\/?p=178468#article\",\"isPartOf\":{\"@id\":\"https:\/\/www.prijedordanas.com\/?p=178468\"},\"author\":{\"name\":\"admin\",\"@id\":\"https:\/\/www.prijedordanas.com\/#\/schema\/person\/4e08ccf29b506ca916ff86d46bb700e6\"},\"headline\":\"Sedmoro povrije\u0111enih u saobra\u0107ajnoj nezgodi kod Prijedora: Me\u0111u njima beba i sedmogodi\u0161nje dijete &#8211; FOTO\",\"datePublished\":\"2021-12-14T11:04:23+00:00\",\"dateModified\":\"2021-12-14T11:04:23+00:00\",\"mainEntityOfPage\":{\"@id\":\"https:\/\/www.prijedordanas.com\/?p=178468\"},\"wordCount\":272,\"publisher\":{\"@id\":\"https:\/\/www.prijedordanas.com\/#organization\"},\"keywords\":[\"saobra\u0107ajka\"],\"articleSection\":[\"Hronika\"],\"inLanguage\":\"en-US\"},{\"@type\":\"WebPage\",\"@id\":\"https:\/\/www.prijedordanas.com\/?p=178468\",\"url\":\"https:\/\/www.prijedordanas.com\/?p=178468\",\"name\":\"Sedmoro povrije\u0111enih u saobra\u0107ajnoj nezgodi kod Prijedora: Me\u0111u njima beba i sedmogodi\u0161nje dijete - FOTO - PrijedorDanas.com - Prijedorski gradski portal\",\"isPartOf\":{\"@id\":\"https:\/\/www.prijedordanas.com\/#website\"},\"datePublished\":\"2021-12-14T11:04:23+00:00\",\"dateModified\":\"2021-12-14T11:04:23+00:00\",\"breadcrumb\":{\"@id\":\"https:\/\/www.prijedordanas.com\/?p=178468#breadcrumb\"},\"inLanguage\":\"en-US\",\"potentialAction\":[{\"@type\":\"ReadAction\",\"target\":[\"https:\/\/www.prijedordanas.com\/?p=178468\"]}]},{\"@type\":\"BreadcrumbList\",\"@id\":\"https:\/\/www.prijedordanas.com\/?p=178468#breadcrumb\",\"itemListElement\":[{\"@type\":\"ListItem\",\"position\":1,\"name\":\"Home\",\"item\":\"https:\/\/www.prijedordanas.com\/\"},{\"@type\":\"ListItem\",\"position\":2,\"name\":\"Sedmoro povrije\u0111enih u saobra\u0107ajnoj nezgodi kod Prijedora: Me\u0111u njima beba i sedmogodi\u0161nje dijete &#8211; FOTO\"}]},{\"@type\":\"WebSite\",\"@id\":\"https:\/\/www.prijedordanas.com\/#website\",\"url\":\"https:\/\/www.prijedordanas.com\/\",\"name\":\"PrijedorDanas.com - Prijedorski gradski portal\",\"description\":\"Portal o doga\u0111anjima u gradu Prijedoru\",\"publisher\":{\"@id\":\"https:\/\/www.prijedordanas.com\/#organization\"},\"potentialAction\":[{\"@type\":\"SearchAction\",\"target\":{\"@type\":\"EntryPoint\",\"urlTemplate\":\"https:\/\/www.prijedordanas.com\/?s={search_term_string}\"},\"query-input\":\"required name=search_term_string\"}],\"inLanguage\":\"en-US\"},{\"@type\":\"Organization\",\"@id\":\"https:\/\/www.prijedordanas.com\/#organization\",\"name\":\"PrijedorDanas.com\",\"url\":\"https:\/\/www.prijedordanas.com\/\",\"logo\":{\"@type\":\"ImageObject\",\"inLanguage\":\"en-US\",\"@id\":\"https:\/\/www.prijedordanas.com\/#\/schema\/logo\/image\/\",\"url\":\"http:\/\/www.prijedordanas.com\/wp-content\/uploads\/2021\/12\/logopng.png\",\"contentUrl\":\"http:\/\/www.prijedordanas.com\/wp-content\/uploads\/2021\/12\/logopng.png\",\"width\":1019,\"height\":776,\"caption\":\"PrijedorDanas.com\"},\"image\":{\"@id\":\"https:\/\/www.prijedordanas.com\/#\/schema\/logo\/image\/\"},\"sameAs\":[\"https:\/\/www.facebook.com\/PrijedorDanasCom\/\"]},{\"@type\":\"Person\",\"@id\":\"https:\/\/www.prijedordanas.com\/#\/schema\/person\/4e08ccf29b506ca916ff86d46bb700e6\",\"name\":\"admin\",\"image\":{\"@type\":\"ImageObject\",\"inLanguage\":\"en-US\",\"@id\":\"https:\/\/www.prijedordanas.com\/#\/schema\/person\/image\/\",\"url\":\"https:\/\/secure.gravatar.com\/avatar\/1d3fc949d550f0b53a5f0d51e06dfd79?s=96&d=mm&r=g\",\"contentUrl\":\"https:\/\/secure.gravatar.com\/avatar\/1d3fc949d550f0b53a5f0d51e06dfd79?s=96&d=mm&r=g\",\"caption\":\"admin\"},\"url\":\"https:\/\/www.prijedordanas.com\/?author=1\"}]}<\/script>\n<!-- \/ Yoast SEO plugin. -->","yoast_head_json":{"title":"Sedmoro povrije\u0111enih u saobra\u0107ajnoj nezgodi kod Prijedora: Me\u0111u njima beba i sedmogodi\u0161nje dijete - FOTO - PrijedorDanas.com - Prijedorski gradski portal","robots":{"index":"index","follow":"follow","max-snippet":"max-snippet:-1","max-image-preview":"max-image-preview:large","max-video-preview":"max-video-preview:-1"},"canonical":"https:\/\/www.prijedordanas.com\/?p=178468","og_locale":"en_US","og_type":"article","og_title":"Sedmoro povrije\u0111enih u saobra\u0107ajnoj nezgodi kod Prijedora: Me\u0111u njima beba i sedmogodi\u0161nje dijete - FOTO - PrijedorDanas.com - Prijedorski gradski portal","og_description":"Sedmoro povrije\u0111enih, od toga jedno lice sa te\u017eim tjelesnim povredama, bilans je te\u0161ke saobra\u0107ajne nezgode koja se ju\u010de u poslijepodnevnim \u010dasovima dogodila kod Prijedora. -Policijskoj upravi Prijedor dana 13.12.2021. godine [&hellip;]","og_url":"https:\/\/www.prijedordanas.com\/?p=178468","og_site_name":"PrijedorDanas.com - Prijedorski gradski portal","article_publisher":"https:\/\/www.facebook.com\/PrijedorDanasCom\/","article_published_time":"2021-12-14T11:04:23+00:00","og_image":[{"url":"https:\/\/www.prijedordanas.com\/wp-content\/uploads\/2021\/12\/saobracajka-hjundai-pezo-fiat-2-300x225.jpg"}],"author":"admin","twitter_card":"summary_large_image","twitter_misc":{"Written by":"admin","Est. reading time":"1 minute"},"schema":{"@context":"https:\/\/schema.org","@graph":[{"@type":"Article","@id":"https:\/\/www.prijedordanas.com\/?p=178468#article","isPartOf":{"@id":"https:\/\/www.prijedordanas.com\/?p=178468"},"author":{"name":"admin","@id":"https:\/\/www.prijedordanas.com\/#\/schema\/person\/4e08ccf29b506ca916ff86d46bb700e6"},"headline":"Sedmoro povrije\u0111enih u saobra\u0107ajnoj nezgodi kod Prijedora: Me\u0111u njima beba i sedmogodi\u0161nje dijete &#8211; FOTO","datePublished":"2021-12-14T11:04:23+00:00","dateModified":"2021-12-14T11:04:23+00:00","mainEntityOfPage":{"@id":"https:\/\/www.prijedordanas.com\/?p=178468"},"wordCount":272,"publisher":{"@id":"https:\/\/www.prijedordanas.com\/#organization"},"keywords":["saobra\u0107ajka"],"articleSection":["Hronika"],"inLanguage":"en-US"},{"@type":"WebPage","@id":"https:\/\/www.prijedordanas.com\/?p=178468","url":"https:\/\/www.prijedordanas.com\/?p=178468","name":"Sedmoro povrije\u0111enih u saobra\u0107ajnoj nezgodi kod Prijedora: Me\u0111u njima beba i sedmogodi\u0161nje dijete - FOTO - PrijedorDanas.com - Prijedorski gradski portal","isPartOf":{"@id":"https:\/\/www.prijedordanas.com\/#website"},"datePublished":"2021-12-14T11:04:23+00:00","dateModified":"2021-12-14T11:04:23+00:00","breadcrumb":{"@id":"https:\/\/www.prijedordanas.com\/?p=178468#breadcrumb"},"inLanguage":"en-US","potentialAction":[{"@type":"ReadAction","target":["https:\/\/www.prijedordanas.com\/?p=178468"]}]},{"@type":"BreadcrumbList","@id":"https:\/\/www.prijedordanas.com\/?p=178468#breadcrumb","itemListElement":[{"@type":"ListItem","position":1,"name":"Home","item":"https:\/\/www.prijedordanas.com\/"},{"@type":"ListItem","position":2,"name":"Sedmoro povrije\u0111enih u saobra\u0107ajnoj nezgodi kod Prijedora: Me\u0111u njima beba i sedmogodi\u0161nje dijete &#8211; FOTO"}]},{"@type":"WebSite","@id":"https:\/\/www.prijedordanas.com\/#website","url":"https:\/\/www.prijedordanas.com\/","name":"PrijedorDanas.com - Prijedorski gradski portal","description":"Portal o doga\u0111anjima u gradu Prijedoru","publisher":{"@id":"https:\/\/www.prijedordanas.com\/#organization"},"potentialAction":[{"@type":"SearchAction","target":{"@type":"EntryPoint","urlTemplate":"https:\/\/www.prijedordanas.com\/?s={search_term_string}"},"query-input":"required name=search_term_string"}],"inLanguage":"en-US"},{"@type":"Organization","@id":"https:\/\/www.prijedordanas.com\/#organization","name":"PrijedorDanas.com","url":"https:\/\/www.prijedordanas.com\/","logo":{"@type":"ImageObject","inLanguage":"en-US","@id":"https:\/\/www.prijedordanas.com\/#\/schema\/logo\/image\/","url":"http:\/\/www.prijedordanas.com\/wp-content\/uploads\/2021\/12\/logopng.png","contentUrl":"http:\/\/www.prijedordanas.com\/wp-content\/uploads\/2021\/12\/logopng.png","width":1019,"height":776,"caption":"PrijedorDanas.com"},"image":{"@id":"https:\/\/www.prijedordanas.com\/#\/schema\/logo\/image\/"},"sameAs":["https:\/\/www.facebook.com\/PrijedorDanasCom\/"]},{"@type":"Person","@id":"https:\/\/www.prijedordanas.com\/#\/schema\/person\/4e08ccf29b506ca916ff86d46bb700e6","name":"admin","image":{"@type":"ImageObject","inLanguage":"en-US","@id":"https:\/\/www.prijedordanas.com\/#\/schema\/person\/image\/","url":"https:\/\/secure.gravatar.com\/avatar\/1d3fc949d550f0b53a5f0d51e06dfd79?s=96&d=mm&r=g","contentUrl":"https:\/\/secure.gravatar.com\/avatar\/1d3fc949d550f0b53a5f0d51e06dfd79?s=96&d=mm&r=g","caption":"admin"},"url":"https:\/\/www.prijedordanas.com\/?author=1"}]}},"_links":{"self":[{"href":"https:\/\/www.prijedordanas.com\/index.php?rest_route=\/wp\/v2\/posts\/178468"}],"collection":[{"href":"https:\/\/www.prijedordanas.com\/index.php?rest_route=\/wp\/v2\/posts"}],"about":[{"href":"https:\/\/www.prijedordanas.com\/index.php?rest_route=\/wp\/v2\/types\/post"}],"author":[{"embeddable":true,"href":"https:\/\/www.prijedordanas.com\/index.php?rest_route=\/wp\/v2\/users\/1"}],"replies":[{"embeddable":true,"href":"https:\/\/www.prijedordanas.com\/index.php?rest_route=%2Fwp%2Fv2%2Fcomments&post=178468"}],"version-history":[{"count":1,"href":"https:\/\/www.prijedordanas.com\/index.php?rest_route=\/wp\/v2\/posts\/178468\/revisions"}],"predecessor-version":[{"id":178469,"href":"https:\/\/www.prijedordanas.com\/index.php?rest_route=\/wp\/v2\/posts\/178468\/revisions\/178469"}],"wp:attachment":[{"href":"https:\/\/www.prijedordanas.com\/index.php?rest_route=%2Fwp%2Fv2%2Fmedia&parent=178468"}],"wp:term":[{"taxonomy":"category","embeddable":true,"href":"https:\/\/www.prijedordanas.com\/index.php?rest_route=%2Fwp%2Fv2%2Fcategories&post=178468"},{"taxonomy":"post_tag","embeddable":true,"href":"https:\/\/www.prijedordanas.com\/index.php?rest_route=%2Fwp%2Fv2%2Ftags&post=178468"}],"curies":[{"name":"wp","href":"https:\/\/api.w.org\/{rel}","templated":true}]}}