{"id":178419,"date":"2021-12-13T00:45:22","date_gmt":"2021-12-12T23:45:22","guid":{"rendered":"https:\/\/www.prijedordanas.com\/?p=178419"},"modified":"2021-12-13T00:45:22","modified_gmt":"2021-12-12T23:45:22","slug":"prijedor-predojevic-i-nesic-cestitali-izbornu-pobjedu-kandidatu-snsd-a-slobodanu-javoru","status":"publish","type":"post","link":"https:\/\/www.prijedordanas.com\/?p=178419","title":{"rendered":"Prijedor: Predojevi\u0107 i Ne\u0161i\u0107 \u010destitali izbornu pobjedu kandidatu SNSD-a Slobodanu Javoru"},"content":{"rendered":"<p><a href=\"https:\/\/www.prijedordanas.com\/wp-content\/uploads\/2021\/12\/predojevic-nesic-cestitke-javoru.jpg\"><img loading=\"lazy\" decoding=\"async\" src=\"https:\/\/www.prijedordanas.com\/wp-content\/uploads\/2021\/12\/predojevic-nesic-cestitke-javoru-300x225.jpg\" alt=\"\" width=\"300\" height=\"225\" class=\"alignleft size-medium wp-image-178420\" srcset=\"https:\/\/www.prijedordanas.com\/wp-content\/uploads\/2021\/12\/predojevic-nesic-cestitke-javoru-300x225.jpg 300w, https:\/\/www.prijedordanas.com\/wp-content\/uploads\/2021\/12\/predojevic-nesic-cestitke-javoru-640x480.jpg 640w, https:\/\/www.prijedordanas.com\/wp-content\/uploads\/2021\/12\/predojevic-nesic-cestitke-javoru.jpg 667w\" sizes=\"(max-width: 300px) 100vw, 300px\" \/><\/a>Predsjednik DNS-a Nenad Ne\u0161i\u0107 ve\u010deras je \u010destitao pobjedu kandidatu SNSD-a za gradona\u010delnika Prijedora Slobodanu Javoru.<\/p>\n<p>Ne\u0161i\u0107 je zahvalio svim gra\u0111anima Prijedora koji su danas iza\u0161li na prijevremene izbore za gradona\u010delnika i kandidatu koalicije &#8220;Za na\u0161 Prijedor DNS, SDS i PDP&#8221; Goranu Predojevi\u0107u na zalaganju za bolji grad.<\/p>\n<p>&#8220;Analizira\u0107emo u narednim danima sve \u0161to je dovelo do poraza. Ve\u0107 dugo u na\u0161im opozicionim redovima rasipamo energiju na podjelu funkcija kojih nema. DNS \u0107e trezveno postupiti i donijeti odluku kako \u0107e nastaviti dalje&#8221;, rekao je Ne\u0161i\u0107 na konferenciji za novinare u Prijedoru.<\/p>\n<p>Predojevi\u0107 je naglasio da uva\u017eava izbor gra\u0111ana Prijedora i \u010destitao rivalu na pobjedi.<\/p>\n<p>&#8220;Nastavljamo rad i ono \u0161to \u017eelimo su promjene u Republici Srpskoj idu\u0107e godine&#8221;, dodao je Predojevi\u0107.<\/p>\n<p>U Prijedoru su danas odr\u017eani prijevremeni izbori za gradona\u010delnika, nakon \u0161to je Dalibor Pavlovi\u0107 11. oktobra podnio ostavku na ovu funkciju.<\/p>\n<p>Na izbore je iza\u0161lo 25.800 bira\u010da ili 30,98 odsto od ukupnog broja glasa\u010da, a prema nepotpunim podacima iz strana\u010dkih \u0161tabova, pobijedio je kandidat SNSD-a Slobodan Javor. <\/p>\n<p>SRNA<\/p>\n","protected":false},"excerpt":{"rendered":"<p>Predsjednik DNS-a Nenad Ne\u0161i\u0107 ve\u010deras je \u010destitao pobjedu kandidatu SNSD-a za gradona\u010delnika Prijedora Slobodanu Javoru. Ne\u0161i\u0107 je zahvalio svim gra\u0111anima Prijedora koji su danas iza\u0161li na prijevremene izbore za gradona\u010delnika [&hellip;]<\/p>\n","protected":false},"author":1,"featured_media":0,"comment_status":"closed","ping_status":"open","sticky":false,"template":"","format":"standard","meta":{"_monsterinsights_skip_tracking":false,"_monsterinsights_sitenote_active":false,"_monsterinsights_sitenote_note":"","_monsterinsights_sitenote_category":0,"footnotes":""},"categories":[8],"tags":[],"yoast_head":"<!-- This site is optimized with the Yoast SEO plugin v21.6 - https:\/\/yoast.com\/wordpress\/plugins\/seo\/ -->\n<title>Prijedor: Predojevi\u0107 i Ne\u0161i\u0107 \u010destitali izbornu pobjedu kandidatu SNSD-a Slobodanu Javoru - PrijedorDanas.com - Prijedorski gradski portal<\/title>\n<meta name=\"robots\" content=\"index, follow, max-snippet:-1, max-image-preview:large, max-video-preview:-1\" \/>\n<link rel=\"canonical\" href=\"https:\/\/www.prijedordanas.com\/?p=178419\" \/>\n<meta property=\"og:locale\" content=\"en_US\" \/>\n<meta property=\"og:type\" content=\"article\" \/>\n<meta property=\"og:title\" content=\"Prijedor: Predojevi\u0107 i Ne\u0161i\u0107 \u010destitali izbornu pobjedu kandidatu SNSD-a Slobodanu Javoru - PrijedorDanas.com - Prijedorski gradski portal\" \/>\n<meta property=\"og:description\" content=\"Predsjednik DNS-a Nenad Ne\u0161i\u0107 ve\u010deras je \u010destitao pobjedu kandidatu SNSD-a za gradona\u010delnika Prijedora Slobodanu Javoru. Ne\u0161i\u0107 je zahvalio svim gra\u0111anima Prijedora koji su danas iza\u0161li na prijevremene izbore za gradona\u010delnika [&hellip;]\" \/>\n<meta property=\"og:url\" content=\"https:\/\/www.prijedordanas.com\/?p=178419\" \/>\n<meta property=\"og:site_name\" content=\"PrijedorDanas.com - Prijedorski gradski portal\" \/>\n<meta property=\"article:publisher\" content=\"https:\/\/www.facebook.com\/PrijedorDanasCom\/\" \/>\n<meta property=\"article:published_time\" content=\"2021-12-12T23:45:22+00:00\" \/>\n<meta property=\"og:image\" content=\"https:\/\/www.prijedordanas.com\/wp-content\/uploads\/2021\/12\/predojevic-nesic-cestitke-javoru-300x225.jpg\" \/>\n<meta name=\"author\" content=\"admin\" \/>\n<meta name=\"twitter:card\" content=\"summary_large_image\" \/>\n<meta name=\"twitter:label1\" content=\"Written by\" \/>\n\t<meta name=\"twitter:data1\" content=\"admin\" \/>\n\t<meta name=\"twitter:label2\" content=\"Est. reading time\" \/>\n\t<meta name=\"twitter:data2\" content=\"1 minute\" \/>\n<script type=\"application\/ld+json\" class=\"yoast-schema-graph\">{\"@context\":\"https:\/\/schema.org\",\"@graph\":[{\"@type\":\"Article\",\"@id\":\"https:\/\/www.prijedordanas.com\/?p=178419#article\",\"isPartOf\":{\"@id\":\"https:\/\/www.prijedordanas.com\/?p=178419\"},\"author\":{\"name\":\"admin\",\"@id\":\"https:\/\/www.prijedordanas.com\/#\/schema\/person\/4e08ccf29b506ca916ff86d46bb700e6\"},\"headline\":\"Prijedor: Predojevi\u0107 i Ne\u0161i\u0107 \u010destitali izbornu pobjedu kandidatu SNSD-a Slobodanu Javoru\",\"datePublished\":\"2021-12-12T23:45:22+00:00\",\"dateModified\":\"2021-12-12T23:45:22+00:00\",\"mainEntityOfPage\":{\"@id\":\"https:\/\/www.prijedordanas.com\/?p=178419\"},\"wordCount\":196,\"publisher\":{\"@id\":\"https:\/\/www.prijedordanas.com\/#organization\"},\"articleSection\":[\"Svakodnevno\"],\"inLanguage\":\"en-US\"},{\"@type\":\"WebPage\",\"@id\":\"https:\/\/www.prijedordanas.com\/?p=178419\",\"url\":\"https:\/\/www.prijedordanas.com\/?p=178419\",\"name\":\"Prijedor: Predojevi\u0107 i Ne\u0161i\u0107 \u010destitali izbornu pobjedu kandidatu SNSD-a Slobodanu Javoru - PrijedorDanas.com - Prijedorski gradski portal\",\"isPartOf\":{\"@id\":\"https:\/\/www.prijedordanas.com\/#website\"},\"datePublished\":\"2021-12-12T23:45:22+00:00\",\"dateModified\":\"2021-12-12T23:45:22+00:00\",\"breadcrumb\":{\"@id\":\"https:\/\/www.prijedordanas.com\/?p=178419#breadcrumb\"},\"inLanguage\":\"en-US\",\"potentialAction\":[{\"@type\":\"ReadAction\",\"target\":[\"https:\/\/www.prijedordanas.com\/?p=178419\"]}]},{\"@type\":\"BreadcrumbList\",\"@id\":\"https:\/\/www.prijedordanas.com\/?p=178419#breadcrumb\",\"itemListElement\":[{\"@type\":\"ListItem\",\"position\":1,\"name\":\"Home\",\"item\":\"https:\/\/www.prijedordanas.com\/\"},{\"@type\":\"ListItem\",\"position\":2,\"name\":\"Prijedor: Predojevi\u0107 i Ne\u0161i\u0107 \u010destitali izbornu pobjedu kandidatu SNSD-a Slobodanu Javoru\"}]},{\"@type\":\"WebSite\",\"@id\":\"https:\/\/www.prijedordanas.com\/#website\",\"url\":\"https:\/\/www.prijedordanas.com\/\",\"name\":\"PrijedorDanas.com - Prijedorski gradski portal\",\"description\":\"Portal o doga\u0111anjima u gradu Prijedoru\",\"publisher\":{\"@id\":\"https:\/\/www.prijedordanas.com\/#organization\"},\"potentialAction\":[{\"@type\":\"SearchAction\",\"target\":{\"@type\":\"EntryPoint\",\"urlTemplate\":\"https:\/\/www.prijedordanas.com\/?s={search_term_string}\"},\"query-input\":\"required name=search_term_string\"}],\"inLanguage\":\"en-US\"},{\"@type\":\"Organization\",\"@id\":\"https:\/\/www.prijedordanas.com\/#organization\",\"name\":\"PrijedorDanas.com\",\"url\":\"https:\/\/www.prijedordanas.com\/\",\"logo\":{\"@type\":\"ImageObject\",\"inLanguage\":\"en-US\",\"@id\":\"https:\/\/www.prijedordanas.com\/#\/schema\/logo\/image\/\",\"url\":\"http:\/\/www.prijedordanas.com\/wp-content\/uploads\/2021\/12\/logopng.png\",\"contentUrl\":\"http:\/\/www.prijedordanas.com\/wp-content\/uploads\/2021\/12\/logopng.png\",\"width\":1019,\"height\":776,\"caption\":\"PrijedorDanas.com\"},\"image\":{\"@id\":\"https:\/\/www.prijedordanas.com\/#\/schema\/logo\/image\/\"},\"sameAs\":[\"https:\/\/www.facebook.com\/PrijedorDanasCom\/\"]},{\"@type\":\"Person\",\"@id\":\"https:\/\/www.prijedordanas.com\/#\/schema\/person\/4e08ccf29b506ca916ff86d46bb700e6\",\"name\":\"admin\",\"image\":{\"@type\":\"ImageObject\",\"inLanguage\":\"en-US\",\"@id\":\"https:\/\/www.prijedordanas.com\/#\/schema\/person\/image\/\",\"url\":\"https:\/\/secure.gravatar.com\/avatar\/1d3fc949d550f0b53a5f0d51e06dfd79?s=96&d=mm&r=g\",\"contentUrl\":\"https:\/\/secure.gravatar.com\/avatar\/1d3fc949d550f0b53a5f0d51e06dfd79?s=96&d=mm&r=g\",\"caption\":\"admin\"},\"url\":\"https:\/\/www.prijedordanas.com\/?author=1\"}]}<\/script>\n<!-- \/ Yoast SEO plugin. -->","yoast_head_json":{"title":"Prijedor: Predojevi\u0107 i Ne\u0161i\u0107 \u010destitali izbornu pobjedu kandidatu SNSD-a Slobodanu Javoru - PrijedorDanas.com - Prijedorski gradski portal","robots":{"index":"index","follow":"follow","max-snippet":"max-snippet:-1","max-image-preview":"max-image-preview:large","max-video-preview":"max-video-preview:-1"},"canonical":"https:\/\/www.prijedordanas.com\/?p=178419","og_locale":"en_US","og_type":"article","og_title":"Prijedor: Predojevi\u0107 i Ne\u0161i\u0107 \u010destitali izbornu pobjedu kandidatu SNSD-a Slobodanu Javoru - PrijedorDanas.com - Prijedorski gradski portal","og_description":"Predsjednik DNS-a Nenad Ne\u0161i\u0107 ve\u010deras je \u010destitao pobjedu kandidatu SNSD-a za gradona\u010delnika Prijedora Slobodanu Javoru. Ne\u0161i\u0107 je zahvalio svim gra\u0111anima Prijedora koji su danas iza\u0161li na prijevremene izbore za gradona\u010delnika [&hellip;]","og_url":"https:\/\/www.prijedordanas.com\/?p=178419","og_site_name":"PrijedorDanas.com - Prijedorski gradski portal","article_publisher":"https:\/\/www.facebook.com\/PrijedorDanasCom\/","article_published_time":"2021-12-12T23:45:22+00:00","og_image":[{"url":"https:\/\/www.prijedordanas.com\/wp-content\/uploads\/2021\/12\/predojevic-nesic-cestitke-javoru-300x225.jpg"}],"author":"admin","twitter_card":"summary_large_image","twitter_misc":{"Written by":"admin","Est. reading time":"1 minute"},"schema":{"@context":"https:\/\/schema.org","@graph":[{"@type":"Article","@id":"https:\/\/www.prijedordanas.com\/?p=178419#article","isPartOf":{"@id":"https:\/\/www.prijedordanas.com\/?p=178419"},"author":{"name":"admin","@id":"https:\/\/www.prijedordanas.com\/#\/schema\/person\/4e08ccf29b506ca916ff86d46bb700e6"},"headline":"Prijedor: Predojevi\u0107 i Ne\u0161i\u0107 \u010destitali izbornu pobjedu kandidatu SNSD-a Slobodanu Javoru","datePublished":"2021-12-12T23:45:22+00:00","dateModified":"2021-12-12T23:45:22+00:00","mainEntityOfPage":{"@id":"https:\/\/www.prijedordanas.com\/?p=178419"},"wordCount":196,"publisher":{"@id":"https:\/\/www.prijedordanas.com\/#organization"},"articleSection":["Svakodnevno"],"inLanguage":"en-US"},{"@type":"WebPage","@id":"https:\/\/www.prijedordanas.com\/?p=178419","url":"https:\/\/www.prijedordanas.com\/?p=178419","name":"Prijedor: Predojevi\u0107 i Ne\u0161i\u0107 \u010destitali izbornu pobjedu kandidatu SNSD-a Slobodanu Javoru - PrijedorDanas.com - Prijedorski gradski portal","isPartOf":{"@id":"https:\/\/www.prijedordanas.com\/#website"},"datePublished":"2021-12-12T23:45:22+00:00","dateModified":"2021-12-12T23:45:22+00:00","breadcrumb":{"@id":"https:\/\/www.prijedordanas.com\/?p=178419#breadcrumb"},"inLanguage":"en-US","potentialAction":[{"@type":"ReadAction","target":["https:\/\/www.prijedordanas.com\/?p=178419"]}]},{"@type":"BreadcrumbList","@id":"https:\/\/www.prijedordanas.com\/?p=178419#breadcrumb","itemListElement":[{"@type":"ListItem","position":1,"name":"Home","item":"https:\/\/www.prijedordanas.com\/"},{"@type":"ListItem","position":2,"name":"Prijedor: Predojevi\u0107 i Ne\u0161i\u0107 \u010destitali izbornu pobjedu kandidatu SNSD-a Slobodanu Javoru"}]},{"@type":"WebSite","@id":"https:\/\/www.prijedordanas.com\/#website","url":"https:\/\/www.prijedordanas.com\/","name":"PrijedorDanas.com - Prijedorski gradski portal","description":"Portal o doga\u0111anjima u gradu Prijedoru","publisher":{"@id":"https:\/\/www.prijedordanas.com\/#organization"},"potentialAction":[{"@type":"SearchAction","target":{"@type":"EntryPoint","urlTemplate":"https:\/\/www.prijedordanas.com\/?s={search_term_string}"},"query-input":"required name=search_term_string"}],"inLanguage":"en-US"},{"@type":"Organization","@id":"https:\/\/www.prijedordanas.com\/#organization","name":"PrijedorDanas.com","url":"https:\/\/www.prijedordanas.com\/","logo":{"@type":"ImageObject","inLanguage":"en-US","@id":"https:\/\/www.prijedordanas.com\/#\/schema\/logo\/image\/","url":"http:\/\/www.prijedordanas.com\/wp-content\/uploads\/2021\/12\/logopng.png","contentUrl":"http:\/\/www.prijedordanas.com\/wp-content\/uploads\/2021\/12\/logopng.png","width":1019,"height":776,"caption":"PrijedorDanas.com"},"image":{"@id":"https:\/\/www.prijedordanas.com\/#\/schema\/logo\/image\/"},"sameAs":["https:\/\/www.facebook.com\/PrijedorDanasCom\/"]},{"@type":"Person","@id":"https:\/\/www.prijedordanas.com\/#\/schema\/person\/4e08ccf29b506ca916ff86d46bb700e6","name":"admin","image":{"@type":"ImageObject","inLanguage":"en-US","@id":"https:\/\/www.prijedordanas.com\/#\/schema\/person\/image\/","url":"https:\/\/secure.gravatar.com\/avatar\/1d3fc949d550f0b53a5f0d51e06dfd79?s=96&d=mm&r=g","contentUrl":"https:\/\/secure.gravatar.com\/avatar\/1d3fc949d550f0b53a5f0d51e06dfd79?s=96&d=mm&r=g","caption":"admin"},"url":"https:\/\/www.prijedordanas.com\/?author=1"}]}},"_links":{"self":[{"href":"https:\/\/www.prijedordanas.com\/index.php?rest_route=\/wp\/v2\/posts\/178419"}],"collection":[{"href":"https:\/\/www.prijedordanas.com\/index.php?rest_route=\/wp\/v2\/posts"}],"about":[{"href":"https:\/\/www.prijedordanas.com\/index.php?rest_route=\/wp\/v2\/types\/post"}],"author":[{"embeddable":true,"href":"https:\/\/www.prijedordanas.com\/index.php?rest_route=\/wp\/v2\/users\/1"}],"replies":[{"embeddable":true,"href":"https:\/\/www.prijedordanas.com\/index.php?rest_route=%2Fwp%2Fv2%2Fcomments&post=178419"}],"version-history":[{"count":1,"href":"https:\/\/www.prijedordanas.com\/index.php?rest_route=\/wp\/v2\/posts\/178419\/revisions"}],"predecessor-version":[{"id":178421,"href":"https:\/\/www.prijedordanas.com\/index.php?rest_route=\/wp\/v2\/posts\/178419\/revisions\/178421"}],"wp:attachment":[{"href":"https:\/\/www.prijedordanas.com\/index.php?rest_route=%2Fwp%2Fv2%2Fmedia&parent=178419"}],"wp:term":[{"taxonomy":"category","embeddable":true,"href":"https:\/\/www.prijedordanas.com\/index.php?rest_route=%2Fwp%2Fv2%2Fcategories&post=178419"},{"taxonomy":"post_tag","embeddable":true,"href":"https:\/\/www.prijedordanas.com\/index.php?rest_route=%2Fwp%2Fv2%2Ftags&post=178419"}],"curies":[{"name":"wp","href":"https:\/\/api.w.org\/{rel}","templated":true}]}}