{"id":178114,"date":"2021-12-08T15:57:53","date_gmt":"2021-12-08T14:57:53","guid":{"rendered":"https:\/\/www.prijedordanas.com\/?p=178114"},"modified":"2021-12-08T15:57:53","modified_gmt":"2021-12-08T14:57:53","slug":"prijedor-rekonstruisana-ulica-majora-milana-tepica-otvorena-za-saobracaj-foto","status":"publish","type":"post","link":"https:\/\/www.prijedordanas.com\/?p=178114","title":{"rendered":"Prijedor: Rekonstruisana Ulica majora Milana Tepi\u0107a otvorena za saobra\u0107aj &#8211; FOTO"},"content":{"rendered":"<p><a href=\"https:\/\/www.prijedordanas.com\/wp-content\/uploads\/2021\/12\/ulica-mmtepica-pusten-saobracaj-1.jpg\"><img loading=\"lazy\" decoding=\"async\" class=\"alignleft size-medium wp-image-178115\" src=\"https:\/\/www.prijedordanas.com\/wp-content\/uploads\/2021\/12\/ulica-mmtepica-pusten-saobracaj-1-300x225.jpg\" alt=\"\" width=\"300\" height=\"225\" srcset=\"https:\/\/www.prijedordanas.com\/wp-content\/uploads\/2021\/12\/ulica-mmtepica-pusten-saobracaj-1-300x225.jpg 300w, https:\/\/www.prijedordanas.com\/wp-content\/uploads\/2021\/12\/ulica-mmtepica-pusten-saobracaj-1-640x480.jpg 640w, https:\/\/www.prijedordanas.com\/wp-content\/uploads\/2021\/12\/ulica-mmtepica-pusten-saobracaj-1.jpg 667w\" sizes=\"(max-width: 300px) 100vw, 300px\" \/><\/a>Rekonstruisana Ulica majora Milana Tepi\u0107a otvorena je danas za saobra\u0107aj.<\/p>\n<p>Zamjenik gradona\u010delnika Prijedora \u017darko Kova\u010devi\u0107 izjavio je da je rekonstrukcija ove saobra\u0107ajnice u centru grada kapitalni projekat na zadovoljstvo svih gra\u0111ana Prijedora.<\/p>\n<p>&#8220;Ovo je ne\u0161to \u0161to smo po\u010deli raditi prije tri mjeseca i ponovi\u0107u opet ovo nije predizborna kampanja. Nije razlog to nego smo ovo uradili zato \u0161to smo to trebali uraditi davno&#8221;, rekao je Kova\u010devi\u0107.<\/p>\n<p>On je podsjetio da je vrijednost radova ne\u0161to vi\u0161e od 800.000 KM i da je investicija obuhvatila zamjenu kanalizacione i vodovodne mre\u017ee, svih instalacija, rekonstrukciju nose\u0107eg asfaltnog sloja i drvored.<\/p>\n<p><a href=\"https:\/\/www.prijedordanas.com\/wp-content\/uploads\/2021\/12\/ulica-mmtepica-pusten-saobracaj-2.jpg\"><img loading=\"lazy\" decoding=\"async\" class=\"alignleft size-medium wp-image-178116\" src=\"https:\/\/www.prijedordanas.com\/wp-content\/uploads\/2021\/12\/ulica-mmtepica-pusten-saobracaj-2-300x225.jpg\" alt=\"\" width=\"300\" height=\"225\" srcset=\"https:\/\/www.prijedordanas.com\/wp-content\/uploads\/2021\/12\/ulica-mmtepica-pusten-saobracaj-2-300x225.jpg 300w, https:\/\/www.prijedordanas.com\/wp-content\/uploads\/2021\/12\/ulica-mmtepica-pusten-saobracaj-2-640x480.jpg 640w, https:\/\/www.prijedordanas.com\/wp-content\/uploads\/2021\/12\/ulica-mmtepica-pusten-saobracaj-2.jpg 667w\" sizes=\"(max-width: 300px) 100vw, 300px\" \/><\/a>Na\u010delnik Odjeljenja za saobra\u0107aj, komunalne poslove i za\u0161titu \u017eivotne sredine i imovinsko-stambene poslove Dragoslav Kabi\u0107 rekao je da je ostalo jo\u0161 nekih detalja koje treba zavr\u0161iti poput eksterijera oko saobra\u0107ajnice i rasvjete.<\/p>\n<p>&#8220;I to \u0107e biti za nekih 10-15 dana. Ostaje nam jo\u0161 nekih sitnih detalja, ali smo odlu\u010dili da danas otvorimo ulicu iz razloga, evo, dolazi nam vrijeme novogodi\u0161njih i bo\u017ei\u0107nih praznika, o\u010dekujemo veliki priliv dijaspore i \u017eelimo da omogu\u0107imo normalno funkcionisanje saobra\u0107aja u ovom dijelu grada&#8221;, naveo je Kabi\u0107.<\/p>\n<p>On je podsjetio da je ovo prvi segment projekata koje je Gradska uprava planirala i da slijede rekonstrukcija gradskog stadiona i izrada pomo\u0107nog terena, rekonstrukcija ulice Mitropolita Petra Zimonji\u0107a, izgradnja vrti\u0107a u naselju Pe\u0107ani, izgradnja pristupne saobra\u0107ajnice do vrti\u0107a i izgradnja gara\u017ee sa 560 parking mjesta na platou kod rudni\u010dkih zgrada.<\/p>\n<p><a href=\"https:\/\/www.prijedordanas.com\/wp-content\/uploads\/2021\/12\/ulica-mmtepica-pusten-saobracaj-6.jpg\"><img loading=\"lazy\" decoding=\"async\" src=\"https:\/\/www.prijedordanas.com\/wp-content\/uploads\/2021\/12\/ulica-mmtepica-pusten-saobracaj-6-300x200.jpg\" alt=\"\" width=\"300\" height=\"200\" class=\"alignleft size-medium wp-image-178117\" srcset=\"https:\/\/www.prijedordanas.com\/wp-content\/uploads\/2021\/12\/ulica-mmtepica-pusten-saobracaj-6-300x200.jpg 300w, https:\/\/www.prijedordanas.com\/wp-content\/uploads\/2021\/12\/ulica-mmtepica-pusten-saobracaj-6-480x320.jpg 480w, https:\/\/www.prijedordanas.com\/wp-content\/uploads\/2021\/12\/ulica-mmtepica-pusten-saobracaj-6.jpg 600w\" sizes=\"(max-width: 300px) 100vw, 300px\" \/><\/a>&#8220;Ne bih baratao ciframa. Mi imamo pojedina\u010dno, otprilike, sad, po nekom idejnom rje\u0161enju, vrijednost ove gara\u017ee je oko pet miliona maraka, rekonstrukcija ulice Mitropolita Petra Zimonji\u0107a oko 50.0000 KM, izgradnja vrti\u0107a oko 300.000 KM. Zna\u010di, to \u0107e biti sredstva koja \u0107emo mi kandidovati i u bud\u017eet grada i prema Vladi Republike Srpske da nam ona pomogne u onim dijelovima gdje ne mo\u017ee gradski bud\u017eet izdr\u017eati sam&#8221;, dodao je Kabi\u0107.<\/p>\n<p>Radenko Crnogorac, direktor preduze\u0107a &#8220;Prijedorputevi&#8221; koje je izvodilo radove, rekao je da se radilo u septembru, oktobru i novembru kada se o\u010dekivalo lo\u0161ije vrijeme, a da je uprkos tome ispo\u0161tovan ugovoreni rok od 90 dana.<\/p>\n<p>&#8220;U saradnji sa Gradskom upravom Prijedor danas pu\u0161tamo saobra\u0107aj i otvaramo parkinge u ovoj ulici. Ostali su jo\u0161 neki detalji koji\u0107e se raditi u zonama trotoara i mi \u0107emo to zavr\u0161iti u narednih par dana i kompletirati sve detalje na ovoj ulici&#8221;, dodao je Crnogorac.<\/p>\n<p><a href=\"http:\/\/prijedorgrad.org\/sr-EU\/vijesti-sadrzaj.html?vid=13591\" target=\"_blank\" rel=\"noopener\">prijedorgrad.org<\/a><\/p>\n<p><a href=\"https:\/\/www.prijedordanas.com\/wp-content\/uploads\/2021\/12\/ulica-mmtepica-pusten-saobracaj-3.jpg\"><img loading=\"lazy\" decoding=\"async\" src=\"https:\/\/www.prijedordanas.com\/wp-content\/uploads\/2021\/12\/ulica-mmtepica-pusten-saobracaj-3-300x225.jpg\" alt=\"\" width=\"300\" height=\"225\" class=\"alignleft size-medium wp-image-178118\" srcset=\"https:\/\/www.prijedordanas.com\/wp-content\/uploads\/2021\/12\/ulica-mmtepica-pusten-saobracaj-3-300x225.jpg 300w, https:\/\/www.prijedordanas.com\/wp-content\/uploads\/2021\/12\/ulica-mmtepica-pusten-saobracaj-3-640x480.jpg 640w, https:\/\/www.prijedordanas.com\/wp-content\/uploads\/2021\/12\/ulica-mmtepica-pusten-saobracaj-3.jpg 667w\" sizes=\"(max-width: 300px) 100vw, 300px\" \/><\/a> <a href=\"https:\/\/www.prijedordanas.com\/wp-content\/uploads\/2021\/12\/ulica-mmtepica-pusten-saobracaj-4.jpg\"><img loading=\"lazy\" decoding=\"async\" src=\"https:\/\/www.prijedordanas.com\/wp-content\/uploads\/2021\/12\/ulica-mmtepica-pusten-saobracaj-4-300x225.jpg\" alt=\"\" width=\"300\" height=\"225\" class=\"alignleft size-medium wp-image-178119\" srcset=\"https:\/\/www.prijedordanas.com\/wp-content\/uploads\/2021\/12\/ulica-mmtepica-pusten-saobracaj-4-300x225.jpg 300w, https:\/\/www.prijedordanas.com\/wp-content\/uploads\/2021\/12\/ulica-mmtepica-pusten-saobracaj-4-640x480.jpg 640w, https:\/\/www.prijedordanas.com\/wp-content\/uploads\/2021\/12\/ulica-mmtepica-pusten-saobracaj-4.jpg 667w\" sizes=\"(max-width: 300px) 100vw, 300px\" \/><\/a> <a href=\"https:\/\/www.prijedordanas.com\/wp-content\/uploads\/2021\/12\/ulica-mmtepica-pusten-saobracaj-5.jpg\"><img loading=\"lazy\" decoding=\"async\" src=\"https:\/\/www.prijedordanas.com\/wp-content\/uploads\/2021\/12\/ulica-mmtepica-pusten-saobracaj-5-300x200.jpg\" alt=\"\" width=\"300\" height=\"200\" class=\"alignleft size-medium wp-image-178120\" srcset=\"https:\/\/www.prijedordanas.com\/wp-content\/uploads\/2021\/12\/ulica-mmtepica-pusten-saobracaj-5-300x200.jpg 300w, https:\/\/www.prijedordanas.com\/wp-content\/uploads\/2021\/12\/ulica-mmtepica-pusten-saobracaj-5-480x320.jpg 480w, https:\/\/www.prijedordanas.com\/wp-content\/uploads\/2021\/12\/ulica-mmtepica-pusten-saobracaj-5.jpg 600w\" sizes=\"(max-width: 300px) 100vw, 300px\" \/><\/a> <a href=\"https:\/\/www.prijedordanas.com\/wp-content\/uploads\/2021\/12\/ulica-mmtepica-pusten-saobracaj-7.jpg\"><img loading=\"lazy\" decoding=\"async\" src=\"https:\/\/www.prijedordanas.com\/wp-content\/uploads\/2021\/12\/ulica-mmtepica-pusten-saobracaj-7-300x200.jpg\" alt=\"\" width=\"300\" height=\"200\" class=\"alignleft size-medium wp-image-178121\" srcset=\"https:\/\/www.prijedordanas.com\/wp-content\/uploads\/2021\/12\/ulica-mmtepica-pusten-saobracaj-7-300x200.jpg 300w, https:\/\/www.prijedordanas.com\/wp-content\/uploads\/2021\/12\/ulica-mmtepica-pusten-saobracaj-7-480x320.jpg 480w, https:\/\/www.prijedordanas.com\/wp-content\/uploads\/2021\/12\/ulica-mmtepica-pusten-saobracaj-7.jpg 600w\" sizes=\"(max-width: 300px) 100vw, 300px\" \/><\/a> <a href=\"https:\/\/www.prijedordanas.com\/wp-content\/uploads\/2021\/12\/ulica-mmtepica-pusten-saobracaj-8.jpg\"><img loading=\"lazy\" decoding=\"async\" src=\"https:\/\/www.prijedordanas.com\/wp-content\/uploads\/2021\/12\/ulica-mmtepica-pusten-saobracaj-8-300x200.jpg\" alt=\"\" width=\"300\" height=\"200\" class=\"alignleft size-medium wp-image-178122\" srcset=\"https:\/\/www.prijedordanas.com\/wp-content\/uploads\/2021\/12\/ulica-mmtepica-pusten-saobracaj-8-300x200.jpg 300w, https:\/\/www.prijedordanas.com\/wp-content\/uploads\/2021\/12\/ulica-mmtepica-pusten-saobracaj-8-480x320.jpg 480w, https:\/\/www.prijedordanas.com\/wp-content\/uploads\/2021\/12\/ulica-mmtepica-pusten-saobracaj-8.jpg 600w\" sizes=\"(max-width: 300px) 100vw, 300px\" \/><\/a> <a href=\"https:\/\/www.prijedordanas.com\/wp-content\/uploads\/2021\/12\/ulica-mmtepica-pusten-saobracaj-9.jpg\"><img loading=\"lazy\" decoding=\"async\" src=\"https:\/\/www.prijedordanas.com\/wp-content\/uploads\/2021\/12\/ulica-mmtepica-pusten-saobracaj-9-300x200.jpg\" alt=\"\" width=\"300\" height=\"200\" class=\"alignleft size-medium wp-image-178123\" srcset=\"https:\/\/www.prijedordanas.com\/wp-content\/uploads\/2021\/12\/ulica-mmtepica-pusten-saobracaj-9-300x200.jpg 300w, https:\/\/www.prijedordanas.com\/wp-content\/uploads\/2021\/12\/ulica-mmtepica-pusten-saobracaj-9-480x320.jpg 480w, https:\/\/www.prijedordanas.com\/wp-content\/uploads\/2021\/12\/ulica-mmtepica-pusten-saobracaj-9.jpg 600w\" sizes=\"(max-width: 300px) 100vw, 300px\" \/><\/a> <a href=\"https:\/\/www.prijedordanas.com\/wp-content\/uploads\/2021\/12\/ulica-mmtepica-pusten-saobracaj-10.jpg\"><img loading=\"lazy\" decoding=\"async\" src=\"https:\/\/www.prijedordanas.com\/wp-content\/uploads\/2021\/12\/ulica-mmtepica-pusten-saobracaj-10-300x200.jpg\" alt=\"\" width=\"300\" height=\"200\" class=\"alignleft size-medium wp-image-178124\" srcset=\"https:\/\/www.prijedordanas.com\/wp-content\/uploads\/2021\/12\/ulica-mmtepica-pusten-saobracaj-10-300x200.jpg 300w, https:\/\/www.prijedordanas.com\/wp-content\/uploads\/2021\/12\/ulica-mmtepica-pusten-saobracaj-10-480x320.jpg 480w, https:\/\/www.prijedordanas.com\/wp-content\/uploads\/2021\/12\/ulica-mmtepica-pusten-saobracaj-10.jpg 600w\" sizes=\"(max-width: 300px) 100vw, 300px\" \/><\/a><\/p>\n","protected":false},"excerpt":{"rendered":"<p>Rekonstruisana Ulica majora Milana Tepi\u0107a otvorena je danas za saobra\u0107aj. Zamjenik gradona\u010delnika Prijedora \u017darko Kova\u010devi\u0107 izjavio je da je rekonstrukcija ove saobra\u0107ajnice u centru grada kapitalni projekat na zadovoljstvo svih [&hellip;]<\/p>\n","protected":false},"author":1,"featured_media":0,"comment_status":"closed","ping_status":"open","sticky":false,"template":"","format":"standard","meta":{"_monsterinsights_skip_tracking":false,"_monsterinsights_sitenote_active":false,"_monsterinsights_sitenote_note":"","_monsterinsights_sitenote_category":0,"footnotes":""},"categories":[4,7515],"tags":[2594,11551],"yoast_head":"<!-- This site is optimized with the Yoast SEO plugin v21.6 - https:\/\/yoast.com\/wordpress\/plugins\/seo\/ -->\n<title>Prijedor: Rekonstruisana Ulica majora Milana Tepi\u0107a otvorena za saobra\u0107aj - FOTO - PrijedorDanas.com - Prijedorski gradski portal<\/title>\n<meta name=\"robots\" content=\"index, follow, max-snippet:-1, max-image-preview:large, max-video-preview:-1\" \/>\n<link rel=\"canonical\" href=\"https:\/\/www.prijedordanas.com\/?p=178114\" \/>\n<meta property=\"og:locale\" content=\"en_US\" \/>\n<meta property=\"og:type\" content=\"article\" \/>\n<meta property=\"og:title\" content=\"Prijedor: Rekonstruisana Ulica majora Milana Tepi\u0107a otvorena za saobra\u0107aj - FOTO - PrijedorDanas.com - Prijedorski gradski portal\" \/>\n<meta property=\"og:description\" content=\"Rekonstruisana Ulica majora Milana Tepi\u0107a otvorena je danas za saobra\u0107aj. Zamjenik gradona\u010delnika Prijedora \u017darko Kova\u010devi\u0107 izjavio je da je rekonstrukcija ove saobra\u0107ajnice u centru grada kapitalni projekat na zadovoljstvo svih [&hellip;]\" \/>\n<meta property=\"og:url\" content=\"https:\/\/www.prijedordanas.com\/?p=178114\" \/>\n<meta property=\"og:site_name\" content=\"PrijedorDanas.com - Prijedorski gradski portal\" \/>\n<meta property=\"article:publisher\" content=\"https:\/\/www.facebook.com\/PrijedorDanasCom\/\" \/>\n<meta property=\"article:published_time\" content=\"2021-12-08T14:57:53+00:00\" \/>\n<meta property=\"og:image\" content=\"https:\/\/www.prijedordanas.com\/wp-content\/uploads\/2021\/12\/ulica-mmtepica-pusten-saobracaj-1-300x225.jpg\" \/>\n<meta name=\"author\" content=\"admin\" \/>\n<meta name=\"twitter:card\" content=\"summary_large_image\" \/>\n<meta name=\"twitter:label1\" content=\"Written by\" \/>\n\t<meta name=\"twitter:data1\" content=\"admin\" \/>\n\t<meta name=\"twitter:label2\" content=\"Est. reading time\" \/>\n\t<meta name=\"twitter:data2\" content=\"3 minutes\" \/>\n<script type=\"application\/ld+json\" class=\"yoast-schema-graph\">{\"@context\":\"https:\/\/schema.org\",\"@graph\":[{\"@type\":\"Article\",\"@id\":\"https:\/\/www.prijedordanas.com\/?p=178114#article\",\"isPartOf\":{\"@id\":\"https:\/\/www.prijedordanas.com\/?p=178114\"},\"author\":{\"name\":\"admin\",\"@id\":\"https:\/\/www.prijedordanas.com\/#\/schema\/person\/4e08ccf29b506ca916ff86d46bb700e6\"},\"headline\":\"Prijedor: Rekonstruisana Ulica majora Milana Tepi\u0107a otvorena za saobra\u0107aj &#8211; FOTO\",\"datePublished\":\"2021-12-08T14:57:53+00:00\",\"dateModified\":\"2021-12-08T14:57:53+00:00\",\"mainEntityOfPage\":{\"@id\":\"https:\/\/www.prijedordanas.com\/?p=178114\"},\"wordCount\":439,\"publisher\":{\"@id\":\"https:\/\/www.prijedordanas.com\/#organization\"},\"keywords\":[\"rekonstrukcija\",\"ulica majora Milana Tepi\u0107a\"],\"articleSection\":[\"Dru\u0161tvo\",\"Foto dana\"],\"inLanguage\":\"en-US\"},{\"@type\":\"WebPage\",\"@id\":\"https:\/\/www.prijedordanas.com\/?p=178114\",\"url\":\"https:\/\/www.prijedordanas.com\/?p=178114\",\"name\":\"Prijedor: Rekonstruisana Ulica majora Milana Tepi\u0107a otvorena za saobra\u0107aj - FOTO - PrijedorDanas.com - Prijedorski gradski portal\",\"isPartOf\":{\"@id\":\"https:\/\/www.prijedordanas.com\/#website\"},\"datePublished\":\"2021-12-08T14:57:53+00:00\",\"dateModified\":\"2021-12-08T14:57:53+00:00\",\"breadcrumb\":{\"@id\":\"https:\/\/www.prijedordanas.com\/?p=178114#breadcrumb\"},\"inLanguage\":\"en-US\",\"potentialAction\":[{\"@type\":\"ReadAction\",\"target\":[\"https:\/\/www.prijedordanas.com\/?p=178114\"]}]},{\"@type\":\"BreadcrumbList\",\"@id\":\"https:\/\/www.prijedordanas.com\/?p=178114#breadcrumb\",\"itemListElement\":[{\"@type\":\"ListItem\",\"position\":1,\"name\":\"Home\",\"item\":\"https:\/\/www.prijedordanas.com\/\"},{\"@type\":\"ListItem\",\"position\":2,\"name\":\"Prijedor: Rekonstruisana Ulica majora Milana Tepi\u0107a otvorena za saobra\u0107aj &#8211; FOTO\"}]},{\"@type\":\"WebSite\",\"@id\":\"https:\/\/www.prijedordanas.com\/#website\",\"url\":\"https:\/\/www.prijedordanas.com\/\",\"name\":\"PrijedorDanas.com - Prijedorski gradski portal\",\"description\":\"Portal o doga\u0111anjima u gradu Prijedoru\",\"publisher\":{\"@id\":\"https:\/\/www.prijedordanas.com\/#organization\"},\"potentialAction\":[{\"@type\":\"SearchAction\",\"target\":{\"@type\":\"EntryPoint\",\"urlTemplate\":\"https:\/\/www.prijedordanas.com\/?s={search_term_string}\"},\"query-input\":\"required name=search_term_string\"}],\"inLanguage\":\"en-US\"},{\"@type\":\"Organization\",\"@id\":\"https:\/\/www.prijedordanas.com\/#organization\",\"name\":\"PrijedorDanas.com\",\"url\":\"https:\/\/www.prijedordanas.com\/\",\"logo\":{\"@type\":\"ImageObject\",\"inLanguage\":\"en-US\",\"@id\":\"https:\/\/www.prijedordanas.com\/#\/schema\/logo\/image\/\",\"url\":\"http:\/\/www.prijedordanas.com\/wp-content\/uploads\/2021\/12\/logopng.png\",\"contentUrl\":\"http:\/\/www.prijedordanas.com\/wp-content\/uploads\/2021\/12\/logopng.png\",\"width\":1019,\"height\":776,\"caption\":\"PrijedorDanas.com\"},\"image\":{\"@id\":\"https:\/\/www.prijedordanas.com\/#\/schema\/logo\/image\/\"},\"sameAs\":[\"https:\/\/www.facebook.com\/PrijedorDanasCom\/\"]},{\"@type\":\"Person\",\"@id\":\"https:\/\/www.prijedordanas.com\/#\/schema\/person\/4e08ccf29b506ca916ff86d46bb700e6\",\"name\":\"admin\",\"image\":{\"@type\":\"ImageObject\",\"inLanguage\":\"en-US\",\"@id\":\"https:\/\/www.prijedordanas.com\/#\/schema\/person\/image\/\",\"url\":\"https:\/\/secure.gravatar.com\/avatar\/1d3fc949d550f0b53a5f0d51e06dfd79?s=96&d=mm&r=g\",\"contentUrl\":\"https:\/\/secure.gravatar.com\/avatar\/1d3fc949d550f0b53a5f0d51e06dfd79?s=96&d=mm&r=g\",\"caption\":\"admin\"},\"url\":\"https:\/\/www.prijedordanas.com\/?author=1\"}]}<\/script>\n<!-- \/ Yoast SEO plugin. -->","yoast_head_json":{"title":"Prijedor: Rekonstruisana Ulica majora Milana Tepi\u0107a otvorena za saobra\u0107aj - FOTO - PrijedorDanas.com - Prijedorski gradski portal","robots":{"index":"index","follow":"follow","max-snippet":"max-snippet:-1","max-image-preview":"max-image-preview:large","max-video-preview":"max-video-preview:-1"},"canonical":"https:\/\/www.prijedordanas.com\/?p=178114","og_locale":"en_US","og_type":"article","og_title":"Prijedor: Rekonstruisana Ulica majora Milana Tepi\u0107a otvorena za saobra\u0107aj - FOTO - PrijedorDanas.com - Prijedorski gradski portal","og_description":"Rekonstruisana Ulica majora Milana Tepi\u0107a otvorena je danas za saobra\u0107aj. Zamjenik gradona\u010delnika Prijedora \u017darko Kova\u010devi\u0107 izjavio je da je rekonstrukcija ove saobra\u0107ajnice u centru grada kapitalni projekat na zadovoljstvo svih [&hellip;]","og_url":"https:\/\/www.prijedordanas.com\/?p=178114","og_site_name":"PrijedorDanas.com - Prijedorski gradski portal","article_publisher":"https:\/\/www.facebook.com\/PrijedorDanasCom\/","article_published_time":"2021-12-08T14:57:53+00:00","og_image":[{"url":"https:\/\/www.prijedordanas.com\/wp-content\/uploads\/2021\/12\/ulica-mmtepica-pusten-saobracaj-1-300x225.jpg"}],"author":"admin","twitter_card":"summary_large_image","twitter_misc":{"Written by":"admin","Est. reading time":"3 minutes"},"schema":{"@context":"https:\/\/schema.org","@graph":[{"@type":"Article","@id":"https:\/\/www.prijedordanas.com\/?p=178114#article","isPartOf":{"@id":"https:\/\/www.prijedordanas.com\/?p=178114"},"author":{"name":"admin","@id":"https:\/\/www.prijedordanas.com\/#\/schema\/person\/4e08ccf29b506ca916ff86d46bb700e6"},"headline":"Prijedor: Rekonstruisana Ulica majora Milana Tepi\u0107a otvorena za saobra\u0107aj &#8211; FOTO","datePublished":"2021-12-08T14:57:53+00:00","dateModified":"2021-12-08T14:57:53+00:00","mainEntityOfPage":{"@id":"https:\/\/www.prijedordanas.com\/?p=178114"},"wordCount":439,"publisher":{"@id":"https:\/\/www.prijedordanas.com\/#organization"},"keywords":["rekonstrukcija","ulica majora Milana Tepi\u0107a"],"articleSection":["Dru\u0161tvo","Foto dana"],"inLanguage":"en-US"},{"@type":"WebPage","@id":"https:\/\/www.prijedordanas.com\/?p=178114","url":"https:\/\/www.prijedordanas.com\/?p=178114","name":"Prijedor: Rekonstruisana Ulica majora Milana Tepi\u0107a otvorena za saobra\u0107aj - FOTO - PrijedorDanas.com - Prijedorski gradski portal","isPartOf":{"@id":"https:\/\/www.prijedordanas.com\/#website"},"datePublished":"2021-12-08T14:57:53+00:00","dateModified":"2021-12-08T14:57:53+00:00","breadcrumb":{"@id":"https:\/\/www.prijedordanas.com\/?p=178114#breadcrumb"},"inLanguage":"en-US","potentialAction":[{"@type":"ReadAction","target":["https:\/\/www.prijedordanas.com\/?p=178114"]}]},{"@type":"BreadcrumbList","@id":"https:\/\/www.prijedordanas.com\/?p=178114#breadcrumb","itemListElement":[{"@type":"ListItem","position":1,"name":"Home","item":"https:\/\/www.prijedordanas.com\/"},{"@type":"ListItem","position":2,"name":"Prijedor: Rekonstruisana Ulica majora Milana Tepi\u0107a otvorena za saobra\u0107aj &#8211; FOTO"}]},{"@type":"WebSite","@id":"https:\/\/www.prijedordanas.com\/#website","url":"https:\/\/www.prijedordanas.com\/","name":"PrijedorDanas.com - Prijedorski gradski portal","description":"Portal o doga\u0111anjima u gradu Prijedoru","publisher":{"@id":"https:\/\/www.prijedordanas.com\/#organization"},"potentialAction":[{"@type":"SearchAction","target":{"@type":"EntryPoint","urlTemplate":"https:\/\/www.prijedordanas.com\/?s={search_term_string}"},"query-input":"required name=search_term_string"}],"inLanguage":"en-US"},{"@type":"Organization","@id":"https:\/\/www.prijedordanas.com\/#organization","name":"PrijedorDanas.com","url":"https:\/\/www.prijedordanas.com\/","logo":{"@type":"ImageObject","inLanguage":"en-US","@id":"https:\/\/www.prijedordanas.com\/#\/schema\/logo\/image\/","url":"http:\/\/www.prijedordanas.com\/wp-content\/uploads\/2021\/12\/logopng.png","contentUrl":"http:\/\/www.prijedordanas.com\/wp-content\/uploads\/2021\/12\/logopng.png","width":1019,"height":776,"caption":"PrijedorDanas.com"},"image":{"@id":"https:\/\/www.prijedordanas.com\/#\/schema\/logo\/image\/"},"sameAs":["https:\/\/www.facebook.com\/PrijedorDanasCom\/"]},{"@type":"Person","@id":"https:\/\/www.prijedordanas.com\/#\/schema\/person\/4e08ccf29b506ca916ff86d46bb700e6","name":"admin","image":{"@type":"ImageObject","inLanguage":"en-US","@id":"https:\/\/www.prijedordanas.com\/#\/schema\/person\/image\/","url":"https:\/\/secure.gravatar.com\/avatar\/1d3fc949d550f0b53a5f0d51e06dfd79?s=96&d=mm&r=g","contentUrl":"https:\/\/secure.gravatar.com\/avatar\/1d3fc949d550f0b53a5f0d51e06dfd79?s=96&d=mm&r=g","caption":"admin"},"url":"https:\/\/www.prijedordanas.com\/?author=1"}]}},"_links":{"self":[{"href":"https:\/\/www.prijedordanas.com\/index.php?rest_route=\/wp\/v2\/posts\/178114"}],"collection":[{"href":"https:\/\/www.prijedordanas.com\/index.php?rest_route=\/wp\/v2\/posts"}],"about":[{"href":"https:\/\/www.prijedordanas.com\/index.php?rest_route=\/wp\/v2\/types\/post"}],"author":[{"embeddable":true,"href":"https:\/\/www.prijedordanas.com\/index.php?rest_route=\/wp\/v2\/users\/1"}],"replies":[{"embeddable":true,"href":"https:\/\/www.prijedordanas.com\/index.php?rest_route=%2Fwp%2Fv2%2Fcomments&post=178114"}],"version-history":[{"count":1,"href":"https:\/\/www.prijedordanas.com\/index.php?rest_route=\/wp\/v2\/posts\/178114\/revisions"}],"predecessor-version":[{"id":178125,"href":"https:\/\/www.prijedordanas.com\/index.php?rest_route=\/wp\/v2\/posts\/178114\/revisions\/178125"}],"wp:attachment":[{"href":"https:\/\/www.prijedordanas.com\/index.php?rest_route=%2Fwp%2Fv2%2Fmedia&parent=178114"}],"wp:term":[{"taxonomy":"category","embeddable":true,"href":"https:\/\/www.prijedordanas.com\/index.php?rest_route=%2Fwp%2Fv2%2Fcategories&post=178114"},{"taxonomy":"post_tag","embeddable":true,"href":"https:\/\/www.prijedordanas.com\/index.php?rest_route=%2Fwp%2Fv2%2Ftags&post=178114"}],"curies":[{"name":"wp","href":"https:\/\/api.w.org\/{rel}","templated":true}]}}