{"id":178036,"date":"2021-12-07T16:27:39","date_gmt":"2021-12-07T15:27:39","guid":{"rendered":"https:\/\/www.prijedordanas.com\/?p=178036"},"modified":"2021-12-07T16:27:39","modified_gmt":"2021-12-07T15:27:39","slug":"moguce-rjesenje-za-pokretanje-proizvodnje-u-rudniku-u-ljubiji-foto","status":"publish","type":"post","link":"https:\/\/www.prijedordanas.com\/?p=178036","title":{"rendered":"Mogu\u0107e rje\u0161enje za pokretanje proizvodnje u rudniku u Ljubiji &#8211; FOTO"},"content":{"rendered":"<p><a href=\"https:\/\/www.prijedordanas.com\/wp-content\/uploads\/2021\/12\/prijedorgradorg-posjeta-ministri-ljubija-1.jpg\"><img loading=\"lazy\" decoding=\"async\" class=\"alignleft size-medium wp-image-178037\" src=\"https:\/\/www.prijedordanas.com\/wp-content\/uploads\/2021\/12\/prijedorgradorg-posjeta-ministri-ljubija-1-300x225.jpg\" alt=\"\" width=\"300\" height=\"225\" srcset=\"https:\/\/www.prijedordanas.com\/wp-content\/uploads\/2021\/12\/prijedorgradorg-posjeta-ministri-ljubija-1-300x225.jpg 300w, https:\/\/www.prijedordanas.com\/wp-content\/uploads\/2021\/12\/prijedorgradorg-posjeta-ministri-ljubija-1-640x480.jpg 640w, https:\/\/www.prijedordanas.com\/wp-content\/uploads\/2021\/12\/prijedorgradorg-posjeta-ministri-ljubija-1.jpg 667w\" sizes=\"(max-width: 300px) 100vw, 300px\" \/><\/a>Ministar energetike i rudarstva Republike Srpske Petar \u0110oki\u0107 izjavio je danas u Ljubiji da se posljednjih godinu dana intenzivno tra\u017ei rje\u0161enje za pokretanje rudarske proizvodnje u LJubiji koja je zaustavljena prije 29 godina.<\/p>\n<p>On je naveo da rje\u0161enja tra\u017ee Vlada i ovo ministarstvo zajedno sa kompanijom &#8220;Arselor Mital Prijedor&#8221; i R\u017dR &#8220;LJubija&#8221; Prijedor.<\/p>\n<p>&#8220;Mislim da smo sada sasvim blizu tog rje\u0161enja da ponovo obnovimo proizvodnju na ovom lokalitetu i da se ponovo po\u010dne odvijati rudarska proizvodnja \u017eeljezne rude na lokalitetu LJubija&#8221;, rekao je \u0110oki\u0107 novinarima.<\/p>\n<p>On je ocijenio da nije jednostavan posao otvoriti rudnik u stanju u kojem se nalaze rudarski objekti i same povr\u0161ine gdje \u0107e se vr\u0161iti eksploatacija, nego vrlo zahtjevan i dugotrajan.<\/p>\n<p><a href=\"https:\/\/www.prijedordanas.com\/wp-content\/uploads\/2021\/12\/prijedorgradorg-posjeta-ministri-ljubija-2.jpg\"><img loading=\"lazy\" decoding=\"async\" class=\"alignleft size-medium wp-image-178038\" src=\"https:\/\/www.prijedordanas.com\/wp-content\/uploads\/2021\/12\/prijedorgradorg-posjeta-ministri-ljubija-2-300x200.jpg\" alt=\"\" width=\"300\" height=\"200\" srcset=\"https:\/\/www.prijedordanas.com\/wp-content\/uploads\/2021\/12\/prijedorgradorg-posjeta-ministri-ljubija-2-300x200.jpg 300w, https:\/\/www.prijedordanas.com\/wp-content\/uploads\/2021\/12\/prijedorgradorg-posjeta-ministri-ljubija-2-480x320.jpg 480w, https:\/\/www.prijedordanas.com\/wp-content\/uploads\/2021\/12\/prijedorgradorg-posjeta-ministri-ljubija-2.jpg 600w\" sizes=\"(max-width: 300px) 100vw, 300px\" \/><\/a>&#8220;Sigurno do godinu dana, ako se intenzivno krene u rad, \u0107e biti potrebno od dana kada krenu aktivnosti do trenutka otvaranja rudnika. Na\u0161 cilj kao Vlade jeste da u\u010dinimo sve \u0161to mo\u017eemo da pomognemo da ova na\u0161a zajedni\u010dka kompanija, `ArselorMital Prijedor` bude nosilac te rudarske proizvodnje i da obnovimo tu proizvodnju na na\u010din da \u0107e se dobijati koncesija za proizvodnju \u017eeljezne rude. R\u017dR \u0107e biti u sastavu `Mitala` i dalje kao kompanija sa svojim udjelom. Tako\u0111e, cilj Vlade je da osposobimo R\u017dR kao preduze\u0107e, da ga ekonomsko- finansijski podignemo u odnosu na ono \u0161to je bio do sada i da kao takvo bude sposobno da bude kvalitetniji partner zajedno sa `Mitalom` u tom zajedni\u010dkom preduze\u0107u koje \u0107e u narednom periodu ovdje vr\u0161iti eksploataciju&#8221;, naveo je \u0110oki\u0107.<\/p>\n<p>Odgovaraju\u0107i na pitanja novinara, \u0110oki\u0107 je rekao da je prodaja dr\u017eavnog kapitala u R\u017dR-u &#8220;LJubija&#8221; i dalje stoji kao opcija, ali da to ne\u0107e uticati na poziciju R\u017dR-a u okviru zajedni\u010dkog preduze\u0107a &#8220;ArselorMital Prijedor&#8221; gdje je u\u010de\u0161\u0107e R\u017dR-a 49 odsto.<\/p>\n<p><a href=\"https:\/\/www.prijedordanas.com\/wp-content\/uploads\/2021\/12\/prijedorgradorg-posjeta-ministri-ljubija-3.jpg\"><img loading=\"lazy\" decoding=\"async\" class=\"alignleft size-medium wp-image-178039\" src=\"https:\/\/www.prijedordanas.com\/wp-content\/uploads\/2021\/12\/prijedorgradorg-posjeta-ministri-ljubija-3-300x200.jpg\" alt=\"\" width=\"300\" height=\"200\" srcset=\"https:\/\/www.prijedordanas.com\/wp-content\/uploads\/2021\/12\/prijedorgradorg-posjeta-ministri-ljubija-3-300x200.jpg 300w, https:\/\/www.prijedordanas.com\/wp-content\/uploads\/2021\/12\/prijedorgradorg-posjeta-ministri-ljubija-3-480x320.jpg 480w, https:\/\/www.prijedordanas.com\/wp-content\/uploads\/2021\/12\/prijedorgradorg-posjeta-ministri-ljubija-3.jpg 600w\" sizes=\"(max-width: 300px) 100vw, 300px\" \/><\/a>&#8220;`Mital&#8221; je, prema dugoro\u010dnom ugovoru koji je zaklju\u010den 2004. godine, nosilac rudarske proizvodnje u ovom regionu i to se ne mo\u017ee promijeniti, ali se mogu mijenjati odnosi unutar zajedni\u010dkog preduze\u0107a na na\u010din da se ne\u0161to druga\u010dije dogovara, ali to je stvar koja \u0107e do\u0107i na red. Najva\u017enije je da \u0107e ovdje biti rudarska proizvodnja, da \u0107e ona anga\u017eovati tri-\u010detiri stotine radnika, da \u0107e to biti novi doprinos, kako samoj kompaniji tako i Republici Srspkoj. Na\u0161 je plan u ovom trenutku da se poku\u0161a dokapitalizacijom pobolj\u0161ati pozicija R\u017dR i na tome se radi. Da li \u0107emo uspjeti ili ne, to \u010dak ne\u0107e biti toliko ni va\u017eno koliko je va\u017eno da imamo jasnu viziju da \u0107emo pokrenuti proizvodnju&#8221;, dodao je \u0110oki\u0107.<\/p>\n<p>Ministar saobra\u0107aja i veza Republike Srpske Nedeljko \u0106ori\u0107 izjavio je da o\u010dekuje da po\u010detkom 2022. godine bude raspisan tender za sanaciju pruge za \u0161ta postoje tri opcije i kre\u0107u se od deset do 30 miliona maraka okvirno, jer je u ovom trenutku te\u0161ko procijeniti vrijednost investicije.<\/p>\n<p><a href=\"https:\/\/www.prijedordanas.com\/wp-content\/uploads\/2021\/12\/prijedorgradorg-posjeta-ministri-ljubija-4.jpg\"><img loading=\"lazy\" decoding=\"async\" src=\"https:\/\/www.prijedordanas.com\/wp-content\/uploads\/2021\/12\/prijedorgradorg-posjeta-ministri-ljubija-4-300x200.jpg\" alt=\"\" width=\"300\" height=\"200\" class=\"alignleft size-medium wp-image-178040\" srcset=\"https:\/\/www.prijedordanas.com\/wp-content\/uploads\/2021\/12\/prijedorgradorg-posjeta-ministri-ljubija-4-300x200.jpg 300w, https:\/\/www.prijedordanas.com\/wp-content\/uploads\/2021\/12\/prijedorgradorg-posjeta-ministri-ljubija-4-480x320.jpg 480w, https:\/\/www.prijedordanas.com\/wp-content\/uploads\/2021\/12\/prijedorgradorg-posjeta-ministri-ljubija-4.jpg 600w\" sizes=\"(max-width: 300px) 100vw, 300px\" \/><\/a>Prema njegovim rije\u010dima, u prvoj fazi bila bi samo rekonstrukcija pruge i dizel lokomotiva koja bi vozila rudu do Zenice, a u drugoj i tre\u0107oj fazi bila bi elektrifikacija.<\/p>\n<p>Zamjenik gradona\u010delnika Prijedora \u017darko Kova\u010devi\u0107 podsjetio je da je Gradska uprava u posljednjih godinu dana aktivno u\u0161la u pri\u010du o pokretanju rudnika u LJubiji i da je to pri\u010da lokalne zajendice, a ne jednog pojedinca.<\/p>\n<p>&#8220;Nismo vi\u0161e pasivni posmatra\u010d doga\u0111aja oko nas nego se aktivno uklju\u010dujemo u rje\u0161avanje svih pitanja. Pitanje pokretanja proizvodnje u LJubiji je, vjerujem, za ve\u0107inu Prijedor\u010dana emotivna stvar. Svi znamo \u0161ta je rudnik bio i zna\u010dio za grad Prijedor i nadam se da \u0107e tako i biti. Nikad vi\u0161e ne bi trebalo da se u Prijedoru desi da jedan \u010dovjek mo\u017ee ovu pri\u010du da zaustavi. Ovo je pri\u010da koja se ti\u010de svih nas&#8221;, naglasio je Kova\u010devi\u0107.<\/p>\n<p>Direktor R\u017dR-a &#8220;LJubija&#8221; Prijedor Stanko Vujkovi\u0107 rekao je da se aktivnosti na ovome vode godinu dana.<\/p>\n<p>&#8220;Do\u0161li smo do momenta da smo blizu rje\u0161enja da kre\u0107e otvaranje rudnika LJubija krajem idu\u0107e ili po\u010detkom 2023. godine. Vlada intenzivno radi na dokapitalizaciji R\u017dR-a da bi osna\u017eila kompaniju koja \u0107e u\u0107i sa partnerom `Mitalom` u sve budu\u0107e projekte. Bez obzira na prekompoziciju koju \u0107e `Mital` imati u Omarskoj, mi o\u010dekujemo 200 novih radnih mjesta ovdje&#8221;, dodao je Vujkovi\u0107.<\/p>\n<p>Direktor kompanije &#8220;Arselor Mital Prijedor&#8221; Mladen Jela\u010da zahvalio se institucijama Vlade i lokalnoj zajednici \u0161to se do\u0161lo do momenta da se mo\u017ee najaviti ovaj projekat budu\u0107i da rude u Omarskoj ima za jo\u0161 tri ili \u010detiri godine, da rudarstvo ovdje \u017eivi du\u017ee od vijeka i da se mora nastojati da se ne prekine.<\/p>\n<p>&#8220;Ispitivanja i testiranja u laboratoriji pokazala su da se mo\u017ee mije\u0161ati ljubijska ruda sa rudom u Omarskoj i na\u0161a ideja je da mije\u0161anjem ove i rude iz Omarske produ\u017eimo i vijek u Omarskoj, a ovdje zapo\u010dnemo eksploataciju, ali i nastavimo dalja istra\u017eivanja. Pruga koja stoji koliko i rudnik tra\u017ei adekvatno rje\u0161enje i o\u010dekujemo od resornog ministarsrtva da to rije\u0161i&#8221;, rekao je Jela\u010da.<\/p>\n<p><a href=\"http:\/\/prijedorgrad.org\/sr-EU\/vijesti-sadrzaj.html?vid=13535\" target=\"_blank\" rel=\"noopener\">prijedorgrad.org<\/a><\/p>\n","protected":false},"excerpt":{"rendered":"<p>Ministar energetike i rudarstva Republike Srpske Petar \u0110oki\u0107 izjavio je danas u Ljubiji da se posljednjih godinu dana intenzivno tra\u017ei rje\u0161enje za pokretanje rudarske proizvodnje u LJubiji koja je zaustavljena [&hellip;]<\/p>\n","protected":false},"author":1,"featured_media":0,"comment_status":"closed","ping_status":"open","sticky":false,"template":"","format":"standard","meta":{"_monsterinsights_skip_tracking":false,"_monsterinsights_sitenote_active":false,"_monsterinsights_sitenote_note":"","_monsterinsights_sitenote_category":0,"footnotes":""},"categories":[4],"tags":[],"yoast_head":"<!-- This site is optimized with the Yoast SEO plugin v21.6 - https:\/\/yoast.com\/wordpress\/plugins\/seo\/ -->\n<title>Mogu\u0107e rje\u0161enje za pokretanje proizvodnje u rudniku u Ljubiji - FOTO - PrijedorDanas.com - Prijedorski gradski portal<\/title>\n<meta name=\"robots\" content=\"index, follow, max-snippet:-1, max-image-preview:large, max-video-preview:-1\" \/>\n<link rel=\"canonical\" href=\"https:\/\/www.prijedordanas.com\/?p=178036\" \/>\n<meta property=\"og:locale\" content=\"en_US\" \/>\n<meta property=\"og:type\" content=\"article\" \/>\n<meta property=\"og:title\" content=\"Mogu\u0107e rje\u0161enje za pokretanje proizvodnje u rudniku u Ljubiji - FOTO - PrijedorDanas.com - Prijedorski gradski portal\" \/>\n<meta property=\"og:description\" content=\"Ministar energetike i rudarstva Republike Srpske Petar \u0110oki\u0107 izjavio je danas u Ljubiji da se posljednjih godinu dana intenzivno tra\u017ei rje\u0161enje za pokretanje rudarske proizvodnje u LJubiji koja je zaustavljena [&hellip;]\" \/>\n<meta property=\"og:url\" content=\"https:\/\/www.prijedordanas.com\/?p=178036\" \/>\n<meta property=\"og:site_name\" content=\"PrijedorDanas.com - Prijedorski gradski portal\" \/>\n<meta property=\"article:publisher\" content=\"https:\/\/www.facebook.com\/PrijedorDanasCom\/\" \/>\n<meta property=\"article:published_time\" content=\"2021-12-07T15:27:39+00:00\" \/>\n<meta property=\"og:image\" content=\"https:\/\/www.prijedordanas.com\/wp-content\/uploads\/2021\/12\/prijedorgradorg-posjeta-ministri-ljubija-1-300x225.jpg\" \/>\n<meta name=\"author\" content=\"admin\" \/>\n<meta name=\"twitter:card\" content=\"summary_large_image\" \/>\n<meta name=\"twitter:label1\" content=\"Written by\" \/>\n\t<meta name=\"twitter:data1\" content=\"admin\" \/>\n\t<meta name=\"twitter:label2\" content=\"Est. reading time\" \/>\n\t<meta name=\"twitter:data2\" content=\"5 minutes\" \/>\n<script type=\"application\/ld+json\" class=\"yoast-schema-graph\">{\"@context\":\"https:\/\/schema.org\",\"@graph\":[{\"@type\":\"Article\",\"@id\":\"https:\/\/www.prijedordanas.com\/?p=178036#article\",\"isPartOf\":{\"@id\":\"https:\/\/www.prijedordanas.com\/?p=178036\"},\"author\":{\"name\":\"admin\",\"@id\":\"https:\/\/www.prijedordanas.com\/#\/schema\/person\/4e08ccf29b506ca916ff86d46bb700e6\"},\"headline\":\"Mogu\u0107e rje\u0161enje za pokretanje proizvodnje u rudniku u Ljubiji &#8211; FOTO\",\"datePublished\":\"2021-12-07T15:27:39+00:00\",\"dateModified\":\"2021-12-07T15:27:39+00:00\",\"mainEntityOfPage\":{\"@id\":\"https:\/\/www.prijedordanas.com\/?p=178036\"},\"wordCount\":885,\"publisher\":{\"@id\":\"https:\/\/www.prijedordanas.com\/#organization\"},\"articleSection\":[\"Dru\u0161tvo\"],\"inLanguage\":\"en-US\"},{\"@type\":\"WebPage\",\"@id\":\"https:\/\/www.prijedordanas.com\/?p=178036\",\"url\":\"https:\/\/www.prijedordanas.com\/?p=178036\",\"name\":\"Mogu\u0107e rje\u0161enje za pokretanje proizvodnje u rudniku u Ljubiji - FOTO - PrijedorDanas.com - Prijedorski gradski portal\",\"isPartOf\":{\"@id\":\"https:\/\/www.prijedordanas.com\/#website\"},\"datePublished\":\"2021-12-07T15:27:39+00:00\",\"dateModified\":\"2021-12-07T15:27:39+00:00\",\"breadcrumb\":{\"@id\":\"https:\/\/www.prijedordanas.com\/?p=178036#breadcrumb\"},\"inLanguage\":\"en-US\",\"potentialAction\":[{\"@type\":\"ReadAction\",\"target\":[\"https:\/\/www.prijedordanas.com\/?p=178036\"]}]},{\"@type\":\"BreadcrumbList\",\"@id\":\"https:\/\/www.prijedordanas.com\/?p=178036#breadcrumb\",\"itemListElement\":[{\"@type\":\"ListItem\",\"position\":1,\"name\":\"Home\",\"item\":\"https:\/\/www.prijedordanas.com\/\"},{\"@type\":\"ListItem\",\"position\":2,\"name\":\"Mogu\u0107e rje\u0161enje za pokretanje proizvodnje u rudniku u Ljubiji &#8211; FOTO\"}]},{\"@type\":\"WebSite\",\"@id\":\"https:\/\/www.prijedordanas.com\/#website\",\"url\":\"https:\/\/www.prijedordanas.com\/\",\"name\":\"PrijedorDanas.com - Prijedorski gradski portal\",\"description\":\"Portal o doga\u0111anjima u gradu Prijedoru\",\"publisher\":{\"@id\":\"https:\/\/www.prijedordanas.com\/#organization\"},\"potentialAction\":[{\"@type\":\"SearchAction\",\"target\":{\"@type\":\"EntryPoint\",\"urlTemplate\":\"https:\/\/www.prijedordanas.com\/?s={search_term_string}\"},\"query-input\":\"required name=search_term_string\"}],\"inLanguage\":\"en-US\"},{\"@type\":\"Organization\",\"@id\":\"https:\/\/www.prijedordanas.com\/#organization\",\"name\":\"PrijedorDanas.com\",\"url\":\"https:\/\/www.prijedordanas.com\/\",\"logo\":{\"@type\":\"ImageObject\",\"inLanguage\":\"en-US\",\"@id\":\"https:\/\/www.prijedordanas.com\/#\/schema\/logo\/image\/\",\"url\":\"http:\/\/www.prijedordanas.com\/wp-content\/uploads\/2021\/12\/logopng.png\",\"contentUrl\":\"http:\/\/www.prijedordanas.com\/wp-content\/uploads\/2021\/12\/logopng.png\",\"width\":1019,\"height\":776,\"caption\":\"PrijedorDanas.com\"},\"image\":{\"@id\":\"https:\/\/www.prijedordanas.com\/#\/schema\/logo\/image\/\"},\"sameAs\":[\"https:\/\/www.facebook.com\/PrijedorDanasCom\/\"]},{\"@type\":\"Person\",\"@id\":\"https:\/\/www.prijedordanas.com\/#\/schema\/person\/4e08ccf29b506ca916ff86d46bb700e6\",\"name\":\"admin\",\"image\":{\"@type\":\"ImageObject\",\"inLanguage\":\"en-US\",\"@id\":\"https:\/\/www.prijedordanas.com\/#\/schema\/person\/image\/\",\"url\":\"https:\/\/secure.gravatar.com\/avatar\/1d3fc949d550f0b53a5f0d51e06dfd79?s=96&d=mm&r=g\",\"contentUrl\":\"https:\/\/secure.gravatar.com\/avatar\/1d3fc949d550f0b53a5f0d51e06dfd79?s=96&d=mm&r=g\",\"caption\":\"admin\"},\"url\":\"https:\/\/www.prijedordanas.com\/?author=1\"}]}<\/script>\n<!-- \/ Yoast SEO plugin. -->","yoast_head_json":{"title":"Mogu\u0107e rje\u0161enje za pokretanje proizvodnje u rudniku u Ljubiji - FOTO - PrijedorDanas.com - Prijedorski gradski portal","robots":{"index":"index","follow":"follow","max-snippet":"max-snippet:-1","max-image-preview":"max-image-preview:large","max-video-preview":"max-video-preview:-1"},"canonical":"https:\/\/www.prijedordanas.com\/?p=178036","og_locale":"en_US","og_type":"article","og_title":"Mogu\u0107e rje\u0161enje za pokretanje proizvodnje u rudniku u Ljubiji - FOTO - PrijedorDanas.com - Prijedorski gradski portal","og_description":"Ministar energetike i rudarstva Republike Srpske Petar \u0110oki\u0107 izjavio je danas u Ljubiji da se posljednjih godinu dana intenzivno tra\u017ei rje\u0161enje za pokretanje rudarske proizvodnje u LJubiji koja je zaustavljena [&hellip;]","og_url":"https:\/\/www.prijedordanas.com\/?p=178036","og_site_name":"PrijedorDanas.com - Prijedorski gradski portal","article_publisher":"https:\/\/www.facebook.com\/PrijedorDanasCom\/","article_published_time":"2021-12-07T15:27:39+00:00","og_image":[{"url":"https:\/\/www.prijedordanas.com\/wp-content\/uploads\/2021\/12\/prijedorgradorg-posjeta-ministri-ljubija-1-300x225.jpg"}],"author":"admin","twitter_card":"summary_large_image","twitter_misc":{"Written by":"admin","Est. reading time":"5 minutes"},"schema":{"@context":"https:\/\/schema.org","@graph":[{"@type":"Article","@id":"https:\/\/www.prijedordanas.com\/?p=178036#article","isPartOf":{"@id":"https:\/\/www.prijedordanas.com\/?p=178036"},"author":{"name":"admin","@id":"https:\/\/www.prijedordanas.com\/#\/schema\/person\/4e08ccf29b506ca916ff86d46bb700e6"},"headline":"Mogu\u0107e rje\u0161enje za pokretanje proizvodnje u rudniku u Ljubiji &#8211; FOTO","datePublished":"2021-12-07T15:27:39+00:00","dateModified":"2021-12-07T15:27:39+00:00","mainEntityOfPage":{"@id":"https:\/\/www.prijedordanas.com\/?p=178036"},"wordCount":885,"publisher":{"@id":"https:\/\/www.prijedordanas.com\/#organization"},"articleSection":["Dru\u0161tvo"],"inLanguage":"en-US"},{"@type":"WebPage","@id":"https:\/\/www.prijedordanas.com\/?p=178036","url":"https:\/\/www.prijedordanas.com\/?p=178036","name":"Mogu\u0107e rje\u0161enje za pokretanje proizvodnje u rudniku u Ljubiji - FOTO - PrijedorDanas.com - Prijedorski gradski portal","isPartOf":{"@id":"https:\/\/www.prijedordanas.com\/#website"},"datePublished":"2021-12-07T15:27:39+00:00","dateModified":"2021-12-07T15:27:39+00:00","breadcrumb":{"@id":"https:\/\/www.prijedordanas.com\/?p=178036#breadcrumb"},"inLanguage":"en-US","potentialAction":[{"@type":"ReadAction","target":["https:\/\/www.prijedordanas.com\/?p=178036"]}]},{"@type":"BreadcrumbList","@id":"https:\/\/www.prijedordanas.com\/?p=178036#breadcrumb","itemListElement":[{"@type":"ListItem","position":1,"name":"Home","item":"https:\/\/www.prijedordanas.com\/"},{"@type":"ListItem","position":2,"name":"Mogu\u0107e rje\u0161enje za pokretanje proizvodnje u rudniku u Ljubiji &#8211; FOTO"}]},{"@type":"WebSite","@id":"https:\/\/www.prijedordanas.com\/#website","url":"https:\/\/www.prijedordanas.com\/","name":"PrijedorDanas.com - Prijedorski gradski portal","description":"Portal o doga\u0111anjima u gradu Prijedoru","publisher":{"@id":"https:\/\/www.prijedordanas.com\/#organization"},"potentialAction":[{"@type":"SearchAction","target":{"@type":"EntryPoint","urlTemplate":"https:\/\/www.prijedordanas.com\/?s={search_term_string}"},"query-input":"required name=search_term_string"}],"inLanguage":"en-US"},{"@type":"Organization","@id":"https:\/\/www.prijedordanas.com\/#organization","name":"PrijedorDanas.com","url":"https:\/\/www.prijedordanas.com\/","logo":{"@type":"ImageObject","inLanguage":"en-US","@id":"https:\/\/www.prijedordanas.com\/#\/schema\/logo\/image\/","url":"http:\/\/www.prijedordanas.com\/wp-content\/uploads\/2021\/12\/logopng.png","contentUrl":"http:\/\/www.prijedordanas.com\/wp-content\/uploads\/2021\/12\/logopng.png","width":1019,"height":776,"caption":"PrijedorDanas.com"},"image":{"@id":"https:\/\/www.prijedordanas.com\/#\/schema\/logo\/image\/"},"sameAs":["https:\/\/www.facebook.com\/PrijedorDanasCom\/"]},{"@type":"Person","@id":"https:\/\/www.prijedordanas.com\/#\/schema\/person\/4e08ccf29b506ca916ff86d46bb700e6","name":"admin","image":{"@type":"ImageObject","inLanguage":"en-US","@id":"https:\/\/www.prijedordanas.com\/#\/schema\/person\/image\/","url":"https:\/\/secure.gravatar.com\/avatar\/1d3fc949d550f0b53a5f0d51e06dfd79?s=96&d=mm&r=g","contentUrl":"https:\/\/secure.gravatar.com\/avatar\/1d3fc949d550f0b53a5f0d51e06dfd79?s=96&d=mm&r=g","caption":"admin"},"url":"https:\/\/www.prijedordanas.com\/?author=1"}]}},"_links":{"self":[{"href":"https:\/\/www.prijedordanas.com\/index.php?rest_route=\/wp\/v2\/posts\/178036"}],"collection":[{"href":"https:\/\/www.prijedordanas.com\/index.php?rest_route=\/wp\/v2\/posts"}],"about":[{"href":"https:\/\/www.prijedordanas.com\/index.php?rest_route=\/wp\/v2\/types\/post"}],"author":[{"embeddable":true,"href":"https:\/\/www.prijedordanas.com\/index.php?rest_route=\/wp\/v2\/users\/1"}],"replies":[{"embeddable":true,"href":"https:\/\/www.prijedordanas.com\/index.php?rest_route=%2Fwp%2Fv2%2Fcomments&post=178036"}],"version-history":[{"count":1,"href":"https:\/\/www.prijedordanas.com\/index.php?rest_route=\/wp\/v2\/posts\/178036\/revisions"}],"predecessor-version":[{"id":178041,"href":"https:\/\/www.prijedordanas.com\/index.php?rest_route=\/wp\/v2\/posts\/178036\/revisions\/178041"}],"wp:attachment":[{"href":"https:\/\/www.prijedordanas.com\/index.php?rest_route=%2Fwp%2Fv2%2Fmedia&parent=178036"}],"wp:term":[{"taxonomy":"category","embeddable":true,"href":"https:\/\/www.prijedordanas.com\/index.php?rest_route=%2Fwp%2Fv2%2Fcategories&post=178036"},{"taxonomy":"post_tag","embeddable":true,"href":"https:\/\/www.prijedordanas.com\/index.php?rest_route=%2Fwp%2Fv2%2Ftags&post=178036"}],"curies":[{"name":"wp","href":"https:\/\/api.w.org\/{rel}","templated":true}]}}