{"id":177925,"date":"2021-12-05T16:09:56","date_gmt":"2021-12-05T15:09:56","guid":{"rendered":"https:\/\/www.prijedordanas.com\/?p=177925"},"modified":"2021-12-05T16:55:48","modified_gmt":"2021-12-05T15:55:48","slug":"kandidat-snsd-a-za-gradonacelnika-slobodan-javor-o-porazavajucim-podacima-prijedor-za-16-godina-ostao-bez-2-842-radna-mjesta","status":"publish","type":"post","link":"https:\/\/www.prijedordanas.com\/?p=177925","title":{"rendered":"Kandidat SNSD-a za gradona\u010delnika Slobodan Javor o pora\u017eavaju\u0107im podacima: Prijedor za 16 godina ostao bez 2.842 radna mjesta"},"content":{"rendered":"<p><a href=\"https:\/\/www.prijedordanas.com\/wp-content\/uploads\/2021\/12\/snsd-javor-radna-mjesta.jpg\"><img loading=\"lazy\" decoding=\"async\" src=\"https:\/\/www.prijedordanas.com\/wp-content\/uploads\/2021\/12\/snsd-javor-radna-mjesta-300x222.jpg\" alt=\"\" width=\"300\" height=\"222\" class=\"alignleft size-medium wp-image-177928\" srcset=\"https:\/\/www.prijedordanas.com\/wp-content\/uploads\/2021\/12\/snsd-javor-radna-mjesta-300x222.jpg 300w, https:\/\/www.prijedordanas.com\/wp-content\/uploads\/2021\/12\/snsd-javor-radna-mjesta.jpg 675w\" sizes=\"(max-width: 300px) 100vw, 300px\" \/><\/a>Kandidat SNSD za gradona\u010delnika Prijedora Slobodan Javor ka\u017ee da je prema zvani\u010dnim podacima Zavoda za statistiku RS tokom 16 godina ovaj grad ostao bez \u010dak 2.842 radna mjesta. <\/p>\n<p>-Uz taj pora\u017eavaju\u0107i podatak ide i onaj da se od 66 lokalnih zajednica Prijedor nalazi na 39. mjestu prema parametru u odnosu broja zaposlenih na broj stanovnika.<br \/>\nPrema istoj statistici od devet gradova u Republici Srpskoj, Prijedor je na posljednjem mjestu &#8211; istakao je on.<\/p>\n<p>Javor je dodao da je \u017ealosno, \u0161to se po visini prosje\u010dne plate Prijedor nalazi na 19. mjestu.<\/p>\n<p>-Ispred nas su Osmaci, Pale, Srebrenica i drugi. Gra\u0111ani Prijedora znaju vrlo dobro, da je apsolutni vladar grada svih ovih godina bio DNS, \u010diji \u010delnici sada poru\u010duju da Prijedoru trebaju promjene!? Da li to zna\u010di vra\u0107anje na staro, na vrijeme od prije 10 mjeseci tokom kojih smo pokazali da Prijedor mo\u017ee biti veliko gradili\u0161te, grad bez kriminala, korupcije i proma\u0161enih investicija &#8211; rekao je on.<\/p>\n<p>Javor je je istakao da je za 16 godina DNS-a u Prijedoru iz bud\u017eeta grada potro\u0161eno 634.000.000 KM. <\/p>\n<p>-Pitam se gdje su oti\u0161la ta sredstva?! To gra\u0111anima Prijedora treba da objasni upravo DNS &#8211; naveo je on. <\/p>\n<p>On je dodao da pripada mla\u0111oj generaciji politi\u010dara, koji su odlu\u010dili da ostanu u svom gradu i da ga zajedno sa gra\u0111anima grade. <\/p>\n<p>-Prijedor vidim kao regionalni centar u svim segmentima od privrede, zdravstva, obrazovnog sistema, vidim ga kao sna\u017ean turisti\u010dki, kulturni i sportski centar i dobro mjesto za \u017eivot. To \u0107e biti osnova programa na kojem \u0107u, kao budu\u0107i gradona\u010delnik da radim, a sve uz pomo\u0107 Vlade Republike Srpske, republi\u010dkih institucija, u spoju sa lokalnim institucijama i uz podr\u0161ku gra\u0111ana Prijedora &#8211; poru\u010dio je kandidat SNSD-a za gradona\u010delnika Prijedora.<\/p>\n<p>Javor je zaklju\u010dio da je njegov cilj da Prijedor vrati na drugo mjesto u Republici Srpskoj, zato \u0161to mu to mjesto i pripada.<\/p>\n<p>SNSD Prijedor<\/p>\n<p>**sponzorisana objava<\/p>\n","protected":false},"excerpt":{"rendered":"<p>Kandidat SNSD za gradona\u010delnika Prijedora Slobodan Javor ka\u017ee da je prema zvani\u010dnim podacima Zavoda za statistiku RS tokom 16 godina ovaj grad ostao bez \u010dak 2.842 radna mjesta. -Uz taj [&hellip;]<\/p>\n","protected":false},"author":1,"featured_media":0,"comment_status":"closed","ping_status":"open","sticky":false,"template":"","format":"standard","meta":{"_monsterinsights_skip_tracking":false,"_monsterinsights_sitenote_active":false,"_monsterinsights_sitenote_note":"","_monsterinsights_sitenote_category":0,"footnotes":""},"categories":[8],"tags":[11550,2068],"yoast_head":"<!-- This site is optimized with the Yoast SEO plugin v21.6 - https:\/\/yoast.com\/wordpress\/plugins\/seo\/ -->\n<title>Kandidat SNSD-a za gradona\u010delnika Slobodan Javor o pora\u017eavaju\u0107im podacima: Prijedor za 16 godina ostao bez 2.842 radna mjesta - PrijedorDanas.com - Prijedorski gradski portal<\/title>\n<meta name=\"robots\" content=\"index, follow, max-snippet:-1, max-image-preview:large, max-video-preview:-1\" \/>\n<link rel=\"canonical\" href=\"https:\/\/www.prijedordanas.com\/?p=177925\" \/>\n<meta property=\"og:locale\" content=\"en_US\" \/>\n<meta property=\"og:type\" content=\"article\" \/>\n<meta property=\"og:title\" content=\"Kandidat SNSD-a za gradona\u010delnika Slobodan Javor o pora\u017eavaju\u0107im podacima: Prijedor za 16 godina ostao bez 2.842 radna mjesta - PrijedorDanas.com - Prijedorski gradski portal\" \/>\n<meta property=\"og:description\" content=\"Kandidat SNSD za gradona\u010delnika Prijedora Slobodan Javor ka\u017ee da je prema zvani\u010dnim podacima Zavoda za statistiku RS tokom 16 godina ovaj grad ostao bez \u010dak 2.842 radna mjesta. -Uz taj [&hellip;]\" \/>\n<meta property=\"og:url\" content=\"https:\/\/www.prijedordanas.com\/?p=177925\" \/>\n<meta property=\"og:site_name\" content=\"PrijedorDanas.com - Prijedorski gradski portal\" \/>\n<meta property=\"article:publisher\" content=\"https:\/\/www.facebook.com\/PrijedorDanasCom\/\" \/>\n<meta property=\"article:published_time\" content=\"2021-12-05T15:09:56+00:00\" \/>\n<meta property=\"article:modified_time\" content=\"2021-12-05T15:55:48+00:00\" \/>\n<meta property=\"og:image\" content=\"https:\/\/www.prijedordanas.com\/wp-content\/uploads\/2021\/12\/snsd-javor-radna-mjesta-300x222.jpg\" \/>\n<meta name=\"author\" content=\"admin\" \/>\n<meta name=\"twitter:card\" content=\"summary_large_image\" \/>\n<meta name=\"twitter:label1\" content=\"Written by\" \/>\n\t<meta name=\"twitter:data1\" content=\"admin\" \/>\n\t<meta name=\"twitter:label2\" content=\"Est. reading time\" \/>\n\t<meta name=\"twitter:data2\" content=\"2 minutes\" \/>\n<script type=\"application\/ld+json\" class=\"yoast-schema-graph\">{\"@context\":\"https:\/\/schema.org\",\"@graph\":[{\"@type\":\"Article\",\"@id\":\"https:\/\/www.prijedordanas.com\/?p=177925#article\",\"isPartOf\":{\"@id\":\"https:\/\/www.prijedordanas.com\/?p=177925\"},\"author\":{\"name\":\"admin\",\"@id\":\"https:\/\/www.prijedordanas.com\/#\/schema\/person\/4e08ccf29b506ca916ff86d46bb700e6\"},\"headline\":\"Kandidat SNSD-a za gradona\u010delnika Slobodan Javor o pora\u017eavaju\u0107im podacima: Prijedor za 16 godina ostao bez 2.842 radna mjesta\",\"datePublished\":\"2021-12-05T15:09:56+00:00\",\"dateModified\":\"2021-12-05T15:55:48+00:00\",\"mainEntityOfPage\":{\"@id\":\"https:\/\/www.prijedordanas.com\/?p=177925\"},\"wordCount\":351,\"publisher\":{\"@id\":\"https:\/\/www.prijedordanas.com\/#organization\"},\"keywords\":[\"Slobodan Javor\",\"SNSD Prijedor\"],\"articleSection\":[\"Svakodnevno\"],\"inLanguage\":\"en-US\"},{\"@type\":\"WebPage\",\"@id\":\"https:\/\/www.prijedordanas.com\/?p=177925\",\"url\":\"https:\/\/www.prijedordanas.com\/?p=177925\",\"name\":\"Kandidat SNSD-a za gradona\u010delnika Slobodan Javor o pora\u017eavaju\u0107im podacima: Prijedor za 16 godina ostao bez 2.842 radna mjesta - PrijedorDanas.com - Prijedorski gradski portal\",\"isPartOf\":{\"@id\":\"https:\/\/www.prijedordanas.com\/#website\"},\"datePublished\":\"2021-12-05T15:09:56+00:00\",\"dateModified\":\"2021-12-05T15:55:48+00:00\",\"breadcrumb\":{\"@id\":\"https:\/\/www.prijedordanas.com\/?p=177925#breadcrumb\"},\"inLanguage\":\"en-US\",\"potentialAction\":[{\"@type\":\"ReadAction\",\"target\":[\"https:\/\/www.prijedordanas.com\/?p=177925\"]}]},{\"@type\":\"BreadcrumbList\",\"@id\":\"https:\/\/www.prijedordanas.com\/?p=177925#breadcrumb\",\"itemListElement\":[{\"@type\":\"ListItem\",\"position\":1,\"name\":\"Home\",\"item\":\"https:\/\/www.prijedordanas.com\/\"},{\"@type\":\"ListItem\",\"position\":2,\"name\":\"Kandidat SNSD-a za gradona\u010delnika Slobodan Javor o pora\u017eavaju\u0107im podacima: Prijedor za 16 godina ostao bez 2.842 radna mjesta\"}]},{\"@type\":\"WebSite\",\"@id\":\"https:\/\/www.prijedordanas.com\/#website\",\"url\":\"https:\/\/www.prijedordanas.com\/\",\"name\":\"PrijedorDanas.com - Prijedorski gradski portal\",\"description\":\"Portal o doga\u0111anjima u gradu Prijedoru\",\"publisher\":{\"@id\":\"https:\/\/www.prijedordanas.com\/#organization\"},\"potentialAction\":[{\"@type\":\"SearchAction\",\"target\":{\"@type\":\"EntryPoint\",\"urlTemplate\":\"https:\/\/www.prijedordanas.com\/?s={search_term_string}\"},\"query-input\":\"required name=search_term_string\"}],\"inLanguage\":\"en-US\"},{\"@type\":\"Organization\",\"@id\":\"https:\/\/www.prijedordanas.com\/#organization\",\"name\":\"PrijedorDanas.com\",\"url\":\"https:\/\/www.prijedordanas.com\/\",\"logo\":{\"@type\":\"ImageObject\",\"inLanguage\":\"en-US\",\"@id\":\"https:\/\/www.prijedordanas.com\/#\/schema\/logo\/image\/\",\"url\":\"http:\/\/www.prijedordanas.com\/wp-content\/uploads\/2021\/12\/logopng.png\",\"contentUrl\":\"http:\/\/www.prijedordanas.com\/wp-content\/uploads\/2021\/12\/logopng.png\",\"width\":1019,\"height\":776,\"caption\":\"PrijedorDanas.com\"},\"image\":{\"@id\":\"https:\/\/www.prijedordanas.com\/#\/schema\/logo\/image\/\"},\"sameAs\":[\"https:\/\/www.facebook.com\/PrijedorDanasCom\/\"]},{\"@type\":\"Person\",\"@id\":\"https:\/\/www.prijedordanas.com\/#\/schema\/person\/4e08ccf29b506ca916ff86d46bb700e6\",\"name\":\"admin\",\"image\":{\"@type\":\"ImageObject\",\"inLanguage\":\"en-US\",\"@id\":\"https:\/\/www.prijedordanas.com\/#\/schema\/person\/image\/\",\"url\":\"https:\/\/secure.gravatar.com\/avatar\/1d3fc949d550f0b53a5f0d51e06dfd79?s=96&d=mm&r=g\",\"contentUrl\":\"https:\/\/secure.gravatar.com\/avatar\/1d3fc949d550f0b53a5f0d51e06dfd79?s=96&d=mm&r=g\",\"caption\":\"admin\"},\"url\":\"https:\/\/www.prijedordanas.com\/?author=1\"}]}<\/script>\n<!-- \/ Yoast SEO plugin. -->","yoast_head_json":{"title":"Kandidat SNSD-a za gradona\u010delnika Slobodan Javor o pora\u017eavaju\u0107im podacima: Prijedor za 16 godina ostao bez 2.842 radna mjesta - PrijedorDanas.com - Prijedorski gradski portal","robots":{"index":"index","follow":"follow","max-snippet":"max-snippet:-1","max-image-preview":"max-image-preview:large","max-video-preview":"max-video-preview:-1"},"canonical":"https:\/\/www.prijedordanas.com\/?p=177925","og_locale":"en_US","og_type":"article","og_title":"Kandidat SNSD-a za gradona\u010delnika Slobodan Javor o pora\u017eavaju\u0107im podacima: Prijedor za 16 godina ostao bez 2.842 radna mjesta - PrijedorDanas.com - Prijedorski gradski portal","og_description":"Kandidat SNSD za gradona\u010delnika Prijedora Slobodan Javor ka\u017ee da je prema zvani\u010dnim podacima Zavoda za statistiku RS tokom 16 godina ovaj grad ostao bez \u010dak 2.842 radna mjesta. -Uz taj [&hellip;]","og_url":"https:\/\/www.prijedordanas.com\/?p=177925","og_site_name":"PrijedorDanas.com - Prijedorski gradski portal","article_publisher":"https:\/\/www.facebook.com\/PrijedorDanasCom\/","article_published_time":"2021-12-05T15:09:56+00:00","article_modified_time":"2021-12-05T15:55:48+00:00","og_image":[{"url":"https:\/\/www.prijedordanas.com\/wp-content\/uploads\/2021\/12\/snsd-javor-radna-mjesta-300x222.jpg"}],"author":"admin","twitter_card":"summary_large_image","twitter_misc":{"Written by":"admin","Est. reading time":"2 minutes"},"schema":{"@context":"https:\/\/schema.org","@graph":[{"@type":"Article","@id":"https:\/\/www.prijedordanas.com\/?p=177925#article","isPartOf":{"@id":"https:\/\/www.prijedordanas.com\/?p=177925"},"author":{"name":"admin","@id":"https:\/\/www.prijedordanas.com\/#\/schema\/person\/4e08ccf29b506ca916ff86d46bb700e6"},"headline":"Kandidat SNSD-a za gradona\u010delnika Slobodan Javor o pora\u017eavaju\u0107im podacima: Prijedor za 16 godina ostao bez 2.842 radna mjesta","datePublished":"2021-12-05T15:09:56+00:00","dateModified":"2021-12-05T15:55:48+00:00","mainEntityOfPage":{"@id":"https:\/\/www.prijedordanas.com\/?p=177925"},"wordCount":351,"publisher":{"@id":"https:\/\/www.prijedordanas.com\/#organization"},"keywords":["Slobodan Javor","SNSD Prijedor"],"articleSection":["Svakodnevno"],"inLanguage":"en-US"},{"@type":"WebPage","@id":"https:\/\/www.prijedordanas.com\/?p=177925","url":"https:\/\/www.prijedordanas.com\/?p=177925","name":"Kandidat SNSD-a za gradona\u010delnika Slobodan Javor o pora\u017eavaju\u0107im podacima: Prijedor za 16 godina ostao bez 2.842 radna mjesta - PrijedorDanas.com - Prijedorski gradski portal","isPartOf":{"@id":"https:\/\/www.prijedordanas.com\/#website"},"datePublished":"2021-12-05T15:09:56+00:00","dateModified":"2021-12-05T15:55:48+00:00","breadcrumb":{"@id":"https:\/\/www.prijedordanas.com\/?p=177925#breadcrumb"},"inLanguage":"en-US","potentialAction":[{"@type":"ReadAction","target":["https:\/\/www.prijedordanas.com\/?p=177925"]}]},{"@type":"BreadcrumbList","@id":"https:\/\/www.prijedordanas.com\/?p=177925#breadcrumb","itemListElement":[{"@type":"ListItem","position":1,"name":"Home","item":"https:\/\/www.prijedordanas.com\/"},{"@type":"ListItem","position":2,"name":"Kandidat SNSD-a za gradona\u010delnika Slobodan Javor o pora\u017eavaju\u0107im podacima: Prijedor za 16 godina ostao bez 2.842 radna mjesta"}]},{"@type":"WebSite","@id":"https:\/\/www.prijedordanas.com\/#website","url":"https:\/\/www.prijedordanas.com\/","name":"PrijedorDanas.com - Prijedorski gradski portal","description":"Portal o doga\u0111anjima u gradu Prijedoru","publisher":{"@id":"https:\/\/www.prijedordanas.com\/#organization"},"potentialAction":[{"@type":"SearchAction","target":{"@type":"EntryPoint","urlTemplate":"https:\/\/www.prijedordanas.com\/?s={search_term_string}"},"query-input":"required name=search_term_string"}],"inLanguage":"en-US"},{"@type":"Organization","@id":"https:\/\/www.prijedordanas.com\/#organization","name":"PrijedorDanas.com","url":"https:\/\/www.prijedordanas.com\/","logo":{"@type":"ImageObject","inLanguage":"en-US","@id":"https:\/\/www.prijedordanas.com\/#\/schema\/logo\/image\/","url":"http:\/\/www.prijedordanas.com\/wp-content\/uploads\/2021\/12\/logopng.png","contentUrl":"http:\/\/www.prijedordanas.com\/wp-content\/uploads\/2021\/12\/logopng.png","width":1019,"height":776,"caption":"PrijedorDanas.com"},"image":{"@id":"https:\/\/www.prijedordanas.com\/#\/schema\/logo\/image\/"},"sameAs":["https:\/\/www.facebook.com\/PrijedorDanasCom\/"]},{"@type":"Person","@id":"https:\/\/www.prijedordanas.com\/#\/schema\/person\/4e08ccf29b506ca916ff86d46bb700e6","name":"admin","image":{"@type":"ImageObject","inLanguage":"en-US","@id":"https:\/\/www.prijedordanas.com\/#\/schema\/person\/image\/","url":"https:\/\/secure.gravatar.com\/avatar\/1d3fc949d550f0b53a5f0d51e06dfd79?s=96&d=mm&r=g","contentUrl":"https:\/\/secure.gravatar.com\/avatar\/1d3fc949d550f0b53a5f0d51e06dfd79?s=96&d=mm&r=g","caption":"admin"},"url":"https:\/\/www.prijedordanas.com\/?author=1"}]}},"_links":{"self":[{"href":"https:\/\/www.prijedordanas.com\/index.php?rest_route=\/wp\/v2\/posts\/177925"}],"collection":[{"href":"https:\/\/www.prijedordanas.com\/index.php?rest_route=\/wp\/v2\/posts"}],"about":[{"href":"https:\/\/www.prijedordanas.com\/index.php?rest_route=\/wp\/v2\/types\/post"}],"author":[{"embeddable":true,"href":"https:\/\/www.prijedordanas.com\/index.php?rest_route=\/wp\/v2\/users\/1"}],"replies":[{"embeddable":true,"href":"https:\/\/www.prijedordanas.com\/index.php?rest_route=%2Fwp%2Fv2%2Fcomments&post=177925"}],"version-history":[{"count":1,"href":"https:\/\/www.prijedordanas.com\/index.php?rest_route=\/wp\/v2\/posts\/177925\/revisions"}],"predecessor-version":[{"id":177929,"href":"https:\/\/www.prijedordanas.com\/index.php?rest_route=\/wp\/v2\/posts\/177925\/revisions\/177929"}],"wp:attachment":[{"href":"https:\/\/www.prijedordanas.com\/index.php?rest_route=%2Fwp%2Fv2%2Fmedia&parent=177925"}],"wp:term":[{"taxonomy":"category","embeddable":true,"href":"https:\/\/www.prijedordanas.com\/index.php?rest_route=%2Fwp%2Fv2%2Fcategories&post=177925"},{"taxonomy":"post_tag","embeddable":true,"href":"https:\/\/www.prijedordanas.com\/index.php?rest_route=%2Fwp%2Fv2%2Ftags&post=177925"}],"curies":[{"name":"wp","href":"https:\/\/api.w.org\/{rel}","templated":true}]}}