{"id":177384,"date":"2022-11-27T15:54:28","date_gmt":"2022-11-27T14:54:28","guid":{"rendered":"https:\/\/www.prijedordanas.com\/?p=177384"},"modified":"2023-05-28T01:10:10","modified_gmt":"2023-05-27T23:10:10","slug":"prica-o-najstarijem-hrastu-luznjaku-u-rs-ziv-je-i-raste-vec-nekoliko-vijekova-u-marickoj-kod-prijedora-foto","status":"publish","type":"post","link":"https:\/\/www.prijedordanas.com\/?p=177384","title":{"rendered":"Pri\u010da o najstarijem hrastu lu\u017enjaku u RS: \u017div je i raste ve\u0107 nekoliko vijekova u Mari\u0107koj kod Prijedora &#8211; FOTO"},"content":{"rendered":"<p><a href=\"https:\/\/www.prijedordanas.com\/wp-content\/uploads\/2023\/05\/mondo-hrast-luznjak-maricka-1.jpg\"><img loading=\"lazy\" decoding=\"async\" class=\"alignleft size-medium wp-image-206181\" src=\"https:\/\/www.prijedordanas.com\/wp-content\/uploads\/2023\/05\/mondo-hrast-luznjak-maricka-1-300x225.jpg\" alt=\"\" width=\"300\" height=\"225\" srcset=\"https:\/\/www.prijedordanas.com\/wp-content\/uploads\/2023\/05\/mondo-hrast-luznjak-maricka-1-300x225.jpg 300w, https:\/\/www.prijedordanas.com\/wp-content\/uploads\/2023\/05\/mondo-hrast-luznjak-maricka-1-640x480.jpg 640w, https:\/\/www.prijedordanas.com\/wp-content\/uploads\/2023\/05\/mondo-hrast-luznjak-maricka-1.jpg 667w\" sizes=\"(max-width: 300px) 100vw, 300px\" \/><\/a>Na\u0161i krajevi nerijetko su bogati dugovje\u010dnim stablima, a tu se posebno isti\u010de hrast lu\u017enjak koji je zbog bjesomu\u010dne sje\u010de \u0161uma gotovo pred nestankom.<\/p>\n<p>Jedno takvo drvo u prijedorskom selu Mari\u0107ka, odmah uz crkvu brvnaru, vi\u0161e stotina godina prkosi zubu vremena.<\/p>\n<p>Iako trenutno nije u najboljem stanju i nije zakonom za\u0161ti\u0107eno, u Zavodu za za\u0161titu kulturno istorijskog i prirodnog naslje\u0111a Republike Srpske smatraju da ovo drvo predstavlja vjerovatno i najve\u0107e i najstarije stablo hrasta lu\u017enjaka u Republici Srpskoj.<\/p>\n<p><a href=\"https:\/\/www.prijedordanas.com\/wp-content\/uploads\/2023\/05\/mondo-hrast-luznjak-maricka-7.jpg\"><img loading=\"lazy\" decoding=\"async\" class=\"alignleft size-medium wp-image-206182\" src=\"https:\/\/www.prijedordanas.com\/wp-content\/uploads\/2023\/05\/mondo-hrast-luznjak-maricka-7-300x181.jpg\" alt=\"\" width=\"300\" height=\"181\" srcset=\"https:\/\/www.prijedordanas.com\/wp-content\/uploads\/2023\/05\/mondo-hrast-luznjak-maricka-7-300x181.jpg 300w, https:\/\/www.prijedordanas.com\/wp-content\/uploads\/2023\/05\/mondo-hrast-luznjak-maricka-7.jpg 600w\" sizes=\"(max-width: 300px) 100vw, 300px\" \/><\/a>&#8220;Prije dvije godine zajedno sa kolegama sa \u0160umarskog fakulteta obi\u0161li smo stari hrast i utvrdili da je drvo jo\u0161 uvijek \u017eivo i raste. Stablo je \u0161uplje i zbog starosti evidentno je su\u0161enje pojedinih grana i ogranaka&#8221;, rekao nam je Dragan Kova\u010devi\u0107, na\u010delnik za Odjeljenja za prirodno naslje\u0111e u pomenutom Zavodu.<\/p>\n<p>Prema njegovim rije\u010dima, stablo je i premjereno i na osnovu tih nalaza je konstatovano da je izmjereni obim na prsnoj visini pre\u0161ao preko devet metara \u0161to, kako isti\u010de, predstavlja prsni pre\u010dnik blizu tri metra.<\/p>\n<p>&#8220;Prethodno mjerenje iz 2000. godine je pokazalo da je pre\u010dnik bio 267 centimetara&#8221;, istakao je Kova\u010devi\u0107 za na\u0161 portal.<\/p>\n<p><a href=\"https:\/\/www.prijedordanas.com\/wp-content\/uploads\/2023\/05\/mondo-hrast-luznjak-maricka-5.jpg\"><img loading=\"lazy\" decoding=\"async\" class=\"alignleft size-medium wp-image-206183\" src=\"https:\/\/www.prijedordanas.com\/wp-content\/uploads\/2023\/05\/mondo-hrast-luznjak-maricka-5-169x300.jpg\" alt=\"\" width=\"169\" height=\"300\" srcset=\"https:\/\/www.prijedordanas.com\/wp-content\/uploads\/2023\/05\/mondo-hrast-luznjak-maricka-5-169x300.jpg 169w, https:\/\/www.prijedordanas.com\/wp-content\/uploads\/2023\/05\/mondo-hrast-luznjak-maricka-5.jpg 338w\" sizes=\"(max-width: 169px) 100vw, 169px\" \/><\/a>Hrast je vlasni\u0161tvo crkve Svetog proroka Ilije izgra\u0111ene 1870. godine, a koja je krajem 2010. godine progla\u0161ena nacionalnim spomenikom BiH.<\/p>\n<p>Jugoslav Bruji\u0107, profesor \u0160umarskog fakulteta u Banjaluci i jedan od autora registra najve\u0107ih stabala iz 2003. godine, rekao je za Mondo da je stablo hrasta lu\u017enjaka u selu Mari\u0107ka, prema procjnama, staro oko 470 godina.<\/p>\n<p>&#8220;Do takvih podataka smo do\u0161li kod lokalne crkve koja \u010duva stare zapise. Precizne informacije nije mogu\u0107e utvrditi jer je stablo iznutra \u0161uplje&#8221;, rekao nam je Bruji\u0107.<\/p>\n<p>Pretra\u017euju\u0107i informacije o ovom hrastu koje godinama privla\u010di pa\u017enju prolaznika, ali i stru\u010dnjaka, prona\u0161li smo podatak da bi u \u0161upljinu starog hrasta moglo da stane desetak ljudi.<\/p>\n<p><a href=\"https:\/\/www.prijedordanas.com\/wp-content\/uploads\/2023\/05\/mondo-hrast-luznjak-maricka-2.jpg\"><img loading=\"lazy\" decoding=\"async\" src=\"https:\/\/www.prijedordanas.com\/wp-content\/uploads\/2023\/05\/mondo-hrast-luznjak-maricka-2-225x300.jpg\" alt=\"\" width=\"225\" height=\"300\" class=\"alignleft size-medium wp-image-206184\" srcset=\"https:\/\/www.prijedordanas.com\/wp-content\/uploads\/2023\/05\/mondo-hrast-luznjak-maricka-2-225x300.jpg 225w, https:\/\/www.prijedordanas.com\/wp-content\/uploads\/2023\/05\/mondo-hrast-luznjak-maricka-2.jpg 450w\" sizes=\"(max-width: 225px) 100vw, 225px\" \/><\/a>Prema istim podacima stru\u010dnjaci su 1989. godine utvrdili da ovaj d\u017einovski hrast ima 589 godova, pa lokalni mje\u0161tani vjeruju da je drvo jo\u0161 starije.<\/p>\n<p>Stari hrast nekada je bio visok oko 30 metara i potrebno je oko dvadeset ljudi da ga obuhvati rukama.<\/p>\n<p>Iz Zavoda za za\u0161titu kulturno istorijskog i prirodnog naslje\u0111a Republike Srpske navode da su parametri koji odre\u0111uju koje stablo treba da u\u017eiva status za\u0161ti\u0107enog prirodnog dobra rijetkost, ugro\u017eenost vrste, endemi\u010dnost, morfologija stabla, starost, genetika, kulturolo\u0161ko-vjerski aspekt, pa \u010dak i mitologija.<\/p>\n<p>Trenutno samo dva stabla u Republici Srpskoj u\u017eivaju status za\u0161ti\u0107enog prirodnog dobra, a to su jedinstveno stablo \u017eute bukve kod Kotor Varo\u0161i i stari orah kod Nove Topole, za koji se pretpostavlja da je star tri vijeka.<\/p>\n<p><a href=\"https:\/\/mondo.ba\/Info\/Drustvo\/a1179577\/Hrast-iz-sela-Maricka-star-vise-stotina-godina.html\" target=\"_blank\" rel=\"noopener\">mondo.ba<\/a><\/p>\n<p><a href=\"https:\/\/www.prijedordanas.com\/wp-content\/uploads\/2023\/05\/mondo-hrast-luznjak-maricka-3.jpg\"><img loading=\"lazy\" decoding=\"async\" src=\"https:\/\/www.prijedordanas.com\/wp-content\/uploads\/2023\/05\/mondo-hrast-luznjak-maricka-3-225x300.jpg\" alt=\"\" width=\"225\" height=\"300\" class=\"alignleft size-medium wp-image-206185\" srcset=\"https:\/\/www.prijedordanas.com\/wp-content\/uploads\/2023\/05\/mondo-hrast-luznjak-maricka-3-225x300.jpg 225w, https:\/\/www.prijedordanas.com\/wp-content\/uploads\/2023\/05\/mondo-hrast-luznjak-maricka-3.jpg 450w\" sizes=\"(max-width: 225px) 100vw, 225px\" \/><\/a> <a href=\"https:\/\/www.prijedordanas.com\/wp-content\/uploads\/2023\/05\/mondo-hrast-luznjak-maricka-4.jpg\"><img loading=\"lazy\" decoding=\"async\" src=\"https:\/\/www.prijedordanas.com\/wp-content\/uploads\/2023\/05\/mondo-hrast-luznjak-maricka-4-225x300.jpg\" alt=\"\" width=\"225\" height=\"300\" class=\"alignleft size-medium wp-image-206186\" srcset=\"https:\/\/www.prijedordanas.com\/wp-content\/uploads\/2023\/05\/mondo-hrast-luznjak-maricka-4-225x300.jpg 225w, https:\/\/www.prijedordanas.com\/wp-content\/uploads\/2023\/05\/mondo-hrast-luznjak-maricka-4.jpg 450w\" sizes=\"(max-width: 225px) 100vw, 225px\" \/><\/a> <a href=\"https:\/\/www.prijedordanas.com\/wp-content\/uploads\/2023\/05\/mondo-hrast-luznjak-maricka-6.jpg\"><img loading=\"lazy\" decoding=\"async\" src=\"https:\/\/www.prijedordanas.com\/wp-content\/uploads\/2023\/05\/mondo-hrast-luznjak-maricka-6-225x300.jpg\" alt=\"\" width=\"225\" height=\"300\" class=\"alignleft size-medium wp-image-206187\" srcset=\"https:\/\/www.prijedordanas.com\/wp-content\/uploads\/2023\/05\/mondo-hrast-luznjak-maricka-6-225x300.jpg 225w, https:\/\/www.prijedordanas.com\/wp-content\/uploads\/2023\/05\/mondo-hrast-luznjak-maricka-6.jpg 450w\" sizes=\"(max-width: 225px) 100vw, 225px\" \/><\/a><\/p>\n","protected":false},"excerpt":{"rendered":"<p>Na\u0161i krajevi nerijetko su bogati dugovje\u010dnim stablima, a tu se posebno isti\u010de hrast lu\u017enjak koji je zbog bjesomu\u010dne sje\u010de \u0161uma gotovo pred nestankom. Jedno takvo drvo u prijedorskom selu Mari\u0107ka, [&hellip;]<\/p>\n","protected":false},"author":1,"featured_media":0,"comment_status":"closed","ping_status":"open","sticky":false,"template":"","format":"standard","meta":{"_monsterinsights_skip_tracking":false,"_monsterinsights_sitenote_active":false,"_monsterinsights_sitenote_note":"","_monsterinsights_sitenote_category":0,"footnotes":""},"categories":[3],"tags":[],"yoast_head":"<!-- This site is optimized with the Yoast SEO plugin v21.6 - https:\/\/yoast.com\/wordpress\/plugins\/seo\/ -->\n<title>Pri\u010da o najstarijem hrastu lu\u017enjaku u RS: \u017div je i raste ve\u0107 nekoliko vijekova u Mari\u0107koj kod Prijedora - FOTO - PrijedorDanas.com - Prijedorski gradski portal<\/title>\n<meta name=\"robots\" content=\"index, follow, max-snippet:-1, max-image-preview:large, max-video-preview:-1\" \/>\n<link rel=\"canonical\" href=\"https:\/\/www.prijedordanas.com\/?p=177384\" \/>\n<meta property=\"og:locale\" content=\"en_US\" \/>\n<meta property=\"og:type\" content=\"article\" \/>\n<meta property=\"og:title\" content=\"Pri\u010da o najstarijem hrastu lu\u017enjaku u RS: \u017div je i raste ve\u0107 nekoliko vijekova u Mari\u0107koj kod Prijedora - FOTO - PrijedorDanas.com - Prijedorski gradski portal\" \/>\n<meta property=\"og:description\" content=\"Na\u0161i krajevi nerijetko su bogati dugovje\u010dnim stablima, a tu se posebno isti\u010de hrast lu\u017enjak koji je zbog bjesomu\u010dne sje\u010de \u0161uma gotovo pred nestankom. Jedno takvo drvo u prijedorskom selu Mari\u0107ka, [&hellip;]\" \/>\n<meta property=\"og:url\" content=\"https:\/\/www.prijedordanas.com\/?p=177384\" \/>\n<meta property=\"og:site_name\" content=\"PrijedorDanas.com - Prijedorski gradski portal\" \/>\n<meta property=\"article:publisher\" content=\"https:\/\/www.facebook.com\/PrijedorDanasCom\/\" \/>\n<meta property=\"article:published_time\" content=\"2022-11-27T14:54:28+00:00\" \/>\n<meta property=\"article:modified_time\" content=\"2023-05-27T23:10:10+00:00\" \/>\n<meta property=\"og:image\" content=\"https:\/\/www.prijedordanas.com\/wp-content\/uploads\/2023\/05\/mondo-hrast-luznjak-maricka-1-300x225.jpg\" \/>\n<meta name=\"author\" content=\"admin\" \/>\n<meta name=\"twitter:card\" content=\"summary_large_image\" \/>\n<meta name=\"twitter:label1\" content=\"Written by\" \/>\n\t<meta name=\"twitter:data1\" content=\"admin\" \/>\n\t<meta name=\"twitter:label2\" content=\"Est. reading time\" \/>\n\t<meta name=\"twitter:data2\" content=\"3 minutes\" \/>\n<script type=\"application\/ld+json\" class=\"yoast-schema-graph\">{\"@context\":\"https:\/\/schema.org\",\"@graph\":[{\"@type\":\"Article\",\"@id\":\"https:\/\/www.prijedordanas.com\/?p=177384#article\",\"isPartOf\":{\"@id\":\"https:\/\/www.prijedordanas.com\/?p=177384\"},\"author\":{\"name\":\"admin\",\"@id\":\"https:\/\/www.prijedordanas.com\/#\/schema\/person\/4e08ccf29b506ca916ff86d46bb700e6\"},\"headline\":\"Pri\u010da o najstarijem hrastu lu\u017enjaku u RS: \u017div je i raste ve\u0107 nekoliko vijekova u Mari\u0107koj kod Prijedora &#8211; FOTO\",\"datePublished\":\"2022-11-27T14:54:28+00:00\",\"dateModified\":\"2023-05-27T23:10:10+00:00\",\"mainEntityOfPage\":{\"@id\":\"https:\/\/www.prijedordanas.com\/?p=177384\"},\"wordCount\":479,\"publisher\":{\"@id\":\"https:\/\/www.prijedordanas.com\/#organization\"},\"articleSection\":[\"\u017divot\"],\"inLanguage\":\"en-US\"},{\"@type\":\"WebPage\",\"@id\":\"https:\/\/www.prijedordanas.com\/?p=177384\",\"url\":\"https:\/\/www.prijedordanas.com\/?p=177384\",\"name\":\"Pri\u010da o najstarijem hrastu lu\u017enjaku u RS: \u017div je i raste ve\u0107 nekoliko vijekova u Mari\u0107koj kod Prijedora - FOTO - PrijedorDanas.com - Prijedorski gradski portal\",\"isPartOf\":{\"@id\":\"https:\/\/www.prijedordanas.com\/#website\"},\"datePublished\":\"2022-11-27T14:54:28+00:00\",\"dateModified\":\"2023-05-27T23:10:10+00:00\",\"breadcrumb\":{\"@id\":\"https:\/\/www.prijedordanas.com\/?p=177384#breadcrumb\"},\"inLanguage\":\"en-US\",\"potentialAction\":[{\"@type\":\"ReadAction\",\"target\":[\"https:\/\/www.prijedordanas.com\/?p=177384\"]}]},{\"@type\":\"BreadcrumbList\",\"@id\":\"https:\/\/www.prijedordanas.com\/?p=177384#breadcrumb\",\"itemListElement\":[{\"@type\":\"ListItem\",\"position\":1,\"name\":\"Home\",\"item\":\"https:\/\/www.prijedordanas.com\/\"},{\"@type\":\"ListItem\",\"position\":2,\"name\":\"Pri\u010da o najstarijem hrastu lu\u017enjaku u RS: \u017div je i raste ve\u0107 nekoliko vijekova u Mari\u0107koj kod Prijedora &#8211; FOTO\"}]},{\"@type\":\"WebSite\",\"@id\":\"https:\/\/www.prijedordanas.com\/#website\",\"url\":\"https:\/\/www.prijedordanas.com\/\",\"name\":\"PrijedorDanas.com - Prijedorski gradski portal\",\"description\":\"Portal o doga\u0111anjima u gradu Prijedoru\",\"publisher\":{\"@id\":\"https:\/\/www.prijedordanas.com\/#organization\"},\"potentialAction\":[{\"@type\":\"SearchAction\",\"target\":{\"@type\":\"EntryPoint\",\"urlTemplate\":\"https:\/\/www.prijedordanas.com\/?s={search_term_string}\"},\"query-input\":\"required name=search_term_string\"}],\"inLanguage\":\"en-US\"},{\"@type\":\"Organization\",\"@id\":\"https:\/\/www.prijedordanas.com\/#organization\",\"name\":\"PrijedorDanas.com\",\"url\":\"https:\/\/www.prijedordanas.com\/\",\"logo\":{\"@type\":\"ImageObject\",\"inLanguage\":\"en-US\",\"@id\":\"https:\/\/www.prijedordanas.com\/#\/schema\/logo\/image\/\",\"url\":\"http:\/\/www.prijedordanas.com\/wp-content\/uploads\/2021\/12\/logopng.png\",\"contentUrl\":\"http:\/\/www.prijedordanas.com\/wp-content\/uploads\/2021\/12\/logopng.png\",\"width\":1019,\"height\":776,\"caption\":\"PrijedorDanas.com\"},\"image\":{\"@id\":\"https:\/\/www.prijedordanas.com\/#\/schema\/logo\/image\/\"},\"sameAs\":[\"https:\/\/www.facebook.com\/PrijedorDanasCom\/\"]},{\"@type\":\"Person\",\"@id\":\"https:\/\/www.prijedordanas.com\/#\/schema\/person\/4e08ccf29b506ca916ff86d46bb700e6\",\"name\":\"admin\",\"image\":{\"@type\":\"ImageObject\",\"inLanguage\":\"en-US\",\"@id\":\"https:\/\/www.prijedordanas.com\/#\/schema\/person\/image\/\",\"url\":\"https:\/\/secure.gravatar.com\/avatar\/1d3fc949d550f0b53a5f0d51e06dfd79?s=96&d=mm&r=g\",\"contentUrl\":\"https:\/\/secure.gravatar.com\/avatar\/1d3fc949d550f0b53a5f0d51e06dfd79?s=96&d=mm&r=g\",\"caption\":\"admin\"},\"url\":\"https:\/\/www.prijedordanas.com\/?author=1\"}]}<\/script>\n<!-- \/ Yoast SEO plugin. -->","yoast_head_json":{"title":"Pri\u010da o najstarijem hrastu lu\u017enjaku u RS: \u017div je i raste ve\u0107 nekoliko vijekova u Mari\u0107koj kod Prijedora - FOTO - PrijedorDanas.com - Prijedorski gradski portal","robots":{"index":"index","follow":"follow","max-snippet":"max-snippet:-1","max-image-preview":"max-image-preview:large","max-video-preview":"max-video-preview:-1"},"canonical":"https:\/\/www.prijedordanas.com\/?p=177384","og_locale":"en_US","og_type":"article","og_title":"Pri\u010da o najstarijem hrastu lu\u017enjaku u RS: \u017div je i raste ve\u0107 nekoliko vijekova u Mari\u0107koj kod Prijedora - FOTO - PrijedorDanas.com - Prijedorski gradski portal","og_description":"Na\u0161i krajevi nerijetko su bogati dugovje\u010dnim stablima, a tu se posebno isti\u010de hrast lu\u017enjak koji je zbog bjesomu\u010dne sje\u010de \u0161uma gotovo pred nestankom. Jedno takvo drvo u prijedorskom selu Mari\u0107ka, [&hellip;]","og_url":"https:\/\/www.prijedordanas.com\/?p=177384","og_site_name":"PrijedorDanas.com - Prijedorski gradski portal","article_publisher":"https:\/\/www.facebook.com\/PrijedorDanasCom\/","article_published_time":"2022-11-27T14:54:28+00:00","article_modified_time":"2023-05-27T23:10:10+00:00","og_image":[{"url":"https:\/\/www.prijedordanas.com\/wp-content\/uploads\/2023\/05\/mondo-hrast-luznjak-maricka-1-300x225.jpg"}],"author":"admin","twitter_card":"summary_large_image","twitter_misc":{"Written by":"admin","Est. reading time":"3 minutes"},"schema":{"@context":"https:\/\/schema.org","@graph":[{"@type":"Article","@id":"https:\/\/www.prijedordanas.com\/?p=177384#article","isPartOf":{"@id":"https:\/\/www.prijedordanas.com\/?p=177384"},"author":{"name":"admin","@id":"https:\/\/www.prijedordanas.com\/#\/schema\/person\/4e08ccf29b506ca916ff86d46bb700e6"},"headline":"Pri\u010da o najstarijem hrastu lu\u017enjaku u RS: \u017div je i raste ve\u0107 nekoliko vijekova u Mari\u0107koj kod Prijedora &#8211; FOTO","datePublished":"2022-11-27T14:54:28+00:00","dateModified":"2023-05-27T23:10:10+00:00","mainEntityOfPage":{"@id":"https:\/\/www.prijedordanas.com\/?p=177384"},"wordCount":479,"publisher":{"@id":"https:\/\/www.prijedordanas.com\/#organization"},"articleSection":["\u017divot"],"inLanguage":"en-US"},{"@type":"WebPage","@id":"https:\/\/www.prijedordanas.com\/?p=177384","url":"https:\/\/www.prijedordanas.com\/?p=177384","name":"Pri\u010da o najstarijem hrastu lu\u017enjaku u RS: \u017div je i raste ve\u0107 nekoliko vijekova u Mari\u0107koj kod Prijedora - FOTO - PrijedorDanas.com - Prijedorski gradski portal","isPartOf":{"@id":"https:\/\/www.prijedordanas.com\/#website"},"datePublished":"2022-11-27T14:54:28+00:00","dateModified":"2023-05-27T23:10:10+00:00","breadcrumb":{"@id":"https:\/\/www.prijedordanas.com\/?p=177384#breadcrumb"},"inLanguage":"en-US","potentialAction":[{"@type":"ReadAction","target":["https:\/\/www.prijedordanas.com\/?p=177384"]}]},{"@type":"BreadcrumbList","@id":"https:\/\/www.prijedordanas.com\/?p=177384#breadcrumb","itemListElement":[{"@type":"ListItem","position":1,"name":"Home","item":"https:\/\/www.prijedordanas.com\/"},{"@type":"ListItem","position":2,"name":"Pri\u010da o najstarijem hrastu lu\u017enjaku u RS: \u017div je i raste ve\u0107 nekoliko vijekova u Mari\u0107koj kod Prijedora &#8211; FOTO"}]},{"@type":"WebSite","@id":"https:\/\/www.prijedordanas.com\/#website","url":"https:\/\/www.prijedordanas.com\/","name":"PrijedorDanas.com - Prijedorski gradski portal","description":"Portal o doga\u0111anjima u gradu Prijedoru","publisher":{"@id":"https:\/\/www.prijedordanas.com\/#organization"},"potentialAction":[{"@type":"SearchAction","target":{"@type":"EntryPoint","urlTemplate":"https:\/\/www.prijedordanas.com\/?s={search_term_string}"},"query-input":"required name=search_term_string"}],"inLanguage":"en-US"},{"@type":"Organization","@id":"https:\/\/www.prijedordanas.com\/#organization","name":"PrijedorDanas.com","url":"https:\/\/www.prijedordanas.com\/","logo":{"@type":"ImageObject","inLanguage":"en-US","@id":"https:\/\/www.prijedordanas.com\/#\/schema\/logo\/image\/","url":"http:\/\/www.prijedordanas.com\/wp-content\/uploads\/2021\/12\/logopng.png","contentUrl":"http:\/\/www.prijedordanas.com\/wp-content\/uploads\/2021\/12\/logopng.png","width":1019,"height":776,"caption":"PrijedorDanas.com"},"image":{"@id":"https:\/\/www.prijedordanas.com\/#\/schema\/logo\/image\/"},"sameAs":["https:\/\/www.facebook.com\/PrijedorDanasCom\/"]},{"@type":"Person","@id":"https:\/\/www.prijedordanas.com\/#\/schema\/person\/4e08ccf29b506ca916ff86d46bb700e6","name":"admin","image":{"@type":"ImageObject","inLanguage":"en-US","@id":"https:\/\/www.prijedordanas.com\/#\/schema\/person\/image\/","url":"https:\/\/secure.gravatar.com\/avatar\/1d3fc949d550f0b53a5f0d51e06dfd79?s=96&d=mm&r=g","contentUrl":"https:\/\/secure.gravatar.com\/avatar\/1d3fc949d550f0b53a5f0d51e06dfd79?s=96&d=mm&r=g","caption":"admin"},"url":"https:\/\/www.prijedordanas.com\/?author=1"}]}},"_links":{"self":[{"href":"https:\/\/www.prijedordanas.com\/index.php?rest_route=\/wp\/v2\/posts\/177384"}],"collection":[{"href":"https:\/\/www.prijedordanas.com\/index.php?rest_route=\/wp\/v2\/posts"}],"about":[{"href":"https:\/\/www.prijedordanas.com\/index.php?rest_route=\/wp\/v2\/types\/post"}],"author":[{"embeddable":true,"href":"https:\/\/www.prijedordanas.com\/index.php?rest_route=\/wp\/v2\/users\/1"}],"replies":[{"embeddable":true,"href":"https:\/\/www.prijedordanas.com\/index.php?rest_route=%2Fwp%2Fv2%2Fcomments&post=177384"}],"version-history":[{"count":2,"href":"https:\/\/www.prijedordanas.com\/index.php?rest_route=\/wp\/v2\/posts\/177384\/revisions"}],"predecessor-version":[{"id":206189,"href":"https:\/\/www.prijedordanas.com\/index.php?rest_route=\/wp\/v2\/posts\/177384\/revisions\/206189"}],"wp:attachment":[{"href":"https:\/\/www.prijedordanas.com\/index.php?rest_route=%2Fwp%2Fv2%2Fmedia&parent=177384"}],"wp:term":[{"taxonomy":"category","embeddable":true,"href":"https:\/\/www.prijedordanas.com\/index.php?rest_route=%2Fwp%2Fv2%2Fcategories&post=177384"},{"taxonomy":"post_tag","embeddable":true,"href":"https:\/\/www.prijedordanas.com\/index.php?rest_route=%2Fwp%2Fv2%2Ftags&post=177384"}],"curies":[{"name":"wp","href":"https:\/\/api.w.org\/{rel}","templated":true}]}}