{"id":177350,"date":"2021-11-25T16:35:36","date_gmt":"2021-11-25T15:35:36","guid":{"rendered":"https:\/\/www.prijedordanas.com\/?p=177350"},"modified":"2021-11-25T16:35:36","modified_gmt":"2021-11-25T15:35:36","slug":"okruzni-sud-prijedor-ponisteno-rjesenje-skupstine-grada-o-imenovanju-komisije-za-izbor-i-imenovanja","status":"publish","type":"post","link":"https:\/\/www.prijedordanas.com\/?p=177350","title":{"rendered":"Okru\u017eni sud Prijedor: Poni\u0161teno rje\u0161enje Skup\u0161tine grada o imenovanju Komisije za izbor i imenovanja"},"content":{"rendered":"<p><a href=\"https:\/\/www.prijedordanas.com\/wp-content\/uploads\/2021\/08\/skupstina-grada-25avgust-9.jpg\"><img loading=\"lazy\" decoding=\"async\" class=\"alignleft size-medium wp-image-172769\" src=\"https:\/\/www.prijedordanas.com\/wp-content\/uploads\/2021\/08\/skupstina-grada-25avgust-9-300x225.jpg\" alt=\"\" width=\"300\" height=\"225\" srcset=\"https:\/\/www.prijedordanas.com\/wp-content\/uploads\/2021\/08\/skupstina-grada-25avgust-9-300x225.jpg 300w, https:\/\/www.prijedordanas.com\/wp-content\/uploads\/2021\/08\/skupstina-grada-25avgust-9-640x480.jpg 640w, https:\/\/www.prijedordanas.com\/wp-content\/uploads\/2021\/08\/skupstina-grada-25avgust-9.jpg 667w\" sizes=\"(max-width: 300px) 100vw, 300px\" \/><\/a>Okru\u017eni sud u Prijedoru poni\u0161tio je rje\u0161enje Skup\u0161tine grada Prijedora o imenovanju Komisije za izbor i imenovanja kao protivno Poslovniku Skup\u0161tine.<\/p>\n<p>Sud je utvrdio da nije ispo\u0161tovana odredba Poslovnika kojom je propisano da se predsjednik, zamjenik predsjednika i tri \u010dlana ove komisije biraju srazmjerno broju izabranih odbornika stranaka i koalicija.<\/p>\n<p>Upravni spor pokrenut je po tu\u017ebi SDS-a, koji je zastupao tada\u0161nji predsjednik Gradskog odbora Prijedor Milan Tubin, a po ovla\u0161tenju predsjednika SDS-a Mirka \u0160arovi\u0107a, budu\u0107i da su se u sastavu Komisije na\u0161la tri odbornika \u010dije politi\u010dke partije i koalicije u Skup\u0161tini u\u010destvuju sa po dva mandata, a nije se na\u0161ao predstavnik SDS-a, stranke koja ima tri mandata.<\/p>\n<p>&#8220;Tu\u017eeni je proporcionalnost pri imenovanju Komisije bio du\u017ean da cijeni prema broju osvojenih odborni\u010dkih mandata, a ne prema broju verifikovanih odbornika u vrijeme odr\u017eavanja prve sjednice, \u0161to nije u skladu sa odredbama Poslovnika na koje se tu\u017eeni poziva u pobijanom aktu&#8221;, navodi se u presudi.<\/p>\n<p><a href=\"https:\/\/www.prijedordanas.com\/wp-content\/uploads\/2021\/11\/skupstina-grada-27oktobar-8.jpg\"><img loading=\"lazy\" decoding=\"async\" class=\"alignleft size-medium wp-image-177351\" src=\"https:\/\/www.prijedordanas.com\/wp-content\/uploads\/2021\/11\/skupstina-grada-27oktobar-8-300x225.jpg\" alt=\"\" width=\"300\" height=\"225\" srcset=\"https:\/\/www.prijedordanas.com\/wp-content\/uploads\/2021\/11\/skupstina-grada-27oktobar-8-300x225.jpg 300w, https:\/\/www.prijedordanas.com\/wp-content\/uploads\/2021\/11\/skupstina-grada-27oktobar-8-640x480.jpg 640w, https:\/\/www.prijedordanas.com\/wp-content\/uploads\/2021\/11\/skupstina-grada-27oktobar-8.jpg 667w\" sizes=\"(max-width: 300px) 100vw, 300px\" \/><\/a>Skup\u0161tina grada Prijedora je na konstitutivnoj sjednici, prvoj nakon lokalnih izbora 2020. godine, odr\u017eanoj 30. decembra lani, imenovala Du\u0161ka Mileti\u0107a za predsjednika Komisije, Azru Pa\u0161ali\u0107 za zamjenika predsjednika, te Gorana Velaulu, Igora Javori\u0107a i Nenada Mejaki\u0107a za \u010dlanove.<\/p>\n<p>&#8220;U ponovnom postupku tu\u017eeni organ \u0107e upotpuniti postupak na na\u010din da \u0107e se izjasniti o svim relevantnim pitanjima na koja mu je ukazano ovom presudom, pri \u010demu \u0107e naro\u010dito voditi ra\u010duna o tome da pri dono\u0161enju novog upravnog akta obrazlo\u017ei razloge kojima se vodi pri primjeni odredaba koje mu slu\u017ee kao osnov za dono\u0161enje rje\u0161enja, a \u0161to je u konkretnom slu\u010daju u potpunosti izostalo&#8221;, dodaje se u presudi.<\/p>\n<p>Skup\u0161tina grada Prijedora u obavezi je da poni\u0161ti osporeno rje\u0161enje u roku od 30 dana od dana dostavljanja presude.<\/p>\n<p>U dnevni red sjednice Skup\u0161tine grada Prijedora, zakazane za sutra, danas je uvr\u0161ten prijedlog rje\u0161enja o razrje\u0161enju Komisije za izbor i imenovanja, \u010dime \u0107e biti uva\u017eena ova sudska presuda, kao i prijedlog rje\u0161enja o imenovanju novog sastava u kojem nema ponu\u0111enih personalnih rje\u0161enja, ve\u0107 \u0107e ona biti predlo\u017eena sutra na sjednici, kada \u0107e se odbornici o njima izja\u0161njavati.<\/p>\n<p>SRNA<br \/>\nFoto &#8211; ilustracija<\/p>\n","protected":false},"excerpt":{"rendered":"<p>Okru\u017eni sud u Prijedoru poni\u0161tio je rje\u0161enje Skup\u0161tine grada Prijedora o imenovanju Komisije za izbor i imenovanja kao protivno Poslovniku Skup\u0161tine. Sud je utvrdio da nije ispo\u0161tovana odredba Poslovnika kojom [&hellip;]<\/p>\n","protected":false},"author":1,"featured_media":0,"comment_status":"closed","ping_status":"open","sticky":false,"template":"","format":"standard","meta":{"_monsterinsights_skip_tracking":false,"_monsterinsights_sitenote_active":false,"_monsterinsights_sitenote_note":"","_monsterinsights_sitenote_category":0,"footnotes":""},"categories":[4],"tags":[9020,238],"yoast_head":"<!-- This site is optimized with the Yoast SEO plugin v21.6 - https:\/\/yoast.com\/wordpress\/plugins\/seo\/ -->\n<title>Okru\u017eni sud Prijedor: Poni\u0161teno rje\u0161enje Skup\u0161tine grada o imenovanju Komisije za izbor i imenovanja - PrijedorDanas.com - Prijedorski gradski portal<\/title>\n<meta name=\"robots\" content=\"index, follow, max-snippet:-1, max-image-preview:large, max-video-preview:-1\" \/>\n<link rel=\"canonical\" href=\"https:\/\/www.prijedordanas.com\/?p=177350\" \/>\n<meta property=\"og:locale\" content=\"en_US\" \/>\n<meta property=\"og:type\" content=\"article\" \/>\n<meta property=\"og:title\" content=\"Okru\u017eni sud Prijedor: Poni\u0161teno rje\u0161enje Skup\u0161tine grada o imenovanju Komisije za izbor i imenovanja - PrijedorDanas.com - Prijedorski gradski portal\" \/>\n<meta property=\"og:description\" content=\"Okru\u017eni sud u Prijedoru poni\u0161tio je rje\u0161enje Skup\u0161tine grada Prijedora o imenovanju Komisije za izbor i imenovanja kao protivno Poslovniku Skup\u0161tine. Sud je utvrdio da nije ispo\u0161tovana odredba Poslovnika kojom [&hellip;]\" \/>\n<meta property=\"og:url\" content=\"https:\/\/www.prijedordanas.com\/?p=177350\" \/>\n<meta property=\"og:site_name\" content=\"PrijedorDanas.com - Prijedorski gradski portal\" \/>\n<meta property=\"article:publisher\" content=\"https:\/\/www.facebook.com\/PrijedorDanasCom\/\" \/>\n<meta property=\"article:published_time\" content=\"2021-11-25T15:35:36+00:00\" \/>\n<meta property=\"og:image\" content=\"https:\/\/www.prijedordanas.com\/wp-content\/uploads\/2021\/08\/skupstina-grada-25avgust-9-300x225.jpg\" \/>\n<meta name=\"author\" content=\"admin\" \/>\n<meta name=\"twitter:card\" content=\"summary_large_image\" \/>\n<meta name=\"twitter:label1\" content=\"Written by\" \/>\n\t<meta name=\"twitter:data1\" content=\"admin\" \/>\n\t<meta name=\"twitter:label2\" content=\"Est. reading time\" \/>\n\t<meta name=\"twitter:data2\" content=\"2 minutes\" \/>\n<script type=\"application\/ld+json\" class=\"yoast-schema-graph\">{\"@context\":\"https:\/\/schema.org\",\"@graph\":[{\"@type\":\"Article\",\"@id\":\"https:\/\/www.prijedordanas.com\/?p=177350#article\",\"isPartOf\":{\"@id\":\"https:\/\/www.prijedordanas.com\/?p=177350\"},\"author\":{\"name\":\"admin\",\"@id\":\"https:\/\/www.prijedordanas.com\/#\/schema\/person\/4e08ccf29b506ca916ff86d46bb700e6\"},\"headline\":\"Okru\u017eni sud Prijedor: Poni\u0161teno rje\u0161enje Skup\u0161tine grada o imenovanju Komisije za izbor i imenovanja\",\"datePublished\":\"2021-11-25T15:35:36+00:00\",\"dateModified\":\"2021-11-25T15:35:36+00:00\",\"mainEntityOfPage\":{\"@id\":\"https:\/\/www.prijedordanas.com\/?p=177350\"},\"wordCount\":405,\"publisher\":{\"@id\":\"https:\/\/www.prijedordanas.com\/#organization\"},\"keywords\":[\"Okru\u017eni sud Prijedor\",\"Skup\u0161tina grada Prijedora\"],\"articleSection\":[\"Dru\u0161tvo\"],\"inLanguage\":\"en-US\"},{\"@type\":\"WebPage\",\"@id\":\"https:\/\/www.prijedordanas.com\/?p=177350\",\"url\":\"https:\/\/www.prijedordanas.com\/?p=177350\",\"name\":\"Okru\u017eni sud Prijedor: Poni\u0161teno rje\u0161enje Skup\u0161tine grada o imenovanju Komisije za izbor i imenovanja - PrijedorDanas.com - Prijedorski gradski portal\",\"isPartOf\":{\"@id\":\"https:\/\/www.prijedordanas.com\/#website\"},\"datePublished\":\"2021-11-25T15:35:36+00:00\",\"dateModified\":\"2021-11-25T15:35:36+00:00\",\"breadcrumb\":{\"@id\":\"https:\/\/www.prijedordanas.com\/?p=177350#breadcrumb\"},\"inLanguage\":\"en-US\",\"potentialAction\":[{\"@type\":\"ReadAction\",\"target\":[\"https:\/\/www.prijedordanas.com\/?p=177350\"]}]},{\"@type\":\"BreadcrumbList\",\"@id\":\"https:\/\/www.prijedordanas.com\/?p=177350#breadcrumb\",\"itemListElement\":[{\"@type\":\"ListItem\",\"position\":1,\"name\":\"Home\",\"item\":\"https:\/\/www.prijedordanas.com\/\"},{\"@type\":\"ListItem\",\"position\":2,\"name\":\"Okru\u017eni sud Prijedor: Poni\u0161teno rje\u0161enje Skup\u0161tine grada o imenovanju Komisije za izbor i imenovanja\"}]},{\"@type\":\"WebSite\",\"@id\":\"https:\/\/www.prijedordanas.com\/#website\",\"url\":\"https:\/\/www.prijedordanas.com\/\",\"name\":\"PrijedorDanas.com - Prijedorski gradski portal\",\"description\":\"Portal o doga\u0111anjima u gradu Prijedoru\",\"publisher\":{\"@id\":\"https:\/\/www.prijedordanas.com\/#organization\"},\"potentialAction\":[{\"@type\":\"SearchAction\",\"target\":{\"@type\":\"EntryPoint\",\"urlTemplate\":\"https:\/\/www.prijedordanas.com\/?s={search_term_string}\"},\"query-input\":\"required name=search_term_string\"}],\"inLanguage\":\"en-US\"},{\"@type\":\"Organization\",\"@id\":\"https:\/\/www.prijedordanas.com\/#organization\",\"name\":\"PrijedorDanas.com\",\"url\":\"https:\/\/www.prijedordanas.com\/\",\"logo\":{\"@type\":\"ImageObject\",\"inLanguage\":\"en-US\",\"@id\":\"https:\/\/www.prijedordanas.com\/#\/schema\/logo\/image\/\",\"url\":\"http:\/\/www.prijedordanas.com\/wp-content\/uploads\/2021\/12\/logopng.png\",\"contentUrl\":\"http:\/\/www.prijedordanas.com\/wp-content\/uploads\/2021\/12\/logopng.png\",\"width\":1019,\"height\":776,\"caption\":\"PrijedorDanas.com\"},\"image\":{\"@id\":\"https:\/\/www.prijedordanas.com\/#\/schema\/logo\/image\/\"},\"sameAs\":[\"https:\/\/www.facebook.com\/PrijedorDanasCom\/\"]},{\"@type\":\"Person\",\"@id\":\"https:\/\/www.prijedordanas.com\/#\/schema\/person\/4e08ccf29b506ca916ff86d46bb700e6\",\"name\":\"admin\",\"image\":{\"@type\":\"ImageObject\",\"inLanguage\":\"en-US\",\"@id\":\"https:\/\/www.prijedordanas.com\/#\/schema\/person\/image\/\",\"url\":\"https:\/\/secure.gravatar.com\/avatar\/1d3fc949d550f0b53a5f0d51e06dfd79?s=96&d=mm&r=g\",\"contentUrl\":\"https:\/\/secure.gravatar.com\/avatar\/1d3fc949d550f0b53a5f0d51e06dfd79?s=96&d=mm&r=g\",\"caption\":\"admin\"},\"url\":\"https:\/\/www.prijedordanas.com\/?author=1\"}]}<\/script>\n<!-- \/ Yoast SEO plugin. -->","yoast_head_json":{"title":"Okru\u017eni sud Prijedor: Poni\u0161teno rje\u0161enje Skup\u0161tine grada o imenovanju Komisije za izbor i imenovanja - PrijedorDanas.com - Prijedorski gradski portal","robots":{"index":"index","follow":"follow","max-snippet":"max-snippet:-1","max-image-preview":"max-image-preview:large","max-video-preview":"max-video-preview:-1"},"canonical":"https:\/\/www.prijedordanas.com\/?p=177350","og_locale":"en_US","og_type":"article","og_title":"Okru\u017eni sud Prijedor: Poni\u0161teno rje\u0161enje Skup\u0161tine grada o imenovanju Komisije za izbor i imenovanja - PrijedorDanas.com - Prijedorski gradski portal","og_description":"Okru\u017eni sud u Prijedoru poni\u0161tio je rje\u0161enje Skup\u0161tine grada Prijedora o imenovanju Komisije za izbor i imenovanja kao protivno Poslovniku Skup\u0161tine. Sud je utvrdio da nije ispo\u0161tovana odredba Poslovnika kojom [&hellip;]","og_url":"https:\/\/www.prijedordanas.com\/?p=177350","og_site_name":"PrijedorDanas.com - Prijedorski gradski portal","article_publisher":"https:\/\/www.facebook.com\/PrijedorDanasCom\/","article_published_time":"2021-11-25T15:35:36+00:00","og_image":[{"url":"https:\/\/www.prijedordanas.com\/wp-content\/uploads\/2021\/08\/skupstina-grada-25avgust-9-300x225.jpg"}],"author":"admin","twitter_card":"summary_large_image","twitter_misc":{"Written by":"admin","Est. reading time":"2 minutes"},"schema":{"@context":"https:\/\/schema.org","@graph":[{"@type":"Article","@id":"https:\/\/www.prijedordanas.com\/?p=177350#article","isPartOf":{"@id":"https:\/\/www.prijedordanas.com\/?p=177350"},"author":{"name":"admin","@id":"https:\/\/www.prijedordanas.com\/#\/schema\/person\/4e08ccf29b506ca916ff86d46bb700e6"},"headline":"Okru\u017eni sud Prijedor: Poni\u0161teno rje\u0161enje Skup\u0161tine grada o imenovanju Komisije za izbor i imenovanja","datePublished":"2021-11-25T15:35:36+00:00","dateModified":"2021-11-25T15:35:36+00:00","mainEntityOfPage":{"@id":"https:\/\/www.prijedordanas.com\/?p=177350"},"wordCount":405,"publisher":{"@id":"https:\/\/www.prijedordanas.com\/#organization"},"keywords":["Okru\u017eni sud Prijedor","Skup\u0161tina grada Prijedora"],"articleSection":["Dru\u0161tvo"],"inLanguage":"en-US"},{"@type":"WebPage","@id":"https:\/\/www.prijedordanas.com\/?p=177350","url":"https:\/\/www.prijedordanas.com\/?p=177350","name":"Okru\u017eni sud Prijedor: Poni\u0161teno rje\u0161enje Skup\u0161tine grada o imenovanju Komisije za izbor i imenovanja - PrijedorDanas.com - Prijedorski gradski portal","isPartOf":{"@id":"https:\/\/www.prijedordanas.com\/#website"},"datePublished":"2021-11-25T15:35:36+00:00","dateModified":"2021-11-25T15:35:36+00:00","breadcrumb":{"@id":"https:\/\/www.prijedordanas.com\/?p=177350#breadcrumb"},"inLanguage":"en-US","potentialAction":[{"@type":"ReadAction","target":["https:\/\/www.prijedordanas.com\/?p=177350"]}]},{"@type":"BreadcrumbList","@id":"https:\/\/www.prijedordanas.com\/?p=177350#breadcrumb","itemListElement":[{"@type":"ListItem","position":1,"name":"Home","item":"https:\/\/www.prijedordanas.com\/"},{"@type":"ListItem","position":2,"name":"Okru\u017eni sud Prijedor: Poni\u0161teno rje\u0161enje Skup\u0161tine grada o imenovanju Komisije za izbor i imenovanja"}]},{"@type":"WebSite","@id":"https:\/\/www.prijedordanas.com\/#website","url":"https:\/\/www.prijedordanas.com\/","name":"PrijedorDanas.com - Prijedorski gradski portal","description":"Portal o doga\u0111anjima u gradu Prijedoru","publisher":{"@id":"https:\/\/www.prijedordanas.com\/#organization"},"potentialAction":[{"@type":"SearchAction","target":{"@type":"EntryPoint","urlTemplate":"https:\/\/www.prijedordanas.com\/?s={search_term_string}"},"query-input":"required name=search_term_string"}],"inLanguage":"en-US"},{"@type":"Organization","@id":"https:\/\/www.prijedordanas.com\/#organization","name":"PrijedorDanas.com","url":"https:\/\/www.prijedordanas.com\/","logo":{"@type":"ImageObject","inLanguage":"en-US","@id":"https:\/\/www.prijedordanas.com\/#\/schema\/logo\/image\/","url":"http:\/\/www.prijedordanas.com\/wp-content\/uploads\/2021\/12\/logopng.png","contentUrl":"http:\/\/www.prijedordanas.com\/wp-content\/uploads\/2021\/12\/logopng.png","width":1019,"height":776,"caption":"PrijedorDanas.com"},"image":{"@id":"https:\/\/www.prijedordanas.com\/#\/schema\/logo\/image\/"},"sameAs":["https:\/\/www.facebook.com\/PrijedorDanasCom\/"]},{"@type":"Person","@id":"https:\/\/www.prijedordanas.com\/#\/schema\/person\/4e08ccf29b506ca916ff86d46bb700e6","name":"admin","image":{"@type":"ImageObject","inLanguage":"en-US","@id":"https:\/\/www.prijedordanas.com\/#\/schema\/person\/image\/","url":"https:\/\/secure.gravatar.com\/avatar\/1d3fc949d550f0b53a5f0d51e06dfd79?s=96&d=mm&r=g","contentUrl":"https:\/\/secure.gravatar.com\/avatar\/1d3fc949d550f0b53a5f0d51e06dfd79?s=96&d=mm&r=g","caption":"admin"},"url":"https:\/\/www.prijedordanas.com\/?author=1"}]}},"_links":{"self":[{"href":"https:\/\/www.prijedordanas.com\/index.php?rest_route=\/wp\/v2\/posts\/177350"}],"collection":[{"href":"https:\/\/www.prijedordanas.com\/index.php?rest_route=\/wp\/v2\/posts"}],"about":[{"href":"https:\/\/www.prijedordanas.com\/index.php?rest_route=\/wp\/v2\/types\/post"}],"author":[{"embeddable":true,"href":"https:\/\/www.prijedordanas.com\/index.php?rest_route=\/wp\/v2\/users\/1"}],"replies":[{"embeddable":true,"href":"https:\/\/www.prijedordanas.com\/index.php?rest_route=%2Fwp%2Fv2%2Fcomments&post=177350"}],"version-history":[{"count":1,"href":"https:\/\/www.prijedordanas.com\/index.php?rest_route=\/wp\/v2\/posts\/177350\/revisions"}],"predecessor-version":[{"id":177352,"href":"https:\/\/www.prijedordanas.com\/index.php?rest_route=\/wp\/v2\/posts\/177350\/revisions\/177352"}],"wp:attachment":[{"href":"https:\/\/www.prijedordanas.com\/index.php?rest_route=%2Fwp%2Fv2%2Fmedia&parent=177350"}],"wp:term":[{"taxonomy":"category","embeddable":true,"href":"https:\/\/www.prijedordanas.com\/index.php?rest_route=%2Fwp%2Fv2%2Fcategories&post=177350"},{"taxonomy":"post_tag","embeddable":true,"href":"https:\/\/www.prijedordanas.com\/index.php?rest_route=%2Fwp%2Fv2%2Ftags&post=177350"}],"curies":[{"name":"wp","href":"https:\/\/api.w.org\/{rel}","templated":true}]}}