{"id":177093,"date":"2021-11-20T15:29:15","date_gmt":"2021-11-20T14:29:15","guid":{"rendered":"https:\/\/www.prijedordanas.com\/?p=177093"},"modified":"2021-11-21T11:16:04","modified_gmt":"2021-11-21T10:16:04","slug":"puna-sala-u-cirkin-polju-predojevic-stanivukovic-i-nesic-razgovarali-sa-gradanima-prijedora-foto","status":"publish","type":"post","link":"https:\/\/www.prijedordanas.com\/?p=177093","title":{"rendered":"Puna sala u \u010cirkin Polju: Predojevic\u0301, Stanivukovic\u0301 i Ne\u0161ic\u0301 razgovarali sa gra\u0111anima Prijedora &#8211; FOTO"},"content":{"rendered":"<p><a href=\"https:\/\/www.prijedordanas.com\/wp-content\/uploads\/2021\/11\/dnspd-cirkin-polje-19novembar-1.jpg\"><img loading=\"lazy\" decoding=\"async\" class=\"alignleft size-medium wp-image-177094\" src=\"https:\/\/www.prijedordanas.com\/wp-content\/uploads\/2021\/11\/dnspd-cirkin-polje-19novembar-1-300x225.jpg\" alt=\"\" width=\"300\" height=\"225\" srcset=\"https:\/\/www.prijedordanas.com\/wp-content\/uploads\/2021\/11\/dnspd-cirkin-polje-19novembar-1-300x225.jpg 300w, https:\/\/www.prijedordanas.com\/wp-content\/uploads\/2021\/11\/dnspd-cirkin-polje-19novembar-1-640x480.jpg 640w, https:\/\/www.prijedordanas.com\/wp-content\/uploads\/2021\/11\/dnspd-cirkin-polje-19novembar-1.jpg 667w\" sizes=\"(max-width: 300px) 100vw, 300px\" \/><\/a>Veliki broj ljudi okupio se sinoc\u0301 u dru\u0161tvenom domu u \u010cirkin Polju na razgovoru DNS-a, SDS-a i PDP-a sa gra\u0111anima.<\/p>\n<p>Goran Predojevic\u0301, predsjednik GO DNS Prijedor istakao je da je Prijedor V.D. grad jer se vlast samo bavi imenovanjima.<\/p>\n<p>&#8220;Mi smo rekli da c\u0301emo podr\u017eati sve \u0161to bude u interesu gra\u0111ana. Pro\u0111e godinu dana a ne bi takvog prijedloga od strane SNSD-a&#8221;, rekao je Predojevic\u0301.<\/p>\n<p>&#8220;Ja sam narodni \u010dovjek i narodni doktor. Hoc\u0301u da ostane ne\u0161to iza mene, da budemo grad kranova, da se gradi. Mo\u017ee se, para ima ali je potrebno promijeniti sistem rada u Prijedoru&#8221;, rekao je Predojevic\u0301.<\/p>\n<p>Gradona\u010delnik Banja Luke Dra\u0161ko Stanivukovic\u0301 istakao je da je njegova prva poruka &#8220;do nas je&#8221;.<\/p>\n<p><a href=\"https:\/\/www.prijedordanas.com\/wp-content\/uploads\/2021\/11\/dnspd-cirkin-polje-19novembar-2.jpg\"><img loading=\"lazy\" decoding=\"async\" class=\"alignleft size-medium wp-image-177095\" src=\"https:\/\/www.prijedordanas.com\/wp-content\/uploads\/2021\/11\/dnspd-cirkin-polje-19novembar-2-300x200.jpg\" alt=\"\" width=\"300\" height=\"200\" srcset=\"https:\/\/www.prijedordanas.com\/wp-content\/uploads\/2021\/11\/dnspd-cirkin-polje-19novembar-2-300x200.jpg 300w, https:\/\/www.prijedordanas.com\/wp-content\/uploads\/2021\/11\/dnspd-cirkin-polje-19novembar-2-480x320.jpg 480w, https:\/\/www.prijedordanas.com\/wp-content\/uploads\/2021\/11\/dnspd-cirkin-polje-19novembar-2.jpg 600w\" sizes=\"(max-width: 300px) 100vw, 300px\" \/><\/a>&#8220;Lagano osloba\u0111amo jedan po jedan grad. Bijeljina, Banja Luka, Prijedor. Mi smo tu da budemo vjetar u le\u0111a. Glasanjem u Prijedoru odlu\u010dujemo i o cijeloj Republici Srpskoj&#8221;, rekao je Stanivukovic\u0301.<\/p>\n<p>Predsjednik DNS-a Nenad Ne\u0161ic\u0301 rekao je da je ubije\u0111en da je u sali buduc\u0301i gradona\u010delnik Prijedora.<\/p>\n<p>&#8220;\u0160ta da govorim o SNSD-u kad sve vidite sami, djeca nam odlaze, nemamo s kim slavu da slavimo. Na to mo\u017eemo odgovoriti jednom rije\u010dju &#8211; PROMJENE, promjene koje krec\u0301u iz Prijedora i nastavljaju se u cijeloj Srpskoj&#8221; &#8211; rekao je predsjednik DNS-a.<\/p>\n<p>Maja Dragojevic\u0301 Stoji\u0107, predsjednik GO SDS Prijedor istakla je da su ljudi prihvatili zajedni\u010dku pri\u010du SDS-a, DNS-a i PDP-a u Prijedoru.<\/p>\n<p><a href=\"https:\/\/www.prijedordanas.com\/wp-content\/uploads\/2021\/11\/dnspd-cirkin-polje-19novembar-4.jpg\"><img loading=\"lazy\" decoding=\"async\" src=\"https:\/\/www.prijedordanas.com\/wp-content\/uploads\/2021\/11\/dnspd-cirkin-polje-19novembar-4-300x200.jpg\" alt=\"\" width=\"300\" height=\"200\" class=\"alignleft size-medium wp-image-177096\" srcset=\"https:\/\/www.prijedordanas.com\/wp-content\/uploads\/2021\/11\/dnspd-cirkin-polje-19novembar-4-300x200.jpg 300w, https:\/\/www.prijedordanas.com\/wp-content\/uploads\/2021\/11\/dnspd-cirkin-polje-19novembar-4-480x320.jpg 480w, https:\/\/www.prijedordanas.com\/wp-content\/uploads\/2021\/11\/dnspd-cirkin-polje-19novembar-4.jpg 600w\" sizes=\"(max-width: 300px) 100vw, 300px\" \/><\/a>Ona je istakla da je Goran njen kolega i da je vodio odjeljenje u bolnici kad je bilo najte\u017ee, te da ima sposobnosti i za ozbiljne funkcije.<\/p>\n<p>Narodni poslanik Du\u0161ko Ivic\u0301 rekao je da se u Prijedoru pokazalo ono narodno da to \u0161to je ukradeno mora brzo i da pro\u0111e.<\/p>\n<p>&#8220;SNSD je ukrao mjesto gradona\u010delnika i to im se i osvetilo. Gra\u0111ani Prijedora imaju priliku da promjene nenarodnu vlast i da poka\u017eu kakvu vlast \u017eele&#8221;, rekao je Ivic\u0301.<\/p>\n<p>Miodrag Deretic\u0301, predsjednik Gradskog odbora PDP rekao je da je svima dosta toga da mediji pominju Prijedor samo po ru\u017enom.<\/p>\n<p>DNS Prijedor<\/p>\n<p><a href=\"https:\/\/www.prijedordanas.com\/wp-content\/uploads\/2021\/11\/dnspd-cirkin-polje-19novembar-3.jpg\"><img loading=\"lazy\" decoding=\"async\" src=\"https:\/\/www.prijedordanas.com\/wp-content\/uploads\/2021\/11\/dnspd-cirkin-polje-19novembar-3-300x200.jpg\" alt=\"\" width=\"300\" height=\"200\" class=\"alignleft size-medium wp-image-177097\" srcset=\"https:\/\/www.prijedordanas.com\/wp-content\/uploads\/2021\/11\/dnspd-cirkin-polje-19novembar-3-300x200.jpg 300w, https:\/\/www.prijedordanas.com\/wp-content\/uploads\/2021\/11\/dnspd-cirkin-polje-19novembar-3-480x320.jpg 480w, https:\/\/www.prijedordanas.com\/wp-content\/uploads\/2021\/11\/dnspd-cirkin-polje-19novembar-3.jpg 600w\" sizes=\"(max-width: 300px) 100vw, 300px\" \/><\/a> <a href=\"https:\/\/www.prijedordanas.com\/wp-content\/uploads\/2021\/11\/dnspd-cirkin-polje-19novembar-5.jpg\"><img loading=\"lazy\" decoding=\"async\" src=\"https:\/\/www.prijedordanas.com\/wp-content\/uploads\/2021\/11\/dnspd-cirkin-polje-19novembar-5-300x200.jpg\" alt=\"\" width=\"300\" height=\"200\" class=\"alignleft size-medium wp-image-177098\" srcset=\"https:\/\/www.prijedordanas.com\/wp-content\/uploads\/2021\/11\/dnspd-cirkin-polje-19novembar-5-300x200.jpg 300w, https:\/\/www.prijedordanas.com\/wp-content\/uploads\/2021\/11\/dnspd-cirkin-polje-19novembar-5-480x320.jpg 480w, https:\/\/www.prijedordanas.com\/wp-content\/uploads\/2021\/11\/dnspd-cirkin-polje-19novembar-5.jpg 600w\" sizes=\"(max-width: 300px) 100vw, 300px\" \/><\/a> <a href=\"https:\/\/www.prijedordanas.com\/wp-content\/uploads\/2021\/11\/dnspd-cirkin-polje-19novembar-6.jpg\"><img loading=\"lazy\" decoding=\"async\" src=\"https:\/\/www.prijedordanas.com\/wp-content\/uploads\/2021\/11\/dnspd-cirkin-polje-19novembar-6-300x200.jpg\" alt=\"\" width=\"300\" height=\"200\" class=\"alignleft size-medium wp-image-177099\" srcset=\"https:\/\/www.prijedordanas.com\/wp-content\/uploads\/2021\/11\/dnspd-cirkin-polje-19novembar-6-300x200.jpg 300w, https:\/\/www.prijedordanas.com\/wp-content\/uploads\/2021\/11\/dnspd-cirkin-polje-19novembar-6-480x320.jpg 480w, https:\/\/www.prijedordanas.com\/wp-content\/uploads\/2021\/11\/dnspd-cirkin-polje-19novembar-6.jpg 600w\" sizes=\"(max-width: 300px) 100vw, 300px\" \/><\/a><\/p>\n<p>**Sponzorisana objava**<\/p>\n","protected":false},"excerpt":{"rendered":"<p>Veliki broj ljudi okupio se sinoc\u0301 u dru\u0161tvenom domu u \u010cirkin Polju na razgovoru DNS-a, SDS-a i PDP-a sa gra\u0111anima. Goran Predojevic\u0301, predsjednik GO DNS Prijedor istakao je da je [&hellip;]<\/p>\n","protected":false},"author":1,"featured_media":0,"comment_status":"closed","ping_status":"open","sticky":false,"template":"","format":"standard","meta":{"_monsterinsights_skip_tracking":false,"_monsterinsights_sitenote_active":false,"_monsterinsights_sitenote_note":"","_monsterinsights_sitenote_category":0,"footnotes":""},"categories":[8],"tags":[],"yoast_head":"<!-- This site is optimized with the Yoast SEO plugin v21.6 - https:\/\/yoast.com\/wordpress\/plugins\/seo\/ -->\n<title>Puna sala u \u010cirkin Polju: Predojevic\u0301, Stanivukovic\u0301 i Ne\u0161ic\u0301 razgovarali sa gra\u0111anima Prijedora - FOTO - PrijedorDanas.com - Prijedorski gradski portal<\/title>\n<meta name=\"robots\" content=\"index, follow, max-snippet:-1, max-image-preview:large, max-video-preview:-1\" \/>\n<link rel=\"canonical\" href=\"https:\/\/www.prijedordanas.com\/?p=177093\" \/>\n<meta property=\"og:locale\" content=\"en_US\" \/>\n<meta property=\"og:type\" content=\"article\" \/>\n<meta property=\"og:title\" content=\"Puna sala u \u010cirkin Polju: Predojevic\u0301, Stanivukovic\u0301 i Ne\u0161ic\u0301 razgovarali sa gra\u0111anima Prijedora - FOTO - PrijedorDanas.com - Prijedorski gradski portal\" \/>\n<meta property=\"og:description\" content=\"Veliki broj ljudi okupio se sinoc\u0301 u dru\u0161tvenom domu u \u010cirkin Polju na razgovoru DNS-a, SDS-a i PDP-a sa gra\u0111anima. Goran Predojevic\u0301, predsjednik GO DNS Prijedor istakao je da je [&hellip;]\" \/>\n<meta property=\"og:url\" content=\"https:\/\/www.prijedordanas.com\/?p=177093\" \/>\n<meta property=\"og:site_name\" content=\"PrijedorDanas.com - Prijedorski gradski portal\" \/>\n<meta property=\"article:publisher\" content=\"https:\/\/www.facebook.com\/PrijedorDanasCom\/\" \/>\n<meta property=\"article:published_time\" content=\"2021-11-20T14:29:15+00:00\" \/>\n<meta property=\"article:modified_time\" content=\"2021-11-21T10:16:04+00:00\" \/>\n<meta property=\"og:image\" content=\"https:\/\/www.prijedordanas.com\/wp-content\/uploads\/2021\/11\/dnspd-cirkin-polje-19novembar-1-300x225.jpg\" \/>\n<meta name=\"author\" content=\"admin\" \/>\n<meta name=\"twitter:card\" content=\"summary_large_image\" \/>\n<meta name=\"twitter:label1\" content=\"Written by\" \/>\n\t<meta name=\"twitter:data1\" content=\"admin\" \/>\n\t<meta name=\"twitter:label2\" content=\"Est. reading time\" \/>\n\t<meta name=\"twitter:data2\" content=\"2 minutes\" \/>\n<script type=\"application\/ld+json\" class=\"yoast-schema-graph\">{\"@context\":\"https:\/\/schema.org\",\"@graph\":[{\"@type\":\"Article\",\"@id\":\"https:\/\/www.prijedordanas.com\/?p=177093#article\",\"isPartOf\":{\"@id\":\"https:\/\/www.prijedordanas.com\/?p=177093\"},\"author\":{\"name\":\"admin\",\"@id\":\"https:\/\/www.prijedordanas.com\/#\/schema\/person\/4e08ccf29b506ca916ff86d46bb700e6\"},\"headline\":\"Puna sala u \u010cirkin Polju: Predojevic\u0301, Stanivukovic\u0301 i Ne\u0161ic\u0301 razgovarali sa gra\u0111anima Prijedora &#8211; FOTO\",\"datePublished\":\"2021-11-20T14:29:15+00:00\",\"dateModified\":\"2021-11-21T10:16:04+00:00\",\"mainEntityOfPage\":{\"@id\":\"https:\/\/www.prijedordanas.com\/?p=177093\"},\"wordCount\":374,\"publisher\":{\"@id\":\"https:\/\/www.prijedordanas.com\/#organization\"},\"articleSection\":[\"Svakodnevno\"],\"inLanguage\":\"en-US\"},{\"@type\":\"WebPage\",\"@id\":\"https:\/\/www.prijedordanas.com\/?p=177093\",\"url\":\"https:\/\/www.prijedordanas.com\/?p=177093\",\"name\":\"Puna sala u \u010cirkin Polju: Predojevic\u0301, Stanivukovic\u0301 i Ne\u0161ic\u0301 razgovarali sa gra\u0111anima Prijedora - FOTO - PrijedorDanas.com - Prijedorski gradski portal\",\"isPartOf\":{\"@id\":\"https:\/\/www.prijedordanas.com\/#website\"},\"datePublished\":\"2021-11-20T14:29:15+00:00\",\"dateModified\":\"2021-11-21T10:16:04+00:00\",\"breadcrumb\":{\"@id\":\"https:\/\/www.prijedordanas.com\/?p=177093#breadcrumb\"},\"inLanguage\":\"en-US\",\"potentialAction\":[{\"@type\":\"ReadAction\",\"target\":[\"https:\/\/www.prijedordanas.com\/?p=177093\"]}]},{\"@type\":\"BreadcrumbList\",\"@id\":\"https:\/\/www.prijedordanas.com\/?p=177093#breadcrumb\",\"itemListElement\":[{\"@type\":\"ListItem\",\"position\":1,\"name\":\"Home\",\"item\":\"https:\/\/www.prijedordanas.com\/\"},{\"@type\":\"ListItem\",\"position\":2,\"name\":\"Puna sala u \u010cirkin Polju: Predojevic\u0301, Stanivukovic\u0301 i Ne\u0161ic\u0301 razgovarali sa gra\u0111anima Prijedora &#8211; FOTO\"}]},{\"@type\":\"WebSite\",\"@id\":\"https:\/\/www.prijedordanas.com\/#website\",\"url\":\"https:\/\/www.prijedordanas.com\/\",\"name\":\"PrijedorDanas.com - Prijedorski gradski portal\",\"description\":\"Portal o doga\u0111anjima u gradu Prijedoru\",\"publisher\":{\"@id\":\"https:\/\/www.prijedordanas.com\/#organization\"},\"potentialAction\":[{\"@type\":\"SearchAction\",\"target\":{\"@type\":\"EntryPoint\",\"urlTemplate\":\"https:\/\/www.prijedordanas.com\/?s={search_term_string}\"},\"query-input\":\"required name=search_term_string\"}],\"inLanguage\":\"en-US\"},{\"@type\":\"Organization\",\"@id\":\"https:\/\/www.prijedordanas.com\/#organization\",\"name\":\"PrijedorDanas.com\",\"url\":\"https:\/\/www.prijedordanas.com\/\",\"logo\":{\"@type\":\"ImageObject\",\"inLanguage\":\"en-US\",\"@id\":\"https:\/\/www.prijedordanas.com\/#\/schema\/logo\/image\/\",\"url\":\"http:\/\/www.prijedordanas.com\/wp-content\/uploads\/2021\/12\/logopng.png\",\"contentUrl\":\"http:\/\/www.prijedordanas.com\/wp-content\/uploads\/2021\/12\/logopng.png\",\"width\":1019,\"height\":776,\"caption\":\"PrijedorDanas.com\"},\"image\":{\"@id\":\"https:\/\/www.prijedordanas.com\/#\/schema\/logo\/image\/\"},\"sameAs\":[\"https:\/\/www.facebook.com\/PrijedorDanasCom\/\"]},{\"@type\":\"Person\",\"@id\":\"https:\/\/www.prijedordanas.com\/#\/schema\/person\/4e08ccf29b506ca916ff86d46bb700e6\",\"name\":\"admin\",\"image\":{\"@type\":\"ImageObject\",\"inLanguage\":\"en-US\",\"@id\":\"https:\/\/www.prijedordanas.com\/#\/schema\/person\/image\/\",\"url\":\"https:\/\/secure.gravatar.com\/avatar\/1d3fc949d550f0b53a5f0d51e06dfd79?s=96&d=mm&r=g\",\"contentUrl\":\"https:\/\/secure.gravatar.com\/avatar\/1d3fc949d550f0b53a5f0d51e06dfd79?s=96&d=mm&r=g\",\"caption\":\"admin\"},\"url\":\"https:\/\/www.prijedordanas.com\/?author=1\"}]}<\/script>\n<!-- \/ Yoast SEO plugin. -->","yoast_head_json":{"title":"Puna sala u \u010cirkin Polju: Predojevic\u0301, Stanivukovic\u0301 i Ne\u0161ic\u0301 razgovarali sa gra\u0111anima Prijedora - FOTO - PrijedorDanas.com - Prijedorski gradski portal","robots":{"index":"index","follow":"follow","max-snippet":"max-snippet:-1","max-image-preview":"max-image-preview:large","max-video-preview":"max-video-preview:-1"},"canonical":"https:\/\/www.prijedordanas.com\/?p=177093","og_locale":"en_US","og_type":"article","og_title":"Puna sala u \u010cirkin Polju: Predojevic\u0301, Stanivukovic\u0301 i Ne\u0161ic\u0301 razgovarali sa gra\u0111anima Prijedora - FOTO - PrijedorDanas.com - Prijedorski gradski portal","og_description":"Veliki broj ljudi okupio se sinoc\u0301 u dru\u0161tvenom domu u \u010cirkin Polju na razgovoru DNS-a, SDS-a i PDP-a sa gra\u0111anima. Goran Predojevic\u0301, predsjednik GO DNS Prijedor istakao je da je [&hellip;]","og_url":"https:\/\/www.prijedordanas.com\/?p=177093","og_site_name":"PrijedorDanas.com - Prijedorski gradski portal","article_publisher":"https:\/\/www.facebook.com\/PrijedorDanasCom\/","article_published_time":"2021-11-20T14:29:15+00:00","article_modified_time":"2021-11-21T10:16:04+00:00","og_image":[{"url":"https:\/\/www.prijedordanas.com\/wp-content\/uploads\/2021\/11\/dnspd-cirkin-polje-19novembar-1-300x225.jpg"}],"author":"admin","twitter_card":"summary_large_image","twitter_misc":{"Written by":"admin","Est. reading time":"2 minutes"},"schema":{"@context":"https:\/\/schema.org","@graph":[{"@type":"Article","@id":"https:\/\/www.prijedordanas.com\/?p=177093#article","isPartOf":{"@id":"https:\/\/www.prijedordanas.com\/?p=177093"},"author":{"name":"admin","@id":"https:\/\/www.prijedordanas.com\/#\/schema\/person\/4e08ccf29b506ca916ff86d46bb700e6"},"headline":"Puna sala u \u010cirkin Polju: Predojevic\u0301, Stanivukovic\u0301 i Ne\u0161ic\u0301 razgovarali sa gra\u0111anima Prijedora &#8211; FOTO","datePublished":"2021-11-20T14:29:15+00:00","dateModified":"2021-11-21T10:16:04+00:00","mainEntityOfPage":{"@id":"https:\/\/www.prijedordanas.com\/?p=177093"},"wordCount":374,"publisher":{"@id":"https:\/\/www.prijedordanas.com\/#organization"},"articleSection":["Svakodnevno"],"inLanguage":"en-US"},{"@type":"WebPage","@id":"https:\/\/www.prijedordanas.com\/?p=177093","url":"https:\/\/www.prijedordanas.com\/?p=177093","name":"Puna sala u \u010cirkin Polju: Predojevic\u0301, Stanivukovic\u0301 i Ne\u0161ic\u0301 razgovarali sa gra\u0111anima Prijedora - FOTO - PrijedorDanas.com - Prijedorski gradski portal","isPartOf":{"@id":"https:\/\/www.prijedordanas.com\/#website"},"datePublished":"2021-11-20T14:29:15+00:00","dateModified":"2021-11-21T10:16:04+00:00","breadcrumb":{"@id":"https:\/\/www.prijedordanas.com\/?p=177093#breadcrumb"},"inLanguage":"en-US","potentialAction":[{"@type":"ReadAction","target":["https:\/\/www.prijedordanas.com\/?p=177093"]}]},{"@type":"BreadcrumbList","@id":"https:\/\/www.prijedordanas.com\/?p=177093#breadcrumb","itemListElement":[{"@type":"ListItem","position":1,"name":"Home","item":"https:\/\/www.prijedordanas.com\/"},{"@type":"ListItem","position":2,"name":"Puna sala u \u010cirkin Polju: Predojevic\u0301, Stanivukovic\u0301 i Ne\u0161ic\u0301 razgovarali sa gra\u0111anima Prijedora &#8211; FOTO"}]},{"@type":"WebSite","@id":"https:\/\/www.prijedordanas.com\/#website","url":"https:\/\/www.prijedordanas.com\/","name":"PrijedorDanas.com - Prijedorski gradski portal","description":"Portal o doga\u0111anjima u gradu Prijedoru","publisher":{"@id":"https:\/\/www.prijedordanas.com\/#organization"},"potentialAction":[{"@type":"SearchAction","target":{"@type":"EntryPoint","urlTemplate":"https:\/\/www.prijedordanas.com\/?s={search_term_string}"},"query-input":"required name=search_term_string"}],"inLanguage":"en-US"},{"@type":"Organization","@id":"https:\/\/www.prijedordanas.com\/#organization","name":"PrijedorDanas.com","url":"https:\/\/www.prijedordanas.com\/","logo":{"@type":"ImageObject","inLanguage":"en-US","@id":"https:\/\/www.prijedordanas.com\/#\/schema\/logo\/image\/","url":"http:\/\/www.prijedordanas.com\/wp-content\/uploads\/2021\/12\/logopng.png","contentUrl":"http:\/\/www.prijedordanas.com\/wp-content\/uploads\/2021\/12\/logopng.png","width":1019,"height":776,"caption":"PrijedorDanas.com"},"image":{"@id":"https:\/\/www.prijedordanas.com\/#\/schema\/logo\/image\/"},"sameAs":["https:\/\/www.facebook.com\/PrijedorDanasCom\/"]},{"@type":"Person","@id":"https:\/\/www.prijedordanas.com\/#\/schema\/person\/4e08ccf29b506ca916ff86d46bb700e6","name":"admin","image":{"@type":"ImageObject","inLanguage":"en-US","@id":"https:\/\/www.prijedordanas.com\/#\/schema\/person\/image\/","url":"https:\/\/secure.gravatar.com\/avatar\/1d3fc949d550f0b53a5f0d51e06dfd79?s=96&d=mm&r=g","contentUrl":"https:\/\/secure.gravatar.com\/avatar\/1d3fc949d550f0b53a5f0d51e06dfd79?s=96&d=mm&r=g","caption":"admin"},"url":"https:\/\/www.prijedordanas.com\/?author=1"}]}},"_links":{"self":[{"href":"https:\/\/www.prijedordanas.com\/index.php?rest_route=\/wp\/v2\/posts\/177093"}],"collection":[{"href":"https:\/\/www.prijedordanas.com\/index.php?rest_route=\/wp\/v2\/posts"}],"about":[{"href":"https:\/\/www.prijedordanas.com\/index.php?rest_route=\/wp\/v2\/types\/post"}],"author":[{"embeddable":true,"href":"https:\/\/www.prijedordanas.com\/index.php?rest_route=\/wp\/v2\/users\/1"}],"replies":[{"embeddable":true,"href":"https:\/\/www.prijedordanas.com\/index.php?rest_route=%2Fwp%2Fv2%2Fcomments&post=177093"}],"version-history":[{"count":3,"href":"https:\/\/www.prijedordanas.com\/index.php?rest_route=\/wp\/v2\/posts\/177093\/revisions"}],"predecessor-version":[{"id":177144,"href":"https:\/\/www.prijedordanas.com\/index.php?rest_route=\/wp\/v2\/posts\/177093\/revisions\/177144"}],"wp:attachment":[{"href":"https:\/\/www.prijedordanas.com\/index.php?rest_route=%2Fwp%2Fv2%2Fmedia&parent=177093"}],"wp:term":[{"taxonomy":"category","embeddable":true,"href":"https:\/\/www.prijedordanas.com\/index.php?rest_route=%2Fwp%2Fv2%2Fcategories&post=177093"},{"taxonomy":"post_tag","embeddable":true,"href":"https:\/\/www.prijedordanas.com\/index.php?rest_route=%2Fwp%2Fv2%2Ftags&post=177093"}],"curies":[{"name":"wp","href":"https:\/\/api.w.org\/{rel}","templated":true}]}}