{"id":17681,"date":"2015-03-07T12:41:56","date_gmt":"2015-03-07T11:41:56","guid":{"rendered":"https:\/\/www.prijedordanas.com\/?p=17681"},"modified":"2015-03-07T12:41:56","modified_gmt":"2015-03-07T11:41:56","slug":"prijedorski-rukometasi-docekuju-sarajevsku-bosnu-studentima-nema-popusta","status":"publish","type":"post","link":"https:\/\/www.prijedordanas.com\/?p=17681","title":{"rendered":"PRIJEDORSKI RUKOMETA\u0160I DO\u010cEKUJU SARAJEVSKU BOSNU: \u201eSTUDENTIMA\u201c NEMA POPUSTA"},"content":{"rendered":"<p><a href=\"https:\/\/www.prijedordanas.com\/wp-content\/uploads\/2015\/03\/prijedor-bosna-sarajevo-plakat1.jpg\"><img loading=\"lazy\" decoding=\"async\" src=\"https:\/\/www.prijedordanas.com\/wp-content\/uploads\/2015\/03\/prijedor-bosna-sarajevo-plakat1-300x234.jpg\" alt=\"prijedor-bosna sarajevo-plakat\" width=\"300\" height=\"234\" class=\"alignleft size-medium wp-image-17682\" srcset=\"https:\/\/www.prijedordanas.com\/wp-content\/uploads\/2015\/03\/prijedor-bosna-sarajevo-plakat1-300x234.jpg 300w, https:\/\/www.prijedordanas.com\/wp-content\/uploads\/2015\/03\/prijedor-bosna-sarajevo-plakat1.jpg 600w\" sizes=\"(max-width: 300px) 100vw, 300px\" \/><\/a>Rukometa\u0161i Prijedora, \u0161estoplasirani na tabeli Premijer lige BiH, u 18. kolu prvenstva do\u010dekuju \u010detvrtplasiranu sarajevsku Bosnu, koja je u nastavku takmi\u010denja do\u017eivjela sva \u010detiri poraza. <\/p>\n<p>Iako su se Mladen Blagojevi\u0107 i Beni \u0160krga \u017ealili na povrede, raspolo\u017eenje u ekipi trenera Bojana Un\u010danina, koja je ove sezone na doma\u0107em terenu ostvarila maksimalan u\u010dinak od osam trijumfa (posljednji put poklekli su kod ku\u0107e upravo protiv \u201estudenata\u201c 1. marta 2014.godine) vlada dobro raspolo\u017eenje.<\/p>\n<p>-Nije nam poznat igra\u010dki kadar sa kojim je Bosna u\u0161la u drugi dio, ali najva\u017enije je da pru\u017eimo svoj maksimum u ovom me\u010du. Vjerujemo da uz podr\u0161ku vjernih navija\u010da mo\u017eemo nastaviti seriju pobjeda, a ova bi mogla biti i najava uspje\u0161ne serije. O\u010dekuje nas, dodu\u0161e potom gostovanje ekipi Grada\u010dca, iza kojeg \u0107emo imati dvije \u201evezane\u201c utakmice na svom terenu i odlazak u Br\u010dko na megdan posljednjeplasiranoj Lokomotivi &#8211; rekao je prvi strijelac Prijedor\u010dana, desni bek Dejan Un\u010danin.<\/p>\n<p>Duel rukometa\u0161a Prijedora i Bosne na programu je ve\u010deras u sportskoj dvorani \u201eMladost\u201c sa po\u010detkom u 19:30 \u010dasova.<\/p>\n<p>N.\u0110eri\u0107\/A.Drakuli\u0107 \u2013 www.prijedordanas.com<\/p>\n","protected":false},"excerpt":{"rendered":"<p>Rukometa\u0161i Prijedora, \u0161estoplasirani na tabeli Premijer lige BiH, u 18. kolu prvenstva do\u010dekuju \u010detvrtplasiranu sarajevsku Bosnu, koja je u nastavku takmi\u010denja do\u017eivjela sva \u010detiri poraza. Iako su se Mladen Blagojevi\u0107 [&hellip;]<\/p>\n","protected":false},"author":1,"featured_media":0,"comment_status":"closed","ping_status":"open","sticky":false,"template":"","format":"standard","meta":{"_monsterinsights_skip_tracking":false,"_monsterinsights_sitenote_active":false,"_monsterinsights_sitenote_note":"","_monsterinsights_sitenote_category":0,"footnotes":""},"categories":[7],"tags":[],"yoast_head":"<!-- This site is optimized with the Yoast SEO plugin v21.6 - https:\/\/yoast.com\/wordpress\/plugins\/seo\/ -->\n<title>PRIJEDORSKI RUKOMETA\u0160I DO\u010cEKUJU SARAJEVSKU BOSNU: \u201eSTUDENTIMA\u201c NEMA POPUSTA - PrijedorDanas.com - Prijedorski gradski portal<\/title>\n<meta name=\"robots\" content=\"index, follow, max-snippet:-1, max-image-preview:large, max-video-preview:-1\" \/>\n<link rel=\"canonical\" href=\"https:\/\/www.prijedordanas.com\/?p=17681\" \/>\n<meta property=\"og:locale\" content=\"en_US\" \/>\n<meta property=\"og:type\" content=\"article\" \/>\n<meta property=\"og:title\" content=\"PRIJEDORSKI RUKOMETA\u0160I DO\u010cEKUJU SARAJEVSKU BOSNU: \u201eSTUDENTIMA\u201c NEMA POPUSTA - PrijedorDanas.com - Prijedorski gradski portal\" \/>\n<meta property=\"og:description\" content=\"Rukometa\u0161i Prijedora, \u0161estoplasirani na tabeli Premijer lige BiH, u 18. kolu prvenstva do\u010dekuju \u010detvrtplasiranu sarajevsku Bosnu, koja je u nastavku takmi\u010denja do\u017eivjela sva \u010detiri poraza. Iako su se Mladen Blagojevi\u0107 [&hellip;]\" \/>\n<meta property=\"og:url\" content=\"https:\/\/www.prijedordanas.com\/?p=17681\" \/>\n<meta property=\"og:site_name\" content=\"PrijedorDanas.com - Prijedorski gradski portal\" \/>\n<meta property=\"article:publisher\" content=\"https:\/\/www.facebook.com\/PrijedorDanasCom\/\" \/>\n<meta property=\"article:published_time\" content=\"2015-03-07T11:41:56+00:00\" \/>\n<meta property=\"og:image\" content=\"https:\/\/www.prijedordanas.com\/wp-content\/uploads\/2015\/03\/prijedor-bosna-sarajevo-plakat1-300x234.jpg\" \/>\n<meta name=\"author\" content=\"admin\" \/>\n<meta name=\"twitter:card\" content=\"summary_large_image\" \/>\n<meta name=\"twitter:label1\" content=\"Written by\" \/>\n\t<meta name=\"twitter:data1\" content=\"admin\" \/>\n\t<meta name=\"twitter:label2\" content=\"Est. reading time\" \/>\n\t<meta name=\"twitter:data2\" content=\"1 minute\" \/>\n<script type=\"application\/ld+json\" class=\"yoast-schema-graph\">{\"@context\":\"https:\/\/schema.org\",\"@graph\":[{\"@type\":\"Article\",\"@id\":\"https:\/\/www.prijedordanas.com\/?p=17681#article\",\"isPartOf\":{\"@id\":\"https:\/\/www.prijedordanas.com\/?p=17681\"},\"author\":{\"name\":\"admin\",\"@id\":\"https:\/\/www.prijedordanas.com\/#\/schema\/person\/4e08ccf29b506ca916ff86d46bb700e6\"},\"headline\":\"PRIJEDORSKI RUKOMETA\u0160I DO\u010cEKUJU SARAJEVSKU BOSNU: \u201eSTUDENTIMA\u201c NEMA POPUSTA\",\"datePublished\":\"2015-03-07T11:41:56+00:00\",\"dateModified\":\"2015-03-07T11:41:56+00:00\",\"mainEntityOfPage\":{\"@id\":\"https:\/\/www.prijedordanas.com\/?p=17681\"},\"wordCount\":207,\"publisher\":{\"@id\":\"https:\/\/www.prijedordanas.com\/#organization\"},\"articleSection\":[\"Sport\"],\"inLanguage\":\"en-US\"},{\"@type\":\"WebPage\",\"@id\":\"https:\/\/www.prijedordanas.com\/?p=17681\",\"url\":\"https:\/\/www.prijedordanas.com\/?p=17681\",\"name\":\"PRIJEDORSKI RUKOMETA\u0160I DO\u010cEKUJU SARAJEVSKU BOSNU: \u201eSTUDENTIMA\u201c NEMA POPUSTA - PrijedorDanas.com - Prijedorski gradski portal\",\"isPartOf\":{\"@id\":\"https:\/\/www.prijedordanas.com\/#website\"},\"datePublished\":\"2015-03-07T11:41:56+00:00\",\"dateModified\":\"2015-03-07T11:41:56+00:00\",\"breadcrumb\":{\"@id\":\"https:\/\/www.prijedordanas.com\/?p=17681#breadcrumb\"},\"inLanguage\":\"en-US\",\"potentialAction\":[{\"@type\":\"ReadAction\",\"target\":[\"https:\/\/www.prijedordanas.com\/?p=17681\"]}]},{\"@type\":\"BreadcrumbList\",\"@id\":\"https:\/\/www.prijedordanas.com\/?p=17681#breadcrumb\",\"itemListElement\":[{\"@type\":\"ListItem\",\"position\":1,\"name\":\"Home\",\"item\":\"https:\/\/www.prijedordanas.com\/\"},{\"@type\":\"ListItem\",\"position\":2,\"name\":\"PRIJEDORSKI RUKOMETA\u0160I DO\u010cEKUJU SARAJEVSKU BOSNU: \u201eSTUDENTIMA\u201c NEMA POPUSTA\"}]},{\"@type\":\"WebSite\",\"@id\":\"https:\/\/www.prijedordanas.com\/#website\",\"url\":\"https:\/\/www.prijedordanas.com\/\",\"name\":\"PrijedorDanas.com - Prijedorski gradski portal\",\"description\":\"Portal o doga\u0111anjima u gradu Prijedoru\",\"publisher\":{\"@id\":\"https:\/\/www.prijedordanas.com\/#organization\"},\"potentialAction\":[{\"@type\":\"SearchAction\",\"target\":{\"@type\":\"EntryPoint\",\"urlTemplate\":\"https:\/\/www.prijedordanas.com\/?s={search_term_string}\"},\"query-input\":\"required name=search_term_string\"}],\"inLanguage\":\"en-US\"},{\"@type\":\"Organization\",\"@id\":\"https:\/\/www.prijedordanas.com\/#organization\",\"name\":\"PrijedorDanas.com\",\"url\":\"https:\/\/www.prijedordanas.com\/\",\"logo\":{\"@type\":\"ImageObject\",\"inLanguage\":\"en-US\",\"@id\":\"https:\/\/www.prijedordanas.com\/#\/schema\/logo\/image\/\",\"url\":\"http:\/\/www.prijedordanas.com\/wp-content\/uploads\/2021\/12\/logopng.png\",\"contentUrl\":\"http:\/\/www.prijedordanas.com\/wp-content\/uploads\/2021\/12\/logopng.png\",\"width\":1019,\"height\":776,\"caption\":\"PrijedorDanas.com\"},\"image\":{\"@id\":\"https:\/\/www.prijedordanas.com\/#\/schema\/logo\/image\/\"},\"sameAs\":[\"https:\/\/www.facebook.com\/PrijedorDanasCom\/\"]},{\"@type\":\"Person\",\"@id\":\"https:\/\/www.prijedordanas.com\/#\/schema\/person\/4e08ccf29b506ca916ff86d46bb700e6\",\"name\":\"admin\",\"image\":{\"@type\":\"ImageObject\",\"inLanguage\":\"en-US\",\"@id\":\"https:\/\/www.prijedordanas.com\/#\/schema\/person\/image\/\",\"url\":\"https:\/\/secure.gravatar.com\/avatar\/1d3fc949d550f0b53a5f0d51e06dfd79?s=96&d=mm&r=g\",\"contentUrl\":\"https:\/\/secure.gravatar.com\/avatar\/1d3fc949d550f0b53a5f0d51e06dfd79?s=96&d=mm&r=g\",\"caption\":\"admin\"},\"url\":\"https:\/\/www.prijedordanas.com\/?author=1\"}]}<\/script>\n<!-- \/ Yoast SEO plugin. -->","yoast_head_json":{"title":"PRIJEDORSKI RUKOMETA\u0160I DO\u010cEKUJU SARAJEVSKU BOSNU: \u201eSTUDENTIMA\u201c NEMA POPUSTA - PrijedorDanas.com - Prijedorski gradski portal","robots":{"index":"index","follow":"follow","max-snippet":"max-snippet:-1","max-image-preview":"max-image-preview:large","max-video-preview":"max-video-preview:-1"},"canonical":"https:\/\/www.prijedordanas.com\/?p=17681","og_locale":"en_US","og_type":"article","og_title":"PRIJEDORSKI RUKOMETA\u0160I DO\u010cEKUJU SARAJEVSKU BOSNU: \u201eSTUDENTIMA\u201c NEMA POPUSTA - PrijedorDanas.com - Prijedorski gradski portal","og_description":"Rukometa\u0161i Prijedora, \u0161estoplasirani na tabeli Premijer lige BiH, u 18. kolu prvenstva do\u010dekuju \u010detvrtplasiranu sarajevsku Bosnu, koja je u nastavku takmi\u010denja do\u017eivjela sva \u010detiri poraza. Iako su se Mladen Blagojevi\u0107 [&hellip;]","og_url":"https:\/\/www.prijedordanas.com\/?p=17681","og_site_name":"PrijedorDanas.com - Prijedorski gradski portal","article_publisher":"https:\/\/www.facebook.com\/PrijedorDanasCom\/","article_published_time":"2015-03-07T11:41:56+00:00","og_image":[{"url":"https:\/\/www.prijedordanas.com\/wp-content\/uploads\/2015\/03\/prijedor-bosna-sarajevo-plakat1-300x234.jpg"}],"author":"admin","twitter_card":"summary_large_image","twitter_misc":{"Written by":"admin","Est. reading time":"1 minute"},"schema":{"@context":"https:\/\/schema.org","@graph":[{"@type":"Article","@id":"https:\/\/www.prijedordanas.com\/?p=17681#article","isPartOf":{"@id":"https:\/\/www.prijedordanas.com\/?p=17681"},"author":{"name":"admin","@id":"https:\/\/www.prijedordanas.com\/#\/schema\/person\/4e08ccf29b506ca916ff86d46bb700e6"},"headline":"PRIJEDORSKI RUKOMETA\u0160I DO\u010cEKUJU SARAJEVSKU BOSNU: \u201eSTUDENTIMA\u201c NEMA POPUSTA","datePublished":"2015-03-07T11:41:56+00:00","dateModified":"2015-03-07T11:41:56+00:00","mainEntityOfPage":{"@id":"https:\/\/www.prijedordanas.com\/?p=17681"},"wordCount":207,"publisher":{"@id":"https:\/\/www.prijedordanas.com\/#organization"},"articleSection":["Sport"],"inLanguage":"en-US"},{"@type":"WebPage","@id":"https:\/\/www.prijedordanas.com\/?p=17681","url":"https:\/\/www.prijedordanas.com\/?p=17681","name":"PRIJEDORSKI RUKOMETA\u0160I DO\u010cEKUJU SARAJEVSKU BOSNU: \u201eSTUDENTIMA\u201c NEMA POPUSTA - PrijedorDanas.com - Prijedorski gradski portal","isPartOf":{"@id":"https:\/\/www.prijedordanas.com\/#website"},"datePublished":"2015-03-07T11:41:56+00:00","dateModified":"2015-03-07T11:41:56+00:00","breadcrumb":{"@id":"https:\/\/www.prijedordanas.com\/?p=17681#breadcrumb"},"inLanguage":"en-US","potentialAction":[{"@type":"ReadAction","target":["https:\/\/www.prijedordanas.com\/?p=17681"]}]},{"@type":"BreadcrumbList","@id":"https:\/\/www.prijedordanas.com\/?p=17681#breadcrumb","itemListElement":[{"@type":"ListItem","position":1,"name":"Home","item":"https:\/\/www.prijedordanas.com\/"},{"@type":"ListItem","position":2,"name":"PRIJEDORSKI RUKOMETA\u0160I DO\u010cEKUJU SARAJEVSKU BOSNU: \u201eSTUDENTIMA\u201c NEMA POPUSTA"}]},{"@type":"WebSite","@id":"https:\/\/www.prijedordanas.com\/#website","url":"https:\/\/www.prijedordanas.com\/","name":"PrijedorDanas.com - Prijedorski gradski portal","description":"Portal o doga\u0111anjima u gradu Prijedoru","publisher":{"@id":"https:\/\/www.prijedordanas.com\/#organization"},"potentialAction":[{"@type":"SearchAction","target":{"@type":"EntryPoint","urlTemplate":"https:\/\/www.prijedordanas.com\/?s={search_term_string}"},"query-input":"required name=search_term_string"}],"inLanguage":"en-US"},{"@type":"Organization","@id":"https:\/\/www.prijedordanas.com\/#organization","name":"PrijedorDanas.com","url":"https:\/\/www.prijedordanas.com\/","logo":{"@type":"ImageObject","inLanguage":"en-US","@id":"https:\/\/www.prijedordanas.com\/#\/schema\/logo\/image\/","url":"http:\/\/www.prijedordanas.com\/wp-content\/uploads\/2021\/12\/logopng.png","contentUrl":"http:\/\/www.prijedordanas.com\/wp-content\/uploads\/2021\/12\/logopng.png","width":1019,"height":776,"caption":"PrijedorDanas.com"},"image":{"@id":"https:\/\/www.prijedordanas.com\/#\/schema\/logo\/image\/"},"sameAs":["https:\/\/www.facebook.com\/PrijedorDanasCom\/"]},{"@type":"Person","@id":"https:\/\/www.prijedordanas.com\/#\/schema\/person\/4e08ccf29b506ca916ff86d46bb700e6","name":"admin","image":{"@type":"ImageObject","inLanguage":"en-US","@id":"https:\/\/www.prijedordanas.com\/#\/schema\/person\/image\/","url":"https:\/\/secure.gravatar.com\/avatar\/1d3fc949d550f0b53a5f0d51e06dfd79?s=96&d=mm&r=g","contentUrl":"https:\/\/secure.gravatar.com\/avatar\/1d3fc949d550f0b53a5f0d51e06dfd79?s=96&d=mm&r=g","caption":"admin"},"url":"https:\/\/www.prijedordanas.com\/?author=1"}]}},"_links":{"self":[{"href":"https:\/\/www.prijedordanas.com\/index.php?rest_route=\/wp\/v2\/posts\/17681"}],"collection":[{"href":"https:\/\/www.prijedordanas.com\/index.php?rest_route=\/wp\/v2\/posts"}],"about":[{"href":"https:\/\/www.prijedordanas.com\/index.php?rest_route=\/wp\/v2\/types\/post"}],"author":[{"embeddable":true,"href":"https:\/\/www.prijedordanas.com\/index.php?rest_route=\/wp\/v2\/users\/1"}],"replies":[{"embeddable":true,"href":"https:\/\/www.prijedordanas.com\/index.php?rest_route=%2Fwp%2Fv2%2Fcomments&post=17681"}],"version-history":[{"count":1,"href":"https:\/\/www.prijedordanas.com\/index.php?rest_route=\/wp\/v2\/posts\/17681\/revisions"}],"predecessor-version":[{"id":17683,"href":"https:\/\/www.prijedordanas.com\/index.php?rest_route=\/wp\/v2\/posts\/17681\/revisions\/17683"}],"wp:attachment":[{"href":"https:\/\/www.prijedordanas.com\/index.php?rest_route=%2Fwp%2Fv2%2Fmedia&parent=17681"}],"wp:term":[{"taxonomy":"category","embeddable":true,"href":"https:\/\/www.prijedordanas.com\/index.php?rest_route=%2Fwp%2Fv2%2Fcategories&post=17681"},{"taxonomy":"post_tag","embeddable":true,"href":"https:\/\/www.prijedordanas.com\/index.php?rest_route=%2Fwp%2Fv2%2Ftags&post=17681"}],"curies":[{"name":"wp","href":"https:\/\/api.w.org\/{rel}","templated":true}]}}