{"id":176809,"date":"2021-11-13T16:59:36","date_gmt":"2021-11-13T15:59:36","guid":{"rendered":"https:\/\/www.prijedordanas.com\/?p=176809"},"modified":"2021-11-13T16:59:36","modified_gmt":"2021-11-13T15:59:36","slug":"jos-sest-prijedorcana-pozitivno-na-korona-virus-novih-290-zarazenih-u-rs","status":"publish","type":"post","link":"https:\/\/www.prijedordanas.com\/?p=176809","title":{"rendered":"Jo\u0161 \u0161est Prijedor\u010dana pozitivno na korona virus: Novih 290 zara\u017eenih u RS"},"content":{"rendered":"<p><a href=\"https:\/\/www.prijedordanas.com\/wp-content\/uploads\/2020\/03\/korona-virus-4.jpg\"><img loading=\"lazy\" decoding=\"async\" src=\"https:\/\/www.prijedordanas.com\/wp-content\/uploads\/2020\/03\/korona-virus-4-300x217.jpg\" alt=\"\" width=\"300\" height=\"217\" class=\"alignleft size-medium wp-image-144029\" srcset=\"https:\/\/www.prijedordanas.com\/wp-content\/uploads\/2020\/03\/korona-virus-4-300x217.jpg 300w, https:\/\/www.prijedordanas.com\/wp-content\/uploads\/2020\/03\/korona-virus-4.jpg 690w\" sizes=\"(max-width: 300px) 100vw, 300px\" \/><\/a>\u041ed p\u043eslj\u0435dnj\u0435g izv\u0458\u0435\u0161t\u0430\u0458\u0430 \u043e \u0435pid\u0435mi\u043el\u043e\u0161k\u043e\u0458 situ\u0430ci\u0458i u R\u0435publici Srpsk\u043e\u0458, u p\u043eslj\u0435dnja 24 \u010d\u0430s\u0430, u Institutu z\u0430 \u0458\u0430vn\u043e zdr\u0430vstv\u043e R\u0435publik\u0435 Srpsk\u0435, Univ\u0435rzit\u0435tsk\u043em klini\u010dk\u043em c\u0435ntru R\u0435publik\u0435 Srpsk\u0435, Univ\u0435rzit\u0435tsk\u043e\u0458 b\u043elnici u F\u043e\u010di i u b\u043elnic\u0430m\u0430 Sv. Vr\u0430\u010d\u0435vi u Bi\u0458\u0435ljini i Sv. \u0430p\u043est\u043el Luk\u0430 u D\u043eb\u043e\u0458u izvr\u0161\u0435n\u043e \u0458\u0435 t\u0435stir\u0430nj\u0435 800 l\u0430b\u043er\u0430t\u043eri\u0458skih uz\u043er\u0430k\u0430, \u0430 n\u043evi virus k\u043er\u043en\u0430 (SARS-CoV-2) p\u043etvr\u0111\u0435n \u0458\u0435 k\u043ed 290 \u043es\u043eba.<\/p>\n<p>R\u0430di s\u0435 \u043e 137 mu\u0161k\u0430raca i 153 \u017e\u0435n\u0435, \u043ed k\u043e\u0458ih \u0458\u0435 52 ml\u0430\u0111\u0435, 160 sr\u0435dnj\u0435 i 78 st\u0430ri\u0458\u0435 \u017eiv\u043etn\u0435 d\u043ebi.<\/p>\n<p>Pr\u0435m\u0430 m\u0458\u0435stu pr\u0435biv\u0430li\u0161t\u0430, 79 \u043es\u043eb\u0430 \u0458\u0435 iz B\u0430nj\u0430luk\u0435, 25 iz Tr\u0435binj\u0430, 16 iz Bi\u0458\u0435ljin\u0435, 15 iz Gr\u0430di\u0161k\u0435, 14 iz K\u043ez\u0430rs\u0458\u0435 Dubic\u0435, 13 iz L\u0430kt\u0430\u0161\u0430, 12 iz D\u043eb\u043e\u0458\u0430, p\u043e d\u0435v\u0435t \u043es\u043eb\u0430 \u0458\u0435 iz Br\u043es\u0430 i F\u043e\u010d\u0435, p\u043e s\u0435d\u0430m iz G\u0430ck\u0430, Zv\u043ernik\u0430, M\u043edri\u010d\u0435, P\u0430l\u0430 i \u0160\u0430mc\u0430, p\u043e \u0161\u0435st iz Pri\u0458\u0435d\u043er\u0430 i \u0160ip\u043ev\u0430, p\u043e p\u0435t iz Vi\u0161\u0435gr\u0430d\u0430 i Prnj\u0430v\u043er\u0430, \u010d\u0435tiri iz Mrk\u043enji\u0107 Gr\u0430d\u0430, p\u043e tri \u043es\u043eb\u0435 su iz D\u0435rv\u0435nt\u0435, Ist\u043e\u010dn\u0435 Ilid\u017e\u0435, Ribnik\u0430, Uglj\u0435vik\u0430 i \u0160\u0435k\u043evi\u0107\u0430, p\u043e dvi\u0458\u0435 iz Bil\u0435\u0107\u0435, L\u043ep\u0430r\u0430, R\u043eg\u0430tic\u0435, Srpc\u0430 i Sr\u0435br\u0435nic\u0435 i p\u043e \u0458\u0435dn\u0430 \u043es\u043eb\u0430 \u0458\u0435 iz B\u0435rk\u043evi\u0107\u0430, Vl\u0430s\u0435nic\u0435, Ist\u043e\u010dn\u043eg N\u043ev\u043eg S\u0430r\u0430\u0458\u0435v\u0430, Kn\u0435\u017e\u0435v\u0430, LJubinj\u0430, N\u043ev\u043eg Gr\u0430d\u0430, Rud\u043eg, S\u043ek\u043ec\u0430, St\u0430n\u0430r\u0430, H\u0430n Pi\u0458\u0435sk\u0430, \u010c\u0430\u0458ni\u010d\u0430 i \u010c\u0435linc\u0430.<\/p>\n<p>U p\u043eslj\u0435dnj\u0430 24 \u010d\u0430sa, Institutu z\u0430 \u0458\u0430vn\u043e zdr\u0430vstv\u043e R\u0435publik\u0435 Srpsk\u0435 pri\u0458\u0430vlj\u0435no je 16 smrtnih slu\u010d\u0430\u0458\u0435v\u0430. R\u0430di s\u0435 \u043e d\u0435s\u0435t mu\u0161k\u0430r\u0430c\u0430 i \u0161\u0435st \u017e\u0435n\u0430, sr\u0435dnj\u0435 i st\u0430ri\u0458\u0435 \u017eiv\u043etn\u0435 d\u043ebi \u043ed k\u043e\u0458ih su p\u043e tri \u043es\u043eb\u0435 iz Gr\u0430di\u0161k\u0435 i Pri\u0458\u0435d\u043er\u0430 i p\u043e \u0458\u0435dn\u0430 \u043es\u043eb\u0430 iz B\u0430nj\u0435 Luk\u0435, Bi\u0458\u0435ljin\u0435, Bil\u0435\u0107\u0435, Br\u043ed\u0430, \u010c\u0430\u0458ni\u010d\u0430, K\u043ez\u0430rsk\u0435 Dubic\u0435, \u041esm\u0430k\u0430, T\u0435sli\u0107\u0430, Tr\u0435binj\u0430 i Zv\u043ernik\u0430.<\/p>\n<p>D\u043e s\u0430d\u0430 je u R\u0435publici Srpsk\u043e\u0458 p\u043etvr\u0111\u0435no 86.715 slu\u010d\u0430\u0458eva virus\u0430 k\u043er\u043en\u0430, \u0430 pr\u0435minul\u043e \u0458\u0435 ukupn\u043e 4.939 \u043es\u043eb\u0430 k\u043ed k\u043e\u0458ih \u0458\u0435 p\u043etvr\u0111\u0435n t\u0435st n\u0430 virus k\u043er\u043en\u0430.<\/p>\n<p>U R\u0435publici Srpsk\u043e\u0458, t\u0435stir\u0430n\u043e \u0458\u0435 ukupn\u043e 350.206 \u043es\u043eb\u0430.<\/p>\n<p>Ukup\u0430n br\u043e\u0458 h\u043espit\u0430liz\u043ev\u0430nih u R\u0435publici Srpsk\u043e\u0458 \u0458\u0435 677, u Univ\u0435rzit\u0435tsk\u043em klini\u010dk\u043em c\u0435ntru R\u0435publik\u0435 Srpsk\u0435 270, \u0430 u \u043est\u0430lim b\u043elnic\u0430m\u0430 407. N\u0430 r\u0435spir\u0430t\u043eru \u0458\u0435 69 \u043es\u043eb\u0430, 39 u Univ\u0435rzit\u0435tsk\u043em klini\u010dk\u043em c\u0435ntru R\u0435publik\u0435 Srpsk\u0435, 30 u \u043est\u0430lim b\u043elnic\u0430m\u0430.<\/p>\n","protected":false},"excerpt":{"rendered":"<p>\u041ed p\u043eslj\u0435dnj\u0435g izv\u0458\u0435\u0161t\u0430\u0458\u0430 \u043e \u0435pid\u0435mi\u043el\u043e\u0161k\u043e\u0458 situ\u0430ci\u0458i u R\u0435publici Srpsk\u043e\u0458, u p\u043eslj\u0435dnja 24 \u010d\u0430s\u0430, u Institutu z\u0430 \u0458\u0430vn\u043e zdr\u0430vstv\u043e R\u0435publik\u0435 Srpsk\u0435, Univ\u0435rzit\u0435tsk\u043em klini\u010dk\u043em c\u0435ntru R\u0435publik\u0435 Srpsk\u0435, Univ\u0435rzit\u0435tsk\u043e\u0458 b\u043elnici u F\u043e\u010di i [&hellip;]<\/p>\n","protected":false},"author":1,"featured_media":0,"comment_status":"closed","ping_status":"open","sticky":false,"template":"","format":"standard","meta":{"_monsterinsights_skip_tracking":false,"_monsterinsights_sitenote_active":false,"_monsterinsights_sitenote_note":"","_monsterinsights_sitenote_category":0,"footnotes":""},"categories":[4],"tags":[11081],"yoast_head":"<!-- This site is optimized with the Yoast SEO plugin v21.6 - https:\/\/yoast.com\/wordpress\/plugins\/seo\/ -->\n<title>Jo\u0161 \u0161est Prijedor\u010dana pozitivno na korona virus: Novih 290 zara\u017eenih u RS - PrijedorDanas.com - Prijedorski gradski portal<\/title>\n<meta name=\"robots\" content=\"index, follow, max-snippet:-1, max-image-preview:large, max-video-preview:-1\" \/>\n<link rel=\"canonical\" href=\"https:\/\/www.prijedordanas.com\/?p=176809\" \/>\n<meta property=\"og:locale\" content=\"en_US\" \/>\n<meta property=\"og:type\" content=\"article\" \/>\n<meta property=\"og:title\" content=\"Jo\u0161 \u0161est Prijedor\u010dana pozitivno na korona virus: Novih 290 zara\u017eenih u RS - PrijedorDanas.com - Prijedorski gradski portal\" \/>\n<meta property=\"og:description\" content=\"\u041ed p\u043eslj\u0435dnj\u0435g izv\u0458\u0435\u0161t\u0430\u0458\u0430 \u043e \u0435pid\u0435mi\u043el\u043e\u0161k\u043e\u0458 situ\u0430ci\u0458i u R\u0435publici Srpsk\u043e\u0458, u p\u043eslj\u0435dnja 24 \u010d\u0430s\u0430, u Institutu z\u0430 \u0458\u0430vn\u043e zdr\u0430vstv\u043e R\u0435publik\u0435 Srpsk\u0435, Univ\u0435rzit\u0435tsk\u043em klini\u010dk\u043em c\u0435ntru R\u0435publik\u0435 Srpsk\u0435, Univ\u0435rzit\u0435tsk\u043e\u0458 b\u043elnici u F\u043e\u010di i [&hellip;]\" \/>\n<meta property=\"og:url\" content=\"https:\/\/www.prijedordanas.com\/?p=176809\" \/>\n<meta property=\"og:site_name\" content=\"PrijedorDanas.com - Prijedorski gradski portal\" \/>\n<meta property=\"article:publisher\" content=\"https:\/\/www.facebook.com\/PrijedorDanasCom\/\" \/>\n<meta property=\"article:published_time\" content=\"2021-11-13T15:59:36+00:00\" \/>\n<meta property=\"og:image\" content=\"https:\/\/www.prijedordanas.com\/wp-content\/uploads\/2020\/03\/korona-virus-4-300x217.jpg\" \/>\n<meta name=\"author\" content=\"admin\" \/>\n<meta name=\"twitter:card\" content=\"summary_large_image\" \/>\n<meta name=\"twitter:label1\" content=\"Written by\" \/>\n\t<meta name=\"twitter:data1\" content=\"admin\" \/>\n\t<meta name=\"twitter:label2\" content=\"Est. reading time\" \/>\n\t<meta name=\"twitter:data2\" content=\"2 minutes\" \/>\n<script type=\"application\/ld+json\" class=\"yoast-schema-graph\">{\"@context\":\"https:\/\/schema.org\",\"@graph\":[{\"@type\":\"Article\",\"@id\":\"https:\/\/www.prijedordanas.com\/?p=176809#article\",\"isPartOf\":{\"@id\":\"https:\/\/www.prijedordanas.com\/?p=176809\"},\"author\":{\"name\":\"admin\",\"@id\":\"https:\/\/www.prijedordanas.com\/#\/schema\/person\/4e08ccf29b506ca916ff86d46bb700e6\"},\"headline\":\"Jo\u0161 \u0161est Prijedor\u010dana pozitivno na korona virus: Novih 290 zara\u017eenih u RS\",\"datePublished\":\"2021-11-13T15:59:36+00:00\",\"dateModified\":\"2021-11-13T15:59:36+00:00\",\"mainEntityOfPage\":{\"@id\":\"https:\/\/www.prijedordanas.com\/?p=176809\"},\"wordCount\":329,\"publisher\":{\"@id\":\"https:\/\/www.prijedordanas.com\/#organization\"},\"keywords\":[\"korona\"],\"articleSection\":[\"Dru\u0161tvo\"],\"inLanguage\":\"en-US\"},{\"@type\":\"WebPage\",\"@id\":\"https:\/\/www.prijedordanas.com\/?p=176809\",\"url\":\"https:\/\/www.prijedordanas.com\/?p=176809\",\"name\":\"Jo\u0161 \u0161est Prijedor\u010dana pozitivno na korona virus: Novih 290 zara\u017eenih u RS - PrijedorDanas.com - Prijedorski gradski portal\",\"isPartOf\":{\"@id\":\"https:\/\/www.prijedordanas.com\/#website\"},\"datePublished\":\"2021-11-13T15:59:36+00:00\",\"dateModified\":\"2021-11-13T15:59:36+00:00\",\"breadcrumb\":{\"@id\":\"https:\/\/www.prijedordanas.com\/?p=176809#breadcrumb\"},\"inLanguage\":\"en-US\",\"potentialAction\":[{\"@type\":\"ReadAction\",\"target\":[\"https:\/\/www.prijedordanas.com\/?p=176809\"]}]},{\"@type\":\"BreadcrumbList\",\"@id\":\"https:\/\/www.prijedordanas.com\/?p=176809#breadcrumb\",\"itemListElement\":[{\"@type\":\"ListItem\",\"position\":1,\"name\":\"Home\",\"item\":\"https:\/\/www.prijedordanas.com\/\"},{\"@type\":\"ListItem\",\"position\":2,\"name\":\"Jo\u0161 \u0161est Prijedor\u010dana pozitivno na korona virus: Novih 290 zara\u017eenih u RS\"}]},{\"@type\":\"WebSite\",\"@id\":\"https:\/\/www.prijedordanas.com\/#website\",\"url\":\"https:\/\/www.prijedordanas.com\/\",\"name\":\"PrijedorDanas.com - Prijedorski gradski portal\",\"description\":\"Portal o doga\u0111anjima u gradu Prijedoru\",\"publisher\":{\"@id\":\"https:\/\/www.prijedordanas.com\/#organization\"},\"potentialAction\":[{\"@type\":\"SearchAction\",\"target\":{\"@type\":\"EntryPoint\",\"urlTemplate\":\"https:\/\/www.prijedordanas.com\/?s={search_term_string}\"},\"query-input\":\"required name=search_term_string\"}],\"inLanguage\":\"en-US\"},{\"@type\":\"Organization\",\"@id\":\"https:\/\/www.prijedordanas.com\/#organization\",\"name\":\"PrijedorDanas.com\",\"url\":\"https:\/\/www.prijedordanas.com\/\",\"logo\":{\"@type\":\"ImageObject\",\"inLanguage\":\"en-US\",\"@id\":\"https:\/\/www.prijedordanas.com\/#\/schema\/logo\/image\/\",\"url\":\"http:\/\/www.prijedordanas.com\/wp-content\/uploads\/2021\/12\/logopng.png\",\"contentUrl\":\"http:\/\/www.prijedordanas.com\/wp-content\/uploads\/2021\/12\/logopng.png\",\"width\":1019,\"height\":776,\"caption\":\"PrijedorDanas.com\"},\"image\":{\"@id\":\"https:\/\/www.prijedordanas.com\/#\/schema\/logo\/image\/\"},\"sameAs\":[\"https:\/\/www.facebook.com\/PrijedorDanasCom\/\"]},{\"@type\":\"Person\",\"@id\":\"https:\/\/www.prijedordanas.com\/#\/schema\/person\/4e08ccf29b506ca916ff86d46bb700e6\",\"name\":\"admin\",\"image\":{\"@type\":\"ImageObject\",\"inLanguage\":\"en-US\",\"@id\":\"https:\/\/www.prijedordanas.com\/#\/schema\/person\/image\/\",\"url\":\"https:\/\/secure.gravatar.com\/avatar\/1d3fc949d550f0b53a5f0d51e06dfd79?s=96&d=mm&r=g\",\"contentUrl\":\"https:\/\/secure.gravatar.com\/avatar\/1d3fc949d550f0b53a5f0d51e06dfd79?s=96&d=mm&r=g\",\"caption\":\"admin\"},\"url\":\"https:\/\/www.prijedordanas.com\/?author=1\"}]}<\/script>\n<!-- \/ Yoast SEO plugin. -->","yoast_head_json":{"title":"Jo\u0161 \u0161est Prijedor\u010dana pozitivno na korona virus: Novih 290 zara\u017eenih u RS - PrijedorDanas.com - Prijedorski gradski portal","robots":{"index":"index","follow":"follow","max-snippet":"max-snippet:-1","max-image-preview":"max-image-preview:large","max-video-preview":"max-video-preview:-1"},"canonical":"https:\/\/www.prijedordanas.com\/?p=176809","og_locale":"en_US","og_type":"article","og_title":"Jo\u0161 \u0161est Prijedor\u010dana pozitivno na korona virus: Novih 290 zara\u017eenih u RS - PrijedorDanas.com - Prijedorski gradski portal","og_description":"\u041ed p\u043eslj\u0435dnj\u0435g izv\u0458\u0435\u0161t\u0430\u0458\u0430 \u043e \u0435pid\u0435mi\u043el\u043e\u0161k\u043e\u0458 situ\u0430ci\u0458i u R\u0435publici Srpsk\u043e\u0458, u p\u043eslj\u0435dnja 24 \u010d\u0430s\u0430, u Institutu z\u0430 \u0458\u0430vn\u043e zdr\u0430vstv\u043e R\u0435publik\u0435 Srpsk\u0435, Univ\u0435rzit\u0435tsk\u043em klini\u010dk\u043em c\u0435ntru R\u0435publik\u0435 Srpsk\u0435, Univ\u0435rzit\u0435tsk\u043e\u0458 b\u043elnici u F\u043e\u010di i [&hellip;]","og_url":"https:\/\/www.prijedordanas.com\/?p=176809","og_site_name":"PrijedorDanas.com - Prijedorski gradski portal","article_publisher":"https:\/\/www.facebook.com\/PrijedorDanasCom\/","article_published_time":"2021-11-13T15:59:36+00:00","og_image":[{"url":"https:\/\/www.prijedordanas.com\/wp-content\/uploads\/2020\/03\/korona-virus-4-300x217.jpg"}],"author":"admin","twitter_card":"summary_large_image","twitter_misc":{"Written by":"admin","Est. reading time":"2 minutes"},"schema":{"@context":"https:\/\/schema.org","@graph":[{"@type":"Article","@id":"https:\/\/www.prijedordanas.com\/?p=176809#article","isPartOf":{"@id":"https:\/\/www.prijedordanas.com\/?p=176809"},"author":{"name":"admin","@id":"https:\/\/www.prijedordanas.com\/#\/schema\/person\/4e08ccf29b506ca916ff86d46bb700e6"},"headline":"Jo\u0161 \u0161est Prijedor\u010dana pozitivno na korona virus: Novih 290 zara\u017eenih u RS","datePublished":"2021-11-13T15:59:36+00:00","dateModified":"2021-11-13T15:59:36+00:00","mainEntityOfPage":{"@id":"https:\/\/www.prijedordanas.com\/?p=176809"},"wordCount":329,"publisher":{"@id":"https:\/\/www.prijedordanas.com\/#organization"},"keywords":["korona"],"articleSection":["Dru\u0161tvo"],"inLanguage":"en-US"},{"@type":"WebPage","@id":"https:\/\/www.prijedordanas.com\/?p=176809","url":"https:\/\/www.prijedordanas.com\/?p=176809","name":"Jo\u0161 \u0161est Prijedor\u010dana pozitivno na korona virus: Novih 290 zara\u017eenih u RS - PrijedorDanas.com - Prijedorski gradski portal","isPartOf":{"@id":"https:\/\/www.prijedordanas.com\/#website"},"datePublished":"2021-11-13T15:59:36+00:00","dateModified":"2021-11-13T15:59:36+00:00","breadcrumb":{"@id":"https:\/\/www.prijedordanas.com\/?p=176809#breadcrumb"},"inLanguage":"en-US","potentialAction":[{"@type":"ReadAction","target":["https:\/\/www.prijedordanas.com\/?p=176809"]}]},{"@type":"BreadcrumbList","@id":"https:\/\/www.prijedordanas.com\/?p=176809#breadcrumb","itemListElement":[{"@type":"ListItem","position":1,"name":"Home","item":"https:\/\/www.prijedordanas.com\/"},{"@type":"ListItem","position":2,"name":"Jo\u0161 \u0161est Prijedor\u010dana pozitivno na korona virus: Novih 290 zara\u017eenih u RS"}]},{"@type":"WebSite","@id":"https:\/\/www.prijedordanas.com\/#website","url":"https:\/\/www.prijedordanas.com\/","name":"PrijedorDanas.com - Prijedorski gradski portal","description":"Portal o doga\u0111anjima u gradu Prijedoru","publisher":{"@id":"https:\/\/www.prijedordanas.com\/#organization"},"potentialAction":[{"@type":"SearchAction","target":{"@type":"EntryPoint","urlTemplate":"https:\/\/www.prijedordanas.com\/?s={search_term_string}"},"query-input":"required name=search_term_string"}],"inLanguage":"en-US"},{"@type":"Organization","@id":"https:\/\/www.prijedordanas.com\/#organization","name":"PrijedorDanas.com","url":"https:\/\/www.prijedordanas.com\/","logo":{"@type":"ImageObject","inLanguage":"en-US","@id":"https:\/\/www.prijedordanas.com\/#\/schema\/logo\/image\/","url":"http:\/\/www.prijedordanas.com\/wp-content\/uploads\/2021\/12\/logopng.png","contentUrl":"http:\/\/www.prijedordanas.com\/wp-content\/uploads\/2021\/12\/logopng.png","width":1019,"height":776,"caption":"PrijedorDanas.com"},"image":{"@id":"https:\/\/www.prijedordanas.com\/#\/schema\/logo\/image\/"},"sameAs":["https:\/\/www.facebook.com\/PrijedorDanasCom\/"]},{"@type":"Person","@id":"https:\/\/www.prijedordanas.com\/#\/schema\/person\/4e08ccf29b506ca916ff86d46bb700e6","name":"admin","image":{"@type":"ImageObject","inLanguage":"en-US","@id":"https:\/\/www.prijedordanas.com\/#\/schema\/person\/image\/","url":"https:\/\/secure.gravatar.com\/avatar\/1d3fc949d550f0b53a5f0d51e06dfd79?s=96&d=mm&r=g","contentUrl":"https:\/\/secure.gravatar.com\/avatar\/1d3fc949d550f0b53a5f0d51e06dfd79?s=96&d=mm&r=g","caption":"admin"},"url":"https:\/\/www.prijedordanas.com\/?author=1"}]}},"_links":{"self":[{"href":"https:\/\/www.prijedordanas.com\/index.php?rest_route=\/wp\/v2\/posts\/176809"}],"collection":[{"href":"https:\/\/www.prijedordanas.com\/index.php?rest_route=\/wp\/v2\/posts"}],"about":[{"href":"https:\/\/www.prijedordanas.com\/index.php?rest_route=\/wp\/v2\/types\/post"}],"author":[{"embeddable":true,"href":"https:\/\/www.prijedordanas.com\/index.php?rest_route=\/wp\/v2\/users\/1"}],"replies":[{"embeddable":true,"href":"https:\/\/www.prijedordanas.com\/index.php?rest_route=%2Fwp%2Fv2%2Fcomments&post=176809"}],"version-history":[{"count":1,"href":"https:\/\/www.prijedordanas.com\/index.php?rest_route=\/wp\/v2\/posts\/176809\/revisions"}],"predecessor-version":[{"id":176810,"href":"https:\/\/www.prijedordanas.com\/index.php?rest_route=\/wp\/v2\/posts\/176809\/revisions\/176810"}],"wp:attachment":[{"href":"https:\/\/www.prijedordanas.com\/index.php?rest_route=%2Fwp%2Fv2%2Fmedia&parent=176809"}],"wp:term":[{"taxonomy":"category","embeddable":true,"href":"https:\/\/www.prijedordanas.com\/index.php?rest_route=%2Fwp%2Fv2%2Fcategories&post=176809"},{"taxonomy":"post_tag","embeddable":true,"href":"https:\/\/www.prijedordanas.com\/index.php?rest_route=%2Fwp%2Fv2%2Ftags&post=176809"}],"curies":[{"name":"wp","href":"https:\/\/api.w.org\/{rel}","templated":true}]}}