{"id":176590,"date":"2021-11-08T20:08:42","date_gmt":"2021-11-08T19:08:42","guid":{"rendered":"https:\/\/www.prijedordanas.com\/?p=176590"},"modified":"2021-11-08T20:08:42","modified_gmt":"2021-11-08T19:08:42","slug":"vlast-u-republici-srpskoj-se-protiv-opozicije-u-prijedoru-bori-asfaltom","status":"publish","type":"post","link":"https:\/\/www.prijedordanas.com\/?p=176590","title":{"rendered":"Vlast u Republici Srpskoj se protiv opozicije u Prijedoru bori asfaltom"},"content":{"rendered":"<p><a href=\"https:\/\/www.prijedordanas.com\/wp-content\/uploads\/2021\/07\/blic-asfaltiranje-ulica-nikole-luketica-3.jpg\"><img loading=\"lazy\" decoding=\"async\" src=\"https:\/\/www.prijedordanas.com\/wp-content\/uploads\/2021\/07\/blic-asfaltiranje-ulica-nikole-luketica-3-300x225.jpg\" alt=\"\" width=\"300\" height=\"225\" class=\"alignleft size-medium wp-image-170846\" srcset=\"https:\/\/www.prijedordanas.com\/wp-content\/uploads\/2021\/07\/blic-asfaltiranje-ulica-nikole-luketica-3-300x225.jpg 300w, https:\/\/www.prijedordanas.com\/wp-content\/uploads\/2021\/07\/blic-asfaltiranje-ulica-nikole-luketica-3-640x480.jpg 640w, https:\/\/www.prijedordanas.com\/wp-content\/uploads\/2021\/07\/blic-asfaltiranje-ulica-nikole-luketica-3.jpg 667w\" sizes=\"(max-width: 300px) 100vw, 300px\" \/><\/a>Vladaju\u0107a stranka u Srpskoj \u0107e se na narednim izborima za funkciju gradona\u010delnika Prijedora, a protiv ujedinjene opozicije, boriti asfaltom.<\/p>\n<p>Naime, samo tri dana nakon \u0161to je biv\u0161i gradona\u010delnik Dalibor Pavlovi\u0107 zbog skandala sa fotografijama podnio ostavku, Vlada Srpske je obezbijedila ovoj lokalnoj zajednici tri miliona maraka za putnu i komunalnu infrastrukturu.<\/p>\n<p>To je uradila na na\u010din da je izmjenila i dopunila Odluku o prioritetnim projektima koji \u0107e se u ovoj godini finansirati iz bud\u017eeta Srpske i u koji je dodala Prijedor.<\/p>\n<p>Da \u0107e dobiti pare u Prijedoru su znali odranije.<\/p>\n<p>\u010cim je odluka vlasti o nov\u010danoj pomo\u0107i stupila na snagu 27. oktobra, istog dana je raspisan tender za asfaltiranje puteva i ulica na podru\u010dju grada.<\/p>\n<p>Ukoliko sve pro\u0111e bez problema, SNSD \u0107e u Prijedoru u jeku predizborne kampanje na raspolaganju imati izvo\u0111a\u010da radova za svoje projekte.<\/p>\n<p>Podsje\u0107amo, prijevremeni izbori su zakazani za 12. decembar.<\/p>\n<p>Ne znaju \u0161ta \u0107e sa parama<\/p>\n<p>Zanimljivo je da u Gradskoj upravi nisu znali da nam ka\u017eu u koje ulice i puteve \u0107e novac biti utro\u0161en. Ka\u017eu, \u010dekaju da se okon\u010da tender.<\/p>\n<p>\u201eUzimaju\u0107i u obzir da su prijave jo\u0161 uvijek u toku, nakon zaklju\u010divanja javnog poziva, bi\u0107e odre\u0111eni prioriteti i plan realizacije. Nakon potpisivanja ugovora sa izabranim ponu\u0111a\u010dem, odjeljenje za finansije \u0107e da prati realizaciju ugovora, u smislu stvaranja obaveza i pla\u0107enja istih\u201c, poru\u010dili su u Gradskoj upravi Prijedor u odgovoru na upit CAPITAL-a.<\/p>\n<p>Ina\u010de, tenderskom dokumentacijom je predvi\u0111eno zaklju\u010divanje ugovora sa izvo\u0111a\u010dem na period od godinu dana.<\/p>\n<p>Za svaki posao zaklju\u010diva\u0107e se pojedina\u010dni ugovori sa rokom zavr\u0161etka od 15 dana \u0161to pokazuje kako se vlast u ovom gradu odlu\u010dila za vi\u0161e manjih projekata koji \u0107e biti br\u017ee zavr\u0161eni.<\/p>\n<p>U Transparency internationalu BiH ka\u017eu kako nije neoubi\u010dajeno da se sa izvo\u0111a\u010dima zaklju\u010duju okvirni sporazumi i da se naknadno utvr\u0111uju projekti, ali da je veoma interesantan momenat u kojem se tender raspisuje.<\/p>\n<p>\u201eZanimljivo je da je tender raspisan istog dana kada je odluka o dodjeli novca ovoj lokalnoj zajednici stupila na snagu, \u0161to zna\u010di kako je dokumentacija ve\u0107 bila spremna jer se tender ne mo\u017ee spremiti preko no\u0107i. Sve se mo\u017ee dovesti i u vezu sa vanrednim izborima gdje se gra\u0111anima preko infrastrukturnih radova stvara slika kako se ne\u0161to radi\u201c, kazao je Damjan O\u017eegovi\u0107 iz ove organizacije.<\/p>\n<p>Kako se izbori u Prijedoru pribli\u017eavaju, Vlast u Srpskoj je ponovo odlu\u010dila da reciklira pri\u010du o osnivanju op\u0161tine Omarska, \u0161to je bilo jedno od predizbornih obe\u0107anja predsjednika SNSD-a Milorada Dodika. Naime, ovih dana je imenovana Komisija za davanje mi\u0161ljenja o ispunjenosti uslova za osnivanje op\u0161tine Omarska. Komisija ima osam \u010dlanova a njen zadatak je da u 90 dana da svoje mi\u0161ljenje na ovu ideju.  <\/p>\n<p><a href=\"https:\/\/www.capital.ba\/vlast-u-srpskoj-se-protiv-opozicije-u-prijedoru-bori-asfaltom\/\" rel=\"noopener\" target=\"_blank\">capital.ba<\/a><br \/>\nFoto &#8211; ilustracija &#8211; srpskainfo.com<\/p>\n","protected":false},"excerpt":{"rendered":"<p>Vladaju\u0107a stranka u Srpskoj \u0107e se na narednim izborima za funkciju gradona\u010delnika Prijedora, a protiv ujedinjene opozicije, boriti asfaltom. Naime, samo tri dana nakon \u0161to je biv\u0161i gradona\u010delnik Dalibor Pavlovi\u0107 [&hellip;]<\/p>\n","protected":false},"author":1,"featured_media":0,"comment_status":"closed","ping_status":"open","sticky":false,"template":"","format":"standard","meta":{"_monsterinsights_skip_tracking":false,"_monsterinsights_sitenote_active":false,"_monsterinsights_sitenote_note":"","_monsterinsights_sitenote_category":0,"footnotes":""},"categories":[8],"tags":[],"yoast_head":"<!-- This site is optimized with the Yoast SEO plugin v21.6 - https:\/\/yoast.com\/wordpress\/plugins\/seo\/ -->\n<title>Vlast u Republici Srpskoj se protiv opozicije u Prijedoru bori asfaltom - PrijedorDanas.com - Prijedorski gradski portal<\/title>\n<meta name=\"robots\" content=\"index, follow, max-snippet:-1, max-image-preview:large, max-video-preview:-1\" \/>\n<link rel=\"canonical\" href=\"https:\/\/www.prijedordanas.com\/?p=176590\" \/>\n<meta property=\"og:locale\" content=\"en_US\" \/>\n<meta property=\"og:type\" content=\"article\" \/>\n<meta property=\"og:title\" content=\"Vlast u Republici Srpskoj se protiv opozicije u Prijedoru bori asfaltom - PrijedorDanas.com - Prijedorski gradski portal\" \/>\n<meta property=\"og:description\" content=\"Vladaju\u0107a stranka u Srpskoj \u0107e se na narednim izborima za funkciju gradona\u010delnika Prijedora, a protiv ujedinjene opozicije, boriti asfaltom. Naime, samo tri dana nakon \u0161to je biv\u0161i gradona\u010delnik Dalibor Pavlovi\u0107 [&hellip;]\" \/>\n<meta property=\"og:url\" content=\"https:\/\/www.prijedordanas.com\/?p=176590\" \/>\n<meta property=\"og:site_name\" content=\"PrijedorDanas.com - Prijedorski gradski portal\" \/>\n<meta property=\"article:publisher\" content=\"https:\/\/www.facebook.com\/PrijedorDanasCom\/\" \/>\n<meta property=\"article:published_time\" content=\"2021-11-08T19:08:42+00:00\" \/>\n<meta property=\"og:image\" content=\"https:\/\/www.prijedordanas.com\/wp-content\/uploads\/2021\/07\/blic-asfaltiranje-ulica-nikole-luketica-3-300x225.jpg\" \/>\n<meta name=\"author\" content=\"admin\" \/>\n<meta name=\"twitter:card\" content=\"summary_large_image\" \/>\n<meta name=\"twitter:label1\" content=\"Written by\" \/>\n\t<meta name=\"twitter:data1\" content=\"admin\" \/>\n\t<meta name=\"twitter:label2\" content=\"Est. reading time\" \/>\n\t<meta name=\"twitter:data2\" content=\"2 minutes\" \/>\n<script type=\"application\/ld+json\" class=\"yoast-schema-graph\">{\"@context\":\"https:\/\/schema.org\",\"@graph\":[{\"@type\":\"Article\",\"@id\":\"https:\/\/www.prijedordanas.com\/?p=176590#article\",\"isPartOf\":{\"@id\":\"https:\/\/www.prijedordanas.com\/?p=176590\"},\"author\":{\"name\":\"admin\",\"@id\":\"https:\/\/www.prijedordanas.com\/#\/schema\/person\/4e08ccf29b506ca916ff86d46bb700e6\"},\"headline\":\"Vlast u Republici Srpskoj se protiv opozicije u Prijedoru bori asfaltom\",\"datePublished\":\"2021-11-08T19:08:42+00:00\",\"dateModified\":\"2021-11-08T19:08:42+00:00\",\"mainEntityOfPage\":{\"@id\":\"https:\/\/www.prijedordanas.com\/?p=176590\"},\"wordCount\":508,\"publisher\":{\"@id\":\"https:\/\/www.prijedordanas.com\/#organization\"},\"articleSection\":[\"Svakodnevno\"],\"inLanguage\":\"en-US\"},{\"@type\":\"WebPage\",\"@id\":\"https:\/\/www.prijedordanas.com\/?p=176590\",\"url\":\"https:\/\/www.prijedordanas.com\/?p=176590\",\"name\":\"Vlast u Republici Srpskoj se protiv opozicije u Prijedoru bori asfaltom - PrijedorDanas.com - Prijedorski gradski portal\",\"isPartOf\":{\"@id\":\"https:\/\/www.prijedordanas.com\/#website\"},\"datePublished\":\"2021-11-08T19:08:42+00:00\",\"dateModified\":\"2021-11-08T19:08:42+00:00\",\"breadcrumb\":{\"@id\":\"https:\/\/www.prijedordanas.com\/?p=176590#breadcrumb\"},\"inLanguage\":\"en-US\",\"potentialAction\":[{\"@type\":\"ReadAction\",\"target\":[\"https:\/\/www.prijedordanas.com\/?p=176590\"]}]},{\"@type\":\"BreadcrumbList\",\"@id\":\"https:\/\/www.prijedordanas.com\/?p=176590#breadcrumb\",\"itemListElement\":[{\"@type\":\"ListItem\",\"position\":1,\"name\":\"Home\",\"item\":\"https:\/\/www.prijedordanas.com\/\"},{\"@type\":\"ListItem\",\"position\":2,\"name\":\"Vlast u Republici Srpskoj se protiv opozicije u Prijedoru bori asfaltom\"}]},{\"@type\":\"WebSite\",\"@id\":\"https:\/\/www.prijedordanas.com\/#website\",\"url\":\"https:\/\/www.prijedordanas.com\/\",\"name\":\"PrijedorDanas.com - Prijedorski gradski portal\",\"description\":\"Portal o doga\u0111anjima u gradu Prijedoru\",\"publisher\":{\"@id\":\"https:\/\/www.prijedordanas.com\/#organization\"},\"potentialAction\":[{\"@type\":\"SearchAction\",\"target\":{\"@type\":\"EntryPoint\",\"urlTemplate\":\"https:\/\/www.prijedordanas.com\/?s={search_term_string}\"},\"query-input\":\"required name=search_term_string\"}],\"inLanguage\":\"en-US\"},{\"@type\":\"Organization\",\"@id\":\"https:\/\/www.prijedordanas.com\/#organization\",\"name\":\"PrijedorDanas.com\",\"url\":\"https:\/\/www.prijedordanas.com\/\",\"logo\":{\"@type\":\"ImageObject\",\"inLanguage\":\"en-US\",\"@id\":\"https:\/\/www.prijedordanas.com\/#\/schema\/logo\/image\/\",\"url\":\"http:\/\/www.prijedordanas.com\/wp-content\/uploads\/2021\/12\/logopng.png\",\"contentUrl\":\"http:\/\/www.prijedordanas.com\/wp-content\/uploads\/2021\/12\/logopng.png\",\"width\":1019,\"height\":776,\"caption\":\"PrijedorDanas.com\"},\"image\":{\"@id\":\"https:\/\/www.prijedordanas.com\/#\/schema\/logo\/image\/\"},\"sameAs\":[\"https:\/\/www.facebook.com\/PrijedorDanasCom\/\"]},{\"@type\":\"Person\",\"@id\":\"https:\/\/www.prijedordanas.com\/#\/schema\/person\/4e08ccf29b506ca916ff86d46bb700e6\",\"name\":\"admin\",\"image\":{\"@type\":\"ImageObject\",\"inLanguage\":\"en-US\",\"@id\":\"https:\/\/www.prijedordanas.com\/#\/schema\/person\/image\/\",\"url\":\"https:\/\/secure.gravatar.com\/avatar\/1d3fc949d550f0b53a5f0d51e06dfd79?s=96&d=mm&r=g\",\"contentUrl\":\"https:\/\/secure.gravatar.com\/avatar\/1d3fc949d550f0b53a5f0d51e06dfd79?s=96&d=mm&r=g\",\"caption\":\"admin\"},\"url\":\"https:\/\/www.prijedordanas.com\/?author=1\"}]}<\/script>\n<!-- \/ Yoast SEO plugin. -->","yoast_head_json":{"title":"Vlast u Republici Srpskoj se protiv opozicije u Prijedoru bori asfaltom - PrijedorDanas.com - Prijedorski gradski portal","robots":{"index":"index","follow":"follow","max-snippet":"max-snippet:-1","max-image-preview":"max-image-preview:large","max-video-preview":"max-video-preview:-1"},"canonical":"https:\/\/www.prijedordanas.com\/?p=176590","og_locale":"en_US","og_type":"article","og_title":"Vlast u Republici Srpskoj se protiv opozicije u Prijedoru bori asfaltom - PrijedorDanas.com - Prijedorski gradski portal","og_description":"Vladaju\u0107a stranka u Srpskoj \u0107e se na narednim izborima za funkciju gradona\u010delnika Prijedora, a protiv ujedinjene opozicije, boriti asfaltom. Naime, samo tri dana nakon \u0161to je biv\u0161i gradona\u010delnik Dalibor Pavlovi\u0107 [&hellip;]","og_url":"https:\/\/www.prijedordanas.com\/?p=176590","og_site_name":"PrijedorDanas.com - Prijedorski gradski portal","article_publisher":"https:\/\/www.facebook.com\/PrijedorDanasCom\/","article_published_time":"2021-11-08T19:08:42+00:00","og_image":[{"url":"https:\/\/www.prijedordanas.com\/wp-content\/uploads\/2021\/07\/blic-asfaltiranje-ulica-nikole-luketica-3-300x225.jpg"}],"author":"admin","twitter_card":"summary_large_image","twitter_misc":{"Written by":"admin","Est. reading time":"2 minutes"},"schema":{"@context":"https:\/\/schema.org","@graph":[{"@type":"Article","@id":"https:\/\/www.prijedordanas.com\/?p=176590#article","isPartOf":{"@id":"https:\/\/www.prijedordanas.com\/?p=176590"},"author":{"name":"admin","@id":"https:\/\/www.prijedordanas.com\/#\/schema\/person\/4e08ccf29b506ca916ff86d46bb700e6"},"headline":"Vlast u Republici Srpskoj se protiv opozicije u Prijedoru bori asfaltom","datePublished":"2021-11-08T19:08:42+00:00","dateModified":"2021-11-08T19:08:42+00:00","mainEntityOfPage":{"@id":"https:\/\/www.prijedordanas.com\/?p=176590"},"wordCount":508,"publisher":{"@id":"https:\/\/www.prijedordanas.com\/#organization"},"articleSection":["Svakodnevno"],"inLanguage":"en-US"},{"@type":"WebPage","@id":"https:\/\/www.prijedordanas.com\/?p=176590","url":"https:\/\/www.prijedordanas.com\/?p=176590","name":"Vlast u Republici Srpskoj se protiv opozicije u Prijedoru bori asfaltom - PrijedorDanas.com - Prijedorski gradski portal","isPartOf":{"@id":"https:\/\/www.prijedordanas.com\/#website"},"datePublished":"2021-11-08T19:08:42+00:00","dateModified":"2021-11-08T19:08:42+00:00","breadcrumb":{"@id":"https:\/\/www.prijedordanas.com\/?p=176590#breadcrumb"},"inLanguage":"en-US","potentialAction":[{"@type":"ReadAction","target":["https:\/\/www.prijedordanas.com\/?p=176590"]}]},{"@type":"BreadcrumbList","@id":"https:\/\/www.prijedordanas.com\/?p=176590#breadcrumb","itemListElement":[{"@type":"ListItem","position":1,"name":"Home","item":"https:\/\/www.prijedordanas.com\/"},{"@type":"ListItem","position":2,"name":"Vlast u Republici Srpskoj se protiv opozicije u Prijedoru bori asfaltom"}]},{"@type":"WebSite","@id":"https:\/\/www.prijedordanas.com\/#website","url":"https:\/\/www.prijedordanas.com\/","name":"PrijedorDanas.com - Prijedorski gradski portal","description":"Portal o doga\u0111anjima u gradu Prijedoru","publisher":{"@id":"https:\/\/www.prijedordanas.com\/#organization"},"potentialAction":[{"@type":"SearchAction","target":{"@type":"EntryPoint","urlTemplate":"https:\/\/www.prijedordanas.com\/?s={search_term_string}"},"query-input":"required name=search_term_string"}],"inLanguage":"en-US"},{"@type":"Organization","@id":"https:\/\/www.prijedordanas.com\/#organization","name":"PrijedorDanas.com","url":"https:\/\/www.prijedordanas.com\/","logo":{"@type":"ImageObject","inLanguage":"en-US","@id":"https:\/\/www.prijedordanas.com\/#\/schema\/logo\/image\/","url":"http:\/\/www.prijedordanas.com\/wp-content\/uploads\/2021\/12\/logopng.png","contentUrl":"http:\/\/www.prijedordanas.com\/wp-content\/uploads\/2021\/12\/logopng.png","width":1019,"height":776,"caption":"PrijedorDanas.com"},"image":{"@id":"https:\/\/www.prijedordanas.com\/#\/schema\/logo\/image\/"},"sameAs":["https:\/\/www.facebook.com\/PrijedorDanasCom\/"]},{"@type":"Person","@id":"https:\/\/www.prijedordanas.com\/#\/schema\/person\/4e08ccf29b506ca916ff86d46bb700e6","name":"admin","image":{"@type":"ImageObject","inLanguage":"en-US","@id":"https:\/\/www.prijedordanas.com\/#\/schema\/person\/image\/","url":"https:\/\/secure.gravatar.com\/avatar\/1d3fc949d550f0b53a5f0d51e06dfd79?s=96&d=mm&r=g","contentUrl":"https:\/\/secure.gravatar.com\/avatar\/1d3fc949d550f0b53a5f0d51e06dfd79?s=96&d=mm&r=g","caption":"admin"},"url":"https:\/\/www.prijedordanas.com\/?author=1"}]}},"_links":{"self":[{"href":"https:\/\/www.prijedordanas.com\/index.php?rest_route=\/wp\/v2\/posts\/176590"}],"collection":[{"href":"https:\/\/www.prijedordanas.com\/index.php?rest_route=\/wp\/v2\/posts"}],"about":[{"href":"https:\/\/www.prijedordanas.com\/index.php?rest_route=\/wp\/v2\/types\/post"}],"author":[{"embeddable":true,"href":"https:\/\/www.prijedordanas.com\/index.php?rest_route=\/wp\/v2\/users\/1"}],"replies":[{"embeddable":true,"href":"https:\/\/www.prijedordanas.com\/index.php?rest_route=%2Fwp%2Fv2%2Fcomments&post=176590"}],"version-history":[{"count":1,"href":"https:\/\/www.prijedordanas.com\/index.php?rest_route=\/wp\/v2\/posts\/176590\/revisions"}],"predecessor-version":[{"id":176591,"href":"https:\/\/www.prijedordanas.com\/index.php?rest_route=\/wp\/v2\/posts\/176590\/revisions\/176591"}],"wp:attachment":[{"href":"https:\/\/www.prijedordanas.com\/index.php?rest_route=%2Fwp%2Fv2%2Fmedia&parent=176590"}],"wp:term":[{"taxonomy":"category","embeddable":true,"href":"https:\/\/www.prijedordanas.com\/index.php?rest_route=%2Fwp%2Fv2%2Fcategories&post=176590"},{"taxonomy":"post_tag","embeddable":true,"href":"https:\/\/www.prijedordanas.com\/index.php?rest_route=%2Fwp%2Fv2%2Ftags&post=176590"}],"curies":[{"name":"wp","href":"https:\/\/api.w.org\/{rel}","templated":true}]}}