{"id":176523,"date":"2021-11-07T16:33:30","date_gmt":"2021-11-07T15:33:30","guid":{"rendered":"https:\/\/www.prijedordanas.com\/?p=176523"},"modified":"2021-11-07T16:33:30","modified_gmt":"2021-11-07T15:33:30","slug":"rudar-prijedor-zeljeznicar-22-foto","status":"publish","type":"post","link":"https:\/\/www.prijedordanas.com\/?p=176523","title":{"rendered":"Rudar-Prijedor: \u017deljezni\u010dar  2:2 &#8211; FOTO"},"content":{"rendered":"<p><a href=\"https:\/\/www.prijedordanas.com\/wp-content\/uploads\/2021\/11\/rudar-prijedor-zeljeznicar-2-2-1.jpg\"><img loading=\"lazy\" decoding=\"async\" class=\"alignleft size-medium wp-image-176524\" src=\"https:\/\/www.prijedordanas.com\/wp-content\/uploads\/2021\/11\/rudar-prijedor-zeljeznicar-2-2-1-300x225.jpg\" alt=\"\" width=\"300\" height=\"225\" srcset=\"https:\/\/www.prijedordanas.com\/wp-content\/uploads\/2021\/11\/rudar-prijedor-zeljeznicar-2-2-1-300x225.jpg 300w, https:\/\/www.prijedordanas.com\/wp-content\/uploads\/2021\/11\/rudar-prijedor-zeljeznicar-2-2-1-640x480.jpg 640w, https:\/\/www.prijedordanas.com\/wp-content\/uploads\/2021\/11\/rudar-prijedor-zeljeznicar-2-2-1.jpg 667w\" sizes=\"(max-width: 300px) 100vw, 300px\" \/><\/a>Rudar-Prijedor je u 16. kolu Premijer lige Bosne i Hercegovine do\u010dekao \u017deljezni\u010dar, a na kraju je ovaj me\u010d zavr\u0161en rezultatom 2:2.<\/p>\n<p>Tim Tomislava Ivkovi\u0107a odigrao je odli\u010dnih pola sata, ali je zatim nestao sa terena. Ipak, uspjeli su izbje\u0107i poraz u 95. minuti.<\/p>\n<p>\u017deljezni\u010dar odli\u010dno ulazi u ovaj me\u010d. Sarajevski tim je bio mnogo bolji na otvaranju me\u010da i stvroio je nekoliko dobrih \u0161ansi pred golom \u0160\u0107eki\u0107a.<\/p>\n<p>Napadi \u017deljezni\u010dara isplatili su se u 29. minuti me\u010da. \u0160\u0107eki\u0107 zaustavlja Boju, lopta dolazi do Juri\u010di\u0107a koji nesebi\u010dno odigrava do Nedima Meki\u0107a, a ovaj zabija za prednost gostiju od 1:0.<\/p>\n<p><a href=\"https:\/\/www.prijedordanas.com\/wp-content\/uploads\/2021\/11\/rudar-prijedor-zeljeznicar-2-2-2.jpg\"><img loading=\"lazy\" decoding=\"async\" class=\"alignleft size-medium wp-image-176525\" src=\"https:\/\/www.prijedordanas.com\/wp-content\/uploads\/2021\/11\/rudar-prijedor-zeljeznicar-2-2-2-300x225.jpg\" alt=\"\" width=\"300\" height=\"225\" srcset=\"https:\/\/www.prijedordanas.com\/wp-content\/uploads\/2021\/11\/rudar-prijedor-zeljeznicar-2-2-2-300x225.jpg 300w, https:\/\/www.prijedordanas.com\/wp-content\/uploads\/2021\/11\/rudar-prijedor-zeljeznicar-2-2-2-640x480.jpg 640w, https:\/\/www.prijedordanas.com\/wp-content\/uploads\/2021\/11\/rudar-prijedor-zeljeznicar-2-2-2.jpg 667w\" sizes=\"(max-width: 300px) 100vw, 300px\" \/><\/a>Nakon primljenog gola Rudar se budi i oni su ti koji s dominirali do kraja prvog dijela.<\/p>\n<p>Izjedna\u010denje u Prijedoru sti\u017ee u 37. minuti.<\/p>\n<p>Asani dobro ubacuje sa lijeve strane, a Joseph Amoah prekrasno glavom zabija za 1:1.<\/p>\n<p>Dvije minute kasnije Rudar umalo dolazi do preokreta.<\/p>\n<p>Ponovo je Amoah u \u0161ansi, ali ovog puta je pre\u010dka spasila goste i na odmor se oti\u0161lo rezultatom 1:1.<\/p>\n<p>Uvodne minute nastavka nisu donijele previ\u0161e. Igralo se otvoreno, ali nedostajao je zavr\u0161ni udarac sa obje strane.<\/p>\n<p><a href=\"https:\/\/www.prijedordanas.com\/wp-content\/uploads\/2021\/11\/rudar-prijedor-zeljeznicar-2-2-3.jpg\"><img loading=\"lazy\" decoding=\"async\" class=\"alignleft size-medium wp-image-176526\" src=\"https:\/\/www.prijedordanas.com\/wp-content\/uploads\/2021\/11\/rudar-prijedor-zeljeznicar-2-2-3-300x225.jpg\" alt=\"\" width=\"300\" height=\"225\" srcset=\"https:\/\/www.prijedordanas.com\/wp-content\/uploads\/2021\/11\/rudar-prijedor-zeljeznicar-2-2-3-300x225.jpg 300w, https:\/\/www.prijedordanas.com\/wp-content\/uploads\/2021\/11\/rudar-prijedor-zeljeznicar-2-2-3-640x480.jpg 640w, https:\/\/www.prijedordanas.com\/wp-content\/uploads\/2021\/11\/rudar-prijedor-zeljeznicar-2-2-3.jpg 667w\" sizes=\"(max-width: 300px) 100vw, 300px\" \/><\/a>Rudar je bio bolji tim u drugom poluvremenu. Jakupovi\u0107 je imao jednu dobru \u0161ansu na otvaranju drugog dijela, ali je nekako proma\u0161io sa pet metara.<\/p>\n<p>Bolju igru doma\u0107i tim napla\u0107uje u 73. minuti. Nakon kornera Kulenovi\u0107 ga\u0111a, Mufti\u0107 brani, ali na pravom mjestu je Amoah koji poga\u0111a za 2:1.<\/p>\n<p>Do kraja me\u010da redali su se proma\u0161aji Rudara. Doma\u0107i su imali nekoliko fenomenalnih \u0161ansi, ali nisu uspjeli zabiti.<\/p>\n<p>Kazna je stigla u 95. minuti kada Bekri\u0107 zabija za kona\u010dnih 2:2.<\/p>\n<p><a href=\"https:\/\/www.prijedordanas.com\/wp-content\/uploads\/2021\/11\/rudar-prijedor-zeljeznicar-2-2-4.jpg\"><img loading=\"lazy\" decoding=\"async\" src=\"https:\/\/www.prijedordanas.com\/wp-content\/uploads\/2021\/11\/rudar-prijedor-zeljeznicar-2-2-4-300x200.jpg\" alt=\"\" width=\"300\" height=\"200\" class=\"alignleft size-medium wp-image-176527\" srcset=\"https:\/\/www.prijedordanas.com\/wp-content\/uploads\/2021\/11\/rudar-prijedor-zeljeznicar-2-2-4-300x200.jpg 300w, https:\/\/www.prijedordanas.com\/wp-content\/uploads\/2021\/11\/rudar-prijedor-zeljeznicar-2-2-4-480x320.jpg 480w, https:\/\/www.prijedordanas.com\/wp-content\/uploads\/2021\/11\/rudar-prijedor-zeljeznicar-2-2-4.jpg 600w\" sizes=\"(max-width: 300px) 100vw, 300px\" \/><\/a>Premijer liga BiH, 16. kolo:<\/p>\n<p>Rudar Prijedor &#8211; \u017deljezni\u010dar 2:2<\/p>\n<p>FK Rudar Prijedor:<br \/>\n\u0160\u0107eki\u0107, Asani, Pekija, Pavlovi\u0107, Santos, Burazor, Mandi\u0107, Doj\u010dinovi\u0107, Amoah, Jakupovi\u0107, Red\u017ei\u0107.<\/p>\n<p>FK \u017deljezni\u010dar:<br \/>\nMufti\u0107, Mali\u0107, Suba\u0161i\u0107, Juri\u010di\u0107, Vrhovac, Drina, Bla\u017eevi\u0107, Bojo, Be\u0107a, Meki\u0107, Gasal.<\/p>\n<p>sportsport.ba<\/p>\n<p><a href=\"https:\/\/www.prijedordanas.com\/wp-content\/uploads\/2021\/11\/rudar-prijedor-zeljeznicar-2-2-5.jpg\"><img loading=\"lazy\" decoding=\"async\" src=\"https:\/\/www.prijedordanas.com\/wp-content\/uploads\/2021\/11\/rudar-prijedor-zeljeznicar-2-2-5-300x200.jpg\" alt=\"\" width=\"300\" height=\"200\" class=\"alignleft size-medium wp-image-176528\" srcset=\"https:\/\/www.prijedordanas.com\/wp-content\/uploads\/2021\/11\/rudar-prijedor-zeljeznicar-2-2-5-300x200.jpg 300w, https:\/\/www.prijedordanas.com\/wp-content\/uploads\/2021\/11\/rudar-prijedor-zeljeznicar-2-2-5-480x320.jpg 480w, https:\/\/www.prijedordanas.com\/wp-content\/uploads\/2021\/11\/rudar-prijedor-zeljeznicar-2-2-5.jpg 600w\" sizes=\"(max-width: 300px) 100vw, 300px\" \/><\/a> <a href=\"https:\/\/www.prijedordanas.com\/wp-content\/uploads\/2021\/11\/rudar-prijedor-zeljeznicar-2-2-6.jpg\"><img loading=\"lazy\" decoding=\"async\" src=\"https:\/\/www.prijedordanas.com\/wp-content\/uploads\/2021\/11\/rudar-prijedor-zeljeznicar-2-2-6-300x200.jpg\" alt=\"\" width=\"300\" height=\"200\" class=\"alignleft size-medium wp-image-176529\" srcset=\"https:\/\/www.prijedordanas.com\/wp-content\/uploads\/2021\/11\/rudar-prijedor-zeljeznicar-2-2-6-300x200.jpg 300w, https:\/\/www.prijedordanas.com\/wp-content\/uploads\/2021\/11\/rudar-prijedor-zeljeznicar-2-2-6-480x320.jpg 480w, https:\/\/www.prijedordanas.com\/wp-content\/uploads\/2021\/11\/rudar-prijedor-zeljeznicar-2-2-6.jpg 600w\" sizes=\"(max-width: 300px) 100vw, 300px\" \/><\/a> <a href=\"https:\/\/www.prijedordanas.com\/wp-content\/uploads\/2021\/11\/rudar-prijedor-zeljeznicar-2-2-7.jpg\"><img loading=\"lazy\" decoding=\"async\" src=\"https:\/\/www.prijedordanas.com\/wp-content\/uploads\/2021\/11\/rudar-prijedor-zeljeznicar-2-2-7-300x200.jpg\" alt=\"\" width=\"300\" height=\"200\" class=\"alignleft size-medium wp-image-176530\" srcset=\"https:\/\/www.prijedordanas.com\/wp-content\/uploads\/2021\/11\/rudar-prijedor-zeljeznicar-2-2-7-300x200.jpg 300w, https:\/\/www.prijedordanas.com\/wp-content\/uploads\/2021\/11\/rudar-prijedor-zeljeznicar-2-2-7-480x320.jpg 480w, https:\/\/www.prijedordanas.com\/wp-content\/uploads\/2021\/11\/rudar-prijedor-zeljeznicar-2-2-7.jpg 600w\" sizes=\"(max-width: 300px) 100vw, 300px\" \/><\/a> <a href=\"https:\/\/www.prijedordanas.com\/wp-content\/uploads\/2021\/11\/rudar-prijedor-zeljeznicar-2-2-8.jpg\"><img loading=\"lazy\" decoding=\"async\" src=\"https:\/\/www.prijedordanas.com\/wp-content\/uploads\/2021\/11\/rudar-prijedor-zeljeznicar-2-2-8-300x200.jpg\" alt=\"\" width=\"300\" height=\"200\" class=\"alignleft size-medium wp-image-176531\" srcset=\"https:\/\/www.prijedordanas.com\/wp-content\/uploads\/2021\/11\/rudar-prijedor-zeljeznicar-2-2-8-300x200.jpg 300w, https:\/\/www.prijedordanas.com\/wp-content\/uploads\/2021\/11\/rudar-prijedor-zeljeznicar-2-2-8-480x320.jpg 480w, https:\/\/www.prijedordanas.com\/wp-content\/uploads\/2021\/11\/rudar-prijedor-zeljeznicar-2-2-8.jpg 600w\" sizes=\"(max-width: 300px) 100vw, 300px\" \/><\/a><\/p>\n","protected":false},"excerpt":{"rendered":"<p>Rudar-Prijedor je u 16. kolu Premijer lige Bosne i Hercegovine do\u010dekao \u017deljezni\u010dar, a na kraju je ovaj me\u010d zavr\u0161en rezultatom 2:2. Tim Tomislava Ivkovi\u0107a odigrao je odli\u010dnih pola sata, ali [&hellip;]<\/p>\n","protected":false},"author":1,"featured_media":0,"comment_status":"closed","ping_status":"open","sticky":false,"template":"","format":"standard","meta":{"_monsterinsights_skip_tracking":false,"_monsterinsights_sitenote_active":false,"_monsterinsights_sitenote_note":"","_monsterinsights_sitenote_category":0,"footnotes":""},"categories":[7515,7],"tags":[],"yoast_head":"<!-- This site is optimized with the Yoast SEO plugin v21.6 - https:\/\/yoast.com\/wordpress\/plugins\/seo\/ -->\n<title>Rudar-Prijedor: \u017deljezni\u010dar 2:2 - FOTO - PrijedorDanas.com - Prijedorski gradski portal<\/title>\n<meta name=\"robots\" content=\"index, follow, max-snippet:-1, max-image-preview:large, max-video-preview:-1\" \/>\n<link rel=\"canonical\" href=\"https:\/\/www.prijedordanas.com\/?p=176523\" \/>\n<meta property=\"og:locale\" content=\"en_US\" \/>\n<meta property=\"og:type\" content=\"article\" \/>\n<meta property=\"og:title\" content=\"Rudar-Prijedor: \u017deljezni\u010dar 2:2 - FOTO - PrijedorDanas.com - Prijedorski gradski portal\" \/>\n<meta property=\"og:description\" content=\"Rudar-Prijedor je u 16. kolu Premijer lige Bosne i Hercegovine do\u010dekao \u017deljezni\u010dar, a na kraju je ovaj me\u010d zavr\u0161en rezultatom 2:2. Tim Tomislava Ivkovi\u0107a odigrao je odli\u010dnih pola sata, ali [&hellip;]\" \/>\n<meta property=\"og:url\" content=\"https:\/\/www.prijedordanas.com\/?p=176523\" \/>\n<meta property=\"og:site_name\" content=\"PrijedorDanas.com - Prijedorski gradski portal\" \/>\n<meta property=\"article:publisher\" content=\"https:\/\/www.facebook.com\/PrijedorDanasCom\/\" \/>\n<meta property=\"article:published_time\" content=\"2021-11-07T15:33:30+00:00\" \/>\n<meta property=\"og:image\" content=\"https:\/\/www.prijedordanas.com\/wp-content\/uploads\/2021\/11\/rudar-prijedor-zeljeznicar-2-2-1-300x225.jpg\" \/>\n<meta name=\"author\" content=\"admin\" \/>\n<meta name=\"twitter:card\" content=\"summary_large_image\" \/>\n<meta name=\"twitter:label1\" content=\"Written by\" \/>\n\t<meta name=\"twitter:data1\" content=\"admin\" \/>\n\t<meta name=\"twitter:label2\" content=\"Est. reading time\" \/>\n\t<meta name=\"twitter:data2\" content=\"2 minutes\" \/>\n<script type=\"application\/ld+json\" class=\"yoast-schema-graph\">{\"@context\":\"https:\/\/schema.org\",\"@graph\":[{\"@type\":\"Article\",\"@id\":\"https:\/\/www.prijedordanas.com\/?p=176523#article\",\"isPartOf\":{\"@id\":\"https:\/\/www.prijedordanas.com\/?p=176523\"},\"author\":{\"name\":\"admin\",\"@id\":\"https:\/\/www.prijedordanas.com\/#\/schema\/person\/4e08ccf29b506ca916ff86d46bb700e6\"},\"headline\":\"Rudar-Prijedor: \u017deljezni\u010dar 2:2 &#8211; FOTO\",\"datePublished\":\"2021-11-07T15:33:30+00:00\",\"dateModified\":\"2021-11-07T15:33:30+00:00\",\"mainEntityOfPage\":{\"@id\":\"https:\/\/www.prijedordanas.com\/?p=176523\"},\"wordCount\":327,\"publisher\":{\"@id\":\"https:\/\/www.prijedordanas.com\/#organization\"},\"articleSection\":[\"Foto dana\",\"Sport\"],\"inLanguage\":\"en-US\"},{\"@type\":\"WebPage\",\"@id\":\"https:\/\/www.prijedordanas.com\/?p=176523\",\"url\":\"https:\/\/www.prijedordanas.com\/?p=176523\",\"name\":\"Rudar-Prijedor: \u017deljezni\u010dar 2:2 - FOTO - PrijedorDanas.com - Prijedorski gradski portal\",\"isPartOf\":{\"@id\":\"https:\/\/www.prijedordanas.com\/#website\"},\"datePublished\":\"2021-11-07T15:33:30+00:00\",\"dateModified\":\"2021-11-07T15:33:30+00:00\",\"breadcrumb\":{\"@id\":\"https:\/\/www.prijedordanas.com\/?p=176523#breadcrumb\"},\"inLanguage\":\"en-US\",\"potentialAction\":[{\"@type\":\"ReadAction\",\"target\":[\"https:\/\/www.prijedordanas.com\/?p=176523\"]}]},{\"@type\":\"BreadcrumbList\",\"@id\":\"https:\/\/www.prijedordanas.com\/?p=176523#breadcrumb\",\"itemListElement\":[{\"@type\":\"ListItem\",\"position\":1,\"name\":\"Home\",\"item\":\"https:\/\/www.prijedordanas.com\/\"},{\"@type\":\"ListItem\",\"position\":2,\"name\":\"Rudar-Prijedor: \u017deljezni\u010dar 2:2 &#8211; FOTO\"}]},{\"@type\":\"WebSite\",\"@id\":\"https:\/\/www.prijedordanas.com\/#website\",\"url\":\"https:\/\/www.prijedordanas.com\/\",\"name\":\"PrijedorDanas.com - Prijedorski gradski portal\",\"description\":\"Portal o doga\u0111anjima u gradu Prijedoru\",\"publisher\":{\"@id\":\"https:\/\/www.prijedordanas.com\/#organization\"},\"potentialAction\":[{\"@type\":\"SearchAction\",\"target\":{\"@type\":\"EntryPoint\",\"urlTemplate\":\"https:\/\/www.prijedordanas.com\/?s={search_term_string}\"},\"query-input\":\"required name=search_term_string\"}],\"inLanguage\":\"en-US\"},{\"@type\":\"Organization\",\"@id\":\"https:\/\/www.prijedordanas.com\/#organization\",\"name\":\"PrijedorDanas.com\",\"url\":\"https:\/\/www.prijedordanas.com\/\",\"logo\":{\"@type\":\"ImageObject\",\"inLanguage\":\"en-US\",\"@id\":\"https:\/\/www.prijedordanas.com\/#\/schema\/logo\/image\/\",\"url\":\"http:\/\/www.prijedordanas.com\/wp-content\/uploads\/2021\/12\/logopng.png\",\"contentUrl\":\"http:\/\/www.prijedordanas.com\/wp-content\/uploads\/2021\/12\/logopng.png\",\"width\":1019,\"height\":776,\"caption\":\"PrijedorDanas.com\"},\"image\":{\"@id\":\"https:\/\/www.prijedordanas.com\/#\/schema\/logo\/image\/\"},\"sameAs\":[\"https:\/\/www.facebook.com\/PrijedorDanasCom\/\"]},{\"@type\":\"Person\",\"@id\":\"https:\/\/www.prijedordanas.com\/#\/schema\/person\/4e08ccf29b506ca916ff86d46bb700e6\",\"name\":\"admin\",\"image\":{\"@type\":\"ImageObject\",\"inLanguage\":\"en-US\",\"@id\":\"https:\/\/www.prijedordanas.com\/#\/schema\/person\/image\/\",\"url\":\"https:\/\/secure.gravatar.com\/avatar\/1d3fc949d550f0b53a5f0d51e06dfd79?s=96&d=mm&r=g\",\"contentUrl\":\"https:\/\/secure.gravatar.com\/avatar\/1d3fc949d550f0b53a5f0d51e06dfd79?s=96&d=mm&r=g\",\"caption\":\"admin\"},\"url\":\"https:\/\/www.prijedordanas.com\/?author=1\"}]}<\/script>\n<!-- \/ Yoast SEO plugin. -->","yoast_head_json":{"title":"Rudar-Prijedor: \u017deljezni\u010dar 2:2 - FOTO - PrijedorDanas.com - Prijedorski gradski portal","robots":{"index":"index","follow":"follow","max-snippet":"max-snippet:-1","max-image-preview":"max-image-preview:large","max-video-preview":"max-video-preview:-1"},"canonical":"https:\/\/www.prijedordanas.com\/?p=176523","og_locale":"en_US","og_type":"article","og_title":"Rudar-Prijedor: \u017deljezni\u010dar 2:2 - FOTO - PrijedorDanas.com - Prijedorski gradski portal","og_description":"Rudar-Prijedor je u 16. kolu Premijer lige Bosne i Hercegovine do\u010dekao \u017deljezni\u010dar, a na kraju je ovaj me\u010d zavr\u0161en rezultatom 2:2. Tim Tomislava Ivkovi\u0107a odigrao je odli\u010dnih pola sata, ali [&hellip;]","og_url":"https:\/\/www.prijedordanas.com\/?p=176523","og_site_name":"PrijedorDanas.com - Prijedorski gradski portal","article_publisher":"https:\/\/www.facebook.com\/PrijedorDanasCom\/","article_published_time":"2021-11-07T15:33:30+00:00","og_image":[{"url":"https:\/\/www.prijedordanas.com\/wp-content\/uploads\/2021\/11\/rudar-prijedor-zeljeznicar-2-2-1-300x225.jpg"}],"author":"admin","twitter_card":"summary_large_image","twitter_misc":{"Written by":"admin","Est. reading time":"2 minutes"},"schema":{"@context":"https:\/\/schema.org","@graph":[{"@type":"Article","@id":"https:\/\/www.prijedordanas.com\/?p=176523#article","isPartOf":{"@id":"https:\/\/www.prijedordanas.com\/?p=176523"},"author":{"name":"admin","@id":"https:\/\/www.prijedordanas.com\/#\/schema\/person\/4e08ccf29b506ca916ff86d46bb700e6"},"headline":"Rudar-Prijedor: \u017deljezni\u010dar 2:2 &#8211; FOTO","datePublished":"2021-11-07T15:33:30+00:00","dateModified":"2021-11-07T15:33:30+00:00","mainEntityOfPage":{"@id":"https:\/\/www.prijedordanas.com\/?p=176523"},"wordCount":327,"publisher":{"@id":"https:\/\/www.prijedordanas.com\/#organization"},"articleSection":["Foto dana","Sport"],"inLanguage":"en-US"},{"@type":"WebPage","@id":"https:\/\/www.prijedordanas.com\/?p=176523","url":"https:\/\/www.prijedordanas.com\/?p=176523","name":"Rudar-Prijedor: \u017deljezni\u010dar 2:2 - FOTO - PrijedorDanas.com - Prijedorski gradski portal","isPartOf":{"@id":"https:\/\/www.prijedordanas.com\/#website"},"datePublished":"2021-11-07T15:33:30+00:00","dateModified":"2021-11-07T15:33:30+00:00","breadcrumb":{"@id":"https:\/\/www.prijedordanas.com\/?p=176523#breadcrumb"},"inLanguage":"en-US","potentialAction":[{"@type":"ReadAction","target":["https:\/\/www.prijedordanas.com\/?p=176523"]}]},{"@type":"BreadcrumbList","@id":"https:\/\/www.prijedordanas.com\/?p=176523#breadcrumb","itemListElement":[{"@type":"ListItem","position":1,"name":"Home","item":"https:\/\/www.prijedordanas.com\/"},{"@type":"ListItem","position":2,"name":"Rudar-Prijedor: \u017deljezni\u010dar 2:2 &#8211; FOTO"}]},{"@type":"WebSite","@id":"https:\/\/www.prijedordanas.com\/#website","url":"https:\/\/www.prijedordanas.com\/","name":"PrijedorDanas.com - Prijedorski gradski portal","description":"Portal o doga\u0111anjima u gradu Prijedoru","publisher":{"@id":"https:\/\/www.prijedordanas.com\/#organization"},"potentialAction":[{"@type":"SearchAction","target":{"@type":"EntryPoint","urlTemplate":"https:\/\/www.prijedordanas.com\/?s={search_term_string}"},"query-input":"required name=search_term_string"}],"inLanguage":"en-US"},{"@type":"Organization","@id":"https:\/\/www.prijedordanas.com\/#organization","name":"PrijedorDanas.com","url":"https:\/\/www.prijedordanas.com\/","logo":{"@type":"ImageObject","inLanguage":"en-US","@id":"https:\/\/www.prijedordanas.com\/#\/schema\/logo\/image\/","url":"http:\/\/www.prijedordanas.com\/wp-content\/uploads\/2021\/12\/logopng.png","contentUrl":"http:\/\/www.prijedordanas.com\/wp-content\/uploads\/2021\/12\/logopng.png","width":1019,"height":776,"caption":"PrijedorDanas.com"},"image":{"@id":"https:\/\/www.prijedordanas.com\/#\/schema\/logo\/image\/"},"sameAs":["https:\/\/www.facebook.com\/PrijedorDanasCom\/"]},{"@type":"Person","@id":"https:\/\/www.prijedordanas.com\/#\/schema\/person\/4e08ccf29b506ca916ff86d46bb700e6","name":"admin","image":{"@type":"ImageObject","inLanguage":"en-US","@id":"https:\/\/www.prijedordanas.com\/#\/schema\/person\/image\/","url":"https:\/\/secure.gravatar.com\/avatar\/1d3fc949d550f0b53a5f0d51e06dfd79?s=96&d=mm&r=g","contentUrl":"https:\/\/secure.gravatar.com\/avatar\/1d3fc949d550f0b53a5f0d51e06dfd79?s=96&d=mm&r=g","caption":"admin"},"url":"https:\/\/www.prijedordanas.com\/?author=1"}]}},"_links":{"self":[{"href":"https:\/\/www.prijedordanas.com\/index.php?rest_route=\/wp\/v2\/posts\/176523"}],"collection":[{"href":"https:\/\/www.prijedordanas.com\/index.php?rest_route=\/wp\/v2\/posts"}],"about":[{"href":"https:\/\/www.prijedordanas.com\/index.php?rest_route=\/wp\/v2\/types\/post"}],"author":[{"embeddable":true,"href":"https:\/\/www.prijedordanas.com\/index.php?rest_route=\/wp\/v2\/users\/1"}],"replies":[{"embeddable":true,"href":"https:\/\/www.prijedordanas.com\/index.php?rest_route=%2Fwp%2Fv2%2Fcomments&post=176523"}],"version-history":[{"count":1,"href":"https:\/\/www.prijedordanas.com\/index.php?rest_route=\/wp\/v2\/posts\/176523\/revisions"}],"predecessor-version":[{"id":176532,"href":"https:\/\/www.prijedordanas.com\/index.php?rest_route=\/wp\/v2\/posts\/176523\/revisions\/176532"}],"wp:attachment":[{"href":"https:\/\/www.prijedordanas.com\/index.php?rest_route=%2Fwp%2Fv2%2Fmedia&parent=176523"}],"wp:term":[{"taxonomy":"category","embeddable":true,"href":"https:\/\/www.prijedordanas.com\/index.php?rest_route=%2Fwp%2Fv2%2Fcategories&post=176523"},{"taxonomy":"post_tag","embeddable":true,"href":"https:\/\/www.prijedordanas.com\/index.php?rest_route=%2Fwp%2Fv2%2Ftags&post=176523"}],"curies":[{"name":"wp","href":"https:\/\/api.w.org\/{rel}","templated":true}]}}