{"id":176152,"date":"2021-10-31T21:54:56","date_gmt":"2021-10-31T20:54:56","guid":{"rendered":"https:\/\/www.prijedordanas.com\/?p=176152"},"modified":"2021-10-31T21:54:56","modified_gmt":"2021-10-31T20:54:56","slug":"nikako-da-se-dozovemo-pameti-umiremo-od-korone-a-bjezimo-od-vakcine-najmanje-90-odsto-hospitalizovanih-u-prijedorskoj-bolnici-nije-vakcinisano","status":"publish","type":"post","link":"https:\/\/www.prijedordanas.com\/?p=176152","title":{"rendered":"Nikako da se dozovemo pameti &#8211; Umiremo od korone, a bje\u017eimo od vakcine: Najmanje 90 odsto hospitalizovanih u prijedorskoj bolnici nije vakcinisano"},"content":{"rendered":"<p><a href=\"https:\/\/www.prijedordanas.com\/wp-content\/uploads\/2021\/10\/blic-ukc-kovid-odjeljenje.jpg\"><img loading=\"lazy\" decoding=\"async\" src=\"https:\/\/www.prijedordanas.com\/wp-content\/uploads\/2021\/10\/blic-ukc-kovid-odjeljenje-300x225.jpg\" alt=\"\" width=\"300\" height=\"225\" class=\"alignleft size-medium wp-image-176153\" srcset=\"https:\/\/www.prijedordanas.com\/wp-content\/uploads\/2021\/10\/blic-ukc-kovid-odjeljenje-300x225.jpg 300w, https:\/\/www.prijedordanas.com\/wp-content\/uploads\/2021\/10\/blic-ukc-kovid-odjeljenje-640x480.jpg 640w, https:\/\/www.prijedordanas.com\/wp-content\/uploads\/2021\/10\/blic-ukc-kovid-odjeljenje.jpg 667w\" sizes=\"(max-width: 300px) 100vw, 300px\" \/><\/a>Epidemiolo\u0161ka situacija u Srpskoj i dalje je nepovoljna, a ljekari upozoravaju da, s obzirom na zaraznost soja koji je dominantan, te lo\u0161 odziv imunizaciji, mo\u017eemo o\u010dekivati nastavak porasta broja kako oboljelih, tako i umrlih od korone.<\/p>\n<p>Uproteklom periodu, dnevno je me\u0111u testiranima oko 40 odsto pozitivnih, a i dalje se uglavnom suo\u010davamo sa dvocifrenim brojkama preminulih od posljedica kovida.<\/p>\n<p>Dodatno obeshrabruje \u010dinjenica da protiv korone u RS jo\u0161 nije potpuno vakcinisana ni tre\u0107ina stanovni\u0161tva, dok je za kolektivni imunitet potrebno izme\u0111u 70 i 80 odsto imunizovanih.<\/p>\n<p>Nepo\u0161tivanje mjera<br \/>\nUprkos \u010dak 4.705 \u017ertava kovida od po\u010detka epidemije u RS, mnogi ljudi  i dalje zatvaraju o\u010di pred \u010dinjenicom da vakcina \u0161titi od ozbiljnog obolijevanja, odnosno razvoja te\u0161kih formi bolesti, hospitalizacija i smrti.   <\/p>\n<p>Tako\u0111e, stepen po\u0161tivanja mjera prevencije \u0161irenja zaraze ni pribli\u017eno nije na zadovoljavaju\u0107em nivou, jer mnogi ljudi, uprkos epidemiolo\u0161koj situaciji koja nimalo nije sjajna, ne nose maske i ne izbjegavaju masovna okupljanja.<\/p>\n<p>Ljekari upozoravaju da svi zajedno moramo da budemo oprezniji i revnosniji u po\u0161tivanju ovih mjera, jer \u0107emo se dolaskom hladnijeg vremena, \u0161to podrazumijeva ve\u0107i boravak u zatvorenom prostoru, neminovno suo\u010diti sa br\u017eim \u0161irenjem korone. A to zna\u010di da nam predstoji ponovni  skok broja novozara\u017eenih, ali i pacijenata u bolnicama, te preminulih.<\/p>\n<p>Svaki deveti na respiratoru<br \/>\nBroj hospitalizovanih trenutno je stabilan, ali zabrinjava \u010dinjenica da su \u010dak dvije tre\u0107ine kovid pacijenata na nekom vidu mehani\u010dke podr\u0161ke. Do petka, u bolnicama u Srpskoj od ove opake bolesti lije\u010dilo se 587 pacijenata, od \u010dega je 66 bilo na respiratoru, a 328 na drugim vidovima respiratorne podr\u0161ke. Dakle, svaki deveti kovid pacijent di\u0161e zahvaljuju\u0107i respiratoru, \u0161to zna\u010di da je njihova klini\u010dka slika izuzetno te\u0161ka, a ishod lije\u010denja vi\u0161e nego neizvjestan.<\/p>\n<p>Kad je rije\u010d o smrtnosti, kovid je samo u ovom talasu odnio 896 \u017eivota ili pet odsto onih kod kojih je korona potvr\u0111ena.<\/p>\n<p>U Institutu za javno zdravstvo RS isti\u010du da u sedmicima iza nas, a na osnovu podataka o broju oboljelih, hospitalizovanih i umrlih, nema zna\u010dajnijih promjena, tako da je epidemiolo\u0161ka situacija i dalje nepovoljna.<\/p>\n<p>Crne prognoze<br \/>\nPodsje\u0107aju da se sa ponovnim rastom broja zara\u017eenih na dnevnoj osnovi suo\u010davamo od po\u010detka avgusta.<\/p>\n<p>\u2013 S obzirom na to da se delta soj veoma brzo \u0161iri i da je zarazniji od svojih prethodnika, te da nam obuhvat vakcinacijom nije ni blizu zadovoljavaju\u0107eg, mo\u017eemo o\u010dekivati nastavak porasta broja oboljelih i  umrlih sa kovid 19 infekcijom \u2013 isti\u010de za Srpskainfo na\u010delnica Slu\u017ebe za epidemiologiju u IJZ RS, dr Nina Rodi\u0107 Vukmir.<\/p>\n<p>Ka\u017ee da se sada registruje sve vi\u0161e slu\u010dajeva zaraze novim podsojem delta virusa, odnosno varijantom \u201cDelta plus\u201d.<\/p>\n<p>\u2013 Nju od prethodnog osnovnog delta soja, kako navode stru\u010dnjaci, razlikuju dvije mutacije, pa je zato mnogo zarazniji. Ova je varijanta od 10 do 15 odsto zaraznija nego delta soj, a ve\u0107 je registrovan u Austriji, Velikoj Britaniji, Nema\u010dkoj. Za razliku od delte, ovaj soj se jo\u0161 ne smatra \u201cvarijantom zabrinutosti\u201d \u2013 nagla\u0161ava dr Rodi\u0107 Vukmir.<\/p>\n<p>Imunizacija<br \/>\nPo otkrivanju delta soja u Srpskoj, iz ovog instituta su objasnili da je rije\u010d o varijanti koja ima veliku mo\u0107 \u0161irenja. Naime, izvorna korona se \u0161irila na na\u010din da je jedan inficirani mogao da zarazi dvije do tri osobe, dok zara\u017eeni delta sojem mo\u017ee da inficira \u010dak 20 do 30 ljudi u jednom kontaktu.<\/p>\n<p>Zbog munjevitog \u0161irenja delta soja \u010de\u0161\u0107e obolijevaju cijele porodice, nego \u0161to je bio slu\u010daj u ranijim talasima epidemije.<\/p>\n<p>Stru\u010dnjaci podsje\u0107aju da je nastanak mutacija posebno karakteristi\u010dan za sredine u kojima je nizak nivo imunizacije, zbog \u010dega virus ima ve\u0107u mogu\u0107nost cirkulacije.<\/p>\n<p>A u RS su, do sada, prvu dozu vakcine primile 315.471, a obje doze 266.594 osobe. To zna\u010di da je nekompletno vakcinisano 34 odsto, dok je potpuno imunizovano tek 28,5 odsto stanovni\u0161tva.<\/p>\n<p>\u2013 Nevakcinisane osobe ne rizikuju samo svoje zdravlje, ve\u0107 predstavljaju rizik za sve, ako se zaraze koronom, jer je jedini izvor novih varijanti tijelo zara\u017eene osobe. Stru\u010dnjaci se sla\u017eu da, \u0161to je vi\u0161e nevakcinisanih, to je vi\u0161e mogu\u0107nosti da se virus razmno\u017ei. Ako virus ima za njega lakog doma\u0107ina, kao \u0161to je nevakcinisana osoba, onda mu je lako mutirati u zarazniji i virulentniji oblik. \u0160to vi\u0161e dopu\u0161tamo virusu da se \u0161iri, virus ima vi\u0161e mogu\u0107nosti da se promijeni \u2013 nagla\u0161ava dr Rodi\u0107 Vukmir.<\/p>\n<p>Trudnice<br \/>\nDodaje da, kad je rije\u010d o po\u0161tivanju preventivnih mjera, veliki broj gra\u0111ana ima visok nivo li\u010dne odgovornosti.<\/p>\n<p>\u2013 Me\u0111utim, jedan dio se ne pridr\u017eava va\u017ee\u0107ih protivepidemijskih mjera, jer se rukovode dezinformacijama sa raznih dru\u0161tvenih mre\u017ea, portala i stranica. Naravno da je neprijatno nositi masku vi\u0161e sati dnevno, ali treba imati na umu da mnoge profesije redovno i van pandemije nose maske na radnom mjestu i da je mnogo ve\u0107a neprijatnost biti bolestan ili hospitalizovan \u2013 poru\u010duje dr Rodi\u0107 Vukmir.<\/p>\n<p>Iako situacija trenutno nije alarmantna, u bolnicama su spremni na novo pogor\u0161anje epidemiolo\u0161ke situacije, uz poruku da, bez ve\u0107eg obuhvata vakcinacijom i vi\u0161eg nivoa po\u0161tivanja mjera koronu ne\u0107emo pobijediti.<\/p>\n<p>Za razliku od ranijih talasa, sada je me\u0111u pacijentima daleko vi\u0161e trudnica i porodilja, te djece i tinejd\u017eera, a na lije\u010denju zavr\u0161avaju i bebe.<\/p>\n<p><a href=\"https:\/\/www.prijedordanas.com\/wp-content\/uploads\/2021\/01\/andrija-vukotic.jpg\"><img loading=\"lazy\" decoding=\"async\" src=\"https:\/\/www.prijedordanas.com\/wp-content\/uploads\/2021\/01\/andrija-vukotic-300x225.jpg\" alt=\"\" width=\"300\" height=\"225\" class=\"alignleft size-medium wp-image-161932\" srcset=\"https:\/\/www.prijedordanas.com\/wp-content\/uploads\/2021\/01\/andrija-vukotic-300x225.jpg 300w, https:\/\/www.prijedordanas.com\/wp-content\/uploads\/2021\/01\/andrija-vukotic-640x480.jpg 640w, https:\/\/www.prijedordanas.com\/wp-content\/uploads\/2021\/01\/andrija-vukotic.jpg 667w\" sizes=\"(max-width: 300px) 100vw, 300px\" \/><\/a>Strah bez osnova<br \/>\nU Op\u0161toj Bolnici \u201eDr Mladen Stojanovi\u0107\u201c Prijedor nagla\u0161avaju da u ovom talasu imaju vi\u0161e pacijenata izme\u0111u 30 i 40 godina nego \u0161to je to bilo ranije.<\/p>\n<p>\u2013 Me\u0111u pacijentima i dalje dominira srednja i starija dob, ali je sve vi\u0161e i onih mla\u0111ih, kao i tinejd\u017eera starosti od 13 do 17 godina. Osobe iz ovih grupa su najve\u0107i su rasadnik zaraze, jer se najvi\u0161e kre\u0107u. Istovremeno, oni su najve\u0107i protivnici vakcinacije. Na lije\u010denju smo pro\u0161le sedmice imali i jednu porodilju i bebu. Mlade \u017eene se bez osnova pla\u0161e vakcine, a na\u0161a preporuka je da se obavezno vakcini\u0161u, i to od 12. nedjelje trudno\u0107e, iako neke studije ka\u017eu da mo\u017ee i odmah. Kad je rije\u010d o djeci starijoj od 12 godina, tu imamo sporadi\u010dne slu\u010dajeve imunizacije \u2013 isti\u010de za Srpskainfo v. d. direktora ove bolnice dr Andrija Vukoti\u0107.<\/p>\n<p>Prema njegovim rije\u010dima, najmanje 90 odsto hospitalizovanih nije vakcinisano, dok oni koji su imunizovani imaju blagu klini\u010dku sliku.<\/p>\n<p>\u2013 To \u0161to imamo oko 30 odsto vakcinisanih gra\u0111ana spre\u010dava mnogo ve\u0107i broj hospitalizacija u odnosu na ranije. Me\u0111utim, obuhvat imunizacijom mora biti daleko ve\u0107i kako bismo virus onemogu\u0107ili da se \u0161iri. A zbog dolaska hladnijeg vremena i ve\u0107eg boravka u zatvorenom prostoru, moramo da budemo spremni na novo pogor\u0161anje situacije. Mi ve\u0107 pripremamo dodatni prostor za slu\u010daj porasta broja pacijenata \u2013 upozorava dr Vukoti\u0107.<\/p>\n<p>PREMINULE TRI MLADE OSOBE<br \/>\nSamo od po\u010detka oktobra, kovid je u Srpskoj odnio 452 \u017eivota. Za dvije sedmice u ovom mjesecu od ove opake bolesti umrle su i tri osobe mla\u0111e od 29 godina, potvr\u0111uju podaci Instituta za javno zdravstvo RS.<\/p>\n<p>Jedan mladi \u017eivot uga\u0161en je 7. oktobra, a bitku s kovidom su, u me\u0111uvremenu, izgubile jo\u0161 dvije osobe mla\u0111e \u017eivotne dobi. Naime, kovid je 16. oktobra pokosio mladi\u0107a koji je imao 27 godina, a koji je lije\u010den u Univerzitetskom klini\u010dkom centru RS. Tre\u0107i smrtni slu\u010daj u ovoj starosnoj grupi desio se 22. oktobra, kada je od posljedica zaraze korona virusom preminula 27-ogodi\u0161nja djevojka iz Banjaluke, koja je tako\u0111e bila na lije\u010denju u UKC RS.<\/p>\n<p><a href=\"https:\/\/srpskainfo.com\/nikako-da-se-dozovemo-pameti-umiremo-od-korone-a-bjezimo-od-vakcine\/\" rel=\"noopener\" target=\"_blank\">srpskainfo.com<\/a><\/p>\n","protected":false},"excerpt":{"rendered":"<p>Epidemiolo\u0161ka situacija u Srpskoj i dalje je nepovoljna, a ljekari upozoravaju da, s obzirom na zaraznost soja koji je dominantan, te lo\u0161 odziv imunizaciji, mo\u017eemo o\u010dekivati nastavak porasta broja kako [&hellip;]<\/p>\n","protected":false},"author":1,"featured_media":0,"comment_status":"closed","ping_status":"open","sticky":false,"template":"","format":"standard","meta":{"_monsterinsights_skip_tracking":false,"_monsterinsights_sitenote_active":false,"_monsterinsights_sitenote_note":"","_monsterinsights_sitenote_category":0,"footnotes":""},"categories":[8],"tags":[],"yoast_head":"<!-- This site is optimized with the Yoast SEO plugin v21.6 - https:\/\/yoast.com\/wordpress\/plugins\/seo\/ -->\n<title>Nikako da se dozovemo pameti - Umiremo od korone, a bje\u017eimo od vakcine: Najmanje 90 odsto hospitalizovanih u prijedorskoj bolnici nije vakcinisano - PrijedorDanas.com - Prijedorski gradski portal<\/title>\n<meta name=\"robots\" content=\"index, follow, max-snippet:-1, max-image-preview:large, max-video-preview:-1\" \/>\n<link rel=\"canonical\" href=\"https:\/\/www.prijedordanas.com\/?p=176152\" \/>\n<meta property=\"og:locale\" content=\"en_US\" \/>\n<meta property=\"og:type\" content=\"article\" \/>\n<meta property=\"og:title\" content=\"Nikako da se dozovemo pameti - Umiremo od korone, a bje\u017eimo od vakcine: Najmanje 90 odsto hospitalizovanih u prijedorskoj bolnici nije vakcinisano - PrijedorDanas.com - Prijedorski gradski portal\" \/>\n<meta property=\"og:description\" content=\"Epidemiolo\u0161ka situacija u Srpskoj i dalje je nepovoljna, a ljekari upozoravaju da, s obzirom na zaraznost soja koji je dominantan, te lo\u0161 odziv imunizaciji, mo\u017eemo o\u010dekivati nastavak porasta broja kako [&hellip;]\" \/>\n<meta property=\"og:url\" content=\"https:\/\/www.prijedordanas.com\/?p=176152\" \/>\n<meta property=\"og:site_name\" content=\"PrijedorDanas.com - Prijedorski gradski portal\" \/>\n<meta property=\"article:publisher\" content=\"https:\/\/www.facebook.com\/PrijedorDanasCom\/\" \/>\n<meta property=\"article:published_time\" content=\"2021-10-31T20:54:56+00:00\" \/>\n<meta property=\"og:image\" content=\"https:\/\/www.prijedordanas.com\/wp-content\/uploads\/2021\/10\/blic-ukc-kovid-odjeljenje-300x225.jpg\" \/>\n<meta name=\"author\" content=\"admin\" \/>\n<meta name=\"twitter:card\" content=\"summary_large_image\" \/>\n<meta name=\"twitter:label1\" content=\"Written by\" \/>\n\t<meta name=\"twitter:data1\" content=\"admin\" \/>\n\t<meta name=\"twitter:label2\" content=\"Est. reading time\" \/>\n\t<meta name=\"twitter:data2\" content=\"6 minutes\" \/>\n<script type=\"application\/ld+json\" class=\"yoast-schema-graph\">{\"@context\":\"https:\/\/schema.org\",\"@graph\":[{\"@type\":\"Article\",\"@id\":\"https:\/\/www.prijedordanas.com\/?p=176152#article\",\"isPartOf\":{\"@id\":\"https:\/\/www.prijedordanas.com\/?p=176152\"},\"author\":{\"name\":\"admin\",\"@id\":\"https:\/\/www.prijedordanas.com\/#\/schema\/person\/4e08ccf29b506ca916ff86d46bb700e6\"},\"headline\":\"Nikako da se dozovemo pameti &#8211; Umiremo od korone, a bje\u017eimo od vakcine: Najmanje 90 odsto hospitalizovanih u prijedorskoj bolnici nije vakcinisano\",\"datePublished\":\"2021-10-31T20:54:56+00:00\",\"dateModified\":\"2021-10-31T20:54:56+00:00\",\"mainEntityOfPage\":{\"@id\":\"https:\/\/www.prijedordanas.com\/?p=176152\"},\"wordCount\":1292,\"publisher\":{\"@id\":\"https:\/\/www.prijedordanas.com\/#organization\"},\"articleSection\":[\"Svakodnevno\"],\"inLanguage\":\"en-US\"},{\"@type\":\"WebPage\",\"@id\":\"https:\/\/www.prijedordanas.com\/?p=176152\",\"url\":\"https:\/\/www.prijedordanas.com\/?p=176152\",\"name\":\"Nikako da se dozovemo pameti - Umiremo od korone, a bje\u017eimo od vakcine: Najmanje 90 odsto hospitalizovanih u prijedorskoj bolnici nije vakcinisano - PrijedorDanas.com - Prijedorski gradski portal\",\"isPartOf\":{\"@id\":\"https:\/\/www.prijedordanas.com\/#website\"},\"datePublished\":\"2021-10-31T20:54:56+00:00\",\"dateModified\":\"2021-10-31T20:54:56+00:00\",\"breadcrumb\":{\"@id\":\"https:\/\/www.prijedordanas.com\/?p=176152#breadcrumb\"},\"inLanguage\":\"en-US\",\"potentialAction\":[{\"@type\":\"ReadAction\",\"target\":[\"https:\/\/www.prijedordanas.com\/?p=176152\"]}]},{\"@type\":\"BreadcrumbList\",\"@id\":\"https:\/\/www.prijedordanas.com\/?p=176152#breadcrumb\",\"itemListElement\":[{\"@type\":\"ListItem\",\"position\":1,\"name\":\"Home\",\"item\":\"https:\/\/www.prijedordanas.com\/\"},{\"@type\":\"ListItem\",\"position\":2,\"name\":\"Nikako da se dozovemo pameti &#8211; Umiremo od korone, a bje\u017eimo od vakcine: Najmanje 90 odsto hospitalizovanih u prijedorskoj bolnici nije vakcinisano\"}]},{\"@type\":\"WebSite\",\"@id\":\"https:\/\/www.prijedordanas.com\/#website\",\"url\":\"https:\/\/www.prijedordanas.com\/\",\"name\":\"PrijedorDanas.com - Prijedorski gradski portal\",\"description\":\"Portal o doga\u0111anjima u gradu Prijedoru\",\"publisher\":{\"@id\":\"https:\/\/www.prijedordanas.com\/#organization\"},\"potentialAction\":[{\"@type\":\"SearchAction\",\"target\":{\"@type\":\"EntryPoint\",\"urlTemplate\":\"https:\/\/www.prijedordanas.com\/?s={search_term_string}\"},\"query-input\":\"required name=search_term_string\"}],\"inLanguage\":\"en-US\"},{\"@type\":\"Organization\",\"@id\":\"https:\/\/www.prijedordanas.com\/#organization\",\"name\":\"PrijedorDanas.com\",\"url\":\"https:\/\/www.prijedordanas.com\/\",\"logo\":{\"@type\":\"ImageObject\",\"inLanguage\":\"en-US\",\"@id\":\"https:\/\/www.prijedordanas.com\/#\/schema\/logo\/image\/\",\"url\":\"http:\/\/www.prijedordanas.com\/wp-content\/uploads\/2021\/12\/logopng.png\",\"contentUrl\":\"http:\/\/www.prijedordanas.com\/wp-content\/uploads\/2021\/12\/logopng.png\",\"width\":1019,\"height\":776,\"caption\":\"PrijedorDanas.com\"},\"image\":{\"@id\":\"https:\/\/www.prijedordanas.com\/#\/schema\/logo\/image\/\"},\"sameAs\":[\"https:\/\/www.facebook.com\/PrijedorDanasCom\/\"]},{\"@type\":\"Person\",\"@id\":\"https:\/\/www.prijedordanas.com\/#\/schema\/person\/4e08ccf29b506ca916ff86d46bb700e6\",\"name\":\"admin\",\"image\":{\"@type\":\"ImageObject\",\"inLanguage\":\"en-US\",\"@id\":\"https:\/\/www.prijedordanas.com\/#\/schema\/person\/image\/\",\"url\":\"https:\/\/secure.gravatar.com\/avatar\/1d3fc949d550f0b53a5f0d51e06dfd79?s=96&d=mm&r=g\",\"contentUrl\":\"https:\/\/secure.gravatar.com\/avatar\/1d3fc949d550f0b53a5f0d51e06dfd79?s=96&d=mm&r=g\",\"caption\":\"admin\"},\"url\":\"https:\/\/www.prijedordanas.com\/?author=1\"}]}<\/script>\n<!-- \/ Yoast SEO plugin. -->","yoast_head_json":{"title":"Nikako da se dozovemo pameti - Umiremo od korone, a bje\u017eimo od vakcine: Najmanje 90 odsto hospitalizovanih u prijedorskoj bolnici nije vakcinisano - PrijedorDanas.com - Prijedorski gradski portal","robots":{"index":"index","follow":"follow","max-snippet":"max-snippet:-1","max-image-preview":"max-image-preview:large","max-video-preview":"max-video-preview:-1"},"canonical":"https:\/\/www.prijedordanas.com\/?p=176152","og_locale":"en_US","og_type":"article","og_title":"Nikako da se dozovemo pameti - Umiremo od korone, a bje\u017eimo od vakcine: Najmanje 90 odsto hospitalizovanih u prijedorskoj bolnici nije vakcinisano - PrijedorDanas.com - Prijedorski gradski portal","og_description":"Epidemiolo\u0161ka situacija u Srpskoj i dalje je nepovoljna, a ljekari upozoravaju da, s obzirom na zaraznost soja koji je dominantan, te lo\u0161 odziv imunizaciji, mo\u017eemo o\u010dekivati nastavak porasta broja kako [&hellip;]","og_url":"https:\/\/www.prijedordanas.com\/?p=176152","og_site_name":"PrijedorDanas.com - Prijedorski gradski portal","article_publisher":"https:\/\/www.facebook.com\/PrijedorDanasCom\/","article_published_time":"2021-10-31T20:54:56+00:00","og_image":[{"url":"https:\/\/www.prijedordanas.com\/wp-content\/uploads\/2021\/10\/blic-ukc-kovid-odjeljenje-300x225.jpg"}],"author":"admin","twitter_card":"summary_large_image","twitter_misc":{"Written by":"admin","Est. reading time":"6 minutes"},"schema":{"@context":"https:\/\/schema.org","@graph":[{"@type":"Article","@id":"https:\/\/www.prijedordanas.com\/?p=176152#article","isPartOf":{"@id":"https:\/\/www.prijedordanas.com\/?p=176152"},"author":{"name":"admin","@id":"https:\/\/www.prijedordanas.com\/#\/schema\/person\/4e08ccf29b506ca916ff86d46bb700e6"},"headline":"Nikako da se dozovemo pameti &#8211; Umiremo od korone, a bje\u017eimo od vakcine: Najmanje 90 odsto hospitalizovanih u prijedorskoj bolnici nije vakcinisano","datePublished":"2021-10-31T20:54:56+00:00","dateModified":"2021-10-31T20:54:56+00:00","mainEntityOfPage":{"@id":"https:\/\/www.prijedordanas.com\/?p=176152"},"wordCount":1292,"publisher":{"@id":"https:\/\/www.prijedordanas.com\/#organization"},"articleSection":["Svakodnevno"],"inLanguage":"en-US"},{"@type":"WebPage","@id":"https:\/\/www.prijedordanas.com\/?p=176152","url":"https:\/\/www.prijedordanas.com\/?p=176152","name":"Nikako da se dozovemo pameti - Umiremo od korone, a bje\u017eimo od vakcine: Najmanje 90 odsto hospitalizovanih u prijedorskoj bolnici nije vakcinisano - PrijedorDanas.com - Prijedorski gradski portal","isPartOf":{"@id":"https:\/\/www.prijedordanas.com\/#website"},"datePublished":"2021-10-31T20:54:56+00:00","dateModified":"2021-10-31T20:54:56+00:00","breadcrumb":{"@id":"https:\/\/www.prijedordanas.com\/?p=176152#breadcrumb"},"inLanguage":"en-US","potentialAction":[{"@type":"ReadAction","target":["https:\/\/www.prijedordanas.com\/?p=176152"]}]},{"@type":"BreadcrumbList","@id":"https:\/\/www.prijedordanas.com\/?p=176152#breadcrumb","itemListElement":[{"@type":"ListItem","position":1,"name":"Home","item":"https:\/\/www.prijedordanas.com\/"},{"@type":"ListItem","position":2,"name":"Nikako da se dozovemo pameti &#8211; Umiremo od korone, a bje\u017eimo od vakcine: Najmanje 90 odsto hospitalizovanih u prijedorskoj bolnici nije vakcinisano"}]},{"@type":"WebSite","@id":"https:\/\/www.prijedordanas.com\/#website","url":"https:\/\/www.prijedordanas.com\/","name":"PrijedorDanas.com - Prijedorski gradski portal","description":"Portal o doga\u0111anjima u gradu Prijedoru","publisher":{"@id":"https:\/\/www.prijedordanas.com\/#organization"},"potentialAction":[{"@type":"SearchAction","target":{"@type":"EntryPoint","urlTemplate":"https:\/\/www.prijedordanas.com\/?s={search_term_string}"},"query-input":"required name=search_term_string"}],"inLanguage":"en-US"},{"@type":"Organization","@id":"https:\/\/www.prijedordanas.com\/#organization","name":"PrijedorDanas.com","url":"https:\/\/www.prijedordanas.com\/","logo":{"@type":"ImageObject","inLanguage":"en-US","@id":"https:\/\/www.prijedordanas.com\/#\/schema\/logo\/image\/","url":"http:\/\/www.prijedordanas.com\/wp-content\/uploads\/2021\/12\/logopng.png","contentUrl":"http:\/\/www.prijedordanas.com\/wp-content\/uploads\/2021\/12\/logopng.png","width":1019,"height":776,"caption":"PrijedorDanas.com"},"image":{"@id":"https:\/\/www.prijedordanas.com\/#\/schema\/logo\/image\/"},"sameAs":["https:\/\/www.facebook.com\/PrijedorDanasCom\/"]},{"@type":"Person","@id":"https:\/\/www.prijedordanas.com\/#\/schema\/person\/4e08ccf29b506ca916ff86d46bb700e6","name":"admin","image":{"@type":"ImageObject","inLanguage":"en-US","@id":"https:\/\/www.prijedordanas.com\/#\/schema\/person\/image\/","url":"https:\/\/secure.gravatar.com\/avatar\/1d3fc949d550f0b53a5f0d51e06dfd79?s=96&d=mm&r=g","contentUrl":"https:\/\/secure.gravatar.com\/avatar\/1d3fc949d550f0b53a5f0d51e06dfd79?s=96&d=mm&r=g","caption":"admin"},"url":"https:\/\/www.prijedordanas.com\/?author=1"}]}},"_links":{"self":[{"href":"https:\/\/www.prijedordanas.com\/index.php?rest_route=\/wp\/v2\/posts\/176152"}],"collection":[{"href":"https:\/\/www.prijedordanas.com\/index.php?rest_route=\/wp\/v2\/posts"}],"about":[{"href":"https:\/\/www.prijedordanas.com\/index.php?rest_route=\/wp\/v2\/types\/post"}],"author":[{"embeddable":true,"href":"https:\/\/www.prijedordanas.com\/index.php?rest_route=\/wp\/v2\/users\/1"}],"replies":[{"embeddable":true,"href":"https:\/\/www.prijedordanas.com\/index.php?rest_route=%2Fwp%2Fv2%2Fcomments&post=176152"}],"version-history":[{"count":1,"href":"https:\/\/www.prijedordanas.com\/index.php?rest_route=\/wp\/v2\/posts\/176152\/revisions"}],"predecessor-version":[{"id":176154,"href":"https:\/\/www.prijedordanas.com\/index.php?rest_route=\/wp\/v2\/posts\/176152\/revisions\/176154"}],"wp:attachment":[{"href":"https:\/\/www.prijedordanas.com\/index.php?rest_route=%2Fwp%2Fv2%2Fmedia&parent=176152"}],"wp:term":[{"taxonomy":"category","embeddable":true,"href":"https:\/\/www.prijedordanas.com\/index.php?rest_route=%2Fwp%2Fv2%2Fcategories&post=176152"},{"taxonomy":"post_tag","embeddable":true,"href":"https:\/\/www.prijedordanas.com\/index.php?rest_route=%2Fwp%2Fv2%2Ftags&post=176152"}],"curies":[{"name":"wp","href":"https:\/\/api.w.org\/{rel}","templated":true}]}}