{"id":176051,"date":"2021-10-29T20:46:12","date_gmt":"2021-10-29T18:46:12","guid":{"rendered":"https:\/\/www.prijedordanas.com\/?p=176051"},"modified":"2021-10-29T20:46:12","modified_gmt":"2021-10-29T18:46:12","slug":"otvoreno-igraliste-u-dvoristu-skole-u-donjoj-dragotinji-foto","status":"publish","type":"post","link":"https:\/\/www.prijedordanas.com\/?p=176051","title":{"rendered":"Otvoreno igrali\u0161te u dvori\u0161tu \u0161kole u Donjoj Dragotinji &#8211; FOTO"},"content":{"rendered":"<p><a href=\"https:\/\/www.prijedordanas.com\/wp-content\/uploads\/2021\/10\/prijedorgradorg-djecije-igraliste-donja-dragotinja-1.jpg\"><img loading=\"lazy\" decoding=\"async\" class=\"alignleft size-medium wp-image-176052\" src=\"https:\/\/www.prijedordanas.com\/wp-content\/uploads\/2021\/10\/prijedorgradorg-djecije-igraliste-donja-dragotinja-1-300x225.jpg\" alt=\"\" width=\"300\" height=\"225\" srcset=\"https:\/\/www.prijedordanas.com\/wp-content\/uploads\/2021\/10\/prijedorgradorg-djecije-igraliste-donja-dragotinja-1-300x225.jpg 300w, https:\/\/www.prijedordanas.com\/wp-content\/uploads\/2021\/10\/prijedorgradorg-djecije-igraliste-donja-dragotinja-1-640x480.jpg 640w, https:\/\/www.prijedordanas.com\/wp-content\/uploads\/2021\/10\/prijedorgradorg-djecije-igraliste-donja-dragotinja-1.jpg 667w\" sizes=\"(max-width: 300px) 100vw, 300px\" \/><\/a>U dvori\u0161tu podru\u010dne Osnovne \u0161kole &#8220;Jovan Cviji\u0107&#8221; u Donjoj Dragotinji danas je otvoreno jo\u0161 jedno dje\u010dije igrali\u0161te u okviru akcije &#8220;Za sre\u0107no djetinjstvo&#8221; koje zajedni\u010dki provode Grad Prijedor i prijedorski privrednici.<\/p>\n<p>Ovo igrali\u0161te opremila je Fabrika namje\u0161taja &#8220;Javor&#8221; iz Prijedora.<\/p>\n<p>Menad\u017eer ovog privrednog dru\u0161tva Goran \u0160alabalija izjavio je da su se odazvali ovoj akciji grada i svojim u\u010de\u0161\u0107em se pridru\u017eili onim prijedorskim privrednicima koji su \u017eeljeli da uljep\u0161aju djetinjstvo svojim najmla\u0111im sugra\u0111anima.<\/p>\n<p>Zamjenik gradona\u010delnika \u017darko Kova\u010devi\u0107, koji je prisustvovao ovoj doga\u0111aju izjavio je da se da ovaj na\u010din pokazuje da Prijedor nije samo zona oko Patrije i \u0161etali\u0161ta.<\/p>\n<p><a href=\"https:\/\/www.prijedordanas.com\/wp-content\/uploads\/2021\/10\/prijedorgradorg-djecije-igraliste-donja-dragotinja-3.jpg\"><img loading=\"lazy\" decoding=\"async\" src=\"https:\/\/www.prijedordanas.com\/wp-content\/uploads\/2021\/10\/prijedorgradorg-djecije-igraliste-donja-dragotinja-3-300x200.jpg\" alt=\"\" width=\"300\" height=\"200\" class=\"alignleft size-medium wp-image-176053\" srcset=\"https:\/\/www.prijedordanas.com\/wp-content\/uploads\/2021\/10\/prijedorgradorg-djecije-igraliste-donja-dragotinja-3-300x200.jpg 300w, https:\/\/www.prijedordanas.com\/wp-content\/uploads\/2021\/10\/prijedorgradorg-djecije-igraliste-donja-dragotinja-3-480x320.jpg 480w, https:\/\/www.prijedordanas.com\/wp-content\/uploads\/2021\/10\/prijedorgradorg-djecije-igraliste-donja-dragotinja-3.jpg 600w\" sizes=\"(max-width: 300px) 100vw, 300px\" \/><\/a>&#8220;Igrali\u0161ta pravimo i u ruralnim mjesnim zajednicama i nismo zaboravili ni podru\u010dne \u0161kole i tako \u0107emo nastaviti i dalje&#8221;, rekao je Kova\u010devi\u0107.<\/p>\n<p>Vr\u0161ilac du\u017enosti direktora O\u0160 &#8220;Jovan Cviji\u0107&#8221; Branka \u0160alabalija izjavila je novinarima da je ovo jedna jako lijepa akcija.<\/p>\n<p>&#8220;To je akcija u kojoj prvenstveno pru\u017eamo radost djeci i ja sam kao \u010dovjek i kao majka jako sre\u0107na i drago mi je \u0161to i podru\u010dna odjeljenja nisu izostavljena i zaboravljena i nadam se da \u0107e tako biti i ubudu\u0107e&#8221;, kazala je \u0160alabalija.<\/p>\n<p>Ona je dodala da u ovoj \u0161koli trenutno boravi 19 u\u010denika uzrasta od prvog do petog razreda kao i da je u toku rekonstrukcija krova koju finansira Vlada Republike Srpske.<\/p>\n<p><a href=\"http:\/\/prijedorgrad.org\/sr-EU\/vijesti-sadrzaj.html?vid=13221\" target=\"_blank\" rel=\"noopener\">prijedorgrad.org<\/a><\/p>\n<p><a href=\"https:\/\/www.prijedordanas.com\/wp-content\/uploads\/2021\/10\/prijedorgradorg-djecije-igraliste-donja-dragotinja-2.jpg\"><img loading=\"lazy\" decoding=\"async\" src=\"https:\/\/www.prijedordanas.com\/wp-content\/uploads\/2021\/10\/prijedorgradorg-djecije-igraliste-donja-dragotinja-2-300x200.jpg\" alt=\"\" width=\"300\" height=\"200\" class=\"alignleft size-medium wp-image-176054\" srcset=\"https:\/\/www.prijedordanas.com\/wp-content\/uploads\/2021\/10\/prijedorgradorg-djecije-igraliste-donja-dragotinja-2-300x200.jpg 300w, https:\/\/www.prijedordanas.com\/wp-content\/uploads\/2021\/10\/prijedorgradorg-djecije-igraliste-donja-dragotinja-2-480x320.jpg 480w, https:\/\/www.prijedordanas.com\/wp-content\/uploads\/2021\/10\/prijedorgradorg-djecije-igraliste-donja-dragotinja-2.jpg 600w\" sizes=\"(max-width: 300px) 100vw, 300px\" \/><\/a> <a href=\"https:\/\/www.prijedordanas.com\/wp-content\/uploads\/2021\/10\/prijedorgradorg-djecije-igraliste-donja-dragotinja-4.jpg\"><img loading=\"lazy\" decoding=\"async\" src=\"https:\/\/www.prijedordanas.com\/wp-content\/uploads\/2021\/10\/prijedorgradorg-djecije-igraliste-donja-dragotinja-4-300x200.jpg\" alt=\"\" width=\"300\" height=\"200\" class=\"alignleft size-medium wp-image-176055\" srcset=\"https:\/\/www.prijedordanas.com\/wp-content\/uploads\/2021\/10\/prijedorgradorg-djecije-igraliste-donja-dragotinja-4-300x200.jpg 300w, https:\/\/www.prijedordanas.com\/wp-content\/uploads\/2021\/10\/prijedorgradorg-djecije-igraliste-donja-dragotinja-4-480x320.jpg 480w, https:\/\/www.prijedordanas.com\/wp-content\/uploads\/2021\/10\/prijedorgradorg-djecije-igraliste-donja-dragotinja-4.jpg 600w\" sizes=\"(max-width: 300px) 100vw, 300px\" \/><\/a> <a href=\"https:\/\/www.prijedordanas.com\/wp-content\/uploads\/2021\/10\/prijedorgradorg-djecije-igraliste-donja-dragotinja-5.jpg\"><img loading=\"lazy\" decoding=\"async\" src=\"https:\/\/www.prijedordanas.com\/wp-content\/uploads\/2021\/10\/prijedorgradorg-djecije-igraliste-donja-dragotinja-5-200x300.jpg\" alt=\"\" width=\"200\" height=\"300\" class=\"alignleft size-medium wp-image-176056\" srcset=\"https:\/\/www.prijedordanas.com\/wp-content\/uploads\/2021\/10\/prijedorgradorg-djecije-igraliste-donja-dragotinja-5-200x300.jpg 200w, https:\/\/www.prijedordanas.com\/wp-content\/uploads\/2021\/10\/prijedorgradorg-djecije-igraliste-donja-dragotinja-5.jpg 400w\" sizes=\"(max-width: 200px) 100vw, 200px\" \/><\/a><\/p>\n","protected":false},"excerpt":{"rendered":"<p>U dvori\u0161tu podru\u010dne Osnovne \u0161kole &#8220;Jovan Cviji\u0107&#8221; u Donjoj Dragotinji danas je otvoreno jo\u0161 jedno dje\u010dije igrali\u0161te u okviru akcije &#8220;Za sre\u0107no djetinjstvo&#8221; koje zajedni\u010dki provode Grad Prijedor i prijedorski [&hellip;]<\/p>\n","protected":false},"author":1,"featured_media":0,"comment_status":"closed","ping_status":"open","sticky":false,"template":"","format":"standard","meta":{"_monsterinsights_skip_tracking":false,"_monsterinsights_sitenote_active":false,"_monsterinsights_sitenote_note":"","_monsterinsights_sitenote_category":0,"footnotes":""},"categories":[7515,7518],"tags":[],"yoast_head":"<!-- This site is optimized with the Yoast SEO plugin v21.6 - https:\/\/yoast.com\/wordpress\/plugins\/seo\/ -->\n<title>Otvoreno igrali\u0161te u dvori\u0161tu \u0161kole u Donjoj Dragotinji - FOTO - PrijedorDanas.com - Prijedorski gradski portal<\/title>\n<meta name=\"robots\" content=\"index, follow, max-snippet:-1, max-image-preview:large, max-video-preview:-1\" \/>\n<link rel=\"canonical\" href=\"https:\/\/www.prijedordanas.com\/?p=176051\" \/>\n<meta property=\"og:locale\" content=\"en_US\" \/>\n<meta property=\"og:type\" content=\"article\" \/>\n<meta property=\"og:title\" content=\"Otvoreno igrali\u0161te u dvori\u0161tu \u0161kole u Donjoj Dragotinji - FOTO - PrijedorDanas.com - Prijedorski gradski portal\" \/>\n<meta property=\"og:description\" content=\"U dvori\u0161tu podru\u010dne Osnovne \u0161kole &#8220;Jovan Cviji\u0107&#8221; u Donjoj Dragotinji danas je otvoreno jo\u0161 jedno dje\u010dije igrali\u0161te u okviru akcije &#8220;Za sre\u0107no djetinjstvo&#8221; koje zajedni\u010dki provode Grad Prijedor i prijedorski [&hellip;]\" \/>\n<meta property=\"og:url\" content=\"https:\/\/www.prijedordanas.com\/?p=176051\" \/>\n<meta property=\"og:site_name\" content=\"PrijedorDanas.com - Prijedorski gradski portal\" \/>\n<meta property=\"article:publisher\" content=\"https:\/\/www.facebook.com\/PrijedorDanasCom\/\" \/>\n<meta property=\"article:published_time\" content=\"2021-10-29T18:46:12+00:00\" \/>\n<meta property=\"og:image\" content=\"https:\/\/www.prijedordanas.com\/wp-content\/uploads\/2021\/10\/prijedorgradorg-djecije-igraliste-donja-dragotinja-1-300x225.jpg\" \/>\n<meta name=\"author\" content=\"admin\" \/>\n<meta name=\"twitter:card\" content=\"summary_large_image\" \/>\n<meta name=\"twitter:label1\" content=\"Written by\" \/>\n\t<meta name=\"twitter:data1\" content=\"admin\" \/>\n\t<meta name=\"twitter:label2\" content=\"Est. reading time\" \/>\n\t<meta name=\"twitter:data2\" content=\"1 minute\" \/>\n<script type=\"application\/ld+json\" class=\"yoast-schema-graph\">{\"@context\":\"https:\/\/schema.org\",\"@graph\":[{\"@type\":\"Article\",\"@id\":\"https:\/\/www.prijedordanas.com\/?p=176051#article\",\"isPartOf\":{\"@id\":\"https:\/\/www.prijedordanas.com\/?p=176051\"},\"author\":{\"name\":\"admin\",\"@id\":\"https:\/\/www.prijedordanas.com\/#\/schema\/person\/4e08ccf29b506ca916ff86d46bb700e6\"},\"headline\":\"Otvoreno igrali\u0161te u dvori\u0161tu \u0161kole u Donjoj Dragotinji &#8211; FOTO\",\"datePublished\":\"2021-10-29T18:46:12+00:00\",\"dateModified\":\"2021-10-29T18:46:12+00:00\",\"mainEntityOfPage\":{\"@id\":\"https:\/\/www.prijedordanas.com\/?p=176051\"},\"wordCount\":255,\"publisher\":{\"@id\":\"https:\/\/www.prijedordanas.com\/#organization\"},\"articleSection\":[\"Foto dana\",\"Mladi\"],\"inLanguage\":\"en-US\"},{\"@type\":\"WebPage\",\"@id\":\"https:\/\/www.prijedordanas.com\/?p=176051\",\"url\":\"https:\/\/www.prijedordanas.com\/?p=176051\",\"name\":\"Otvoreno igrali\u0161te u dvori\u0161tu \u0161kole u Donjoj Dragotinji - FOTO - PrijedorDanas.com - Prijedorski gradski portal\",\"isPartOf\":{\"@id\":\"https:\/\/www.prijedordanas.com\/#website\"},\"datePublished\":\"2021-10-29T18:46:12+00:00\",\"dateModified\":\"2021-10-29T18:46:12+00:00\",\"breadcrumb\":{\"@id\":\"https:\/\/www.prijedordanas.com\/?p=176051#breadcrumb\"},\"inLanguage\":\"en-US\",\"potentialAction\":[{\"@type\":\"ReadAction\",\"target\":[\"https:\/\/www.prijedordanas.com\/?p=176051\"]}]},{\"@type\":\"BreadcrumbList\",\"@id\":\"https:\/\/www.prijedordanas.com\/?p=176051#breadcrumb\",\"itemListElement\":[{\"@type\":\"ListItem\",\"position\":1,\"name\":\"Home\",\"item\":\"https:\/\/www.prijedordanas.com\/\"},{\"@type\":\"ListItem\",\"position\":2,\"name\":\"Otvoreno igrali\u0161te u dvori\u0161tu \u0161kole u Donjoj Dragotinji &#8211; FOTO\"}]},{\"@type\":\"WebSite\",\"@id\":\"https:\/\/www.prijedordanas.com\/#website\",\"url\":\"https:\/\/www.prijedordanas.com\/\",\"name\":\"PrijedorDanas.com - Prijedorski gradski portal\",\"description\":\"Portal o doga\u0111anjima u gradu Prijedoru\",\"publisher\":{\"@id\":\"https:\/\/www.prijedordanas.com\/#organization\"},\"potentialAction\":[{\"@type\":\"SearchAction\",\"target\":{\"@type\":\"EntryPoint\",\"urlTemplate\":\"https:\/\/www.prijedordanas.com\/?s={search_term_string}\"},\"query-input\":\"required name=search_term_string\"}],\"inLanguage\":\"en-US\"},{\"@type\":\"Organization\",\"@id\":\"https:\/\/www.prijedordanas.com\/#organization\",\"name\":\"PrijedorDanas.com\",\"url\":\"https:\/\/www.prijedordanas.com\/\",\"logo\":{\"@type\":\"ImageObject\",\"inLanguage\":\"en-US\",\"@id\":\"https:\/\/www.prijedordanas.com\/#\/schema\/logo\/image\/\",\"url\":\"http:\/\/www.prijedordanas.com\/wp-content\/uploads\/2021\/12\/logopng.png\",\"contentUrl\":\"http:\/\/www.prijedordanas.com\/wp-content\/uploads\/2021\/12\/logopng.png\",\"width\":1019,\"height\":776,\"caption\":\"PrijedorDanas.com\"},\"image\":{\"@id\":\"https:\/\/www.prijedordanas.com\/#\/schema\/logo\/image\/\"},\"sameAs\":[\"https:\/\/www.facebook.com\/PrijedorDanasCom\/\"]},{\"@type\":\"Person\",\"@id\":\"https:\/\/www.prijedordanas.com\/#\/schema\/person\/4e08ccf29b506ca916ff86d46bb700e6\",\"name\":\"admin\",\"image\":{\"@type\":\"ImageObject\",\"inLanguage\":\"en-US\",\"@id\":\"https:\/\/www.prijedordanas.com\/#\/schema\/person\/image\/\",\"url\":\"https:\/\/secure.gravatar.com\/avatar\/1d3fc949d550f0b53a5f0d51e06dfd79?s=96&d=mm&r=g\",\"contentUrl\":\"https:\/\/secure.gravatar.com\/avatar\/1d3fc949d550f0b53a5f0d51e06dfd79?s=96&d=mm&r=g\",\"caption\":\"admin\"},\"url\":\"https:\/\/www.prijedordanas.com\/?author=1\"}]}<\/script>\n<!-- \/ Yoast SEO plugin. -->","yoast_head_json":{"title":"Otvoreno igrali\u0161te u dvori\u0161tu \u0161kole u Donjoj Dragotinji - FOTO - PrijedorDanas.com - Prijedorski gradski portal","robots":{"index":"index","follow":"follow","max-snippet":"max-snippet:-1","max-image-preview":"max-image-preview:large","max-video-preview":"max-video-preview:-1"},"canonical":"https:\/\/www.prijedordanas.com\/?p=176051","og_locale":"en_US","og_type":"article","og_title":"Otvoreno igrali\u0161te u dvori\u0161tu \u0161kole u Donjoj Dragotinji - FOTO - PrijedorDanas.com - Prijedorski gradski portal","og_description":"U dvori\u0161tu podru\u010dne Osnovne \u0161kole &#8220;Jovan Cviji\u0107&#8221; u Donjoj Dragotinji danas je otvoreno jo\u0161 jedno dje\u010dije igrali\u0161te u okviru akcije &#8220;Za sre\u0107no djetinjstvo&#8221; koje zajedni\u010dki provode Grad Prijedor i prijedorski [&hellip;]","og_url":"https:\/\/www.prijedordanas.com\/?p=176051","og_site_name":"PrijedorDanas.com - Prijedorski gradski portal","article_publisher":"https:\/\/www.facebook.com\/PrijedorDanasCom\/","article_published_time":"2021-10-29T18:46:12+00:00","og_image":[{"url":"https:\/\/www.prijedordanas.com\/wp-content\/uploads\/2021\/10\/prijedorgradorg-djecije-igraliste-donja-dragotinja-1-300x225.jpg"}],"author":"admin","twitter_card":"summary_large_image","twitter_misc":{"Written by":"admin","Est. reading time":"1 minute"},"schema":{"@context":"https:\/\/schema.org","@graph":[{"@type":"Article","@id":"https:\/\/www.prijedordanas.com\/?p=176051#article","isPartOf":{"@id":"https:\/\/www.prijedordanas.com\/?p=176051"},"author":{"name":"admin","@id":"https:\/\/www.prijedordanas.com\/#\/schema\/person\/4e08ccf29b506ca916ff86d46bb700e6"},"headline":"Otvoreno igrali\u0161te u dvori\u0161tu \u0161kole u Donjoj Dragotinji &#8211; FOTO","datePublished":"2021-10-29T18:46:12+00:00","dateModified":"2021-10-29T18:46:12+00:00","mainEntityOfPage":{"@id":"https:\/\/www.prijedordanas.com\/?p=176051"},"wordCount":255,"publisher":{"@id":"https:\/\/www.prijedordanas.com\/#organization"},"articleSection":["Foto dana","Mladi"],"inLanguage":"en-US"},{"@type":"WebPage","@id":"https:\/\/www.prijedordanas.com\/?p=176051","url":"https:\/\/www.prijedordanas.com\/?p=176051","name":"Otvoreno igrali\u0161te u dvori\u0161tu \u0161kole u Donjoj Dragotinji - FOTO - PrijedorDanas.com - Prijedorski gradski portal","isPartOf":{"@id":"https:\/\/www.prijedordanas.com\/#website"},"datePublished":"2021-10-29T18:46:12+00:00","dateModified":"2021-10-29T18:46:12+00:00","breadcrumb":{"@id":"https:\/\/www.prijedordanas.com\/?p=176051#breadcrumb"},"inLanguage":"en-US","potentialAction":[{"@type":"ReadAction","target":["https:\/\/www.prijedordanas.com\/?p=176051"]}]},{"@type":"BreadcrumbList","@id":"https:\/\/www.prijedordanas.com\/?p=176051#breadcrumb","itemListElement":[{"@type":"ListItem","position":1,"name":"Home","item":"https:\/\/www.prijedordanas.com\/"},{"@type":"ListItem","position":2,"name":"Otvoreno igrali\u0161te u dvori\u0161tu \u0161kole u Donjoj Dragotinji &#8211; FOTO"}]},{"@type":"WebSite","@id":"https:\/\/www.prijedordanas.com\/#website","url":"https:\/\/www.prijedordanas.com\/","name":"PrijedorDanas.com - Prijedorski gradski portal","description":"Portal o doga\u0111anjima u gradu Prijedoru","publisher":{"@id":"https:\/\/www.prijedordanas.com\/#organization"},"potentialAction":[{"@type":"SearchAction","target":{"@type":"EntryPoint","urlTemplate":"https:\/\/www.prijedordanas.com\/?s={search_term_string}"},"query-input":"required name=search_term_string"}],"inLanguage":"en-US"},{"@type":"Organization","@id":"https:\/\/www.prijedordanas.com\/#organization","name":"PrijedorDanas.com","url":"https:\/\/www.prijedordanas.com\/","logo":{"@type":"ImageObject","inLanguage":"en-US","@id":"https:\/\/www.prijedordanas.com\/#\/schema\/logo\/image\/","url":"http:\/\/www.prijedordanas.com\/wp-content\/uploads\/2021\/12\/logopng.png","contentUrl":"http:\/\/www.prijedordanas.com\/wp-content\/uploads\/2021\/12\/logopng.png","width":1019,"height":776,"caption":"PrijedorDanas.com"},"image":{"@id":"https:\/\/www.prijedordanas.com\/#\/schema\/logo\/image\/"},"sameAs":["https:\/\/www.facebook.com\/PrijedorDanasCom\/"]},{"@type":"Person","@id":"https:\/\/www.prijedordanas.com\/#\/schema\/person\/4e08ccf29b506ca916ff86d46bb700e6","name":"admin","image":{"@type":"ImageObject","inLanguage":"en-US","@id":"https:\/\/www.prijedordanas.com\/#\/schema\/person\/image\/","url":"https:\/\/secure.gravatar.com\/avatar\/1d3fc949d550f0b53a5f0d51e06dfd79?s=96&d=mm&r=g","contentUrl":"https:\/\/secure.gravatar.com\/avatar\/1d3fc949d550f0b53a5f0d51e06dfd79?s=96&d=mm&r=g","caption":"admin"},"url":"https:\/\/www.prijedordanas.com\/?author=1"}]}},"_links":{"self":[{"href":"https:\/\/www.prijedordanas.com\/index.php?rest_route=\/wp\/v2\/posts\/176051"}],"collection":[{"href":"https:\/\/www.prijedordanas.com\/index.php?rest_route=\/wp\/v2\/posts"}],"about":[{"href":"https:\/\/www.prijedordanas.com\/index.php?rest_route=\/wp\/v2\/types\/post"}],"author":[{"embeddable":true,"href":"https:\/\/www.prijedordanas.com\/index.php?rest_route=\/wp\/v2\/users\/1"}],"replies":[{"embeddable":true,"href":"https:\/\/www.prijedordanas.com\/index.php?rest_route=%2Fwp%2Fv2%2Fcomments&post=176051"}],"version-history":[{"count":1,"href":"https:\/\/www.prijedordanas.com\/index.php?rest_route=\/wp\/v2\/posts\/176051\/revisions"}],"predecessor-version":[{"id":176057,"href":"https:\/\/www.prijedordanas.com\/index.php?rest_route=\/wp\/v2\/posts\/176051\/revisions\/176057"}],"wp:attachment":[{"href":"https:\/\/www.prijedordanas.com\/index.php?rest_route=%2Fwp%2Fv2%2Fmedia&parent=176051"}],"wp:term":[{"taxonomy":"category","embeddable":true,"href":"https:\/\/www.prijedordanas.com\/index.php?rest_route=%2Fwp%2Fv2%2Fcategories&post=176051"},{"taxonomy":"post_tag","embeddable":true,"href":"https:\/\/www.prijedordanas.com\/index.php?rest_route=%2Fwp%2Fv2%2Ftags&post=176051"}],"curies":[{"name":"wp","href":"https:\/\/api.w.org\/{rel}","templated":true}]}}