{"id":175967,"date":"2021-10-28T16:11:05","date_gmt":"2021-10-28T14:11:05","guid":{"rendered":"https:\/\/www.prijedordanas.com\/?p=175967"},"modified":"2021-10-28T16:11:05","modified_gmt":"2021-10-28T14:11:05","slug":"prijedor-otvoreno-djecije-igraliste-u-gomjenici-foto","status":"publish","type":"post","link":"https:\/\/www.prijedordanas.com\/?p=175967","title":{"rendered":"Prijedor: Otvoreno dje\u010dije igrali\u0161te u Gomjenici &#8211; FOTO"},"content":{"rendered":"<p><a href=\"https:\/\/www.prijedordanas.com\/wp-content\/uploads\/2021\/10\/prijedorgradorg-djecije-igraliste-gomjenica-1.jpg\"><img loading=\"lazy\" decoding=\"async\" class=\"alignleft size-medium wp-image-175970\" src=\"https:\/\/www.prijedordanas.com\/wp-content\/uploads\/2021\/10\/prijedorgradorg-djecije-igraliste-gomjenica-1-300x225.jpg\" alt=\"\" width=\"300\" height=\"225\" srcset=\"https:\/\/www.prijedordanas.com\/wp-content\/uploads\/2021\/10\/prijedorgradorg-djecije-igraliste-gomjenica-1-300x225.jpg 300w, https:\/\/www.prijedordanas.com\/wp-content\/uploads\/2021\/10\/prijedorgradorg-djecije-igraliste-gomjenica-1-640x480.jpg 640w, https:\/\/www.prijedordanas.com\/wp-content\/uploads\/2021\/10\/prijedorgradorg-djecije-igraliste-gomjenica-1.jpg 667w\" sizes=\"(max-width: 300px) 100vw, 300px\" \/><\/a>U prijedorskom naselju Gomjenica otvoreno je osmo dje\u010dije igrali\u0161te u okviru akcije &#8220;Za sre\u0107no djetinjstvo&#8221; koju grad Prijedor realizuje zajedno s privrednicima.<\/p>\n<p>Rije\u010d je o donaciji preduze\u0107a &#8220;Niskogradnja Marjanovi\u0107&#8221; koje je igrali\u0161te izgradilo u blizini dru\u0161tvenog doma u ovoj mjesnoj zajednici.<\/p>\n<p>Predstavnik ovog privrednog dru\u0161tva Vanja Torbica novinarima je izjavila da im je bilo veliko zadovoljstvo da se odazovu pozivu i akciji koju je organizovao grad Prijedor.<\/p>\n<p>&#8220;Na taj na\u010din smo imali priliku da poka\u017eemo dru\u0161tvenu odgovornost i prema mjesnoj zajednici i gradu u kojem \u017eivimo i radimo&#8221;, rekla je Torbica.<\/p>\n<p><a href=\"https:\/\/www.prijedordanas.com\/wp-content\/uploads\/2021\/10\/prijedorgradorg-djecije-igraliste-gomjenica-2.jpg\"><img loading=\"lazy\" decoding=\"async\" src=\"https:\/\/www.prijedordanas.com\/wp-content\/uploads\/2021\/10\/prijedorgradorg-djecije-igraliste-gomjenica-2-300x225.jpg\" alt=\"\" width=\"300\" height=\"225\" class=\"alignleft size-medium wp-image-175971\" srcset=\"https:\/\/www.prijedordanas.com\/wp-content\/uploads\/2021\/10\/prijedorgradorg-djecije-igraliste-gomjenica-2-300x225.jpg 300w, https:\/\/www.prijedordanas.com\/wp-content\/uploads\/2021\/10\/prijedorgradorg-djecije-igraliste-gomjenica-2-640x480.jpg 640w, https:\/\/www.prijedordanas.com\/wp-content\/uploads\/2021\/10\/prijedorgradorg-djecije-igraliste-gomjenica-2.jpg 667w\" sizes=\"(max-width: 300px) 100vw, 300px\" \/><\/a>Zamjenik gradona\u010delnika \u017darko Kova\u010devi\u0107 se zahvalio svim investitorima koju su pomogli gradu u realizaciji ove akcije.<\/p>\n<p>&#8220;Mada, ako \u0107emo iskreno, mi \u017eivimo u jednoj zajednici u kojoj ne postoji neka prevelika svijest da se toj istoj zajednici, od koje se puno uzme, makar malo i vrati&#8221;, izjavio je Kova\u010devi\u0107.<\/p>\n<p>Mje\u0161tanin Gomjenice Marinko Pavlovi\u0107 je izjavio da je ovo izuzetan projekat za na\u0161u budu\u0107nost, na\u0161u djecu.<\/p>\n<p>&#8220;Ovo \u0107e biti mjesto za igru i dru\u017eenje djece, ali i njihovih porodica i ovakvi projekti treba da se realizuju u svakoj mjesnoj zajednici&#8221;, rekao je Pavlovi\u0107.<\/p>\n<p><a href=\"http:\/\/prijedorgrad.org\/sr-EU\/vijesti-sadrzaj.html?vid=13215\" target=\"_blank\" rel=\"noopener\">prijedorgrad.org<\/a><\/p>\n<p><a href=\"https:\/\/www.prijedordanas.com\/wp-content\/uploads\/2021\/10\/prijedorgradorg-djecije-igraliste-gomjenica-4.jpg\"><img loading=\"lazy\" decoding=\"async\" src=\"https:\/\/www.prijedordanas.com\/wp-content\/uploads\/2021\/10\/prijedorgradorg-djecije-igraliste-gomjenica-4-200x300.jpg\" alt=\"\" width=\"200\" height=\"300\" class=\"alignleft size-medium wp-image-175972\" srcset=\"https:\/\/www.prijedordanas.com\/wp-content\/uploads\/2021\/10\/prijedorgradorg-djecije-igraliste-gomjenica-4-200x300.jpg 200w, https:\/\/www.prijedordanas.com\/wp-content\/uploads\/2021\/10\/prijedorgradorg-djecije-igraliste-gomjenica-4.jpg 400w\" sizes=\"(max-width: 200px) 100vw, 200px\" \/><\/a> <a href=\"https:\/\/www.prijedordanas.com\/wp-content\/uploads\/2021\/10\/prijedorgradorg-djecije-igraliste-gomjenica-5.jpg\"><img loading=\"lazy\" decoding=\"async\" src=\"https:\/\/www.prijedordanas.com\/wp-content\/uploads\/2021\/10\/prijedorgradorg-djecije-igraliste-gomjenica-5-200x300.jpg\" alt=\"\" width=\"200\" height=\"300\" class=\"alignleft size-medium wp-image-175973\" srcset=\"https:\/\/www.prijedordanas.com\/wp-content\/uploads\/2021\/10\/prijedorgradorg-djecije-igraliste-gomjenica-5-200x300.jpg 200w, https:\/\/www.prijedordanas.com\/wp-content\/uploads\/2021\/10\/prijedorgradorg-djecije-igraliste-gomjenica-5.jpg 400w\" sizes=\"(max-width: 200px) 100vw, 200px\" \/><\/a> <a href=\"https:\/\/www.prijedordanas.com\/wp-content\/uploads\/2021\/10\/prijedorgradorg-djecije-igraliste-gomjenica-6.jpg\"><img loading=\"lazy\" decoding=\"async\" src=\"https:\/\/www.prijedordanas.com\/wp-content\/uploads\/2021\/10\/prijedorgradorg-djecije-igraliste-gomjenica-6-200x300.jpg\" alt=\"\" width=\"200\" height=\"300\" class=\"alignleft size-medium wp-image-175974\" srcset=\"https:\/\/www.prijedordanas.com\/wp-content\/uploads\/2021\/10\/prijedorgradorg-djecije-igraliste-gomjenica-6-200x300.jpg 200w, https:\/\/www.prijedordanas.com\/wp-content\/uploads\/2021\/10\/prijedorgradorg-djecije-igraliste-gomjenica-6.jpg 400w\" sizes=\"(max-width: 200px) 100vw, 200px\" \/><\/a> <a href=\"https:\/\/www.prijedordanas.com\/wp-content\/uploads\/2021\/10\/prijedorgradorg-djecije-igraliste-gomjenica-3.jpg\"><img loading=\"lazy\" decoding=\"async\" src=\"https:\/\/www.prijedordanas.com\/wp-content\/uploads\/2021\/10\/prijedorgradorg-djecije-igraliste-gomjenica-3-300x200.jpg\" alt=\"\" width=\"300\" height=\"200\" class=\"alignleft size-medium wp-image-175975\" srcset=\"https:\/\/www.prijedordanas.com\/wp-content\/uploads\/2021\/10\/prijedorgradorg-djecije-igraliste-gomjenica-3-300x200.jpg 300w, https:\/\/www.prijedordanas.com\/wp-content\/uploads\/2021\/10\/prijedorgradorg-djecije-igraliste-gomjenica-3-480x320.jpg 480w, https:\/\/www.prijedordanas.com\/wp-content\/uploads\/2021\/10\/prijedorgradorg-djecije-igraliste-gomjenica-3.jpg 600w\" sizes=\"(max-width: 300px) 100vw, 300px\" \/><\/a> <a href=\"https:\/\/www.prijedordanas.com\/wp-content\/uploads\/2021\/10\/prijedorgradorg-djecije-igraliste-gomjenica-7.jpg\"><img loading=\"lazy\" decoding=\"async\" src=\"https:\/\/www.prijedordanas.com\/wp-content\/uploads\/2021\/10\/prijedorgradorg-djecije-igraliste-gomjenica-7-300x200.jpg\" alt=\"\" width=\"300\" height=\"200\" class=\"alignleft size-medium wp-image-175976\" srcset=\"https:\/\/www.prijedordanas.com\/wp-content\/uploads\/2021\/10\/prijedorgradorg-djecije-igraliste-gomjenica-7-300x200.jpg 300w, https:\/\/www.prijedordanas.com\/wp-content\/uploads\/2021\/10\/prijedorgradorg-djecije-igraliste-gomjenica-7-480x320.jpg 480w, https:\/\/www.prijedordanas.com\/wp-content\/uploads\/2021\/10\/prijedorgradorg-djecije-igraliste-gomjenica-7.jpg 600w\" sizes=\"(max-width: 300px) 100vw, 300px\" \/><\/a> <a href=\"https:\/\/www.prijedordanas.com\/wp-content\/uploads\/2021\/10\/prijedorgradorg-djecije-igraliste-gomjenica-8.jpg\"><img loading=\"lazy\" decoding=\"async\" src=\"https:\/\/www.prijedordanas.com\/wp-content\/uploads\/2021\/10\/prijedorgradorg-djecije-igraliste-gomjenica-8-300x200.jpg\" alt=\"\" width=\"300\" height=\"200\" class=\"alignleft size-medium wp-image-175977\" srcset=\"https:\/\/www.prijedordanas.com\/wp-content\/uploads\/2021\/10\/prijedorgradorg-djecije-igraliste-gomjenica-8-300x200.jpg 300w, https:\/\/www.prijedordanas.com\/wp-content\/uploads\/2021\/10\/prijedorgradorg-djecije-igraliste-gomjenica-8-480x320.jpg 480w, https:\/\/www.prijedordanas.com\/wp-content\/uploads\/2021\/10\/prijedorgradorg-djecije-igraliste-gomjenica-8.jpg 600w\" sizes=\"(max-width: 300px) 100vw, 300px\" \/><\/a><\/p>\n","protected":false},"excerpt":{"rendered":"<p>U prijedorskom naselju Gomjenica otvoreno je osmo dje\u010dije igrali\u0161te u okviru akcije &#8220;Za sre\u0107no djetinjstvo&#8221; koju grad Prijedor realizuje zajedno s privrednicima. Rije\u010d je o donaciji preduze\u0107a &#8220;Niskogradnja Marjanovi\u0107&#8221; koje [&hellip;]<\/p>\n","protected":false},"author":1,"featured_media":0,"comment_status":"closed","ping_status":"open","sticky":false,"template":"","format":"standard","meta":{"_monsterinsights_skip_tracking":false,"_monsterinsights_sitenote_active":false,"_monsterinsights_sitenote_note":"","_monsterinsights_sitenote_category":0,"footnotes":""},"categories":[7515,7518],"tags":[4573,293],"yoast_head":"<!-- This site is optimized with the Yoast SEO plugin v21.6 - https:\/\/yoast.com\/wordpress\/plugins\/seo\/ -->\n<title>Prijedor: Otvoreno dje\u010dije igrali\u0161te u Gomjenici - FOTO - PrijedorDanas.com - Prijedorski gradski portal<\/title>\n<meta name=\"robots\" content=\"index, follow, max-snippet:-1, max-image-preview:large, max-video-preview:-1\" \/>\n<link rel=\"canonical\" href=\"https:\/\/www.prijedordanas.com\/?p=175967\" \/>\n<meta property=\"og:locale\" content=\"en_US\" \/>\n<meta property=\"og:type\" content=\"article\" \/>\n<meta property=\"og:title\" content=\"Prijedor: Otvoreno dje\u010dije igrali\u0161te u Gomjenici - FOTO - PrijedorDanas.com - Prijedorski gradski portal\" \/>\n<meta property=\"og:description\" content=\"U prijedorskom naselju Gomjenica otvoreno je osmo dje\u010dije igrali\u0161te u okviru akcije &#8220;Za sre\u0107no djetinjstvo&#8221; koju grad Prijedor realizuje zajedno s privrednicima. Rije\u010d je o donaciji preduze\u0107a &#8220;Niskogradnja Marjanovi\u0107&#8221; koje [&hellip;]\" \/>\n<meta property=\"og:url\" content=\"https:\/\/www.prijedordanas.com\/?p=175967\" \/>\n<meta property=\"og:site_name\" content=\"PrijedorDanas.com - Prijedorski gradski portal\" \/>\n<meta property=\"article:publisher\" content=\"https:\/\/www.facebook.com\/PrijedorDanasCom\/\" \/>\n<meta property=\"article:published_time\" content=\"2021-10-28T14:11:05+00:00\" \/>\n<meta property=\"og:image\" content=\"https:\/\/www.prijedordanas.com\/wp-content\/uploads\/2021\/10\/prijedorgradorg-djecije-igraliste-gomjenica-1-300x225.jpg\" \/>\n<meta name=\"author\" content=\"admin\" \/>\n<meta name=\"twitter:card\" content=\"summary_large_image\" \/>\n<meta name=\"twitter:label1\" content=\"Written by\" \/>\n\t<meta name=\"twitter:data1\" content=\"admin\" \/>\n\t<meta name=\"twitter:label2\" content=\"Est. reading time\" \/>\n\t<meta name=\"twitter:data2\" content=\"1 minute\" \/>\n<script type=\"application\/ld+json\" class=\"yoast-schema-graph\">{\"@context\":\"https:\/\/schema.org\",\"@graph\":[{\"@type\":\"Article\",\"@id\":\"https:\/\/www.prijedordanas.com\/?p=175967#article\",\"isPartOf\":{\"@id\":\"https:\/\/www.prijedordanas.com\/?p=175967\"},\"author\":{\"name\":\"admin\",\"@id\":\"https:\/\/www.prijedordanas.com\/#\/schema\/person\/4e08ccf29b506ca916ff86d46bb700e6\"},\"headline\":\"Prijedor: Otvoreno dje\u010dije igrali\u0161te u Gomjenici &#8211; FOTO\",\"datePublished\":\"2021-10-28T14:11:05+00:00\",\"dateModified\":\"2021-10-28T14:11:05+00:00\",\"mainEntityOfPage\":{\"@id\":\"https:\/\/www.prijedordanas.com\/?p=175967\"},\"wordCount\":213,\"publisher\":{\"@id\":\"https:\/\/www.prijedordanas.com\/#organization\"},\"keywords\":[\"dje\u010dije igrali\u0161te\",\"Gomjenica\"],\"articleSection\":[\"Foto dana\",\"Mladi\"],\"inLanguage\":\"en-US\"},{\"@type\":\"WebPage\",\"@id\":\"https:\/\/www.prijedordanas.com\/?p=175967\",\"url\":\"https:\/\/www.prijedordanas.com\/?p=175967\",\"name\":\"Prijedor: Otvoreno dje\u010dije igrali\u0161te u Gomjenici - FOTO - PrijedorDanas.com - Prijedorski gradski portal\",\"isPartOf\":{\"@id\":\"https:\/\/www.prijedordanas.com\/#website\"},\"datePublished\":\"2021-10-28T14:11:05+00:00\",\"dateModified\":\"2021-10-28T14:11:05+00:00\",\"breadcrumb\":{\"@id\":\"https:\/\/www.prijedordanas.com\/?p=175967#breadcrumb\"},\"inLanguage\":\"en-US\",\"potentialAction\":[{\"@type\":\"ReadAction\",\"target\":[\"https:\/\/www.prijedordanas.com\/?p=175967\"]}]},{\"@type\":\"BreadcrumbList\",\"@id\":\"https:\/\/www.prijedordanas.com\/?p=175967#breadcrumb\",\"itemListElement\":[{\"@type\":\"ListItem\",\"position\":1,\"name\":\"Home\",\"item\":\"https:\/\/www.prijedordanas.com\/\"},{\"@type\":\"ListItem\",\"position\":2,\"name\":\"Prijedor: Otvoreno dje\u010dije igrali\u0161te u Gomjenici &#8211; FOTO\"}]},{\"@type\":\"WebSite\",\"@id\":\"https:\/\/www.prijedordanas.com\/#website\",\"url\":\"https:\/\/www.prijedordanas.com\/\",\"name\":\"PrijedorDanas.com - Prijedorski gradski portal\",\"description\":\"Portal o doga\u0111anjima u gradu Prijedoru\",\"publisher\":{\"@id\":\"https:\/\/www.prijedordanas.com\/#organization\"},\"potentialAction\":[{\"@type\":\"SearchAction\",\"target\":{\"@type\":\"EntryPoint\",\"urlTemplate\":\"https:\/\/www.prijedordanas.com\/?s={search_term_string}\"},\"query-input\":\"required name=search_term_string\"}],\"inLanguage\":\"en-US\"},{\"@type\":\"Organization\",\"@id\":\"https:\/\/www.prijedordanas.com\/#organization\",\"name\":\"PrijedorDanas.com\",\"url\":\"https:\/\/www.prijedordanas.com\/\",\"logo\":{\"@type\":\"ImageObject\",\"inLanguage\":\"en-US\",\"@id\":\"https:\/\/www.prijedordanas.com\/#\/schema\/logo\/image\/\",\"url\":\"http:\/\/www.prijedordanas.com\/wp-content\/uploads\/2021\/12\/logopng.png\",\"contentUrl\":\"http:\/\/www.prijedordanas.com\/wp-content\/uploads\/2021\/12\/logopng.png\",\"width\":1019,\"height\":776,\"caption\":\"PrijedorDanas.com\"},\"image\":{\"@id\":\"https:\/\/www.prijedordanas.com\/#\/schema\/logo\/image\/\"},\"sameAs\":[\"https:\/\/www.facebook.com\/PrijedorDanasCom\/\"]},{\"@type\":\"Person\",\"@id\":\"https:\/\/www.prijedordanas.com\/#\/schema\/person\/4e08ccf29b506ca916ff86d46bb700e6\",\"name\":\"admin\",\"image\":{\"@type\":\"ImageObject\",\"inLanguage\":\"en-US\",\"@id\":\"https:\/\/www.prijedordanas.com\/#\/schema\/person\/image\/\",\"url\":\"https:\/\/secure.gravatar.com\/avatar\/1d3fc949d550f0b53a5f0d51e06dfd79?s=96&d=mm&r=g\",\"contentUrl\":\"https:\/\/secure.gravatar.com\/avatar\/1d3fc949d550f0b53a5f0d51e06dfd79?s=96&d=mm&r=g\",\"caption\":\"admin\"},\"url\":\"https:\/\/www.prijedordanas.com\/?author=1\"}]}<\/script>\n<!-- \/ Yoast SEO plugin. -->","yoast_head_json":{"title":"Prijedor: Otvoreno dje\u010dije igrali\u0161te u Gomjenici - FOTO - PrijedorDanas.com - Prijedorski gradski portal","robots":{"index":"index","follow":"follow","max-snippet":"max-snippet:-1","max-image-preview":"max-image-preview:large","max-video-preview":"max-video-preview:-1"},"canonical":"https:\/\/www.prijedordanas.com\/?p=175967","og_locale":"en_US","og_type":"article","og_title":"Prijedor: Otvoreno dje\u010dije igrali\u0161te u Gomjenici - FOTO - PrijedorDanas.com - Prijedorski gradski portal","og_description":"U prijedorskom naselju Gomjenica otvoreno je osmo dje\u010dije igrali\u0161te u okviru akcije &#8220;Za sre\u0107no djetinjstvo&#8221; koju grad Prijedor realizuje zajedno s privrednicima. Rije\u010d je o donaciji preduze\u0107a &#8220;Niskogradnja Marjanovi\u0107&#8221; koje [&hellip;]","og_url":"https:\/\/www.prijedordanas.com\/?p=175967","og_site_name":"PrijedorDanas.com - Prijedorski gradski portal","article_publisher":"https:\/\/www.facebook.com\/PrijedorDanasCom\/","article_published_time":"2021-10-28T14:11:05+00:00","og_image":[{"url":"https:\/\/www.prijedordanas.com\/wp-content\/uploads\/2021\/10\/prijedorgradorg-djecije-igraliste-gomjenica-1-300x225.jpg"}],"author":"admin","twitter_card":"summary_large_image","twitter_misc":{"Written by":"admin","Est. reading time":"1 minute"},"schema":{"@context":"https:\/\/schema.org","@graph":[{"@type":"Article","@id":"https:\/\/www.prijedordanas.com\/?p=175967#article","isPartOf":{"@id":"https:\/\/www.prijedordanas.com\/?p=175967"},"author":{"name":"admin","@id":"https:\/\/www.prijedordanas.com\/#\/schema\/person\/4e08ccf29b506ca916ff86d46bb700e6"},"headline":"Prijedor: Otvoreno dje\u010dije igrali\u0161te u Gomjenici &#8211; FOTO","datePublished":"2021-10-28T14:11:05+00:00","dateModified":"2021-10-28T14:11:05+00:00","mainEntityOfPage":{"@id":"https:\/\/www.prijedordanas.com\/?p=175967"},"wordCount":213,"publisher":{"@id":"https:\/\/www.prijedordanas.com\/#organization"},"keywords":["dje\u010dije igrali\u0161te","Gomjenica"],"articleSection":["Foto dana","Mladi"],"inLanguage":"en-US"},{"@type":"WebPage","@id":"https:\/\/www.prijedordanas.com\/?p=175967","url":"https:\/\/www.prijedordanas.com\/?p=175967","name":"Prijedor: Otvoreno dje\u010dije igrali\u0161te u Gomjenici - FOTO - PrijedorDanas.com - Prijedorski gradski portal","isPartOf":{"@id":"https:\/\/www.prijedordanas.com\/#website"},"datePublished":"2021-10-28T14:11:05+00:00","dateModified":"2021-10-28T14:11:05+00:00","breadcrumb":{"@id":"https:\/\/www.prijedordanas.com\/?p=175967#breadcrumb"},"inLanguage":"en-US","potentialAction":[{"@type":"ReadAction","target":["https:\/\/www.prijedordanas.com\/?p=175967"]}]},{"@type":"BreadcrumbList","@id":"https:\/\/www.prijedordanas.com\/?p=175967#breadcrumb","itemListElement":[{"@type":"ListItem","position":1,"name":"Home","item":"https:\/\/www.prijedordanas.com\/"},{"@type":"ListItem","position":2,"name":"Prijedor: Otvoreno dje\u010dije igrali\u0161te u Gomjenici &#8211; FOTO"}]},{"@type":"WebSite","@id":"https:\/\/www.prijedordanas.com\/#website","url":"https:\/\/www.prijedordanas.com\/","name":"PrijedorDanas.com - Prijedorski gradski portal","description":"Portal o doga\u0111anjima u gradu Prijedoru","publisher":{"@id":"https:\/\/www.prijedordanas.com\/#organization"},"potentialAction":[{"@type":"SearchAction","target":{"@type":"EntryPoint","urlTemplate":"https:\/\/www.prijedordanas.com\/?s={search_term_string}"},"query-input":"required name=search_term_string"}],"inLanguage":"en-US"},{"@type":"Organization","@id":"https:\/\/www.prijedordanas.com\/#organization","name":"PrijedorDanas.com","url":"https:\/\/www.prijedordanas.com\/","logo":{"@type":"ImageObject","inLanguage":"en-US","@id":"https:\/\/www.prijedordanas.com\/#\/schema\/logo\/image\/","url":"http:\/\/www.prijedordanas.com\/wp-content\/uploads\/2021\/12\/logopng.png","contentUrl":"http:\/\/www.prijedordanas.com\/wp-content\/uploads\/2021\/12\/logopng.png","width":1019,"height":776,"caption":"PrijedorDanas.com"},"image":{"@id":"https:\/\/www.prijedordanas.com\/#\/schema\/logo\/image\/"},"sameAs":["https:\/\/www.facebook.com\/PrijedorDanasCom\/"]},{"@type":"Person","@id":"https:\/\/www.prijedordanas.com\/#\/schema\/person\/4e08ccf29b506ca916ff86d46bb700e6","name":"admin","image":{"@type":"ImageObject","inLanguage":"en-US","@id":"https:\/\/www.prijedordanas.com\/#\/schema\/person\/image\/","url":"https:\/\/secure.gravatar.com\/avatar\/1d3fc949d550f0b53a5f0d51e06dfd79?s=96&d=mm&r=g","contentUrl":"https:\/\/secure.gravatar.com\/avatar\/1d3fc949d550f0b53a5f0d51e06dfd79?s=96&d=mm&r=g","caption":"admin"},"url":"https:\/\/www.prijedordanas.com\/?author=1"}]}},"_links":{"self":[{"href":"https:\/\/www.prijedordanas.com\/index.php?rest_route=\/wp\/v2\/posts\/175967"}],"collection":[{"href":"https:\/\/www.prijedordanas.com\/index.php?rest_route=\/wp\/v2\/posts"}],"about":[{"href":"https:\/\/www.prijedordanas.com\/index.php?rest_route=\/wp\/v2\/types\/post"}],"author":[{"embeddable":true,"href":"https:\/\/www.prijedordanas.com\/index.php?rest_route=\/wp\/v2\/users\/1"}],"replies":[{"embeddable":true,"href":"https:\/\/www.prijedordanas.com\/index.php?rest_route=%2Fwp%2Fv2%2Fcomments&post=175967"}],"version-history":[{"count":1,"href":"https:\/\/www.prijedordanas.com\/index.php?rest_route=\/wp\/v2\/posts\/175967\/revisions"}],"predecessor-version":[{"id":175978,"href":"https:\/\/www.prijedordanas.com\/index.php?rest_route=\/wp\/v2\/posts\/175967\/revisions\/175978"}],"wp:attachment":[{"href":"https:\/\/www.prijedordanas.com\/index.php?rest_route=%2Fwp%2Fv2%2Fmedia&parent=175967"}],"wp:term":[{"taxonomy":"category","embeddable":true,"href":"https:\/\/www.prijedordanas.com\/index.php?rest_route=%2Fwp%2Fv2%2Fcategories&post=175967"},{"taxonomy":"post_tag","embeddable":true,"href":"https:\/\/www.prijedordanas.com\/index.php?rest_route=%2Fwp%2Fv2%2Ftags&post=175967"}],"curies":[{"name":"wp","href":"https:\/\/api.w.org\/{rel}","templated":true}]}}