{"id":175929,"date":"2021-10-28T09:01:53","date_gmt":"2021-10-28T07:01:53","guid":{"rendered":"https:\/\/www.prijedordanas.com\/?p=175929"},"modified":"2021-10-29T23:17:19","modified_gmt":"2021-10-29T21:17:19","slug":"osmina-finala-kupa-bih-omarska-igman-konjic-01-foto-video","status":"publish","type":"post","link":"https:\/\/www.prijedordanas.com\/?p=175929","title":{"rendered":"Osmina finala Kupa BiH &#8211; Omarska: Igman (Konjic) 0:1 &#8211; FOTO\/VIDEO"},"content":{"rendered":"<p><a href=\"https:\/\/www.prijedordanas.com\/wp-content\/uploads\/2021\/10\/kup-bih-omarska-igman-2.jpg\"><img loading=\"lazy\" decoding=\"async\" class=\"alignleft size-medium wp-image-176058\" src=\"https:\/\/www.prijedordanas.com\/wp-content\/uploads\/2021\/10\/kup-bih-omarska-igman-2-300x225.jpg\" alt=\"\" width=\"300\" height=\"225\" srcset=\"https:\/\/www.prijedordanas.com\/wp-content\/uploads\/2021\/10\/kup-bih-omarska-igman-2-300x225.jpg 300w, https:\/\/www.prijedordanas.com\/wp-content\/uploads\/2021\/10\/kup-bih-omarska-igman-2-640x480.jpg 640w, https:\/\/www.prijedordanas.com\/wp-content\/uploads\/2021\/10\/kup-bih-omarska-igman-2.jpg 667w\" sizes=\"(max-width: 300px) 100vw, 300px\" \/><\/a>Omarska: Igman 0:1<\/p>\n<p>Strijelac: Zuki\u0107 u 32.minuti<br \/>\nSudija: Musi\u0107 Admir (Hrasnivca)<br \/>\nGledalaca: 700<br \/>\n\u017duti kartoni: Krecelj, Stevi\u0107 (Omarska) Ka\u0161i\u0107, \u010comor, \u0106eman (Igman)<\/p>\n<p>Omarska:<br \/>\nTrnini\u0107 6,5 Ratkovi\u0107 6,5, Romani\u0107 B 6,5, Pani\u0107 6,5, Krecelj 6,5, \u0160uni\u0107 6,5, Romani\u0107 Dragan 6,5, Gavranovi\u0107 6,5, Stevi\u0107 6,5, Marmat 6,5, Vra\u010dar 6,5<br \/>\nTrener: Vuleta Milenko<\/p>\n<p>Igman:<br \/>\n\u0106eman 7, Tuki\u0107 7, Drljevi\u0107 7, Mand\u017euka 6,5 (Alagi\u0107 -), Ka\u0161i\u0107 7, Hrelja 6,5 (Ale\u0161evi\u0107 -), Graho 6,5 (\u010comor -), \u0106ubara 7, Ali\u0107 7, Veli\u0107 7, Zuki\u0107 7 (Ljuca)<br \/>\nTrener: Adnan Elezovi\u0107<\/p>\n<p><a href=\"https:\/\/www.prijedordanas.com\/wp-content\/uploads\/2021\/10\/kup-bih-omarska-igman-1.jpg\"><img loading=\"lazy\" decoding=\"async\" class=\"alignleft size-medium wp-image-176059\" src=\"https:\/\/www.prijedordanas.com\/wp-content\/uploads\/2021\/10\/kup-bih-omarska-igman-1-300x225.jpg\" alt=\"\" width=\"300\" height=\"225\" srcset=\"https:\/\/www.prijedordanas.com\/wp-content\/uploads\/2021\/10\/kup-bih-omarska-igman-1-300x225.jpg 300w, https:\/\/www.prijedordanas.com\/wp-content\/uploads\/2021\/10\/kup-bih-omarska-igman-1-640x480.jpg 640w, https:\/\/www.prijedordanas.com\/wp-content\/uploads\/2021\/10\/kup-bih-omarska-igman-1.jpg 667w\" sizes=\"(max-width: 300px) 100vw, 300px\" \/><\/a>Te\u0161ko je ponekad na\u0107i prave rije\u010di da se opi\u0161e jedna utakmica, a danas je u Omarskoj odigrana jedna upravo takva. Omarska je u osmini finala kupa BiH pora\u017eena protiv Igmana sa 1-0, ali ve\u0107ina navija\u010da Omarske je danas bila ponosnija na svoj klub, nego nakon nekih drugih \u201dvelikih\u201d pobjeda.<\/p>\n<p>Ustvari, mije\u0161ali su se osje\u0107aji ponosa i tuge. Ponosa na jedanaest momaka koji su danas nosili dres Omarske i nisu nadigrani od strane odli\u010dne ekipe Igmana i tuge \u0161to zbog povreda i virusa COVID-19 nije nastupilo \u010dak 7 standardnih prvotimaca i \u0161to nikada ne\u0107emo saznati \u0161ta bi bilo da je danas Omarska nastupila u punom sastavu.<\/p>\n<p>Naime, Omarska je ovu utakmicu odigrala desetkovana. \u0160to zbog povreda \u0161to zbog pozitivnih rezultata na testiranju danas su u ekipi Omarske nedostajali An\u0111i\u0107, Rosi\u0107, Ja\u0107imovi\u0107, Grahovac, Laji\u0107, Stojni\u0107 i Romani\u0107 Darko. \u0160to je puno, puno je.<\/p>\n<p><a href=\"https:\/\/www.prijedordanas.com\/wp-content\/uploads\/2021\/10\/kup-bih-omarska-igman-3.jpg\"><img loading=\"lazy\" decoding=\"async\" class=\"alignleft size-medium wp-image-176060\" src=\"https:\/\/www.prijedordanas.com\/wp-content\/uploads\/2021\/10\/kup-bih-omarska-igman-3-300x200.jpg\" alt=\"\" width=\"300\" height=\"200\" srcset=\"https:\/\/www.prijedordanas.com\/wp-content\/uploads\/2021\/10\/kup-bih-omarska-igman-3-300x200.jpg 300w, https:\/\/www.prijedordanas.com\/wp-content\/uploads\/2021\/10\/kup-bih-omarska-igman-3-480x320.jpg 480w, https:\/\/www.prijedordanas.com\/wp-content\/uploads\/2021\/10\/kup-bih-omarska-igman-3.jpg 600w\" sizes=\"(max-width: 300px) 100vw, 300px\" \/><\/a>Naime, ju\u010de smo obavije\u0161teni od strane NFS BiH da je za ovo kolo Kupa BiH obavezno testiranje na Covid -19, te su u popodnevnim \u010dasovima testirani igra\u010di, stru\u010dni \u0161tab i slu\u017ebena lica.<\/p>\n<p>U ve\u010dernjim satima smo \u0161okirani informacijom da je nekoliko igra\u010da, ali i slu\u017ebenih lica pozitivno i da nemaju danas pravo nastupa.<\/p>\n<p>Iako \u0161okirani, skupilo se nekako jedanaest igra\u010da i iza\u0161lo na megdan ekipi Igmana iz Konjica, ekipi koja se u okviru Prve lige Federacije BiH bori za titulu i plasman u Premijer ligu BiH, jednoj stvarno odli\u010dnoj i dobro pripremljenoj ekipi.<\/p>\n<p><a href=\"https:\/\/www.prijedordanas.com\/wp-content\/uploads\/2021\/10\/kup-bih-omarska-igman-4.jpg\"><img loading=\"lazy\" decoding=\"async\" class=\"alignleft size-medium wp-image-176061\" src=\"https:\/\/www.prijedordanas.com\/wp-content\/uploads\/2021\/10\/kup-bih-omarska-igman-4-300x200.jpg\" alt=\"\" width=\"300\" height=\"200\" srcset=\"https:\/\/www.prijedordanas.com\/wp-content\/uploads\/2021\/10\/kup-bih-omarska-igman-4-300x200.jpg 300w, https:\/\/www.prijedordanas.com\/wp-content\/uploads\/2021\/10\/kup-bih-omarska-igman-4-480x320.jpg 480w, https:\/\/www.prijedordanas.com\/wp-content\/uploads\/2021\/10\/kup-bih-omarska-igman-4.jpg 600w\" sizes=\"(max-width: 300px) 100vw, 300px\" \/><\/a>Svi su o\u010dekivali debakl Omarske, ali igrali su danas svih jedanaest \u201d\u017eigosanih\u201d srcem, borbeno do krajnje granice i samo je nedostajalo malo sre\u0107e pa da i danas izbore povoljan rezultat i da ostvare istorijski plasman u \u010detvrtfinale kupa BiH.<\/p>\n<p>Kao \u0161to rekoh gosti uop\u0161te nisu nadigrali Omarsku i zbog toga ostaje \u017eal \u0161to je propu\u0161tena prilika da Omarska odigra danas u kompletnom sastavu i da vidimo koji su krajni dometi ove generacije. Najve\u0107a \u017eal je zbog ovih sedam igra\u010da koji su tako onemogu\u0107eni da zaigraju u utakmici karijere, a \u0161to su svojim anga\u017emanom i igrama svih ovih godina zaista zaslu\u017eili.<\/p>\n<p>\u0160to se ti\u010de same utakmice, vi\u0111ena je jedna tvrda i te\u0161ka utakmica sa veoma malo prilika na obe strane. Tribine u Omarskoj su ponovo bile veoma dobro popunjene, pa je oko 700 gledalaca prisustvovalo utakmici i bodrilo oslabljeni tim Omarske.<\/p>\n<p><a href=\"https:\/\/www.prijedordanas.com\/wp-content\/uploads\/2021\/10\/kup-bih-omarska-igman-5.jpg\"><img loading=\"lazy\" decoding=\"async\" class=\"alignleft size-medium wp-image-176062\" src=\"https:\/\/www.prijedordanas.com\/wp-content\/uploads\/2021\/10\/kup-bih-omarska-igman-5-300x200.jpg\" alt=\"\" width=\"300\" height=\"200\" srcset=\"https:\/\/www.prijedordanas.com\/wp-content\/uploads\/2021\/10\/kup-bih-omarska-igman-5-300x200.jpg 300w, https:\/\/www.prijedordanas.com\/wp-content\/uploads\/2021\/10\/kup-bih-omarska-igman-5-480x320.jpg 480w, https:\/\/www.prijedordanas.com\/wp-content\/uploads\/2021\/10\/kup-bih-omarska-igman-5.jpg 600w\" sizes=\"(max-width: 300px) 100vw, 300px\" \/><\/a>\u010citavu utakmicu Omarska je odigrala sa samo 11 fudbalera, predvo\u0111ena kapitenom Anandom Kreceljom koji je i danas pokazao koliko mu zna\u010di ovaj klub, ali i koliko on zna\u010di klubu. Po\u010delo je otvoreno sa obe strane, ali bez ozbiljnijih prilika. Sli\u010dno kao i na utakmici protiv Krupe, ponovo je zaustavljen jedan opasna napad Gavranovi\u0107a zbog ofsajda, iako se ponovo \u010dini da ofsajda nije bilo.<\/p>\n<p>Kako je utakmica odmicala Igman je polako preuzimao inicijativu i uglavnom prijetio iz kornera. Upravo nakon jednog kornera u 32. minutu Zuki\u0107 je bio najvi\u0161i u skoku i glavom savladao golmana Omarske, te ispostavi\u0107e se postigao pobjedonosni gol. Bio je Igman ne\u0161to bolji i do kraja prvog poluvremena, te je gostuju\u0107a ekipa imala odli\u010dnu \u0161ansu u fini\u0161u, ali je golmana Trnini\u0107 sjajno intervenisao i sprije\u010dio goste da uduplaju vo\u0111stvo.<\/p>\n<p><a href=\"https:\/\/www.prijedordanas.com\/wp-content\/uploads\/2021\/10\/kup-bih-omarska-igman-6.jpg\"><img loading=\"lazy\" decoding=\"async\" class=\"alignleft size-medium wp-image-176063\" src=\"https:\/\/www.prijedordanas.com\/wp-content\/uploads\/2021\/10\/kup-bih-omarska-igman-6-300x200.jpg\" alt=\"\" width=\"300\" height=\"200\" srcset=\"https:\/\/www.prijedordanas.com\/wp-content\/uploads\/2021\/10\/kup-bih-omarska-igman-6-300x200.jpg 300w, https:\/\/www.prijedordanas.com\/wp-content\/uploads\/2021\/10\/kup-bih-omarska-igman-6-480x320.jpg 480w, https:\/\/www.prijedordanas.com\/wp-content\/uploads\/2021\/10\/kup-bih-omarska-igman-6.jpg 600w\" sizes=\"(max-width: 300px) 100vw, 300px\" \/><\/a>U drugom poluvremenu, Omarska je napadala, imala mnogo vi\u0161e loptu u svom posjedu, a gosti su poku\u0161avali da ne\u0161to vi\u0161e urade iz opasnih kontranapada. Ipak, iskreno govore\u0107i, ni jedna ekipa nije stvorila neku ba\u0161 stopostotnu \u0161ansu, ali je Omarska stvorila nekoliko opasnih situacija pred golom Igmana i nedostajalo je malo sre\u0107e ili koncetracije napada\u010da da ozbiljnije ugroze gol Igmana.<\/p>\n<p>Posebno je bilo uzbudljivo u samom fini\u0161u, ali Stevi\u0107, Pani\u0107 i Krecelj nisu uspjeli uputiti kvalitetan \u0161ut i savladati \u0106emana, tako da je ostalo 1:0 za Igman koji je tako obezbjedio plasman u osminu finala Kupa BiH.<\/p>\n<p>Gostima \u010destitamo na zaslu\u017eenoj pobjedi, fer i korektnoj igri, ali \u010destitamo i igra\u010dima Omarske koji su danas jo\u0161 jednom osvjetlali grb svog kluba i pru\u017eili jo\u0161 jednu partiju za istoriju. Klub se ovim putem zahvaljuje Ratkovi\u0107 Mili i Draganu Stanoj\u010di\u0107u koji su igra\u010de Omarske po\u010dastili ve\u010derom nakon utakmice.<\/p>\n<p>PS. Neprocjenjive su scene dolaska kompletnih razreda sa svojim u\u010diteljicama na dana\u0161nju utakmicu.<\/p>\n<p>FK Omarska<\/p>\n<p><a href=\"https:\/\/www.prijedordanas.com\/wp-content\/uploads\/2021\/10\/kup-bih-omarska-igman-7.jpg\"><img loading=\"lazy\" decoding=\"async\" src=\"https:\/\/www.prijedordanas.com\/wp-content\/uploads\/2021\/10\/kup-bih-omarska-igman-7-300x200.jpg\" alt=\"\" width=\"300\" height=\"200\" class=\"alignleft size-medium wp-image-176064\" srcset=\"https:\/\/www.prijedordanas.com\/wp-content\/uploads\/2021\/10\/kup-bih-omarska-igman-7-300x200.jpg 300w, https:\/\/www.prijedordanas.com\/wp-content\/uploads\/2021\/10\/kup-bih-omarska-igman-7-480x320.jpg 480w, https:\/\/www.prijedordanas.com\/wp-content\/uploads\/2021\/10\/kup-bih-omarska-igman-7.jpg 600w\" sizes=\"(max-width: 300px) 100vw, 300px\" \/><\/a> <a href=\"https:\/\/www.prijedordanas.com\/wp-content\/uploads\/2021\/10\/kup-bih-omarska-igman-8.jpg\"><img loading=\"lazy\" decoding=\"async\" src=\"https:\/\/www.prijedordanas.com\/wp-content\/uploads\/2021\/10\/kup-bih-omarska-igman-8-300x200.jpg\" alt=\"\" width=\"300\" height=\"200\" class=\"alignleft size-medium wp-image-176065\" srcset=\"https:\/\/www.prijedordanas.com\/wp-content\/uploads\/2021\/10\/kup-bih-omarska-igman-8-300x200.jpg 300w, https:\/\/www.prijedordanas.com\/wp-content\/uploads\/2021\/10\/kup-bih-omarska-igman-8-480x320.jpg 480w, https:\/\/www.prijedordanas.com\/wp-content\/uploads\/2021\/10\/kup-bih-omarska-igman-8.jpg 600w\" sizes=\"(max-width: 300px) 100vw, 300px\" \/><\/a> <a href=\"https:\/\/www.prijedordanas.com\/wp-content\/uploads\/2021\/10\/kup-bih-omarska-igman-9.jpg\"><img loading=\"lazy\" decoding=\"async\" src=\"https:\/\/www.prijedordanas.com\/wp-content\/uploads\/2021\/10\/kup-bih-omarska-igman-9-300x200.jpg\" alt=\"\" width=\"300\" height=\"200\" class=\"alignleft size-medium wp-image-176066\" srcset=\"https:\/\/www.prijedordanas.com\/wp-content\/uploads\/2021\/10\/kup-bih-omarska-igman-9-300x200.jpg 300w, https:\/\/www.prijedordanas.com\/wp-content\/uploads\/2021\/10\/kup-bih-omarska-igman-9-480x320.jpg 480w, https:\/\/www.prijedordanas.com\/wp-content\/uploads\/2021\/10\/kup-bih-omarska-igman-9.jpg 600w\" sizes=\"(max-width: 300px) 100vw, 300px\" \/><\/a> <a href=\"https:\/\/www.prijedordanas.com\/wp-content\/uploads\/2021\/10\/kup-bih-omarska-igman-10.jpg\"><img loading=\"lazy\" decoding=\"async\" src=\"https:\/\/www.prijedordanas.com\/wp-content\/uploads\/2021\/10\/kup-bih-omarska-igman-10-300x200.jpg\" alt=\"\" width=\"300\" height=\"200\" class=\"alignleft size-medium wp-image-176067\" srcset=\"https:\/\/www.prijedordanas.com\/wp-content\/uploads\/2021\/10\/kup-bih-omarska-igman-10-300x200.jpg 300w, https:\/\/www.prijedordanas.com\/wp-content\/uploads\/2021\/10\/kup-bih-omarska-igman-10-480x320.jpg 480w, https:\/\/www.prijedordanas.com\/wp-content\/uploads\/2021\/10\/kup-bih-omarska-igman-10.jpg 600w\" sizes=\"(max-width: 300px) 100vw, 300px\" \/><\/a><\/p>\n<p><iframe loading=\"lazy\" title=\"Omarska - Igman 0:1 (sa\u017eetak)\" width=\"500\" height=\"281\" src=\"https:\/\/www.youtube.com\/embed\/7X8GwD92TkM?feature=oembed\" frameborder=\"0\" allow=\"accelerometer; autoplay; clipboard-write; encrypted-media; gyroscope; picture-in-picture\" allowfullscreen><\/iframe><\/p>\n","protected":false},"excerpt":{"rendered":"<p>Omarska: Igman 0:1 Strijelac: Zuki\u0107 u 32.minuti Sudija: Musi\u0107 Admir (Hrasnivca) Gledalaca: 700 \u017duti kartoni: Krecelj, Stevi\u0107 (Omarska) Ka\u0161i\u0107, \u010comor, \u0106eman (Igman) Omarska: Trnini\u0107 6,5 Ratkovi\u0107 6,5, Romani\u0107 B 6,5, [&hellip;]<\/p>\n","protected":false},"author":1,"featured_media":0,"comment_status":"closed","ping_status":"open","sticky":false,"template":"","format":"standard","meta":{"_monsterinsights_skip_tracking":false,"_monsterinsights_sitenote_active":false,"_monsterinsights_sitenote_note":"","_monsterinsights_sitenote_category":0,"footnotes":""},"categories":[7],"tags":[],"yoast_head":"<!-- This site is optimized with the Yoast SEO plugin v21.6 - https:\/\/yoast.com\/wordpress\/plugins\/seo\/ -->\n<title>Osmina finala Kupa BiH - Omarska: Igman (Konjic) 0:1 - FOTO\/VIDEO - PrijedorDanas.com - Prijedorski gradski portal<\/title>\n<meta name=\"robots\" content=\"index, follow, max-snippet:-1, max-image-preview:large, max-video-preview:-1\" \/>\n<link rel=\"canonical\" href=\"https:\/\/www.prijedordanas.com\/?p=175929\" \/>\n<meta property=\"og:locale\" content=\"en_US\" \/>\n<meta property=\"og:type\" content=\"article\" \/>\n<meta property=\"og:title\" content=\"Osmina finala Kupa BiH - Omarska: Igman (Konjic) 0:1 - FOTO\/VIDEO - PrijedorDanas.com - Prijedorski gradski portal\" \/>\n<meta property=\"og:description\" content=\"Omarska: Igman 0:1 Strijelac: Zuki\u0107 u 32.minuti Sudija: Musi\u0107 Admir (Hrasnivca) Gledalaca: 700 \u017duti kartoni: Krecelj, Stevi\u0107 (Omarska) Ka\u0161i\u0107, \u010comor, \u0106eman (Igman) Omarska: Trnini\u0107 6,5 Ratkovi\u0107 6,5, Romani\u0107 B 6,5, [&hellip;]\" \/>\n<meta property=\"og:url\" content=\"https:\/\/www.prijedordanas.com\/?p=175929\" \/>\n<meta property=\"og:site_name\" content=\"PrijedorDanas.com - Prijedorski gradski portal\" \/>\n<meta property=\"article:publisher\" content=\"https:\/\/www.facebook.com\/PrijedorDanasCom\/\" \/>\n<meta property=\"article:published_time\" content=\"2021-10-28T07:01:53+00:00\" \/>\n<meta property=\"article:modified_time\" content=\"2021-10-29T21:17:19+00:00\" \/>\n<meta property=\"og:image\" content=\"https:\/\/www.prijedordanas.com\/wp-content\/uploads\/2021\/10\/kup-bih-omarska-igman-2-300x225.jpg\" \/>\n<meta name=\"author\" content=\"admin\" \/>\n<meta name=\"twitter:card\" content=\"summary_large_image\" \/>\n<meta name=\"twitter:label1\" content=\"Written by\" \/>\n\t<meta name=\"twitter:data1\" content=\"admin\" \/>\n\t<meta name=\"twitter:label2\" content=\"Est. reading time\" \/>\n\t<meta name=\"twitter:data2\" content=\"5 minutes\" \/>\n<script type=\"application\/ld+json\" class=\"yoast-schema-graph\">{\"@context\":\"https:\/\/schema.org\",\"@graph\":[{\"@type\":\"Article\",\"@id\":\"https:\/\/www.prijedordanas.com\/?p=175929#article\",\"isPartOf\":{\"@id\":\"https:\/\/www.prijedordanas.com\/?p=175929\"},\"author\":{\"name\":\"admin\",\"@id\":\"https:\/\/www.prijedordanas.com\/#\/schema\/person\/4e08ccf29b506ca916ff86d46bb700e6\"},\"headline\":\"Osmina finala Kupa BiH &#8211; Omarska: Igman (Konjic) 0:1 &#8211; FOTO\/VIDEO\",\"datePublished\":\"2021-10-28T07:01:53+00:00\",\"dateModified\":\"2021-10-29T21:17:19+00:00\",\"mainEntityOfPage\":{\"@id\":\"https:\/\/www.prijedordanas.com\/?p=175929\"},\"wordCount\":809,\"publisher\":{\"@id\":\"https:\/\/www.prijedordanas.com\/#organization\"},\"articleSection\":[\"Sport\"],\"inLanguage\":\"en-US\"},{\"@type\":\"WebPage\",\"@id\":\"https:\/\/www.prijedordanas.com\/?p=175929\",\"url\":\"https:\/\/www.prijedordanas.com\/?p=175929\",\"name\":\"Osmina finala Kupa BiH - Omarska: Igman (Konjic) 0:1 - FOTO\/VIDEO - PrijedorDanas.com - Prijedorski gradski portal\",\"isPartOf\":{\"@id\":\"https:\/\/www.prijedordanas.com\/#website\"},\"datePublished\":\"2021-10-28T07:01:53+00:00\",\"dateModified\":\"2021-10-29T21:17:19+00:00\",\"breadcrumb\":{\"@id\":\"https:\/\/www.prijedordanas.com\/?p=175929#breadcrumb\"},\"inLanguage\":\"en-US\",\"potentialAction\":[{\"@type\":\"ReadAction\",\"target\":[\"https:\/\/www.prijedordanas.com\/?p=175929\"]}]},{\"@type\":\"BreadcrumbList\",\"@id\":\"https:\/\/www.prijedordanas.com\/?p=175929#breadcrumb\",\"itemListElement\":[{\"@type\":\"ListItem\",\"position\":1,\"name\":\"Home\",\"item\":\"https:\/\/www.prijedordanas.com\/\"},{\"@type\":\"ListItem\",\"position\":2,\"name\":\"Osmina finala Kupa BiH &#8211; Omarska: Igman (Konjic) 0:1 &#8211; FOTO\/VIDEO\"}]},{\"@type\":\"WebSite\",\"@id\":\"https:\/\/www.prijedordanas.com\/#website\",\"url\":\"https:\/\/www.prijedordanas.com\/\",\"name\":\"PrijedorDanas.com - Prijedorski gradski portal\",\"description\":\"Portal o doga\u0111anjima u gradu Prijedoru\",\"publisher\":{\"@id\":\"https:\/\/www.prijedordanas.com\/#organization\"},\"potentialAction\":[{\"@type\":\"SearchAction\",\"target\":{\"@type\":\"EntryPoint\",\"urlTemplate\":\"https:\/\/www.prijedordanas.com\/?s={search_term_string}\"},\"query-input\":\"required name=search_term_string\"}],\"inLanguage\":\"en-US\"},{\"@type\":\"Organization\",\"@id\":\"https:\/\/www.prijedordanas.com\/#organization\",\"name\":\"PrijedorDanas.com\",\"url\":\"https:\/\/www.prijedordanas.com\/\",\"logo\":{\"@type\":\"ImageObject\",\"inLanguage\":\"en-US\",\"@id\":\"https:\/\/www.prijedordanas.com\/#\/schema\/logo\/image\/\",\"url\":\"http:\/\/www.prijedordanas.com\/wp-content\/uploads\/2021\/12\/logopng.png\",\"contentUrl\":\"http:\/\/www.prijedordanas.com\/wp-content\/uploads\/2021\/12\/logopng.png\",\"width\":1019,\"height\":776,\"caption\":\"PrijedorDanas.com\"},\"image\":{\"@id\":\"https:\/\/www.prijedordanas.com\/#\/schema\/logo\/image\/\"},\"sameAs\":[\"https:\/\/www.facebook.com\/PrijedorDanasCom\/\"]},{\"@type\":\"Person\",\"@id\":\"https:\/\/www.prijedordanas.com\/#\/schema\/person\/4e08ccf29b506ca916ff86d46bb700e6\",\"name\":\"admin\",\"image\":{\"@type\":\"ImageObject\",\"inLanguage\":\"en-US\",\"@id\":\"https:\/\/www.prijedordanas.com\/#\/schema\/person\/image\/\",\"url\":\"https:\/\/secure.gravatar.com\/avatar\/1d3fc949d550f0b53a5f0d51e06dfd79?s=96&d=mm&r=g\",\"contentUrl\":\"https:\/\/secure.gravatar.com\/avatar\/1d3fc949d550f0b53a5f0d51e06dfd79?s=96&d=mm&r=g\",\"caption\":\"admin\"},\"url\":\"https:\/\/www.prijedordanas.com\/?author=1\"}]}<\/script>\n<!-- \/ Yoast SEO plugin. -->","yoast_head_json":{"title":"Osmina finala Kupa BiH - Omarska: Igman (Konjic) 0:1 - FOTO\/VIDEO - PrijedorDanas.com - Prijedorski gradski portal","robots":{"index":"index","follow":"follow","max-snippet":"max-snippet:-1","max-image-preview":"max-image-preview:large","max-video-preview":"max-video-preview:-1"},"canonical":"https:\/\/www.prijedordanas.com\/?p=175929","og_locale":"en_US","og_type":"article","og_title":"Osmina finala Kupa BiH - Omarska: Igman (Konjic) 0:1 - FOTO\/VIDEO - PrijedorDanas.com - Prijedorski gradski portal","og_description":"Omarska: Igman 0:1 Strijelac: Zuki\u0107 u 32.minuti Sudija: Musi\u0107 Admir (Hrasnivca) Gledalaca: 700 \u017duti kartoni: Krecelj, Stevi\u0107 (Omarska) Ka\u0161i\u0107, \u010comor, \u0106eman (Igman) Omarska: Trnini\u0107 6,5 Ratkovi\u0107 6,5, Romani\u0107 B 6,5, [&hellip;]","og_url":"https:\/\/www.prijedordanas.com\/?p=175929","og_site_name":"PrijedorDanas.com - Prijedorski gradski portal","article_publisher":"https:\/\/www.facebook.com\/PrijedorDanasCom\/","article_published_time":"2021-10-28T07:01:53+00:00","article_modified_time":"2021-10-29T21:17:19+00:00","og_image":[{"url":"https:\/\/www.prijedordanas.com\/wp-content\/uploads\/2021\/10\/kup-bih-omarska-igman-2-300x225.jpg"}],"author":"admin","twitter_card":"summary_large_image","twitter_misc":{"Written by":"admin","Est. reading time":"5 minutes"},"schema":{"@context":"https:\/\/schema.org","@graph":[{"@type":"Article","@id":"https:\/\/www.prijedordanas.com\/?p=175929#article","isPartOf":{"@id":"https:\/\/www.prijedordanas.com\/?p=175929"},"author":{"name":"admin","@id":"https:\/\/www.prijedordanas.com\/#\/schema\/person\/4e08ccf29b506ca916ff86d46bb700e6"},"headline":"Osmina finala Kupa BiH &#8211; Omarska: Igman (Konjic) 0:1 &#8211; FOTO\/VIDEO","datePublished":"2021-10-28T07:01:53+00:00","dateModified":"2021-10-29T21:17:19+00:00","mainEntityOfPage":{"@id":"https:\/\/www.prijedordanas.com\/?p=175929"},"wordCount":809,"publisher":{"@id":"https:\/\/www.prijedordanas.com\/#organization"},"articleSection":["Sport"],"inLanguage":"en-US"},{"@type":"WebPage","@id":"https:\/\/www.prijedordanas.com\/?p=175929","url":"https:\/\/www.prijedordanas.com\/?p=175929","name":"Osmina finala Kupa BiH - Omarska: Igman (Konjic) 0:1 - FOTO\/VIDEO - PrijedorDanas.com - Prijedorski gradski portal","isPartOf":{"@id":"https:\/\/www.prijedordanas.com\/#website"},"datePublished":"2021-10-28T07:01:53+00:00","dateModified":"2021-10-29T21:17:19+00:00","breadcrumb":{"@id":"https:\/\/www.prijedordanas.com\/?p=175929#breadcrumb"},"inLanguage":"en-US","potentialAction":[{"@type":"ReadAction","target":["https:\/\/www.prijedordanas.com\/?p=175929"]}]},{"@type":"BreadcrumbList","@id":"https:\/\/www.prijedordanas.com\/?p=175929#breadcrumb","itemListElement":[{"@type":"ListItem","position":1,"name":"Home","item":"https:\/\/www.prijedordanas.com\/"},{"@type":"ListItem","position":2,"name":"Osmina finala Kupa BiH &#8211; Omarska: Igman (Konjic) 0:1 &#8211; FOTO\/VIDEO"}]},{"@type":"WebSite","@id":"https:\/\/www.prijedordanas.com\/#website","url":"https:\/\/www.prijedordanas.com\/","name":"PrijedorDanas.com - Prijedorski gradski portal","description":"Portal o doga\u0111anjima u gradu Prijedoru","publisher":{"@id":"https:\/\/www.prijedordanas.com\/#organization"},"potentialAction":[{"@type":"SearchAction","target":{"@type":"EntryPoint","urlTemplate":"https:\/\/www.prijedordanas.com\/?s={search_term_string}"},"query-input":"required name=search_term_string"}],"inLanguage":"en-US"},{"@type":"Organization","@id":"https:\/\/www.prijedordanas.com\/#organization","name":"PrijedorDanas.com","url":"https:\/\/www.prijedordanas.com\/","logo":{"@type":"ImageObject","inLanguage":"en-US","@id":"https:\/\/www.prijedordanas.com\/#\/schema\/logo\/image\/","url":"http:\/\/www.prijedordanas.com\/wp-content\/uploads\/2021\/12\/logopng.png","contentUrl":"http:\/\/www.prijedordanas.com\/wp-content\/uploads\/2021\/12\/logopng.png","width":1019,"height":776,"caption":"PrijedorDanas.com"},"image":{"@id":"https:\/\/www.prijedordanas.com\/#\/schema\/logo\/image\/"},"sameAs":["https:\/\/www.facebook.com\/PrijedorDanasCom\/"]},{"@type":"Person","@id":"https:\/\/www.prijedordanas.com\/#\/schema\/person\/4e08ccf29b506ca916ff86d46bb700e6","name":"admin","image":{"@type":"ImageObject","inLanguage":"en-US","@id":"https:\/\/www.prijedordanas.com\/#\/schema\/person\/image\/","url":"https:\/\/secure.gravatar.com\/avatar\/1d3fc949d550f0b53a5f0d51e06dfd79?s=96&d=mm&r=g","contentUrl":"https:\/\/secure.gravatar.com\/avatar\/1d3fc949d550f0b53a5f0d51e06dfd79?s=96&d=mm&r=g","caption":"admin"},"url":"https:\/\/www.prijedordanas.com\/?author=1"}]}},"_links":{"self":[{"href":"https:\/\/www.prijedordanas.com\/index.php?rest_route=\/wp\/v2\/posts\/175929"}],"collection":[{"href":"https:\/\/www.prijedordanas.com\/index.php?rest_route=\/wp\/v2\/posts"}],"about":[{"href":"https:\/\/www.prijedordanas.com\/index.php?rest_route=\/wp\/v2\/types\/post"}],"author":[{"embeddable":true,"href":"https:\/\/www.prijedordanas.com\/index.php?rest_route=\/wp\/v2\/users\/1"}],"replies":[{"embeddable":true,"href":"https:\/\/www.prijedordanas.com\/index.php?rest_route=%2Fwp%2Fv2%2Fcomments&post=175929"}],"version-history":[{"count":2,"href":"https:\/\/www.prijedordanas.com\/index.php?rest_route=\/wp\/v2\/posts\/175929\/revisions"}],"predecessor-version":[{"id":176068,"href":"https:\/\/www.prijedordanas.com\/index.php?rest_route=\/wp\/v2\/posts\/175929\/revisions\/176068"}],"wp:attachment":[{"href":"https:\/\/www.prijedordanas.com\/index.php?rest_route=%2Fwp%2Fv2%2Fmedia&parent=175929"}],"wp:term":[{"taxonomy":"category","embeddable":true,"href":"https:\/\/www.prijedordanas.com\/index.php?rest_route=%2Fwp%2Fv2%2Fcategories&post=175929"},{"taxonomy":"post_tag","embeddable":true,"href":"https:\/\/www.prijedordanas.com\/index.php?rest_route=%2Fwp%2Fv2%2Ftags&post=175929"}],"curies":[{"name":"wp","href":"https:\/\/api.w.org\/{rel}","templated":true}]}}