{"id":175786,"date":"2021-10-25T23:25:09","date_gmt":"2021-10-25T21:25:09","guid":{"rendered":"https:\/\/www.prijedordanas.com\/?p=175786"},"modified":"2021-10-25T23:25:09","modified_gmt":"2021-10-25T21:25:09","slug":"agrolajf-licenca-i-oprema-gradu-prijedoru-video","status":"publish","type":"post","link":"https:\/\/www.prijedordanas.com\/?p=175786","title":{"rendered":"\u201cAgrolajf\u201d licenca i oprema gradu Prijedoru &#8211; VIDEO"},"content":{"rendered":"<p><a href=\"https:\/\/www.prijedordanas.com\/wp-content\/uploads\/2021\/10\/kozarski-agrolajf-licenca.jpg\"><img loading=\"lazy\" decoding=\"async\" src=\"https:\/\/www.prijedordanas.com\/wp-content\/uploads\/2021\/10\/kozarski-agrolajf-licenca-300x222.jpg\" alt=\"\" width=\"300\" height=\"222\" class=\"alignleft size-medium wp-image-175787\" srcset=\"https:\/\/www.prijedordanas.com\/wp-content\/uploads\/2021\/10\/kozarski-agrolajf-licenca-300x222.jpg 300w, https:\/\/www.prijedordanas.com\/wp-content\/uploads\/2021\/10\/kozarski-agrolajf-licenca.jpg 675w\" sizes=\"(max-width: 300px) 100vw, 300px\" \/><\/a>U okviru projekta \u201cDigitalizacija op\u0161tinskog upravljanja zemlji\u0161tem\u201d, predstavnicima Grada Prijedora danas je uru\u010dena licenca i donirana oprema koja \u0107e omogu\u0107iti kori\u0161tenje jedinstvene poljoprivredne platforme \u201cAgrolajf\u201d. Cilj je unapre\u0111enje upravljanja poljoprivrednim zemlji\u0161tem, koje se dodjeljuje putem zakupa, a kojim upravlja lokalna samouprava, odnosno resorno ministarstvo.<\/p>\n<p>\u201cTaj softver omogu\u0107ava lokalnoj samoupravi da u digitalnom formatu kvalitetnije i adekvatnije upravlja poljoprivrednim zemlji\u0161tem koje daje zakupcima na kori\u0161tenje i koncesionarima\u201d, rekla je Dragana Kokot, generalni sekretar Privredne komore RS. <\/p>\n<p>Danas je po\u010dela i obuka u kori\u0161tenju \u201cAgrolajf\u201d platforme, za koju je odabrano pet mla\u0111ih poljoprivrednih proizvo\u0111a\u010da s podru\u010dja Prijedora. Oni \u0107e da unose podatke o na\u010dinu obrade, gnojidbe, vremenu sjetve, skidanju usjeva, odnosno o svim poslovima koje obavljaju na zemlji\u0161tu.<\/p>\n<p>\u201cOdabrali smo mla\u0111e ljude, koji su informati\u010dki pismeniji i mo\u0107i \u0107e da sprovode ovaj projekat\u201d, isti\u010de Danijel Egi\u0107, v.d. na\u010delnika Odjeljenja za poljoprivredu i ruralni razvoj.  <\/p>\n<p>Osim Prijedora, u ovom pilot-projektu u\u010destvuju Srbac, Brod i Trebinje, a svima je zajedni\u010dko da su nosioci Sertifikata za povoljno poslovno okru\u017eenje. Privredna komora RS i Ministarstvo poljoprivrede, \u0161umarstva i vodoprivrede RS jedni su od partnera u projektu \u201cDigitalizacija op\u0161tinskog upravljanja zemlji\u0161tem\u201d, koji realizuje kompanija \u201cTelegrup\u201d, uz podr\u0161ku njema\u010dke razvojne agencije \u201cGIZ\u201d.<\/p>\n<p>kozarski.com<\/p>\n<p><iframe loading=\"lazy\" title=\"&quot;AGROLAJF&quot; LICENCA I OPREMA GRADU PRIJEDORU\" width=\"500\" height=\"281\" src=\"https:\/\/www.youtube.com\/embed\/OwirrkMxNTg?feature=oembed\" frameborder=\"0\" allow=\"accelerometer; autoplay; clipboard-write; encrypted-media; gyroscope; picture-in-picture\" allowfullscreen><\/iframe><\/p>\n","protected":false},"excerpt":{"rendered":"<p>U okviru projekta \u201cDigitalizacija op\u0161tinskog upravljanja zemlji\u0161tem\u201d, predstavnicima Grada Prijedora danas je uru\u010dena licenca i donirana oprema koja \u0107e omogu\u0107iti kori\u0161tenje jedinstvene poljoprivredne platforme \u201cAgrolajf\u201d. Cilj je unapre\u0111enje upravljanja poljoprivrednim [&hellip;]<\/p>\n","protected":false},"author":1,"featured_media":0,"comment_status":"closed","ping_status":"open","sticky":false,"template":"","format":"standard","meta":{"_monsterinsights_skip_tracking":false,"_monsterinsights_sitenote_active":false,"_monsterinsights_sitenote_note":"","_monsterinsights_sitenote_category":0,"footnotes":""},"categories":[8],"tags":[],"yoast_head":"<!-- This site is optimized with the Yoast SEO plugin v21.6 - https:\/\/yoast.com\/wordpress\/plugins\/seo\/ -->\n<title>\u201cAgrolajf\u201d licenca i oprema gradu Prijedoru - VIDEO - PrijedorDanas.com - Prijedorski gradski portal<\/title>\n<meta name=\"robots\" content=\"index, follow, max-snippet:-1, max-image-preview:large, max-video-preview:-1\" \/>\n<link rel=\"canonical\" href=\"https:\/\/www.prijedordanas.com\/?p=175786\" \/>\n<meta property=\"og:locale\" content=\"en_US\" \/>\n<meta property=\"og:type\" content=\"article\" \/>\n<meta property=\"og:title\" content=\"\u201cAgrolajf\u201d licenca i oprema gradu Prijedoru - VIDEO - PrijedorDanas.com - Prijedorski gradski portal\" \/>\n<meta property=\"og:description\" content=\"U okviru projekta \u201cDigitalizacija op\u0161tinskog upravljanja zemlji\u0161tem\u201d, predstavnicima Grada Prijedora danas je uru\u010dena licenca i donirana oprema koja \u0107e omogu\u0107iti kori\u0161tenje jedinstvene poljoprivredne platforme \u201cAgrolajf\u201d. Cilj je unapre\u0111enje upravljanja poljoprivrednim [&hellip;]\" \/>\n<meta property=\"og:url\" content=\"https:\/\/www.prijedordanas.com\/?p=175786\" \/>\n<meta property=\"og:site_name\" content=\"PrijedorDanas.com - Prijedorski gradski portal\" \/>\n<meta property=\"article:publisher\" content=\"https:\/\/www.facebook.com\/PrijedorDanasCom\/\" \/>\n<meta property=\"article:published_time\" content=\"2021-10-25T21:25:09+00:00\" \/>\n<meta property=\"og:image\" content=\"https:\/\/www.prijedordanas.com\/wp-content\/uploads\/2021\/10\/kozarski-agrolajf-licenca-300x222.jpg\" \/>\n<meta name=\"author\" content=\"admin\" \/>\n<meta name=\"twitter:card\" content=\"summary_large_image\" \/>\n<meta name=\"twitter:label1\" content=\"Written by\" \/>\n\t<meta name=\"twitter:data1\" content=\"admin\" \/>\n\t<meta name=\"twitter:label2\" content=\"Est. reading time\" \/>\n\t<meta name=\"twitter:data2\" content=\"1 minute\" \/>\n<script type=\"application\/ld+json\" class=\"yoast-schema-graph\">{\"@context\":\"https:\/\/schema.org\",\"@graph\":[{\"@type\":\"Article\",\"@id\":\"https:\/\/www.prijedordanas.com\/?p=175786#article\",\"isPartOf\":{\"@id\":\"https:\/\/www.prijedordanas.com\/?p=175786\"},\"author\":{\"name\":\"admin\",\"@id\":\"https:\/\/www.prijedordanas.com\/#\/schema\/person\/4e08ccf29b506ca916ff86d46bb700e6\"},\"headline\":\"\u201cAgrolajf\u201d licenca i oprema gradu Prijedoru &#8211; VIDEO\",\"datePublished\":\"2021-10-25T21:25:09+00:00\",\"dateModified\":\"2021-10-25T21:25:09+00:00\",\"mainEntityOfPage\":{\"@id\":\"https:\/\/www.prijedordanas.com\/?p=175786\"},\"wordCount\":239,\"publisher\":{\"@id\":\"https:\/\/www.prijedordanas.com\/#organization\"},\"articleSection\":[\"Svakodnevno\"],\"inLanguage\":\"en-US\"},{\"@type\":\"WebPage\",\"@id\":\"https:\/\/www.prijedordanas.com\/?p=175786\",\"url\":\"https:\/\/www.prijedordanas.com\/?p=175786\",\"name\":\"\u201cAgrolajf\u201d licenca i oprema gradu Prijedoru - VIDEO - PrijedorDanas.com - Prijedorski gradski portal\",\"isPartOf\":{\"@id\":\"https:\/\/www.prijedordanas.com\/#website\"},\"datePublished\":\"2021-10-25T21:25:09+00:00\",\"dateModified\":\"2021-10-25T21:25:09+00:00\",\"breadcrumb\":{\"@id\":\"https:\/\/www.prijedordanas.com\/?p=175786#breadcrumb\"},\"inLanguage\":\"en-US\",\"potentialAction\":[{\"@type\":\"ReadAction\",\"target\":[\"https:\/\/www.prijedordanas.com\/?p=175786\"]}]},{\"@type\":\"BreadcrumbList\",\"@id\":\"https:\/\/www.prijedordanas.com\/?p=175786#breadcrumb\",\"itemListElement\":[{\"@type\":\"ListItem\",\"position\":1,\"name\":\"Home\",\"item\":\"https:\/\/www.prijedordanas.com\/\"},{\"@type\":\"ListItem\",\"position\":2,\"name\":\"\u201cAgrolajf\u201d licenca i oprema gradu Prijedoru &#8211; VIDEO\"}]},{\"@type\":\"WebSite\",\"@id\":\"https:\/\/www.prijedordanas.com\/#website\",\"url\":\"https:\/\/www.prijedordanas.com\/\",\"name\":\"PrijedorDanas.com - Prijedorski gradski portal\",\"description\":\"Portal o doga\u0111anjima u gradu Prijedoru\",\"publisher\":{\"@id\":\"https:\/\/www.prijedordanas.com\/#organization\"},\"potentialAction\":[{\"@type\":\"SearchAction\",\"target\":{\"@type\":\"EntryPoint\",\"urlTemplate\":\"https:\/\/www.prijedordanas.com\/?s={search_term_string}\"},\"query-input\":\"required name=search_term_string\"}],\"inLanguage\":\"en-US\"},{\"@type\":\"Organization\",\"@id\":\"https:\/\/www.prijedordanas.com\/#organization\",\"name\":\"PrijedorDanas.com\",\"url\":\"https:\/\/www.prijedordanas.com\/\",\"logo\":{\"@type\":\"ImageObject\",\"inLanguage\":\"en-US\",\"@id\":\"https:\/\/www.prijedordanas.com\/#\/schema\/logo\/image\/\",\"url\":\"http:\/\/www.prijedordanas.com\/wp-content\/uploads\/2021\/12\/logopng.png\",\"contentUrl\":\"http:\/\/www.prijedordanas.com\/wp-content\/uploads\/2021\/12\/logopng.png\",\"width\":1019,\"height\":776,\"caption\":\"PrijedorDanas.com\"},\"image\":{\"@id\":\"https:\/\/www.prijedordanas.com\/#\/schema\/logo\/image\/\"},\"sameAs\":[\"https:\/\/www.facebook.com\/PrijedorDanasCom\/\"]},{\"@type\":\"Person\",\"@id\":\"https:\/\/www.prijedordanas.com\/#\/schema\/person\/4e08ccf29b506ca916ff86d46bb700e6\",\"name\":\"admin\",\"image\":{\"@type\":\"ImageObject\",\"inLanguage\":\"en-US\",\"@id\":\"https:\/\/www.prijedordanas.com\/#\/schema\/person\/image\/\",\"url\":\"https:\/\/secure.gravatar.com\/avatar\/1d3fc949d550f0b53a5f0d51e06dfd79?s=96&d=mm&r=g\",\"contentUrl\":\"https:\/\/secure.gravatar.com\/avatar\/1d3fc949d550f0b53a5f0d51e06dfd79?s=96&d=mm&r=g\",\"caption\":\"admin\"},\"url\":\"https:\/\/www.prijedordanas.com\/?author=1\"}]}<\/script>\n<!-- \/ Yoast SEO plugin. -->","yoast_head_json":{"title":"\u201cAgrolajf\u201d licenca i oprema gradu Prijedoru - VIDEO - PrijedorDanas.com - Prijedorski gradski portal","robots":{"index":"index","follow":"follow","max-snippet":"max-snippet:-1","max-image-preview":"max-image-preview:large","max-video-preview":"max-video-preview:-1"},"canonical":"https:\/\/www.prijedordanas.com\/?p=175786","og_locale":"en_US","og_type":"article","og_title":"\u201cAgrolajf\u201d licenca i oprema gradu Prijedoru - VIDEO - PrijedorDanas.com - Prijedorski gradski portal","og_description":"U okviru projekta \u201cDigitalizacija op\u0161tinskog upravljanja zemlji\u0161tem\u201d, predstavnicima Grada Prijedora danas je uru\u010dena licenca i donirana oprema koja \u0107e omogu\u0107iti kori\u0161tenje jedinstvene poljoprivredne platforme \u201cAgrolajf\u201d. Cilj je unapre\u0111enje upravljanja poljoprivrednim [&hellip;]","og_url":"https:\/\/www.prijedordanas.com\/?p=175786","og_site_name":"PrijedorDanas.com - Prijedorski gradski portal","article_publisher":"https:\/\/www.facebook.com\/PrijedorDanasCom\/","article_published_time":"2021-10-25T21:25:09+00:00","og_image":[{"url":"https:\/\/www.prijedordanas.com\/wp-content\/uploads\/2021\/10\/kozarski-agrolajf-licenca-300x222.jpg"}],"author":"admin","twitter_card":"summary_large_image","twitter_misc":{"Written by":"admin","Est. reading time":"1 minute"},"schema":{"@context":"https:\/\/schema.org","@graph":[{"@type":"Article","@id":"https:\/\/www.prijedordanas.com\/?p=175786#article","isPartOf":{"@id":"https:\/\/www.prijedordanas.com\/?p=175786"},"author":{"name":"admin","@id":"https:\/\/www.prijedordanas.com\/#\/schema\/person\/4e08ccf29b506ca916ff86d46bb700e6"},"headline":"\u201cAgrolajf\u201d licenca i oprema gradu Prijedoru &#8211; VIDEO","datePublished":"2021-10-25T21:25:09+00:00","dateModified":"2021-10-25T21:25:09+00:00","mainEntityOfPage":{"@id":"https:\/\/www.prijedordanas.com\/?p=175786"},"wordCount":239,"publisher":{"@id":"https:\/\/www.prijedordanas.com\/#organization"},"articleSection":["Svakodnevno"],"inLanguage":"en-US"},{"@type":"WebPage","@id":"https:\/\/www.prijedordanas.com\/?p=175786","url":"https:\/\/www.prijedordanas.com\/?p=175786","name":"\u201cAgrolajf\u201d licenca i oprema gradu Prijedoru - VIDEO - PrijedorDanas.com - Prijedorski gradski portal","isPartOf":{"@id":"https:\/\/www.prijedordanas.com\/#website"},"datePublished":"2021-10-25T21:25:09+00:00","dateModified":"2021-10-25T21:25:09+00:00","breadcrumb":{"@id":"https:\/\/www.prijedordanas.com\/?p=175786#breadcrumb"},"inLanguage":"en-US","potentialAction":[{"@type":"ReadAction","target":["https:\/\/www.prijedordanas.com\/?p=175786"]}]},{"@type":"BreadcrumbList","@id":"https:\/\/www.prijedordanas.com\/?p=175786#breadcrumb","itemListElement":[{"@type":"ListItem","position":1,"name":"Home","item":"https:\/\/www.prijedordanas.com\/"},{"@type":"ListItem","position":2,"name":"\u201cAgrolajf\u201d licenca i oprema gradu Prijedoru &#8211; VIDEO"}]},{"@type":"WebSite","@id":"https:\/\/www.prijedordanas.com\/#website","url":"https:\/\/www.prijedordanas.com\/","name":"PrijedorDanas.com - Prijedorski gradski portal","description":"Portal o doga\u0111anjima u gradu Prijedoru","publisher":{"@id":"https:\/\/www.prijedordanas.com\/#organization"},"potentialAction":[{"@type":"SearchAction","target":{"@type":"EntryPoint","urlTemplate":"https:\/\/www.prijedordanas.com\/?s={search_term_string}"},"query-input":"required name=search_term_string"}],"inLanguage":"en-US"},{"@type":"Organization","@id":"https:\/\/www.prijedordanas.com\/#organization","name":"PrijedorDanas.com","url":"https:\/\/www.prijedordanas.com\/","logo":{"@type":"ImageObject","inLanguage":"en-US","@id":"https:\/\/www.prijedordanas.com\/#\/schema\/logo\/image\/","url":"http:\/\/www.prijedordanas.com\/wp-content\/uploads\/2021\/12\/logopng.png","contentUrl":"http:\/\/www.prijedordanas.com\/wp-content\/uploads\/2021\/12\/logopng.png","width":1019,"height":776,"caption":"PrijedorDanas.com"},"image":{"@id":"https:\/\/www.prijedordanas.com\/#\/schema\/logo\/image\/"},"sameAs":["https:\/\/www.facebook.com\/PrijedorDanasCom\/"]},{"@type":"Person","@id":"https:\/\/www.prijedordanas.com\/#\/schema\/person\/4e08ccf29b506ca916ff86d46bb700e6","name":"admin","image":{"@type":"ImageObject","inLanguage":"en-US","@id":"https:\/\/www.prijedordanas.com\/#\/schema\/person\/image\/","url":"https:\/\/secure.gravatar.com\/avatar\/1d3fc949d550f0b53a5f0d51e06dfd79?s=96&d=mm&r=g","contentUrl":"https:\/\/secure.gravatar.com\/avatar\/1d3fc949d550f0b53a5f0d51e06dfd79?s=96&d=mm&r=g","caption":"admin"},"url":"https:\/\/www.prijedordanas.com\/?author=1"}]}},"_links":{"self":[{"href":"https:\/\/www.prijedordanas.com\/index.php?rest_route=\/wp\/v2\/posts\/175786"}],"collection":[{"href":"https:\/\/www.prijedordanas.com\/index.php?rest_route=\/wp\/v2\/posts"}],"about":[{"href":"https:\/\/www.prijedordanas.com\/index.php?rest_route=\/wp\/v2\/types\/post"}],"author":[{"embeddable":true,"href":"https:\/\/www.prijedordanas.com\/index.php?rest_route=\/wp\/v2\/users\/1"}],"replies":[{"embeddable":true,"href":"https:\/\/www.prijedordanas.com\/index.php?rest_route=%2Fwp%2Fv2%2Fcomments&post=175786"}],"version-history":[{"count":1,"href":"https:\/\/www.prijedordanas.com\/index.php?rest_route=\/wp\/v2\/posts\/175786\/revisions"}],"predecessor-version":[{"id":175788,"href":"https:\/\/www.prijedordanas.com\/index.php?rest_route=\/wp\/v2\/posts\/175786\/revisions\/175788"}],"wp:attachment":[{"href":"https:\/\/www.prijedordanas.com\/index.php?rest_route=%2Fwp%2Fv2%2Fmedia&parent=175786"}],"wp:term":[{"taxonomy":"category","embeddable":true,"href":"https:\/\/www.prijedordanas.com\/index.php?rest_route=%2Fwp%2Fv2%2Fcategories&post=175786"},{"taxonomy":"post_tag","embeddable":true,"href":"https:\/\/www.prijedordanas.com\/index.php?rest_route=%2Fwp%2Fv2%2Ftags&post=175786"}],"curies":[{"name":"wp","href":"https:\/\/api.w.org\/{rel}","templated":true}]}}