{"id":175392,"date":"2021-10-19T17:52:07","date_gmt":"2021-10-19T15:52:07","guid":{"rendered":"https:\/\/www.prijedordanas.com\/?p=175392"},"modified":"2021-10-19T17:52:07","modified_gmt":"2021-10-19T15:52:07","slug":"siroki-brijeg-rudar-prijedor-21-foto-video","status":"publish","type":"post","link":"https:\/\/www.prijedordanas.com\/?p=175392","title":{"rendered":"\u0160iroki Brijeg: Rudar-Prijedor  2:1 &#8211; FOTO\/VIDEO"},"content":{"rendered":"<p><a href=\"https:\/\/www.prijedordanas.com\/wp-content\/uploads\/2021\/10\/jabukatv-siroki-brijeg-rudar-prijedor-2-1-1.jpg\"><img loading=\"lazy\" decoding=\"async\" class=\"alignleft size-medium wp-image-175393\" src=\"https:\/\/www.prijedordanas.com\/wp-content\/uploads\/2021\/10\/jabukatv-siroki-brijeg-rudar-prijedor-2-1-1-300x222.jpg\" alt=\"\" width=\"300\" height=\"222\" srcset=\"https:\/\/www.prijedordanas.com\/wp-content\/uploads\/2021\/10\/jabukatv-siroki-brijeg-rudar-prijedor-2-1-1-300x222.jpg 300w, https:\/\/www.prijedordanas.com\/wp-content\/uploads\/2021\/10\/jabukatv-siroki-brijeg-rudar-prijedor-2-1-1.jpg 675w\" sizes=\"(max-width: 300px) 100vw, 300px\" \/><\/a>\u0160IROKI BRIJEG \u2013 RUDAR-PRIJEDOR 2:1 (1:0)<br \/>\n\/Luki\u0107 7, Ljanos 34 \u2013 Mandi\u0107 24\/<\/p>\n<p>Na debiju Marka Te\u0161i\u0107a na klupi &#8220;rudara&#8221;, prvi je do pogotka stigao \u0160iroki Brijeg.<\/p>\n<p>Ton\u0107i Mujan je odli\u010dno poslao loptu u prostor gdje ju je prihvatio Daniel Luki\u0107, koji lako matira Nikolu \u0160\u0107eki\u0107a.<\/p>\n<p>Prijedor\u010dani, ipak, nisu poklekli nakon tog pogotka doma\u0107ih.<\/p>\n<p>Nedugo potom se u sjajnoj prilici na\u0161ao Jozef Amoa, ali nije bio precizan, ali zato jeste Nikola Mandi\u0107 u 24. minutu iz slobodnog udarca.<\/p>\n<p><a href=\"https:\/\/www.prijedordanas.com\/wp-content\/uploads\/2021\/10\/jabukatv-siroki-brijeg-rudar-prijedor-2-1-2.jpg\"><img loading=\"lazy\" decoding=\"async\" class=\"alignleft size-medium wp-image-175394\" src=\"https:\/\/www.prijedordanas.com\/wp-content\/uploads\/2021\/10\/jabukatv-siroki-brijeg-rudar-prijedor-2-1-2-300x196.jpg\" alt=\"\" width=\"300\" height=\"196\" srcset=\"https:\/\/www.prijedordanas.com\/wp-content\/uploads\/2021\/10\/jabukatv-siroki-brijeg-rudar-prijedor-2-1-2-300x196.jpg 300w, https:\/\/www.prijedordanas.com\/wp-content\/uploads\/2021\/10\/jabukatv-siroki-brijeg-rudar-prijedor-2-1-2.jpg 600w\" sizes=\"(max-width: 300px) 100vw, 300px\" \/><\/a>\u0160utirao je napada\u010d Rudar Prijedora po zemlji, ispod \u017eivog zida, a ta lopta je iznenadila i prevarila Darija Mi\u0161ki\u0107a i zavr\u0161ila iza njegovih le\u0111a.<\/p>\n<p>Doma\u0107i sastav je, ipak, na pauzu oti\u0161ai pri vo\u0111stvu. Do drugog gola doma\u0107in je do\u0161ao u 34. minutu, golom Nikolasa Ljanosa, poslije druge asistencije Mujana.<\/p>\n<p>Lijevi bek gostiju Predrag Zekanovi\u0107 nije uspio da interveni\u0161e poslije njegovog centar\u0161uta, a vezista sa hrvatskim i kolumbijskim dr\u017eavljanstvom prihvata loptu i lako matira \u010duvara mre\u017ee Rudar Prijedora, za, ispostavilo se, kona\u010dnih 2:1.<\/p>\n<p>\u0160iroki Brijeg: Mi\u0161ki\u0107, Medi\u0107, Ob\u0161iva\u010d, \u010culjak, Ljanos, Mujan, Blagai\u0107, Vukoja, Luki\u0107, Begi\u0107, Juri\u0107<br \/>\nTrener: Jure Ivankovi\u0107<\/p>\n<p>Rudar Prijedor: \u0160\u0107eki\u0107, Sadiku, Pavlovi\u0107, Santos, Bilbija, Burazor, Mandi\u0107, Mari\u0107, Amoah, Zekanovi\u0107, Jakupovi\u0107<br \/>\nTrener: Marko Te\u0161i\u0107<\/p>\n<p>mondo.ba<br \/>\nfoto &#8211; jabuka.tv<\/p>\n<p><a href=\"https:\/\/www.prijedordanas.com\/wp-content\/uploads\/2021\/10\/jabukatv-siroki-brijeg-rudar-prijedor-2-1-4.jpg\"><img loading=\"lazy\" decoding=\"async\" src=\"https:\/\/www.prijedordanas.com\/wp-content\/uploads\/2021\/10\/jabukatv-siroki-brijeg-rudar-prijedor-2-1-4-300x202.jpg\" alt=\"\" width=\"300\" height=\"202\" class=\"alignleft size-medium wp-image-175395\" srcset=\"https:\/\/www.prijedordanas.com\/wp-content\/uploads\/2021\/10\/jabukatv-siroki-brijeg-rudar-prijedor-2-1-4-300x202.jpg 300w, https:\/\/www.prijedordanas.com\/wp-content\/uploads\/2021\/10\/jabukatv-siroki-brijeg-rudar-prijedor-2-1-4.jpg 600w\" sizes=\"(max-width: 300px) 100vw, 300px\" \/><\/a> <a href=\"https:\/\/www.prijedordanas.com\/wp-content\/uploads\/2021\/10\/jabukatv-siroki-brijeg-rudar-prijedor-2-1-3.jpg\"><img loading=\"lazy\" decoding=\"async\" src=\"https:\/\/www.prijedordanas.com\/wp-content\/uploads\/2021\/10\/jabukatv-siroki-brijeg-rudar-prijedor-2-1-3-300x169.jpg\" alt=\"\" width=\"300\" height=\"169\" class=\"alignleft size-medium wp-image-175396\" srcset=\"https:\/\/www.prijedordanas.com\/wp-content\/uploads\/2021\/10\/jabukatv-siroki-brijeg-rudar-prijedor-2-1-3-300x169.jpg 300w, https:\/\/www.prijedordanas.com\/wp-content\/uploads\/2021\/10\/jabukatv-siroki-brijeg-rudar-prijedor-2-1-3.jpg 600w\" sizes=\"(max-width: 300px) 100vw, 300px\" \/><\/a><\/p>\n<p><iframe loading=\"lazy\" title=\"MTEL PREMIJER LIGA BIH: \u0160iroki Brijeg - Rudar Prijedor 2:1 \/17. 10. 2021.\" width=\"500\" height=\"281\" src=\"https:\/\/www.youtube.com\/embed\/W2jU-MHLOko?feature=oembed\" frameborder=\"0\" allow=\"accelerometer; autoplay; clipboard-write; encrypted-media; gyroscope; picture-in-picture\" allowfullscreen><\/iframe><\/p>\n","protected":false},"excerpt":{"rendered":"<p>\u0160IROKI BRIJEG \u2013 RUDAR-PRIJEDOR 2:1 (1:0) \/Luki\u0107 7, Ljanos 34 \u2013 Mandi\u0107 24\/ Na debiju Marka Te\u0161i\u0107a na klupi &#8220;rudara&#8221;, prvi je do pogotka stigao \u0160iroki Brijeg. Ton\u0107i Mujan je [&hellip;]<\/p>\n","protected":false},"author":1,"featured_media":0,"comment_status":"closed","ping_status":"open","sticky":false,"template":"","format":"standard","meta":{"_monsterinsights_skip_tracking":false,"_monsterinsights_sitenote_active":false,"_monsterinsights_sitenote_note":"","_monsterinsights_sitenote_category":0,"footnotes":""},"categories":[7],"tags":[],"yoast_head":"<!-- This site is optimized with the Yoast SEO plugin v21.6 - https:\/\/yoast.com\/wordpress\/plugins\/seo\/ -->\n<title>\u0160iroki Brijeg: Rudar-Prijedor 2:1 - FOTO\/VIDEO - PrijedorDanas.com - Prijedorski gradski portal<\/title>\n<meta name=\"robots\" content=\"index, follow, max-snippet:-1, max-image-preview:large, max-video-preview:-1\" \/>\n<link rel=\"canonical\" href=\"https:\/\/www.prijedordanas.com\/?p=175392\" \/>\n<meta property=\"og:locale\" content=\"en_US\" \/>\n<meta property=\"og:type\" content=\"article\" \/>\n<meta property=\"og:title\" content=\"\u0160iroki Brijeg: Rudar-Prijedor 2:1 - FOTO\/VIDEO - PrijedorDanas.com - Prijedorski gradski portal\" \/>\n<meta property=\"og:description\" content=\"\u0160IROKI BRIJEG \u2013 RUDAR-PRIJEDOR 2:1 (1:0) \/Luki\u0107 7, Ljanos 34 \u2013 Mandi\u0107 24\/ Na debiju Marka Te\u0161i\u0107a na klupi &#8220;rudara&#8221;, prvi je do pogotka stigao \u0160iroki Brijeg. Ton\u0107i Mujan je [&hellip;]\" \/>\n<meta property=\"og:url\" content=\"https:\/\/www.prijedordanas.com\/?p=175392\" \/>\n<meta property=\"og:site_name\" content=\"PrijedorDanas.com - Prijedorski gradski portal\" \/>\n<meta property=\"article:publisher\" content=\"https:\/\/www.facebook.com\/PrijedorDanasCom\/\" \/>\n<meta property=\"article:published_time\" content=\"2021-10-19T15:52:07+00:00\" \/>\n<meta property=\"og:image\" content=\"https:\/\/www.prijedordanas.com\/wp-content\/uploads\/2021\/10\/jabukatv-siroki-brijeg-rudar-prijedor-2-1-1-300x222.jpg\" \/>\n<meta name=\"author\" content=\"admin\" \/>\n<meta name=\"twitter:card\" content=\"summary_large_image\" \/>\n<meta name=\"twitter:label1\" content=\"Written by\" \/>\n\t<meta name=\"twitter:data1\" content=\"admin\" \/>\n\t<meta name=\"twitter:label2\" content=\"Est. reading time\" \/>\n\t<meta name=\"twitter:data2\" content=\"2 minutes\" \/>\n<script type=\"application\/ld+json\" class=\"yoast-schema-graph\">{\"@context\":\"https:\/\/schema.org\",\"@graph\":[{\"@type\":\"Article\",\"@id\":\"https:\/\/www.prijedordanas.com\/?p=175392#article\",\"isPartOf\":{\"@id\":\"https:\/\/www.prijedordanas.com\/?p=175392\"},\"author\":{\"name\":\"admin\",\"@id\":\"https:\/\/www.prijedordanas.com\/#\/schema\/person\/4e08ccf29b506ca916ff86d46bb700e6\"},\"headline\":\"\u0160iroki Brijeg: Rudar-Prijedor 2:1 &#8211; FOTO\/VIDEO\",\"datePublished\":\"2021-10-19T15:52:07+00:00\",\"dateModified\":\"2021-10-19T15:52:07+00:00\",\"mainEntityOfPage\":{\"@id\":\"https:\/\/www.prijedordanas.com\/?p=175392\"},\"wordCount\":224,\"publisher\":{\"@id\":\"https:\/\/www.prijedordanas.com\/#organization\"},\"articleSection\":[\"Sport\"],\"inLanguage\":\"en-US\"},{\"@type\":\"WebPage\",\"@id\":\"https:\/\/www.prijedordanas.com\/?p=175392\",\"url\":\"https:\/\/www.prijedordanas.com\/?p=175392\",\"name\":\"\u0160iroki Brijeg: Rudar-Prijedor 2:1 - FOTO\/VIDEO - PrijedorDanas.com - Prijedorski gradski portal\",\"isPartOf\":{\"@id\":\"https:\/\/www.prijedordanas.com\/#website\"},\"datePublished\":\"2021-10-19T15:52:07+00:00\",\"dateModified\":\"2021-10-19T15:52:07+00:00\",\"breadcrumb\":{\"@id\":\"https:\/\/www.prijedordanas.com\/?p=175392#breadcrumb\"},\"inLanguage\":\"en-US\",\"potentialAction\":[{\"@type\":\"ReadAction\",\"target\":[\"https:\/\/www.prijedordanas.com\/?p=175392\"]}]},{\"@type\":\"BreadcrumbList\",\"@id\":\"https:\/\/www.prijedordanas.com\/?p=175392#breadcrumb\",\"itemListElement\":[{\"@type\":\"ListItem\",\"position\":1,\"name\":\"Home\",\"item\":\"https:\/\/www.prijedordanas.com\/\"},{\"@type\":\"ListItem\",\"position\":2,\"name\":\"\u0160iroki Brijeg: Rudar-Prijedor 2:1 &#8211; FOTO\/VIDEO\"}]},{\"@type\":\"WebSite\",\"@id\":\"https:\/\/www.prijedordanas.com\/#website\",\"url\":\"https:\/\/www.prijedordanas.com\/\",\"name\":\"PrijedorDanas.com - Prijedorski gradski portal\",\"description\":\"Portal o doga\u0111anjima u gradu Prijedoru\",\"publisher\":{\"@id\":\"https:\/\/www.prijedordanas.com\/#organization\"},\"potentialAction\":[{\"@type\":\"SearchAction\",\"target\":{\"@type\":\"EntryPoint\",\"urlTemplate\":\"https:\/\/www.prijedordanas.com\/?s={search_term_string}\"},\"query-input\":\"required name=search_term_string\"}],\"inLanguage\":\"en-US\"},{\"@type\":\"Organization\",\"@id\":\"https:\/\/www.prijedordanas.com\/#organization\",\"name\":\"PrijedorDanas.com\",\"url\":\"https:\/\/www.prijedordanas.com\/\",\"logo\":{\"@type\":\"ImageObject\",\"inLanguage\":\"en-US\",\"@id\":\"https:\/\/www.prijedordanas.com\/#\/schema\/logo\/image\/\",\"url\":\"http:\/\/www.prijedordanas.com\/wp-content\/uploads\/2021\/12\/logopng.png\",\"contentUrl\":\"http:\/\/www.prijedordanas.com\/wp-content\/uploads\/2021\/12\/logopng.png\",\"width\":1019,\"height\":776,\"caption\":\"PrijedorDanas.com\"},\"image\":{\"@id\":\"https:\/\/www.prijedordanas.com\/#\/schema\/logo\/image\/\"},\"sameAs\":[\"https:\/\/www.facebook.com\/PrijedorDanasCom\/\"]},{\"@type\":\"Person\",\"@id\":\"https:\/\/www.prijedordanas.com\/#\/schema\/person\/4e08ccf29b506ca916ff86d46bb700e6\",\"name\":\"admin\",\"image\":{\"@type\":\"ImageObject\",\"inLanguage\":\"en-US\",\"@id\":\"https:\/\/www.prijedordanas.com\/#\/schema\/person\/image\/\",\"url\":\"https:\/\/secure.gravatar.com\/avatar\/1d3fc949d550f0b53a5f0d51e06dfd79?s=96&d=mm&r=g\",\"contentUrl\":\"https:\/\/secure.gravatar.com\/avatar\/1d3fc949d550f0b53a5f0d51e06dfd79?s=96&d=mm&r=g\",\"caption\":\"admin\"},\"url\":\"https:\/\/www.prijedordanas.com\/?author=1\"}]}<\/script>\n<!-- \/ Yoast SEO plugin. -->","yoast_head_json":{"title":"\u0160iroki Brijeg: Rudar-Prijedor 2:1 - FOTO\/VIDEO - PrijedorDanas.com - Prijedorski gradski portal","robots":{"index":"index","follow":"follow","max-snippet":"max-snippet:-1","max-image-preview":"max-image-preview:large","max-video-preview":"max-video-preview:-1"},"canonical":"https:\/\/www.prijedordanas.com\/?p=175392","og_locale":"en_US","og_type":"article","og_title":"\u0160iroki Brijeg: Rudar-Prijedor 2:1 - FOTO\/VIDEO - PrijedorDanas.com - Prijedorski gradski portal","og_description":"\u0160IROKI BRIJEG \u2013 RUDAR-PRIJEDOR 2:1 (1:0) \/Luki\u0107 7, Ljanos 34 \u2013 Mandi\u0107 24\/ Na debiju Marka Te\u0161i\u0107a na klupi &#8220;rudara&#8221;, prvi je do pogotka stigao \u0160iroki Brijeg. Ton\u0107i Mujan je [&hellip;]","og_url":"https:\/\/www.prijedordanas.com\/?p=175392","og_site_name":"PrijedorDanas.com - Prijedorski gradski portal","article_publisher":"https:\/\/www.facebook.com\/PrijedorDanasCom\/","article_published_time":"2021-10-19T15:52:07+00:00","og_image":[{"url":"https:\/\/www.prijedordanas.com\/wp-content\/uploads\/2021\/10\/jabukatv-siroki-brijeg-rudar-prijedor-2-1-1-300x222.jpg"}],"author":"admin","twitter_card":"summary_large_image","twitter_misc":{"Written by":"admin","Est. reading time":"2 minutes"},"schema":{"@context":"https:\/\/schema.org","@graph":[{"@type":"Article","@id":"https:\/\/www.prijedordanas.com\/?p=175392#article","isPartOf":{"@id":"https:\/\/www.prijedordanas.com\/?p=175392"},"author":{"name":"admin","@id":"https:\/\/www.prijedordanas.com\/#\/schema\/person\/4e08ccf29b506ca916ff86d46bb700e6"},"headline":"\u0160iroki Brijeg: Rudar-Prijedor 2:1 &#8211; FOTO\/VIDEO","datePublished":"2021-10-19T15:52:07+00:00","dateModified":"2021-10-19T15:52:07+00:00","mainEntityOfPage":{"@id":"https:\/\/www.prijedordanas.com\/?p=175392"},"wordCount":224,"publisher":{"@id":"https:\/\/www.prijedordanas.com\/#organization"},"articleSection":["Sport"],"inLanguage":"en-US"},{"@type":"WebPage","@id":"https:\/\/www.prijedordanas.com\/?p=175392","url":"https:\/\/www.prijedordanas.com\/?p=175392","name":"\u0160iroki Brijeg: Rudar-Prijedor 2:1 - FOTO\/VIDEO - PrijedorDanas.com - Prijedorski gradski portal","isPartOf":{"@id":"https:\/\/www.prijedordanas.com\/#website"},"datePublished":"2021-10-19T15:52:07+00:00","dateModified":"2021-10-19T15:52:07+00:00","breadcrumb":{"@id":"https:\/\/www.prijedordanas.com\/?p=175392#breadcrumb"},"inLanguage":"en-US","potentialAction":[{"@type":"ReadAction","target":["https:\/\/www.prijedordanas.com\/?p=175392"]}]},{"@type":"BreadcrumbList","@id":"https:\/\/www.prijedordanas.com\/?p=175392#breadcrumb","itemListElement":[{"@type":"ListItem","position":1,"name":"Home","item":"https:\/\/www.prijedordanas.com\/"},{"@type":"ListItem","position":2,"name":"\u0160iroki Brijeg: Rudar-Prijedor 2:1 &#8211; FOTO\/VIDEO"}]},{"@type":"WebSite","@id":"https:\/\/www.prijedordanas.com\/#website","url":"https:\/\/www.prijedordanas.com\/","name":"PrijedorDanas.com - Prijedorski gradski portal","description":"Portal o doga\u0111anjima u gradu Prijedoru","publisher":{"@id":"https:\/\/www.prijedordanas.com\/#organization"},"potentialAction":[{"@type":"SearchAction","target":{"@type":"EntryPoint","urlTemplate":"https:\/\/www.prijedordanas.com\/?s={search_term_string}"},"query-input":"required name=search_term_string"}],"inLanguage":"en-US"},{"@type":"Organization","@id":"https:\/\/www.prijedordanas.com\/#organization","name":"PrijedorDanas.com","url":"https:\/\/www.prijedordanas.com\/","logo":{"@type":"ImageObject","inLanguage":"en-US","@id":"https:\/\/www.prijedordanas.com\/#\/schema\/logo\/image\/","url":"http:\/\/www.prijedordanas.com\/wp-content\/uploads\/2021\/12\/logopng.png","contentUrl":"http:\/\/www.prijedordanas.com\/wp-content\/uploads\/2021\/12\/logopng.png","width":1019,"height":776,"caption":"PrijedorDanas.com"},"image":{"@id":"https:\/\/www.prijedordanas.com\/#\/schema\/logo\/image\/"},"sameAs":["https:\/\/www.facebook.com\/PrijedorDanasCom\/"]},{"@type":"Person","@id":"https:\/\/www.prijedordanas.com\/#\/schema\/person\/4e08ccf29b506ca916ff86d46bb700e6","name":"admin","image":{"@type":"ImageObject","inLanguage":"en-US","@id":"https:\/\/www.prijedordanas.com\/#\/schema\/person\/image\/","url":"https:\/\/secure.gravatar.com\/avatar\/1d3fc949d550f0b53a5f0d51e06dfd79?s=96&d=mm&r=g","contentUrl":"https:\/\/secure.gravatar.com\/avatar\/1d3fc949d550f0b53a5f0d51e06dfd79?s=96&d=mm&r=g","caption":"admin"},"url":"https:\/\/www.prijedordanas.com\/?author=1"}]}},"_links":{"self":[{"href":"https:\/\/www.prijedordanas.com\/index.php?rest_route=\/wp\/v2\/posts\/175392"}],"collection":[{"href":"https:\/\/www.prijedordanas.com\/index.php?rest_route=\/wp\/v2\/posts"}],"about":[{"href":"https:\/\/www.prijedordanas.com\/index.php?rest_route=\/wp\/v2\/types\/post"}],"author":[{"embeddable":true,"href":"https:\/\/www.prijedordanas.com\/index.php?rest_route=\/wp\/v2\/users\/1"}],"replies":[{"embeddable":true,"href":"https:\/\/www.prijedordanas.com\/index.php?rest_route=%2Fwp%2Fv2%2Fcomments&post=175392"}],"version-history":[{"count":1,"href":"https:\/\/www.prijedordanas.com\/index.php?rest_route=\/wp\/v2\/posts\/175392\/revisions"}],"predecessor-version":[{"id":175397,"href":"https:\/\/www.prijedordanas.com\/index.php?rest_route=\/wp\/v2\/posts\/175392\/revisions\/175397"}],"wp:attachment":[{"href":"https:\/\/www.prijedordanas.com\/index.php?rest_route=%2Fwp%2Fv2%2Fmedia&parent=175392"}],"wp:term":[{"taxonomy":"category","embeddable":true,"href":"https:\/\/www.prijedordanas.com\/index.php?rest_route=%2Fwp%2Fv2%2Fcategories&post=175392"},{"taxonomy":"post_tag","embeddable":true,"href":"https:\/\/www.prijedordanas.com\/index.php?rest_route=%2Fwp%2Fv2%2Ftags&post=175392"}],"curies":[{"name":"wp","href":"https:\/\/api.w.org\/{rel}","templated":true}]}}