{"id":175270,"date":"2021-10-17T02:41:18","date_gmt":"2021-10-17T00:41:18","guid":{"rendered":"https:\/\/www.prijedordanas.com\/?p=175270"},"modified":"2021-10-17T02:41:18","modified_gmt":"2021-10-17T00:41:18","slug":"bruka-na-aerodromu-urije-avioni-slijecu-na-travu-zbog-neravnina-neupotrebljiva-pista-u-koju-je-ulozeno-330-000-km-foto","status":"publish","type":"post","link":"https:\/\/www.prijedordanas.com\/?p=175270","title":{"rendered":"Bruka na Aerodromu &#8220;Urije&#8221;: Avioni slije\u0107u na travu zbog neravnina, neupotrebljiva pista u koju je ulo\u017eeno 330.000 KM &#8211; FOTO"},"content":{"rendered":"<p><a href=\"https:\/\/www.prijedordanas.com\/wp-content\/uploads\/2021\/10\/blic-aerodrom-urije-pista-1.jpg\"><img loading=\"lazy\" decoding=\"async\" class=\"alignleft size-medium wp-image-175271\" src=\"https:\/\/www.prijedordanas.com\/wp-content\/uploads\/2021\/10\/blic-aerodrom-urije-pista-1-300x225.jpg\" alt=\"\" width=\"300\" height=\"225\" srcset=\"https:\/\/www.prijedordanas.com\/wp-content\/uploads\/2021\/10\/blic-aerodrom-urije-pista-1-300x225.jpg 300w, https:\/\/www.prijedordanas.com\/wp-content\/uploads\/2021\/10\/blic-aerodrom-urije-pista-1-640x480.jpg 640w, https:\/\/www.prijedordanas.com\/wp-content\/uploads\/2021\/10\/blic-aerodrom-urije-pista-1.jpg 667w\" sizes=\"(max-width: 300px) 100vw, 300px\" \/><\/a>Avioni na prijedorskom Aeorodromu Urije moraju sa trave da polije\u0107u i na nju da slije\u0107u, jer je betonska pista neravna, iako je u njenu izgradnju prije pet godina ulo\u017eeno oko 330.000 KM.<\/p>\n<p>Neravnu pistu du\u017eine 700 metara, umjesto aviona, koriste \u0161eta\u010di i rekreativci.<\/p>\n<p>Da ovu bruku gledaju najte\u017ee je \u010dlanovima Aerokluba \u201cPrijedor\u201c, koji su korisnici aerodroma na Urijama.<\/p>\n<p>Predsjednik Upravnog odbora Aerokluba \u201cPrijedor\u201d Vladimir Novakovi\u0107 pri\u010da da je izgradnja piste dijelom finansirana iz fondova EU, u projektu \u201cIPA CAN\u201d, koji je trebalo da uve\u017ee male aerodrome u regiji sa ciljem da se razvija turizam, ali i da se obezbijede piste za vanredne situacije poput poplava.<\/p>\n<p><a href=\"https:\/\/www.prijedordanas.com\/wp-content\/uploads\/2021\/10\/blic-vladimir-novakovic.jpg\"><img loading=\"lazy\" decoding=\"async\" class=\"alignleft size-medium wp-image-175272\" src=\"https:\/\/www.prijedordanas.com\/wp-content\/uploads\/2021\/10\/blic-vladimir-novakovic-300x225.jpg\" alt=\"\" width=\"300\" height=\"225\" srcset=\"https:\/\/www.prijedordanas.com\/wp-content\/uploads\/2021\/10\/blic-vladimir-novakovic-300x225.jpg 300w, https:\/\/www.prijedordanas.com\/wp-content\/uploads\/2021\/10\/blic-vladimir-novakovic-640x480.jpg 640w, https:\/\/www.prijedordanas.com\/wp-content\/uploads\/2021\/10\/blic-vladimir-novakovic.jpg 667w\" sizes=\"(max-width: 300px) 100vw, 300px\" \/><\/a>\u2013 Sje\u0107am se da je Bra\u010d odustao jer njihova lokalna zajednica nije imala novac za u\u010de\u0161\u0107e, pa je Prijedoru ponu\u0111eno da u\u010destvuje jer su ve\u0107 tako izgra\u0111eni hangari na Aerodromu. Grad je prihvatio, raspisao tender, izabrani su \u201cPrijedorputevi\u201d i novac za izgradnju piste preba\u010den im je prije nego su i po\u010deli graditi. Mi iz \u201cAeorukluba\u201d nismo bili direktni sudionici, jer smo samo korisnici Aerodroma. To je pod nekim velom tajne odra\u0111eno i taj novac je iskori\u0161ten \u2013 pri\u010da Novakovi\u0107 za Srpskainfo.<\/p>\n<p>Kada je gradnja piste zavr\u0161ena obratili su se Direkciji za civilnu avijaciju BiH, koja mora da odobri sve promjene na letili\u0161tima i aerodromima.<\/p>\n<p>Me\u0111utim, umjesto slavlja uslijedio je \u0161ok, jer je Direkcija utvrdila da se pista zbog neravnina ne smije koristiti za polijetanje i slijetanje aviona.<\/p>\n<p><a href=\"https:\/\/www.prijedordanas.com\/wp-content\/uploads\/2021\/10\/blic-aerodrom-urije-pista-3.jpg\"><img loading=\"lazy\" decoding=\"async\" class=\"alignleft size-medium wp-image-175273\" src=\"https:\/\/www.prijedordanas.com\/wp-content\/uploads\/2021\/10\/blic-aerodrom-urije-pista-3-300x225.jpg\" alt=\"\" width=\"300\" height=\"225\" srcset=\"https:\/\/www.prijedordanas.com\/wp-content\/uploads\/2021\/10\/blic-aerodrom-urije-pista-3-300x225.jpg 300w, https:\/\/www.prijedordanas.com\/wp-content\/uploads\/2021\/10\/blic-aerodrom-urije-pista-3.jpg 600w\" sizes=\"(max-width: 300px) 100vw, 300px\" \/><\/a>\u2013 Ve\u0107i je \u0161ok uslijedio zbog toga kako je reagovala struktura vlasti, investitor. I na kraju, najve\u0107i poraz je bio kada smo ja i kolege shvatili da to ne zanima me\u0111unarodnu instituciju, IPA fond. Kako njih ne zanima da li je taj projekat zavr\u0161en i da li je u upotrebi ono za\u0161to su dali novac!? Sramota je za grad i za sve koje je to ko\u0161talo. Neshvatljivo je i da to tako stoji dugo, a nikoga ne zanima \u2013 ka\u017ee Novakovi\u0107.<\/p>\n<p>Izvo\u0111a\u010d radova na pisti, preduze\u0107e \u201cPrijedorputevi\u201d, je prema nezvani\u010dnim saznanjima anga\u017eovalo preduze\u0107e iz Novog Grada za podizvo\u0111a\u010da.<\/p>\n<p>Prema rije\u010dima prethodnog gradona\u010delnika Milenka \u0110akovi\u0107a, taj podizvo\u0111a\u010d nije imao profesionalnu nivelacionu letvu za ravnanje gornjeg nivoa piste zbog \u010dega je ona i ostala neravna.<\/p>\n<p><a href=\"https:\/\/www.prijedordanas.com\/wp-content\/uploads\/2021\/10\/blic-aerodrom-urije-pista-4.jpg\"><img loading=\"lazy\" decoding=\"async\" class=\"alignleft size-medium wp-image-175274\" src=\"https:\/\/www.prijedordanas.com\/wp-content\/uploads\/2021\/10\/blic-aerodrom-urije-pista-4-300x225.jpg\" alt=\"\" width=\"300\" height=\"225\" srcset=\"https:\/\/www.prijedordanas.com\/wp-content\/uploads\/2021\/10\/blic-aerodrom-urije-pista-4-300x225.jpg 300w, https:\/\/www.prijedordanas.com\/wp-content\/uploads\/2021\/10\/blic-aerodrom-urije-pista-4.jpg 600w\" sizes=\"(max-width: 300px) 100vw, 300px\" \/><\/a>Iz \u201cPrijedorputeva\u201d ka\u017eu da nisu imali kompletnu projektnu dokumentaciju ve\u0107 da je u pitanju bila neka vrsta projekta legalizacije.<\/p>\n<p>\u2013 Samim tim u projektu niti su postojale geodetske podloge niti tehni\u010dki uslovi izvo\u0111enja. Izvo\u0111a\u010d je pristupio izvo\u0111enju radova i radove zavr\u0161io prema terenskim uslovima koji su bili vrlo slo\u017eeni, pogotovo sa aspekta zemljane podloge i njene nosivosti. Iako se Nadzorna slu\u017eba izjasnila da je jedina primjedba na izvo\u0111enje radova ravnost betonske povr\u0161ine, ta tvrdnja nije popra\u0107ena pozivanjem na bio koji tehni\u010dki propis koji defini\u0161e uslove ravnosti da bi stav bio kompletan. Tako\u0111e nikada nije ni obavljeno zvani\u010dno ispitivanje ravnosti u cilju ta\u010dnog odstupanja od tehni\u010dkih uslova i ocjena rezulata ispitivanja u cilju dokazivanja odstupanja od zahtjevanih uslova, mada imamo informacija da je ra\u0111eno detaljno snimanje betonske piste, te da nije utvr\u0111eno odstupanje od tehni\u010dkih standarda za tu vrstu radova \u2013 ka\u017eu iz \u201cProjedorputeva\u201d.<\/p>\n<p>Navode da su kao glavni izvo\u0111a\u010d odgovorni za kvalitet radova, kao i za anga\u017eovanje podizvo\u0111a\u010da.<\/p>\n<p><a href=\"https:\/\/www.prijedordanas.com\/wp-content\/uploads\/2021\/10\/blic-aerodrom-urije-pista-2.jpg\"><img loading=\"lazy\" decoding=\"async\" src=\"https:\/\/www.prijedordanas.com\/wp-content\/uploads\/2021\/10\/blic-aerodrom-urije-pista-2-300x225.jpg\" alt=\"\" width=\"300\" height=\"225\" class=\"alignleft size-medium wp-image-175275\" srcset=\"https:\/\/www.prijedordanas.com\/wp-content\/uploads\/2021\/10\/blic-aerodrom-urije-pista-2-300x225.jpg 300w, https:\/\/www.prijedordanas.com\/wp-content\/uploads\/2021\/10\/blic-aerodrom-urije-pista-2-640x480.jpg 640w, https:\/\/www.prijedordanas.com\/wp-content\/uploads\/2021\/10\/blic-aerodrom-urije-pista-2.jpg 667w\" sizes=\"(max-width: 300px) 100vw, 300px\" \/><\/a>\u2013 Prijedlog zavr\u0161etka projekta piste je upravo u prvobitnom predlo\u017eenom projektnom rje\u0161enju, a to je asfaltiranje piste. Investitor je tada od toga odustao jer nije bilo sredstava da se i to uradi. Asfaltiranje kompletne betonske piste je jedino pravo rje\u0161enje i razloga jer je asfalt puno bolje podloga za ove objekte i letjelice, a ujedno je i za\u0161titni sloj za betoniranu podlogu. Sve iole ozbiljne piste su ura\u0111ene na ovaj na\u010din \u2013 poru\u010duju iz \u201cPrijedorputeva\u201d.<\/p>\n<p>Iz Gradske uprave Prijedor saop\u0161tili su da je Grad Prijedor u martu 2016. zaklju\u010dio ugovor sa \u201cPrijedorputevima\u201d za izvo\u0111enje radova na izgradnji betonske piste, rulne staze i betonskih grani\u010dnika u sklopu sportskog aerodroma \u201eUrije\u201c u Prijedoru u okviru projekta IPA CAN.<\/p>\n<p>Radovi u vrijednosti 329.27 KM sa 85 odsto finansirani su iz IPA CAN projekat, a sa 15 odsto iz bud\u017eeta grada.<\/p>\n<p>\u2013 Mi u Gradskoj upravi smo svjesni da je projekat zavr\u0161en, ali i da pista nije u upotrebi. Me\u0111utim, trenutno stanje u gradskom bud\u017eetu i mnogobrojne naslije\u0111ene i dospjele obaveze iz perioda prethodne vlasti ne ostavljaju nam mogu\u0107nost da u ovom trenutku planiramo bilo kakvu mogu\u0107nost rje\u0161avanja ovog problema \u2013 zaklju\u010duju iz Gradske uprave.<\/p>\n<p>UGRO\u017dENA BEZBJEDNOST REKREATIVACA<\/p>\n<p>Iz \u201cAerokluba\u201d Prijedor isti\u010du da nije bezbjedno za pje\u0161ake i rekreativce da se kre\u0107u po Aerodromu i betonskoj pisti, jer u svakom momentu mo\u017ee sletjeti avion.<br \/>\nVladimir Novakovi\u0107 ka\u017ee da \u0107e se to pitanje morati rije\u0161iti zbog sigurnosti gra\u0111ana i dodaje da je mogu\u0107e da \u0107e na zemlji\u0161tu kluba na prihvatljivoj udaljenosti od aerodroma biti izgra\u0111eni rekreativni tereni.<\/p>\n<p>\u2013 Aerodrom je potencijal za grad i regiju, ako se dovede u stanje iskori\u0161tenosti. Mi ve\u0107i dio godine ne mo\u017eemo letjeti zbog oborisnkih voda, ovdje je ilova\u010da, nepropusno tlo, voda ne oti\u010de i zadr\u017eava se dok ne do\u0111u topliji ili vjetroviti dani da se su\u0161i. Izgradnjom piste taj problem \u0107e se rije\u0161iti \u2013 pri\u010da on.<br \/>\nI pored svih problema, ovaj klub \u0107e sa ponosom naredne godine obilje\u017eiti 70 godina postojanja.<\/p>\n<p><a href=\"https:\/\/srpskainfo.com\/bruka-avioni-slijecu-na-travu-zbog-neravnina-neupotrebljiva-pista-u-koju-je-ulozeno-330-000-km-foto\/\" target=\"_blank\" rel=\"noopener\">srpskainfo.com<\/a><\/p>\n","protected":false},"excerpt":{"rendered":"<p>Avioni na prijedorskom Aeorodromu Urije moraju sa trave da polije\u0107u i na nju da slije\u0107u, jer je betonska pista neravna, iako je u njenu izgradnju prije pet godina ulo\u017eeno oko [&hellip;]<\/p>\n","protected":false},"author":1,"featured_media":0,"comment_status":"closed","ping_status":"open","sticky":false,"template":"","format":"standard","meta":{"_monsterinsights_skip_tracking":false,"_monsterinsights_sitenote_active":false,"_monsterinsights_sitenote_note":"","_monsterinsights_sitenote_category":0,"footnotes":""},"categories":[3],"tags":[],"yoast_head":"<!-- This site is optimized with the Yoast SEO plugin v21.6 - https:\/\/yoast.com\/wordpress\/plugins\/seo\/ -->\n<title>Bruka na Aerodromu &quot;Urije&quot;: Avioni slije\u0107u na travu zbog neravnina, neupotrebljiva pista u koju je ulo\u017eeno 330.000 KM - FOTO - PrijedorDanas.com - Prijedorski gradski portal<\/title>\n<meta name=\"robots\" content=\"index, follow, max-snippet:-1, max-image-preview:large, max-video-preview:-1\" \/>\n<link rel=\"canonical\" href=\"https:\/\/www.prijedordanas.com\/?p=175270\" \/>\n<meta property=\"og:locale\" content=\"en_US\" \/>\n<meta property=\"og:type\" content=\"article\" \/>\n<meta property=\"og:title\" content=\"Bruka na Aerodromu &quot;Urije&quot;: Avioni slije\u0107u na travu zbog neravnina, neupotrebljiva pista u koju je ulo\u017eeno 330.000 KM - FOTO - PrijedorDanas.com - Prijedorski gradski portal\" \/>\n<meta property=\"og:description\" content=\"Avioni na prijedorskom Aeorodromu Urije moraju sa trave da polije\u0107u i na nju da slije\u0107u, jer je betonska pista neravna, iako je u njenu izgradnju prije pet godina ulo\u017eeno oko [&hellip;]\" \/>\n<meta property=\"og:url\" content=\"https:\/\/www.prijedordanas.com\/?p=175270\" \/>\n<meta property=\"og:site_name\" content=\"PrijedorDanas.com - Prijedorski gradski portal\" \/>\n<meta property=\"article:publisher\" content=\"https:\/\/www.facebook.com\/PrijedorDanasCom\/\" \/>\n<meta property=\"article:published_time\" content=\"2021-10-17T00:41:18+00:00\" \/>\n<meta property=\"og:image\" content=\"https:\/\/www.prijedordanas.com\/wp-content\/uploads\/2021\/10\/blic-aerodrom-urije-pista-1-300x225.jpg\" \/>\n<meta name=\"author\" content=\"admin\" \/>\n<meta name=\"twitter:card\" content=\"summary_large_image\" \/>\n<meta name=\"twitter:label1\" content=\"Written by\" \/>\n\t<meta name=\"twitter:data1\" content=\"admin\" \/>\n\t<meta name=\"twitter:label2\" content=\"Est. reading time\" \/>\n\t<meta name=\"twitter:data2\" content=\"5 minutes\" \/>\n<script type=\"application\/ld+json\" class=\"yoast-schema-graph\">{\"@context\":\"https:\/\/schema.org\",\"@graph\":[{\"@type\":\"Article\",\"@id\":\"https:\/\/www.prijedordanas.com\/?p=175270#article\",\"isPartOf\":{\"@id\":\"https:\/\/www.prijedordanas.com\/?p=175270\"},\"author\":{\"name\":\"admin\",\"@id\":\"https:\/\/www.prijedordanas.com\/#\/schema\/person\/4e08ccf29b506ca916ff86d46bb700e6\"},\"headline\":\"Bruka na Aerodromu &#8220;Urije&#8221;: Avioni slije\u0107u na travu zbog neravnina, neupotrebljiva pista u koju je ulo\u017eeno 330.000 KM &#8211; FOTO\",\"datePublished\":\"2021-10-17T00:41:18+00:00\",\"dateModified\":\"2021-10-17T00:41:18+00:00\",\"mainEntityOfPage\":{\"@id\":\"https:\/\/www.prijedordanas.com\/?p=175270\"},\"wordCount\":947,\"publisher\":{\"@id\":\"https:\/\/www.prijedordanas.com\/#organization\"},\"articleSection\":[\"\u017divot\"],\"inLanguage\":\"en-US\"},{\"@type\":\"WebPage\",\"@id\":\"https:\/\/www.prijedordanas.com\/?p=175270\",\"url\":\"https:\/\/www.prijedordanas.com\/?p=175270\",\"name\":\"Bruka na Aerodromu \\\"Urije\\\": Avioni slije\u0107u na travu zbog neravnina, neupotrebljiva pista u koju je ulo\u017eeno 330.000 KM - FOTO - PrijedorDanas.com - Prijedorski gradski portal\",\"isPartOf\":{\"@id\":\"https:\/\/www.prijedordanas.com\/#website\"},\"datePublished\":\"2021-10-17T00:41:18+00:00\",\"dateModified\":\"2021-10-17T00:41:18+00:00\",\"breadcrumb\":{\"@id\":\"https:\/\/www.prijedordanas.com\/?p=175270#breadcrumb\"},\"inLanguage\":\"en-US\",\"potentialAction\":[{\"@type\":\"ReadAction\",\"target\":[\"https:\/\/www.prijedordanas.com\/?p=175270\"]}]},{\"@type\":\"BreadcrumbList\",\"@id\":\"https:\/\/www.prijedordanas.com\/?p=175270#breadcrumb\",\"itemListElement\":[{\"@type\":\"ListItem\",\"position\":1,\"name\":\"Home\",\"item\":\"https:\/\/www.prijedordanas.com\/\"},{\"@type\":\"ListItem\",\"position\":2,\"name\":\"Bruka na Aerodromu &#8220;Urije&#8221;: Avioni slije\u0107u na travu zbog neravnina, neupotrebljiva pista u koju je ulo\u017eeno 330.000 KM &#8211; FOTO\"}]},{\"@type\":\"WebSite\",\"@id\":\"https:\/\/www.prijedordanas.com\/#website\",\"url\":\"https:\/\/www.prijedordanas.com\/\",\"name\":\"PrijedorDanas.com - Prijedorski gradski portal\",\"description\":\"Portal o doga\u0111anjima u gradu Prijedoru\",\"publisher\":{\"@id\":\"https:\/\/www.prijedordanas.com\/#organization\"},\"potentialAction\":[{\"@type\":\"SearchAction\",\"target\":{\"@type\":\"EntryPoint\",\"urlTemplate\":\"https:\/\/www.prijedordanas.com\/?s={search_term_string}\"},\"query-input\":\"required name=search_term_string\"}],\"inLanguage\":\"en-US\"},{\"@type\":\"Organization\",\"@id\":\"https:\/\/www.prijedordanas.com\/#organization\",\"name\":\"PrijedorDanas.com\",\"url\":\"https:\/\/www.prijedordanas.com\/\",\"logo\":{\"@type\":\"ImageObject\",\"inLanguage\":\"en-US\",\"@id\":\"https:\/\/www.prijedordanas.com\/#\/schema\/logo\/image\/\",\"url\":\"http:\/\/www.prijedordanas.com\/wp-content\/uploads\/2021\/12\/logopng.png\",\"contentUrl\":\"http:\/\/www.prijedordanas.com\/wp-content\/uploads\/2021\/12\/logopng.png\",\"width\":1019,\"height\":776,\"caption\":\"PrijedorDanas.com\"},\"image\":{\"@id\":\"https:\/\/www.prijedordanas.com\/#\/schema\/logo\/image\/\"},\"sameAs\":[\"https:\/\/www.facebook.com\/PrijedorDanasCom\/\"]},{\"@type\":\"Person\",\"@id\":\"https:\/\/www.prijedordanas.com\/#\/schema\/person\/4e08ccf29b506ca916ff86d46bb700e6\",\"name\":\"admin\",\"image\":{\"@type\":\"ImageObject\",\"inLanguage\":\"en-US\",\"@id\":\"https:\/\/www.prijedordanas.com\/#\/schema\/person\/image\/\",\"url\":\"https:\/\/secure.gravatar.com\/avatar\/1d3fc949d550f0b53a5f0d51e06dfd79?s=96&d=mm&r=g\",\"contentUrl\":\"https:\/\/secure.gravatar.com\/avatar\/1d3fc949d550f0b53a5f0d51e06dfd79?s=96&d=mm&r=g\",\"caption\":\"admin\"},\"url\":\"https:\/\/www.prijedordanas.com\/?author=1\"}]}<\/script>\n<!-- \/ Yoast SEO plugin. -->","yoast_head_json":{"title":"Bruka na Aerodromu \"Urije\": Avioni slije\u0107u na travu zbog neravnina, neupotrebljiva pista u koju je ulo\u017eeno 330.000 KM - FOTO - PrijedorDanas.com - Prijedorski gradski portal","robots":{"index":"index","follow":"follow","max-snippet":"max-snippet:-1","max-image-preview":"max-image-preview:large","max-video-preview":"max-video-preview:-1"},"canonical":"https:\/\/www.prijedordanas.com\/?p=175270","og_locale":"en_US","og_type":"article","og_title":"Bruka na Aerodromu \"Urije\": Avioni slije\u0107u na travu zbog neravnina, neupotrebljiva pista u koju je ulo\u017eeno 330.000 KM - FOTO - PrijedorDanas.com - Prijedorski gradski portal","og_description":"Avioni na prijedorskom Aeorodromu Urije moraju sa trave da polije\u0107u i na nju da slije\u0107u, jer je betonska pista neravna, iako je u njenu izgradnju prije pet godina ulo\u017eeno oko [&hellip;]","og_url":"https:\/\/www.prijedordanas.com\/?p=175270","og_site_name":"PrijedorDanas.com - Prijedorski gradski portal","article_publisher":"https:\/\/www.facebook.com\/PrijedorDanasCom\/","article_published_time":"2021-10-17T00:41:18+00:00","og_image":[{"url":"https:\/\/www.prijedordanas.com\/wp-content\/uploads\/2021\/10\/blic-aerodrom-urije-pista-1-300x225.jpg"}],"author":"admin","twitter_card":"summary_large_image","twitter_misc":{"Written by":"admin","Est. reading time":"5 minutes"},"schema":{"@context":"https:\/\/schema.org","@graph":[{"@type":"Article","@id":"https:\/\/www.prijedordanas.com\/?p=175270#article","isPartOf":{"@id":"https:\/\/www.prijedordanas.com\/?p=175270"},"author":{"name":"admin","@id":"https:\/\/www.prijedordanas.com\/#\/schema\/person\/4e08ccf29b506ca916ff86d46bb700e6"},"headline":"Bruka na Aerodromu &#8220;Urije&#8221;: Avioni slije\u0107u na travu zbog neravnina, neupotrebljiva pista u koju je ulo\u017eeno 330.000 KM &#8211; FOTO","datePublished":"2021-10-17T00:41:18+00:00","dateModified":"2021-10-17T00:41:18+00:00","mainEntityOfPage":{"@id":"https:\/\/www.prijedordanas.com\/?p=175270"},"wordCount":947,"publisher":{"@id":"https:\/\/www.prijedordanas.com\/#organization"},"articleSection":["\u017divot"],"inLanguage":"en-US"},{"@type":"WebPage","@id":"https:\/\/www.prijedordanas.com\/?p=175270","url":"https:\/\/www.prijedordanas.com\/?p=175270","name":"Bruka na Aerodromu \"Urije\": Avioni slije\u0107u na travu zbog neravnina, neupotrebljiva pista u koju je ulo\u017eeno 330.000 KM - FOTO - PrijedorDanas.com - Prijedorski gradski portal","isPartOf":{"@id":"https:\/\/www.prijedordanas.com\/#website"},"datePublished":"2021-10-17T00:41:18+00:00","dateModified":"2021-10-17T00:41:18+00:00","breadcrumb":{"@id":"https:\/\/www.prijedordanas.com\/?p=175270#breadcrumb"},"inLanguage":"en-US","potentialAction":[{"@type":"ReadAction","target":["https:\/\/www.prijedordanas.com\/?p=175270"]}]},{"@type":"BreadcrumbList","@id":"https:\/\/www.prijedordanas.com\/?p=175270#breadcrumb","itemListElement":[{"@type":"ListItem","position":1,"name":"Home","item":"https:\/\/www.prijedordanas.com\/"},{"@type":"ListItem","position":2,"name":"Bruka na Aerodromu &#8220;Urije&#8221;: Avioni slije\u0107u na travu zbog neravnina, neupotrebljiva pista u koju je ulo\u017eeno 330.000 KM &#8211; FOTO"}]},{"@type":"WebSite","@id":"https:\/\/www.prijedordanas.com\/#website","url":"https:\/\/www.prijedordanas.com\/","name":"PrijedorDanas.com - Prijedorski gradski portal","description":"Portal o doga\u0111anjima u gradu Prijedoru","publisher":{"@id":"https:\/\/www.prijedordanas.com\/#organization"},"potentialAction":[{"@type":"SearchAction","target":{"@type":"EntryPoint","urlTemplate":"https:\/\/www.prijedordanas.com\/?s={search_term_string}"},"query-input":"required name=search_term_string"}],"inLanguage":"en-US"},{"@type":"Organization","@id":"https:\/\/www.prijedordanas.com\/#organization","name":"PrijedorDanas.com","url":"https:\/\/www.prijedordanas.com\/","logo":{"@type":"ImageObject","inLanguage":"en-US","@id":"https:\/\/www.prijedordanas.com\/#\/schema\/logo\/image\/","url":"http:\/\/www.prijedordanas.com\/wp-content\/uploads\/2021\/12\/logopng.png","contentUrl":"http:\/\/www.prijedordanas.com\/wp-content\/uploads\/2021\/12\/logopng.png","width":1019,"height":776,"caption":"PrijedorDanas.com"},"image":{"@id":"https:\/\/www.prijedordanas.com\/#\/schema\/logo\/image\/"},"sameAs":["https:\/\/www.facebook.com\/PrijedorDanasCom\/"]},{"@type":"Person","@id":"https:\/\/www.prijedordanas.com\/#\/schema\/person\/4e08ccf29b506ca916ff86d46bb700e6","name":"admin","image":{"@type":"ImageObject","inLanguage":"en-US","@id":"https:\/\/www.prijedordanas.com\/#\/schema\/person\/image\/","url":"https:\/\/secure.gravatar.com\/avatar\/1d3fc949d550f0b53a5f0d51e06dfd79?s=96&d=mm&r=g","contentUrl":"https:\/\/secure.gravatar.com\/avatar\/1d3fc949d550f0b53a5f0d51e06dfd79?s=96&d=mm&r=g","caption":"admin"},"url":"https:\/\/www.prijedordanas.com\/?author=1"}]}},"_links":{"self":[{"href":"https:\/\/www.prijedordanas.com\/index.php?rest_route=\/wp\/v2\/posts\/175270"}],"collection":[{"href":"https:\/\/www.prijedordanas.com\/index.php?rest_route=\/wp\/v2\/posts"}],"about":[{"href":"https:\/\/www.prijedordanas.com\/index.php?rest_route=\/wp\/v2\/types\/post"}],"author":[{"embeddable":true,"href":"https:\/\/www.prijedordanas.com\/index.php?rest_route=\/wp\/v2\/users\/1"}],"replies":[{"embeddable":true,"href":"https:\/\/www.prijedordanas.com\/index.php?rest_route=%2Fwp%2Fv2%2Fcomments&post=175270"}],"version-history":[{"count":1,"href":"https:\/\/www.prijedordanas.com\/index.php?rest_route=\/wp\/v2\/posts\/175270\/revisions"}],"predecessor-version":[{"id":175276,"href":"https:\/\/www.prijedordanas.com\/index.php?rest_route=\/wp\/v2\/posts\/175270\/revisions\/175276"}],"wp:attachment":[{"href":"https:\/\/www.prijedordanas.com\/index.php?rest_route=%2Fwp%2Fv2%2Fmedia&parent=175270"}],"wp:term":[{"taxonomy":"category","embeddable":true,"href":"https:\/\/www.prijedordanas.com\/index.php?rest_route=%2Fwp%2Fv2%2Fcategories&post=175270"},{"taxonomy":"post_tag","embeddable":true,"href":"https:\/\/www.prijedordanas.com\/index.php?rest_route=%2Fwp%2Fv2%2Ftags&post=175270"}],"curies":[{"name":"wp","href":"https:\/\/api.w.org\/{rel}","templated":true}]}}