{"id":175146,"date":"2021-10-14T02:29:28","date_gmt":"2021-10-14T00:29:28","guid":{"rendered":"https:\/\/www.prijedordanas.com\/?p=175146"},"modified":"2021-10-17T11:18:34","modified_gmt":"2021-10-17T09:18:34","slug":"udruzenje-za-ocuvanje-tradicije-prijedor-proslavilo-svoju-slavu-miholjdan-foto-2","status":"publish","type":"post","link":"https:\/\/www.prijedordanas.com\/?p=175146","title":{"rendered":"Udru\u017eenje za o\u010duvanje tradicije Prijedor proslavilo svoju slavu Miholjdan \u2013 FOTO"},"content":{"rendered":"<p><a href=\"https:\/\/www.prijedordanas.com\/wp-content\/uploads\/2021\/10\/udruzenje-za-ocuvanje-tradicije-slava-2021-1.jpg\"><img loading=\"lazy\" decoding=\"async\" class=\"alignleft size-medium wp-image-175150\" src=\"https:\/\/www.prijedordanas.com\/wp-content\/uploads\/2021\/10\/udruzenje-za-ocuvanje-tradicije-slava-2021-1-300x225.jpg\" alt=\"\" width=\"300\" height=\"225\" srcset=\"https:\/\/www.prijedordanas.com\/wp-content\/uploads\/2021\/10\/udruzenje-za-ocuvanje-tradicije-slava-2021-1-300x225.jpg 300w, https:\/\/www.prijedordanas.com\/wp-content\/uploads\/2021\/10\/udruzenje-za-ocuvanje-tradicije-slava-2021-1-640x480.jpg 640w, https:\/\/www.prijedordanas.com\/wp-content\/uploads\/2021\/10\/udruzenje-za-ocuvanje-tradicije-slava-2021-1.jpg 667w\" sizes=\"(max-width: 300px) 100vw, 300px\" \/><\/a>Udru\u017eenje za o\u010duvanje tradicije Prijedor u utorak je proslavilo svoju krsnu slavu, sv. Kirijaka Ot\u0161elnika &#8211; Miholjdan.<\/p>\n<p>Ujedno je obilje\u017eeno i pet godina postojanja i rada ovog Udru\u017eenja.<\/p>\n<p>Proslavi krsne slave prisustvovali su, pored \u010dlanova Udru\u017eenja, brojni prijatelji iz javnog i kulturnog \u017eivota grada Prijedora, saradnici iz drugih kulturnih institucija i udru\u017eenja, kao i gosti iz Srbije i Hrvatske.<\/p>\n<p>Pozdravljajuc\u0301i prisutne goste direktor Udru\u017eenja za o\u010duvanje tradiocije \u017deljko \u0160ormaz se zahvalio svima koji su na bilo koji ljudski na\u010din pomogli radu Udru\u017eenja i naglasio da bez takvih ljudi i izuzetni rezultati rada ne bi bili moguc\u0301i.<\/p>\n<p><a href=\"https:\/\/www.prijedordanas.com\/wp-content\/uploads\/2021\/10\/udruzenje-za-ocuvanje-tradicije-slava-2021-2.jpg\"><img loading=\"lazy\" decoding=\"async\" class=\"alignleft size-medium wp-image-175151\" src=\"https:\/\/www.prijedordanas.com\/wp-content\/uploads\/2021\/10\/udruzenje-za-ocuvanje-tradicije-slava-2021-2-300x225.jpg\" alt=\"\" width=\"300\" height=\"225\" srcset=\"https:\/\/www.prijedordanas.com\/wp-content\/uploads\/2021\/10\/udruzenje-za-ocuvanje-tradicije-slava-2021-2-300x225.jpg 300w, https:\/\/www.prijedordanas.com\/wp-content\/uploads\/2021\/10\/udruzenje-za-ocuvanje-tradicije-slava-2021-2-640x480.jpg 640w, https:\/\/www.prijedordanas.com\/wp-content\/uploads\/2021\/10\/udruzenje-za-ocuvanje-tradicije-slava-2021-2.jpg 667w\" sizes=\"(max-width: 300px) 100vw, 300px\" \/><\/a>-Izra\u017eavam nadu i uvjerenje da nas o\u010dekuju jo\u0161 ljep\u0161e stranice u buduc\u0301nosti jer vi\u0161e od 200 djece, \u010dlanova Udru\u017eenja, najvec\u0301i su zalog za uspjeh i izvr\u0161enje misije koju smo sebi postavili kao zadatak, dakle o\u010duvanja tradicije &#8211; rekao je \u0160ormaz.<\/p>\n<p>Nakon lomljenja slavskog kola\u010da, uslijedilo je dru\u017eenje.<\/p>\n<p>U sklopu obilje\u017eavanja pet godina rada i krsne slave, u Zavodu za izgradnju grada promovisana su i dva audio CD-a koji su upravo iza\u0161li u izdanju Udru\u017eenja za o\u010duvanje tradicije.<\/p>\n<p>Rije\u010d je o studijskim snimcima maestra Slavka Mitrovic\u0301a Caleta i Beogradskog omladinskog narodnog orkestra kao i snimcima sa njihovih koncerata odr\u017eanih u Prijedoru.<\/p>\n<p>Udru\u017eenje za o\u010duvanje tradicije Prijedor registrovano je 2016. godine, iako je neformalno radilo i ranije.<\/p>\n<p>U po\u010detku je bilo organizovano kroz tri sekcije, a potom reorganizovano u pet odsjeka sa, trenutno, vi\u0161e od 250 \u010dlanova.<\/p>\n<p>Tekst i foto &#8211; <a href=\"https:\/\/www.prijedordanas.com\" target=\"_blank\" rel=\"noopener noreferrer\">www.prijedordanas.com<\/a><\/p>\n<p><a href=\"https:\/\/www.prijedordanas.com\/wp-content\/uploads\/2021\/10\/udruzenje-za-ocuvanje-tradicije-slava-2021-3.jpg\"><img loading=\"lazy\" decoding=\"async\" src=\"https:\/\/www.prijedordanas.com\/wp-content\/uploads\/2021\/10\/udruzenje-za-ocuvanje-tradicije-slava-2021-3-300x200.jpg\" alt=\"\" width=\"300\" height=\"200\" class=\"alignleft size-medium wp-image-175152\" srcset=\"https:\/\/www.prijedordanas.com\/wp-content\/uploads\/2021\/10\/udruzenje-za-ocuvanje-tradicije-slava-2021-3-300x200.jpg 300w, https:\/\/www.prijedordanas.com\/wp-content\/uploads\/2021\/10\/udruzenje-za-ocuvanje-tradicije-slava-2021-3-480x320.jpg 480w, https:\/\/www.prijedordanas.com\/wp-content\/uploads\/2021\/10\/udruzenje-za-ocuvanje-tradicije-slava-2021-3.jpg 600w\" sizes=\"(max-width: 300px) 100vw, 300px\" \/><\/a> <a href=\"https:\/\/www.prijedordanas.com\/wp-content\/uploads\/2021\/10\/udruzenje-za-ocuvanje-tradicije-slava-2021-4.jpg\"><img loading=\"lazy\" decoding=\"async\" src=\"https:\/\/www.prijedordanas.com\/wp-content\/uploads\/2021\/10\/udruzenje-za-ocuvanje-tradicije-slava-2021-4-300x200.jpg\" alt=\"\" width=\"300\" height=\"200\" class=\"alignleft size-medium wp-image-175153\" srcset=\"https:\/\/www.prijedordanas.com\/wp-content\/uploads\/2021\/10\/udruzenje-za-ocuvanje-tradicije-slava-2021-4-300x200.jpg 300w, https:\/\/www.prijedordanas.com\/wp-content\/uploads\/2021\/10\/udruzenje-za-ocuvanje-tradicije-slava-2021-4-480x320.jpg 480w, https:\/\/www.prijedordanas.com\/wp-content\/uploads\/2021\/10\/udruzenje-za-ocuvanje-tradicije-slava-2021-4.jpg 600w\" sizes=\"(max-width: 300px) 100vw, 300px\" \/><\/a> <a href=\"https:\/\/www.prijedordanas.com\/wp-content\/uploads\/2021\/10\/udruzenje-za-ocuvanje-tradicije-slava-2021-5.jpg\"><img loading=\"lazy\" decoding=\"async\" src=\"https:\/\/www.prijedordanas.com\/wp-content\/uploads\/2021\/10\/udruzenje-za-ocuvanje-tradicije-slava-2021-5-300x169.jpg\" alt=\"\" width=\"300\" height=\"169\" class=\"alignleft size-medium wp-image-175154\" srcset=\"https:\/\/www.prijedordanas.com\/wp-content\/uploads\/2021\/10\/udruzenje-za-ocuvanje-tradicije-slava-2021-5-300x169.jpg 300w, https:\/\/www.prijedordanas.com\/wp-content\/uploads\/2021\/10\/udruzenje-za-ocuvanje-tradicije-slava-2021-5.jpg 600w\" sizes=\"(max-width: 300px) 100vw, 300px\" \/><\/a> <a href=\"https:\/\/www.prijedordanas.com\/wp-content\/uploads\/2021\/10\/udruzenje-za-ocuvanje-tradicije-slava-2021-6.jpg\"><img loading=\"lazy\" decoding=\"async\" src=\"https:\/\/www.prijedordanas.com\/wp-content\/uploads\/2021\/10\/udruzenje-za-ocuvanje-tradicije-slava-2021-6-300x169.jpg\" alt=\"\" width=\"300\" height=\"169\" class=\"alignleft size-medium wp-image-175155\" srcset=\"https:\/\/www.prijedordanas.com\/wp-content\/uploads\/2021\/10\/udruzenje-za-ocuvanje-tradicije-slava-2021-6-300x169.jpg 300w, https:\/\/www.prijedordanas.com\/wp-content\/uploads\/2021\/10\/udruzenje-za-ocuvanje-tradicije-slava-2021-6.jpg 600w\" sizes=\"(max-width: 300px) 100vw, 300px\" \/><\/a> <a href=\"https:\/\/www.prijedordanas.com\/wp-content\/uploads\/2021\/10\/udruzenje-za-ocuvanje-tradicije-slava-2021-7.jpg\"><img loading=\"lazy\" decoding=\"async\" src=\"https:\/\/www.prijedordanas.com\/wp-content\/uploads\/2021\/10\/udruzenje-za-ocuvanje-tradicije-slava-2021-7-300x200.jpg\" alt=\"\" width=\"300\" height=\"200\" class=\"alignleft size-medium wp-image-175156\" srcset=\"https:\/\/www.prijedordanas.com\/wp-content\/uploads\/2021\/10\/udruzenje-za-ocuvanje-tradicije-slava-2021-7-300x200.jpg 300w, https:\/\/www.prijedordanas.com\/wp-content\/uploads\/2021\/10\/udruzenje-za-ocuvanje-tradicije-slava-2021-7-480x320.jpg 480w, https:\/\/www.prijedordanas.com\/wp-content\/uploads\/2021\/10\/udruzenje-za-ocuvanje-tradicije-slava-2021-7.jpg 600w\" sizes=\"(max-width: 300px) 100vw, 300px\" \/><\/a> <a href=\"https:\/\/www.prijedordanas.com\/wp-content\/uploads\/2021\/10\/udruzenje-za-ocuvanje-tradicije-slava-2021-8.jpg\"><img loading=\"lazy\" decoding=\"async\" src=\"https:\/\/www.prijedordanas.com\/wp-content\/uploads\/2021\/10\/udruzenje-za-ocuvanje-tradicije-slava-2021-8-300x200.jpg\" alt=\"\" width=\"300\" height=\"200\" class=\"alignleft size-medium wp-image-175157\" srcset=\"https:\/\/www.prijedordanas.com\/wp-content\/uploads\/2021\/10\/udruzenje-za-ocuvanje-tradicije-slava-2021-8-300x200.jpg 300w, https:\/\/www.prijedordanas.com\/wp-content\/uploads\/2021\/10\/udruzenje-za-ocuvanje-tradicije-slava-2021-8-480x320.jpg 480w, https:\/\/www.prijedordanas.com\/wp-content\/uploads\/2021\/10\/udruzenje-za-ocuvanje-tradicije-slava-2021-8.jpg 600w\" sizes=\"(max-width: 300px) 100vw, 300px\" \/><\/a> <a href=\"https:\/\/www.prijedordanas.com\/wp-content\/uploads\/2021\/10\/udruzenje-za-ocuvanje-tradicije-slava-2021-9.jpg\"><img loading=\"lazy\" decoding=\"async\" src=\"https:\/\/www.prijedordanas.com\/wp-content\/uploads\/2021\/10\/udruzenje-za-ocuvanje-tradicije-slava-2021-9-300x200.jpg\" alt=\"\" width=\"300\" height=\"200\" class=\"alignleft size-medium wp-image-175158\" srcset=\"https:\/\/www.prijedordanas.com\/wp-content\/uploads\/2021\/10\/udruzenje-za-ocuvanje-tradicije-slava-2021-9-300x200.jpg 300w, https:\/\/www.prijedordanas.com\/wp-content\/uploads\/2021\/10\/udruzenje-za-ocuvanje-tradicije-slava-2021-9-480x320.jpg 480w, https:\/\/www.prijedordanas.com\/wp-content\/uploads\/2021\/10\/udruzenje-za-ocuvanje-tradicije-slava-2021-9.jpg 600w\" sizes=\"(max-width: 300px) 100vw, 300px\" \/><\/a> <a href=\"https:\/\/www.prijedordanas.com\/wp-content\/uploads\/2021\/10\/udruzenje-za-ocuvanje-tradicije-slava-2021-10.jpg\"><img loading=\"lazy\" decoding=\"async\" src=\"https:\/\/www.prijedordanas.com\/wp-content\/uploads\/2021\/10\/udruzenje-za-ocuvanje-tradicije-slava-2021-10-300x200.jpg\" alt=\"\" width=\"300\" height=\"200\" class=\"alignleft size-medium wp-image-175159\" srcset=\"https:\/\/www.prijedordanas.com\/wp-content\/uploads\/2021\/10\/udruzenje-za-ocuvanje-tradicije-slava-2021-10-300x200.jpg 300w, https:\/\/www.prijedordanas.com\/wp-content\/uploads\/2021\/10\/udruzenje-za-ocuvanje-tradicije-slava-2021-10-480x320.jpg 480w, https:\/\/www.prijedordanas.com\/wp-content\/uploads\/2021\/10\/udruzenje-za-ocuvanje-tradicije-slava-2021-10.jpg 600w\" sizes=\"(max-width: 300px) 100vw, 300px\" \/><\/a> <a href=\"https:\/\/www.prijedordanas.com\/wp-content\/uploads\/2021\/10\/udruzenje-za-ocuvanje-tradicije-slava-2021-11.jpg\"><img loading=\"lazy\" decoding=\"async\" src=\"https:\/\/www.prijedordanas.com\/wp-content\/uploads\/2021\/10\/udruzenje-za-ocuvanje-tradicije-slava-2021-11-300x200.jpg\" alt=\"\" width=\"300\" height=\"200\" class=\"alignleft size-medium wp-image-175160\" srcset=\"https:\/\/www.prijedordanas.com\/wp-content\/uploads\/2021\/10\/udruzenje-za-ocuvanje-tradicije-slava-2021-11-300x200.jpg 300w, https:\/\/www.prijedordanas.com\/wp-content\/uploads\/2021\/10\/udruzenje-za-ocuvanje-tradicije-slava-2021-11-480x320.jpg 480w, https:\/\/www.prijedordanas.com\/wp-content\/uploads\/2021\/10\/udruzenje-za-ocuvanje-tradicije-slava-2021-11.jpg 600w\" sizes=\"(max-width: 300px) 100vw, 300px\" \/><\/a><\/p>\n","protected":false},"excerpt":{"rendered":"<p>Udru\u017eenje za o\u010duvanje tradicije Prijedor u utorak je proslavilo svoju krsnu slavu, sv. Kirijaka Ot\u0161elnika &#8211; Miholjdan. Ujedno je obilje\u017eeno i pet godina postojanja i rada ovog Udru\u017eenja. Proslavi krsne [&hellip;]<\/p>\n","protected":false},"author":1,"featured_media":0,"comment_status":"closed","ping_status":"open","sticky":false,"template":"","format":"standard","meta":{"_monsterinsights_skip_tracking":false,"_monsterinsights_sitenote_active":false,"_monsterinsights_sitenote_note":"","_monsterinsights_sitenote_category":0,"footnotes":""},"categories":[7515,3],"tags":[],"yoast_head":"<!-- This site is optimized with the Yoast SEO plugin v21.6 - https:\/\/yoast.com\/wordpress\/plugins\/seo\/ -->\n<title>Udru\u017eenje za o\u010duvanje tradicije Prijedor proslavilo svoju slavu Miholjdan \u2013 FOTO - PrijedorDanas.com - Prijedorski gradski portal<\/title>\n<meta name=\"robots\" content=\"index, follow, max-snippet:-1, max-image-preview:large, max-video-preview:-1\" \/>\n<link rel=\"canonical\" href=\"https:\/\/www.prijedordanas.com\/?p=175146\" \/>\n<meta property=\"og:locale\" content=\"en_US\" \/>\n<meta property=\"og:type\" content=\"article\" \/>\n<meta property=\"og:title\" content=\"Udru\u017eenje za o\u010duvanje tradicije Prijedor proslavilo svoju slavu Miholjdan \u2013 FOTO - PrijedorDanas.com - Prijedorski gradski portal\" \/>\n<meta property=\"og:description\" content=\"Udru\u017eenje za o\u010duvanje tradicije Prijedor u utorak je proslavilo svoju krsnu slavu, sv. Kirijaka Ot\u0161elnika &#8211; Miholjdan. Ujedno je obilje\u017eeno i pet godina postojanja i rada ovog Udru\u017eenja. Proslavi krsne [&hellip;]\" \/>\n<meta property=\"og:url\" content=\"https:\/\/www.prijedordanas.com\/?p=175146\" \/>\n<meta property=\"og:site_name\" content=\"PrijedorDanas.com - Prijedorski gradski portal\" \/>\n<meta property=\"article:publisher\" content=\"https:\/\/www.facebook.com\/PrijedorDanasCom\/\" \/>\n<meta property=\"article:published_time\" content=\"2021-10-14T00:29:28+00:00\" \/>\n<meta property=\"article:modified_time\" content=\"2021-10-17T09:18:34+00:00\" \/>\n<meta property=\"og:image\" content=\"https:\/\/www.prijedordanas.com\/wp-content\/uploads\/2021\/10\/udruzenje-za-ocuvanje-tradicije-slava-2021-1-300x225.jpg\" \/>\n<meta name=\"author\" content=\"admin\" \/>\n<meta name=\"twitter:card\" content=\"summary_large_image\" \/>\n<meta name=\"twitter:label1\" content=\"Written by\" \/>\n\t<meta name=\"twitter:data1\" content=\"admin\" \/>\n\t<meta name=\"twitter:label2\" content=\"Est. reading time\" \/>\n\t<meta name=\"twitter:data2\" content=\"2 minutes\" \/>\n<script type=\"application\/ld+json\" class=\"yoast-schema-graph\">{\"@context\":\"https:\/\/schema.org\",\"@graph\":[{\"@type\":\"Article\",\"@id\":\"https:\/\/www.prijedordanas.com\/?p=175146#article\",\"isPartOf\":{\"@id\":\"https:\/\/www.prijedordanas.com\/?p=175146\"},\"author\":{\"name\":\"admin\",\"@id\":\"https:\/\/www.prijedordanas.com\/#\/schema\/person\/4e08ccf29b506ca916ff86d46bb700e6\"},\"headline\":\"Udru\u017eenje za o\u010duvanje tradicije Prijedor proslavilo svoju slavu Miholjdan \u2013 FOTO\",\"datePublished\":\"2021-10-14T00:29:28+00:00\",\"dateModified\":\"2021-10-17T09:18:34+00:00\",\"mainEntityOfPage\":{\"@id\":\"https:\/\/www.prijedordanas.com\/?p=175146\"},\"wordCount\":281,\"publisher\":{\"@id\":\"https:\/\/www.prijedordanas.com\/#organization\"},\"articleSection\":[\"Foto dana\",\"\u017divot\"],\"inLanguage\":\"en-US\"},{\"@type\":\"WebPage\",\"@id\":\"https:\/\/www.prijedordanas.com\/?p=175146\",\"url\":\"https:\/\/www.prijedordanas.com\/?p=175146\",\"name\":\"Udru\u017eenje za o\u010duvanje tradicije Prijedor proslavilo svoju slavu Miholjdan \u2013 FOTO - PrijedorDanas.com - Prijedorski gradski portal\",\"isPartOf\":{\"@id\":\"https:\/\/www.prijedordanas.com\/#website\"},\"datePublished\":\"2021-10-14T00:29:28+00:00\",\"dateModified\":\"2021-10-17T09:18:34+00:00\",\"breadcrumb\":{\"@id\":\"https:\/\/www.prijedordanas.com\/?p=175146#breadcrumb\"},\"inLanguage\":\"en-US\",\"potentialAction\":[{\"@type\":\"ReadAction\",\"target\":[\"https:\/\/www.prijedordanas.com\/?p=175146\"]}]},{\"@type\":\"BreadcrumbList\",\"@id\":\"https:\/\/www.prijedordanas.com\/?p=175146#breadcrumb\",\"itemListElement\":[{\"@type\":\"ListItem\",\"position\":1,\"name\":\"Home\",\"item\":\"https:\/\/www.prijedordanas.com\/\"},{\"@type\":\"ListItem\",\"position\":2,\"name\":\"Udru\u017eenje za o\u010duvanje tradicije Prijedor proslavilo svoju slavu Miholjdan \u2013 FOTO\"}]},{\"@type\":\"WebSite\",\"@id\":\"https:\/\/www.prijedordanas.com\/#website\",\"url\":\"https:\/\/www.prijedordanas.com\/\",\"name\":\"PrijedorDanas.com - Prijedorski gradski portal\",\"description\":\"Portal o doga\u0111anjima u gradu Prijedoru\",\"publisher\":{\"@id\":\"https:\/\/www.prijedordanas.com\/#organization\"},\"potentialAction\":[{\"@type\":\"SearchAction\",\"target\":{\"@type\":\"EntryPoint\",\"urlTemplate\":\"https:\/\/www.prijedordanas.com\/?s={search_term_string}\"},\"query-input\":\"required name=search_term_string\"}],\"inLanguage\":\"en-US\"},{\"@type\":\"Organization\",\"@id\":\"https:\/\/www.prijedordanas.com\/#organization\",\"name\":\"PrijedorDanas.com\",\"url\":\"https:\/\/www.prijedordanas.com\/\",\"logo\":{\"@type\":\"ImageObject\",\"inLanguage\":\"en-US\",\"@id\":\"https:\/\/www.prijedordanas.com\/#\/schema\/logo\/image\/\",\"url\":\"http:\/\/www.prijedordanas.com\/wp-content\/uploads\/2021\/12\/logopng.png\",\"contentUrl\":\"http:\/\/www.prijedordanas.com\/wp-content\/uploads\/2021\/12\/logopng.png\",\"width\":1019,\"height\":776,\"caption\":\"PrijedorDanas.com\"},\"image\":{\"@id\":\"https:\/\/www.prijedordanas.com\/#\/schema\/logo\/image\/\"},\"sameAs\":[\"https:\/\/www.facebook.com\/PrijedorDanasCom\/\"]},{\"@type\":\"Person\",\"@id\":\"https:\/\/www.prijedordanas.com\/#\/schema\/person\/4e08ccf29b506ca916ff86d46bb700e6\",\"name\":\"admin\",\"image\":{\"@type\":\"ImageObject\",\"inLanguage\":\"en-US\",\"@id\":\"https:\/\/www.prijedordanas.com\/#\/schema\/person\/image\/\",\"url\":\"https:\/\/secure.gravatar.com\/avatar\/1d3fc949d550f0b53a5f0d51e06dfd79?s=96&d=mm&r=g\",\"contentUrl\":\"https:\/\/secure.gravatar.com\/avatar\/1d3fc949d550f0b53a5f0d51e06dfd79?s=96&d=mm&r=g\",\"caption\":\"admin\"},\"url\":\"https:\/\/www.prijedordanas.com\/?author=1\"}]}<\/script>\n<!-- \/ Yoast SEO plugin. -->","yoast_head_json":{"title":"Udru\u017eenje za o\u010duvanje tradicije Prijedor proslavilo svoju slavu Miholjdan \u2013 FOTO - PrijedorDanas.com - Prijedorski gradski portal","robots":{"index":"index","follow":"follow","max-snippet":"max-snippet:-1","max-image-preview":"max-image-preview:large","max-video-preview":"max-video-preview:-1"},"canonical":"https:\/\/www.prijedordanas.com\/?p=175146","og_locale":"en_US","og_type":"article","og_title":"Udru\u017eenje za o\u010duvanje tradicije Prijedor proslavilo svoju slavu Miholjdan \u2013 FOTO - PrijedorDanas.com - Prijedorski gradski portal","og_description":"Udru\u017eenje za o\u010duvanje tradicije Prijedor u utorak je proslavilo svoju krsnu slavu, sv. Kirijaka Ot\u0161elnika &#8211; Miholjdan. Ujedno je obilje\u017eeno i pet godina postojanja i rada ovog Udru\u017eenja. Proslavi krsne [&hellip;]","og_url":"https:\/\/www.prijedordanas.com\/?p=175146","og_site_name":"PrijedorDanas.com - Prijedorski gradski portal","article_publisher":"https:\/\/www.facebook.com\/PrijedorDanasCom\/","article_published_time":"2021-10-14T00:29:28+00:00","article_modified_time":"2021-10-17T09:18:34+00:00","og_image":[{"url":"https:\/\/www.prijedordanas.com\/wp-content\/uploads\/2021\/10\/udruzenje-za-ocuvanje-tradicije-slava-2021-1-300x225.jpg"}],"author":"admin","twitter_card":"summary_large_image","twitter_misc":{"Written by":"admin","Est. reading time":"2 minutes"},"schema":{"@context":"https:\/\/schema.org","@graph":[{"@type":"Article","@id":"https:\/\/www.prijedordanas.com\/?p=175146#article","isPartOf":{"@id":"https:\/\/www.prijedordanas.com\/?p=175146"},"author":{"name":"admin","@id":"https:\/\/www.prijedordanas.com\/#\/schema\/person\/4e08ccf29b506ca916ff86d46bb700e6"},"headline":"Udru\u017eenje za o\u010duvanje tradicije Prijedor proslavilo svoju slavu Miholjdan \u2013 FOTO","datePublished":"2021-10-14T00:29:28+00:00","dateModified":"2021-10-17T09:18:34+00:00","mainEntityOfPage":{"@id":"https:\/\/www.prijedordanas.com\/?p=175146"},"wordCount":281,"publisher":{"@id":"https:\/\/www.prijedordanas.com\/#organization"},"articleSection":["Foto dana","\u017divot"],"inLanguage":"en-US"},{"@type":"WebPage","@id":"https:\/\/www.prijedordanas.com\/?p=175146","url":"https:\/\/www.prijedordanas.com\/?p=175146","name":"Udru\u017eenje za o\u010duvanje tradicije Prijedor proslavilo svoju slavu Miholjdan \u2013 FOTO - PrijedorDanas.com - Prijedorski gradski portal","isPartOf":{"@id":"https:\/\/www.prijedordanas.com\/#website"},"datePublished":"2021-10-14T00:29:28+00:00","dateModified":"2021-10-17T09:18:34+00:00","breadcrumb":{"@id":"https:\/\/www.prijedordanas.com\/?p=175146#breadcrumb"},"inLanguage":"en-US","potentialAction":[{"@type":"ReadAction","target":["https:\/\/www.prijedordanas.com\/?p=175146"]}]},{"@type":"BreadcrumbList","@id":"https:\/\/www.prijedordanas.com\/?p=175146#breadcrumb","itemListElement":[{"@type":"ListItem","position":1,"name":"Home","item":"https:\/\/www.prijedordanas.com\/"},{"@type":"ListItem","position":2,"name":"Udru\u017eenje za o\u010duvanje tradicije Prijedor proslavilo svoju slavu Miholjdan \u2013 FOTO"}]},{"@type":"WebSite","@id":"https:\/\/www.prijedordanas.com\/#website","url":"https:\/\/www.prijedordanas.com\/","name":"PrijedorDanas.com - Prijedorski gradski portal","description":"Portal o doga\u0111anjima u gradu Prijedoru","publisher":{"@id":"https:\/\/www.prijedordanas.com\/#organization"},"potentialAction":[{"@type":"SearchAction","target":{"@type":"EntryPoint","urlTemplate":"https:\/\/www.prijedordanas.com\/?s={search_term_string}"},"query-input":"required name=search_term_string"}],"inLanguage":"en-US"},{"@type":"Organization","@id":"https:\/\/www.prijedordanas.com\/#organization","name":"PrijedorDanas.com","url":"https:\/\/www.prijedordanas.com\/","logo":{"@type":"ImageObject","inLanguage":"en-US","@id":"https:\/\/www.prijedordanas.com\/#\/schema\/logo\/image\/","url":"http:\/\/www.prijedordanas.com\/wp-content\/uploads\/2021\/12\/logopng.png","contentUrl":"http:\/\/www.prijedordanas.com\/wp-content\/uploads\/2021\/12\/logopng.png","width":1019,"height":776,"caption":"PrijedorDanas.com"},"image":{"@id":"https:\/\/www.prijedordanas.com\/#\/schema\/logo\/image\/"},"sameAs":["https:\/\/www.facebook.com\/PrijedorDanasCom\/"]},{"@type":"Person","@id":"https:\/\/www.prijedordanas.com\/#\/schema\/person\/4e08ccf29b506ca916ff86d46bb700e6","name":"admin","image":{"@type":"ImageObject","inLanguage":"en-US","@id":"https:\/\/www.prijedordanas.com\/#\/schema\/person\/image\/","url":"https:\/\/secure.gravatar.com\/avatar\/1d3fc949d550f0b53a5f0d51e06dfd79?s=96&d=mm&r=g","contentUrl":"https:\/\/secure.gravatar.com\/avatar\/1d3fc949d550f0b53a5f0d51e06dfd79?s=96&d=mm&r=g","caption":"admin"},"url":"https:\/\/www.prijedordanas.com\/?author=1"}]}},"_links":{"self":[{"href":"https:\/\/www.prijedordanas.com\/index.php?rest_route=\/wp\/v2\/posts\/175146"}],"collection":[{"href":"https:\/\/www.prijedordanas.com\/index.php?rest_route=\/wp\/v2\/posts"}],"about":[{"href":"https:\/\/www.prijedordanas.com\/index.php?rest_route=\/wp\/v2\/types\/post"}],"author":[{"embeddable":true,"href":"https:\/\/www.prijedordanas.com\/index.php?rest_route=\/wp\/v2\/users\/1"}],"replies":[{"embeddable":true,"href":"https:\/\/www.prijedordanas.com\/index.php?rest_route=%2Fwp%2Fv2%2Fcomments&post=175146"}],"version-history":[{"count":3,"href":"https:\/\/www.prijedordanas.com\/index.php?rest_route=\/wp\/v2\/posts\/175146\/revisions"}],"predecessor-version":[{"id":175304,"href":"https:\/\/www.prijedordanas.com\/index.php?rest_route=\/wp\/v2\/posts\/175146\/revisions\/175304"}],"wp:attachment":[{"href":"https:\/\/www.prijedordanas.com\/index.php?rest_route=%2Fwp%2Fv2%2Fmedia&parent=175146"}],"wp:term":[{"taxonomy":"category","embeddable":true,"href":"https:\/\/www.prijedordanas.com\/index.php?rest_route=%2Fwp%2Fv2%2Fcategories&post=175146"},{"taxonomy":"post_tag","embeddable":true,"href":"https:\/\/www.prijedordanas.com\/index.php?rest_route=%2Fwp%2Fv2%2Ftags&post=175146"}],"curies":[{"name":"wp","href":"https:\/\/api.w.org\/{rel}","templated":true}]}}