{"id":174775,"date":"2021-10-06T14:30:37","date_gmt":"2021-10-06T12:30:37","guid":{"rendered":"https:\/\/www.prijedordanas.com\/?p=174775"},"modified":"2021-10-06T14:30:37","modified_gmt":"2021-10-06T12:30:37","slug":"konkurs-za-posao-os-branko-radicevic-petrovo-prima-pet-radnika-2","status":"publish","type":"post","link":"https:\/\/www.prijedordanas.com\/?p=174775","title":{"rendered":"Konkurs za posao: O\u0160 \u201eBranko Radi\u010devic\u0301\u201c Petrovo prima pet radnika"},"content":{"rendered":"<p><a href=\"https:\/\/www.prijedordanas.com\/wp-content\/uploads\/2021\/01\/os-branko-radicevic.jpg\"><img loading=\"lazy\" decoding=\"async\" src=\"https:\/\/www.prijedordanas.com\/wp-content\/uploads\/2021\/01\/os-branko-radicevic-300x225.jpg\" alt=\"\" width=\"300\" height=\"225\" class=\"alignleft size-medium wp-image-161268\" srcset=\"https:\/\/www.prijedordanas.com\/wp-content\/uploads\/2021\/01\/os-branko-radicevic-300x225.jpg 300w, https:\/\/www.prijedordanas.com\/wp-content\/uploads\/2021\/01\/os-branko-radicevic-640x480.jpg 640w, https:\/\/www.prijedordanas.com\/wp-content\/uploads\/2021\/01\/os-branko-radicevic.jpg 667w\" sizes=\"(max-width: 300px) 100vw, 300px\" \/><\/a>JU O\u0160 \u201eBranko Radi\u010devic\u0301\u201c Petrovo <\/p>\n<p>Oblast: Obrazovanje<br \/>\nRad na: Odre\u0111eno vrijeme<br \/>\nRegija: Prijedor<br \/>\nOtvoreno do: 07.10.2021.<br \/>\nBroj izvr\u0161ilaca: 5 <\/p>\n<p>OPIS RADNOG MJESTA <\/p>\n<p>REPUBLIKA SRPSKA<br \/>\nGRAD PRIJEDOR<br \/>\nJU O\u0160 \u201cBRANKO RADI\u010cEVIC\u0301\u201d PETROVO, PRIJEDOR<br \/>\nBroj: 543\/21 <\/p>\n<p>Na osnovu \u010dlana 113. stav (1) i \u010dlana 139. stav (3), ta\u010dka 15, Zakona o osnovnom vaspitanju i obrazovanju (\u201eSlu\u017ebeni glasnik Republike Srpske\u201c broj: 44\/17, 31\/18, 84\/19 i 63\/20), te Pravilnika o proceduri i kriterijumima prijema radnika u radni odnos u osnovnoj \u0161koli (\u201eSlu\u017ebeni glasnik Republike Srpske\u201c broj 74\/18 i 26\/19), a u vezi sa Odlukom direktora o raspisivanju konkursa broj: 542\/21, direktor Javne ustanove Osnovne \u0161kole \u201eBranko Radi\u010devic\u0301\u201c Petrovo, Prijedor raspisuje: <\/p>\n<p>KONKURS za izbor i prijem radnika <\/p>\n<p>Profesor razredne nastave &#8211; 1 izvr\u0161ilac, sa radnim iskustvom, polo\u017eenim stru\u010dnim ispitom, na odre\u0111eno vrijeme, do povratka radnika sa porodiljskog odsustva.<br \/>\nProfesor razredne nastave &#8211; 1 izvr\u0161ilac, sa radnim iskustvom, polo\u017eenim stru\u010dnim ispitom, na odre\u0111eno vrijeme do povratka radnika sa neplac\u0301enog odsustva.<br \/>\nProfesor njema\u010dkog jezika &#8211; 1 izvr\u0161ilac, sa radnim iskustvom, polo\u017eenim stru\u010dnim ispitom, na odre\u0111eno vrijeme do povratka radnika sa bolovanja, 16 \u010dasova.<br \/>\nProfesor hemije \u2013 1 izvr\u0161ilac sa radnim iskustvom i polo\u017eenim stru\u010dnim ispitom, na odre\u0111eno vrijeme, do 31.08.2022. godine, 4 \u010dasa sedmi\u010dno.<br \/>\nProfesor razredne nastave za rad u jutarnjem \u010duvanju- 1 izvr\u0161ilac, sa radnim iskustvom, polo\u017eenim stru\u010dnim ispitom, na odre\u0111eno vrijeme, najkasnije do 30.06.2022.godine, puna norma. <\/p>\n<p>OP\u0160TI I POSEBNI USLOVI ZA PRIJEM U RADNI ODNOS <\/p>\n<p>Pored op\u0161tih uslova predvi\u0111enih Zakonom o radu (\u201dSlu\u017ebeni glasnik RS\u201d, broj 01\/16 i 66\/18), kandidati treba da ispunjavaju i posebne uslove propisane \u010dlanom 104. Zakona o osnovnom vaspitanju i obrazovanju (\u201dSlu\u017ebeni glasnik RS\u201d, broj 44\/17, 31\/18, 84\/19 i 63\/20) i Pravilnika o stru\u010dnim profilima i zvanjima nastavnika, stru\u010dnih saradnika i vaspita\u010da (\u201dSlu\u017ebeni glasnik RS\u201d, broj 77\/09, 86\/10, 25\/14 i 76\/15). <\/p>\n<p>Op\u0161ti uslovi koje kandidat treba da ispunjava:<br \/>\nda je dr\u017eavljanin RS \/ BiH, a to se dokazuje uvjerenjem o dr\u017eavljanstvu,<br \/>\nda je punoljetan, a to dokazuje izvodom iz mati\u010dne knjige ro\u0111enih ili ovjerenom kopijom li\u010dne karte,<br \/>\nda je radno sposoban, a to dokazuje ljekarskim uvjerenjem koje ne mo\u017ee biti starije od 6 mjeseci i koje prila\u017ee samo izabrani kandidat nakon izvr\u0161enog izbora po konkursu, a prije zasnivanja radnog odnosa, i<br \/>\nda nije osu\u0111ivan pravosna\u017enom presudom za krivi\u010dna djela u\u010dinjena protiv dostojanstva li\u010dnosti, morala, slu\u017ebene du\u017enosti, trgovine ljudima, zlostavljanja djeteta, polnog i drugog nasilja nad djetetom ili maloljetnim licem, zloupotrba opojnih sredstava \u0161to se dokazuje uvjerenjem o neosu\u0111ivanosti, koje c\u0301e \u0161kola pribaviti slu\u017ebenim putem za izabranog kandidata, a prije zasnivanja radnog odnosa,<br \/>\nuvjerenje o podacima iz posebnog Registra lica pravosna\u017eno osu\u0111enih za krivi\u010dna djela seksualne zloupotrebe i iskori\u0161tavanja djece, koje c\u0301e \u0161kola pribaviti slu\u017ebenim putem za izabranog kandidata, a prije zasnivanja radnog odnosa,<br \/>\nuvjerenje da protiv njega nije pokrenut krivi\u010dni postupak za djela u\u010dinjena protiv dostojanstva li\u010dnosti, morala, slu\u017ebene du\u017enosti, polnog integriteta, zlostavljanja djeteta, polnog i drugog nasilja nad djetetom ili maloljetnim licem. <\/p>\n<p>Uz potpisanu prijavu na konkurs i dokumentaciju kojom se dokazuje ispunjavanje op\u0161tih uslova, potrebno je dostaviti i dokumentaciju na osnovu koje se dokazuje ispunjenost posebnih uslova i dokumentaciju na osnovu koje se vr\u0161i bodovanje po kriterijumima propisanim Pravilnikom o proceduri i kriterijumima prijema radnika u radni odnos u osnovnoj \u0161koli (\u201dSlu\u017ebeni glasnik RS\u201d broj: 74\/18 i 26\/19, u daljem tekstu Pravilnik, i u skladu sa \u010dlanom 115. Zakona o osnovnom vaspitanju i obrazovanju), koja podrazumijeva:<br \/>\na) ovjerenu fotokopiju diplome o zavr\u0161enom prvom ciklusu studijskog programa u \u010detvorogodi\u0161njem trajanju sa najmanje ostvarenih 240 ECTS bodova, u kojoj je navedeno stru\u010dno zvanje u odre\u0111enoj oblasti ili ekvivalent,<br \/>\nb) dodatak diplomi, koji sadr\u017ei podatke o prosjeku ocjena tokom studiranja ili uvjerenje visoko\u0161kolske ustanove o prosjeku ocjena tokom studiranja, ukoliko u diplomi ne postoje podaci o prosjeku ocjena,<br \/>\nv) uvjerenje izdato od Zavoda za zapo\u0161ljavanje o vremenu provedenom na evidenciji nezaposlenih lica (vrijeme \u010dekanja na posao u stru\u010dnoj spremi tra\u017eeno konkursom),<br \/>\ng) uvjerenje o radnom sta\u017eu izdato od ranijeg poslodavca,<br \/>\nd) uvjerenje op\u0161tinskog\/gradskog organa uprave nadle\u017enog za bora\u010dko-invalidsku za\u0161titu o utvr\u0111enom statusu borca Odbrambeno-otad\u017ebinskog rata RS, ako se radi o kandidatu iz kategorije borca,<br \/>\n\u0111) uvjerenje op\u0161tinskog\/gradskog organa uprave nadle\u017enog za bora\u010dko-invalidsku za\u0161titu o utvr\u0111enom statusu ratnog vojnog invalida Odbrambeno-otad\u017ebinskog rata RS, ako se radi o kandidatu iz kategorije ratnog vojnog invalida,<br \/>\ne) uvjerenje op\u0161tinskog\/gradskog organa uprave nadle\u017enog za bora\u010dko-invalidsku za\u0161titu o utvr\u0111enom statusu \u010dlana porodice poginulog borca Odbrambeno-otad\u017ebinskog rata RS, ukoliko se radi o kandidatu iz kategorije porodice poginulog borca. <\/p>\n<p>Kandidati su du\u017eni dostaviti ovjerene fotokopije svih dokumenata buduc\u0301i da iste nec\u0301e biti vrac\u0301ene kandidatima. <\/p>\n<p>Prijem u radni odnos vr\u0161ic\u0301e se u skladu sa \u010dlanom 115. Zakona o osnovnom vaspitanju i obrazovanju (\u201dSlu\u017ebeni glasnik RS\u201d broj: 44\/17, 31\/18 i 84\/19) i Pravilnika o proceduri i kriterijumima prijema radnika u radni odnos u osnovnoj \u0161koli (\u201dSlu\u017ebeni glasnik RS\u201d broj: 74\/18 i 26\/19), a na osnovu liste kandidata utvr\u0111ene bodovanjem po kriterijima propisanim ovim Pravilnikom. <\/p>\n<p>Konkurs ostaje otvoren 8 (osam) dana od dana objavljivanja u dnevnom listu \u201cGlas Srpske\u201d. <\/p>\n<p>Prijem u radni odnos vr\u0161ic\u0301e se u skladu sa odredbama Pravilnika koje nisu u suprotnosti sa Zakonom. <\/p>\n<p>Spisak kandidata koji ispunjavaju uslove konkursa, a prijave su im potpune i blagovremene bic\u0301e postavljene na oglasnoj plo\u010di \u0161kole. <\/p>\n<p>Intervju i testiranje za navedene konkurse c\u0301e biti obavljeno u prostorijama \u0161kole dana 11.10.2021. godine, u 12:00 \u010dasova, te stoga kandidati nec\u0301e biti pojedina\u010dno obavje\u0161teni o terminu istog. <\/p>\n<p>Kandidati koji se ne pojave na intervjuu i testu, smatrac\u0301e se da su odustali od prijave na konkurs. <\/p>\n<p>Neblagovremene i nepotpune prijave nec\u0301e biti uzete u razmatranje. <\/p>\n<p>Napomena: Prijave za navedeno radno mjesto sa potrebnim dokumentima mogu se dostaviti li\u010dno u \u0161kolu ili putem po\u0161te na adresu \u0161kole: JU Osnovna \u0161kola \u201cBranko Radi\u010devic\u0301\u201d Petrovo, Prijedor, Petrovo bb, 79102 Prijedor, sa naznakom \u201cZa konkurs\u201d.<\/p>\n<p>Zavod za zapo\u0161ljavanje RS<br \/>\nFoto &#8211; ilustracija<\/p>\n","protected":false},"excerpt":{"rendered":"<p>JU O\u0160 \u201eBranko Radi\u010devic\u0301\u201c Petrovo Oblast: Obrazovanje Rad na: Odre\u0111eno vrijeme Regija: Prijedor Otvoreno do: 07.10.2021. Broj izvr\u0161ilaca: 5 OPIS RADNOG MJESTA REPUBLIKA SRPSKA GRAD PRIJEDOR JU O\u0160 \u201cBRANKO RADI\u010cEVIC\u0301\u201d [&hellip;]<\/p>\n","protected":false},"author":1,"featured_media":0,"comment_status":"closed","ping_status":"open","sticky":false,"template":"","format":"standard","meta":{"_monsterinsights_skip_tracking":false,"_monsterinsights_sitenote_active":false,"_monsterinsights_sitenote_note":"","_monsterinsights_sitenote_category":0,"footnotes":""},"categories":[7519],"tags":[],"yoast_head":"<!-- This site is optimized with the Yoast SEO plugin v21.6 - https:\/\/yoast.com\/wordpress\/plugins\/seo\/ -->\n<title>Konkurs za posao: O\u0160 \u201eBranko Radi\u010devic\u0301\u201c Petrovo prima pet radnika - PrijedorDanas.com - Prijedorski gradski portal<\/title>\n<meta name=\"robots\" content=\"index, follow, max-snippet:-1, max-image-preview:large, max-video-preview:-1\" \/>\n<link rel=\"canonical\" href=\"https:\/\/www.prijedordanas.com\/?p=174775\" \/>\n<meta property=\"og:locale\" content=\"en_US\" \/>\n<meta property=\"og:type\" content=\"article\" \/>\n<meta property=\"og:title\" content=\"Konkurs za posao: O\u0160 \u201eBranko Radi\u010devic\u0301\u201c Petrovo prima pet radnika - PrijedorDanas.com - Prijedorski gradski portal\" \/>\n<meta property=\"og:description\" content=\"JU O\u0160 \u201eBranko Radi\u010devic\u0301\u201c Petrovo Oblast: Obrazovanje Rad na: Odre\u0111eno vrijeme Regija: Prijedor Otvoreno do: 07.10.2021. Broj izvr\u0161ilaca: 5 OPIS RADNOG MJESTA REPUBLIKA SRPSKA GRAD PRIJEDOR JU O\u0160 \u201cBRANKO RADI\u010cEVIC\u0301\u201d [&hellip;]\" \/>\n<meta property=\"og:url\" content=\"https:\/\/www.prijedordanas.com\/?p=174775\" \/>\n<meta property=\"og:site_name\" content=\"PrijedorDanas.com - Prijedorski gradski portal\" \/>\n<meta property=\"article:publisher\" content=\"https:\/\/www.facebook.com\/PrijedorDanasCom\/\" \/>\n<meta property=\"article:published_time\" content=\"2021-10-06T12:30:37+00:00\" \/>\n<meta property=\"og:image\" content=\"https:\/\/www.prijedordanas.com\/wp-content\/uploads\/2021\/01\/os-branko-radicevic-300x225.jpg\" \/>\n<meta name=\"author\" content=\"admin\" \/>\n<meta name=\"twitter:card\" content=\"summary_large_image\" \/>\n<meta name=\"twitter:label1\" content=\"Written by\" \/>\n\t<meta name=\"twitter:data1\" content=\"admin\" \/>\n\t<meta name=\"twitter:label2\" content=\"Est. reading time\" \/>\n\t<meta name=\"twitter:data2\" content=\"5 minutes\" \/>\n<script type=\"application\/ld+json\" class=\"yoast-schema-graph\">{\"@context\":\"https:\/\/schema.org\",\"@graph\":[{\"@type\":\"Article\",\"@id\":\"https:\/\/www.prijedordanas.com\/?p=174775#article\",\"isPartOf\":{\"@id\":\"https:\/\/www.prijedordanas.com\/?p=174775\"},\"author\":{\"name\":\"admin\",\"@id\":\"https:\/\/www.prijedordanas.com\/#\/schema\/person\/4e08ccf29b506ca916ff86d46bb700e6\"},\"headline\":\"Konkurs za posao: O\u0160 \u201eBranko Radi\u010devic\u0301\u201c Petrovo prima pet radnika\",\"datePublished\":\"2021-10-06T12:30:37+00:00\",\"dateModified\":\"2021-10-06T12:30:37+00:00\",\"mainEntityOfPage\":{\"@id\":\"https:\/\/www.prijedordanas.com\/?p=174775\"},\"wordCount\":1026,\"publisher\":{\"@id\":\"https:\/\/www.prijedordanas.com\/#organization\"},\"articleSection\":[\"Posao\"],\"inLanguage\":\"en-US\"},{\"@type\":\"WebPage\",\"@id\":\"https:\/\/www.prijedordanas.com\/?p=174775\",\"url\":\"https:\/\/www.prijedordanas.com\/?p=174775\",\"name\":\"Konkurs za posao: O\u0160 \u201eBranko Radi\u010devic\u0301\u201c Petrovo prima pet radnika - PrijedorDanas.com - Prijedorski gradski portal\",\"isPartOf\":{\"@id\":\"https:\/\/www.prijedordanas.com\/#website\"},\"datePublished\":\"2021-10-06T12:30:37+00:00\",\"dateModified\":\"2021-10-06T12:30:37+00:00\",\"breadcrumb\":{\"@id\":\"https:\/\/www.prijedordanas.com\/?p=174775#breadcrumb\"},\"inLanguage\":\"en-US\",\"potentialAction\":[{\"@type\":\"ReadAction\",\"target\":[\"https:\/\/www.prijedordanas.com\/?p=174775\"]}]},{\"@type\":\"BreadcrumbList\",\"@id\":\"https:\/\/www.prijedordanas.com\/?p=174775#breadcrumb\",\"itemListElement\":[{\"@type\":\"ListItem\",\"position\":1,\"name\":\"Home\",\"item\":\"https:\/\/www.prijedordanas.com\/\"},{\"@type\":\"ListItem\",\"position\":2,\"name\":\"Konkurs za posao: O\u0160 \u201eBranko Radi\u010devic\u0301\u201c Petrovo prima pet radnika\"}]},{\"@type\":\"WebSite\",\"@id\":\"https:\/\/www.prijedordanas.com\/#website\",\"url\":\"https:\/\/www.prijedordanas.com\/\",\"name\":\"PrijedorDanas.com - Prijedorski gradski portal\",\"description\":\"Portal o doga\u0111anjima u gradu Prijedoru\",\"publisher\":{\"@id\":\"https:\/\/www.prijedordanas.com\/#organization\"},\"potentialAction\":[{\"@type\":\"SearchAction\",\"target\":{\"@type\":\"EntryPoint\",\"urlTemplate\":\"https:\/\/www.prijedordanas.com\/?s={search_term_string}\"},\"query-input\":\"required name=search_term_string\"}],\"inLanguage\":\"en-US\"},{\"@type\":\"Organization\",\"@id\":\"https:\/\/www.prijedordanas.com\/#organization\",\"name\":\"PrijedorDanas.com\",\"url\":\"https:\/\/www.prijedordanas.com\/\",\"logo\":{\"@type\":\"ImageObject\",\"inLanguage\":\"en-US\",\"@id\":\"https:\/\/www.prijedordanas.com\/#\/schema\/logo\/image\/\",\"url\":\"http:\/\/www.prijedordanas.com\/wp-content\/uploads\/2021\/12\/logopng.png\",\"contentUrl\":\"http:\/\/www.prijedordanas.com\/wp-content\/uploads\/2021\/12\/logopng.png\",\"width\":1019,\"height\":776,\"caption\":\"PrijedorDanas.com\"},\"image\":{\"@id\":\"https:\/\/www.prijedordanas.com\/#\/schema\/logo\/image\/\"},\"sameAs\":[\"https:\/\/www.facebook.com\/PrijedorDanasCom\/\"]},{\"@type\":\"Person\",\"@id\":\"https:\/\/www.prijedordanas.com\/#\/schema\/person\/4e08ccf29b506ca916ff86d46bb700e6\",\"name\":\"admin\",\"image\":{\"@type\":\"ImageObject\",\"inLanguage\":\"en-US\",\"@id\":\"https:\/\/www.prijedordanas.com\/#\/schema\/person\/image\/\",\"url\":\"https:\/\/secure.gravatar.com\/avatar\/1d3fc949d550f0b53a5f0d51e06dfd79?s=96&d=mm&r=g\",\"contentUrl\":\"https:\/\/secure.gravatar.com\/avatar\/1d3fc949d550f0b53a5f0d51e06dfd79?s=96&d=mm&r=g\",\"caption\":\"admin\"},\"url\":\"https:\/\/www.prijedordanas.com\/?author=1\"}]}<\/script>\n<!-- \/ Yoast SEO plugin. -->","yoast_head_json":{"title":"Konkurs za posao: O\u0160 \u201eBranko Radi\u010devic\u0301\u201c Petrovo prima pet radnika - PrijedorDanas.com - Prijedorski gradski portal","robots":{"index":"index","follow":"follow","max-snippet":"max-snippet:-1","max-image-preview":"max-image-preview:large","max-video-preview":"max-video-preview:-1"},"canonical":"https:\/\/www.prijedordanas.com\/?p=174775","og_locale":"en_US","og_type":"article","og_title":"Konkurs za posao: O\u0160 \u201eBranko Radi\u010devic\u0301\u201c Petrovo prima pet radnika - PrijedorDanas.com - Prijedorski gradski portal","og_description":"JU O\u0160 \u201eBranko Radi\u010devic\u0301\u201c Petrovo Oblast: Obrazovanje Rad na: Odre\u0111eno vrijeme Regija: Prijedor Otvoreno do: 07.10.2021. Broj izvr\u0161ilaca: 5 OPIS RADNOG MJESTA REPUBLIKA SRPSKA GRAD PRIJEDOR JU O\u0160 \u201cBRANKO RADI\u010cEVIC\u0301\u201d [&hellip;]","og_url":"https:\/\/www.prijedordanas.com\/?p=174775","og_site_name":"PrijedorDanas.com - Prijedorski gradski portal","article_publisher":"https:\/\/www.facebook.com\/PrijedorDanasCom\/","article_published_time":"2021-10-06T12:30:37+00:00","og_image":[{"url":"https:\/\/www.prijedordanas.com\/wp-content\/uploads\/2021\/01\/os-branko-radicevic-300x225.jpg"}],"author":"admin","twitter_card":"summary_large_image","twitter_misc":{"Written by":"admin","Est. reading time":"5 minutes"},"schema":{"@context":"https:\/\/schema.org","@graph":[{"@type":"Article","@id":"https:\/\/www.prijedordanas.com\/?p=174775#article","isPartOf":{"@id":"https:\/\/www.prijedordanas.com\/?p=174775"},"author":{"name":"admin","@id":"https:\/\/www.prijedordanas.com\/#\/schema\/person\/4e08ccf29b506ca916ff86d46bb700e6"},"headline":"Konkurs za posao: O\u0160 \u201eBranko Radi\u010devic\u0301\u201c Petrovo prima pet radnika","datePublished":"2021-10-06T12:30:37+00:00","dateModified":"2021-10-06T12:30:37+00:00","mainEntityOfPage":{"@id":"https:\/\/www.prijedordanas.com\/?p=174775"},"wordCount":1026,"publisher":{"@id":"https:\/\/www.prijedordanas.com\/#organization"},"articleSection":["Posao"],"inLanguage":"en-US"},{"@type":"WebPage","@id":"https:\/\/www.prijedordanas.com\/?p=174775","url":"https:\/\/www.prijedordanas.com\/?p=174775","name":"Konkurs za posao: O\u0160 \u201eBranko Radi\u010devic\u0301\u201c Petrovo prima pet radnika - PrijedorDanas.com - Prijedorski gradski portal","isPartOf":{"@id":"https:\/\/www.prijedordanas.com\/#website"},"datePublished":"2021-10-06T12:30:37+00:00","dateModified":"2021-10-06T12:30:37+00:00","breadcrumb":{"@id":"https:\/\/www.prijedordanas.com\/?p=174775#breadcrumb"},"inLanguage":"en-US","potentialAction":[{"@type":"ReadAction","target":["https:\/\/www.prijedordanas.com\/?p=174775"]}]},{"@type":"BreadcrumbList","@id":"https:\/\/www.prijedordanas.com\/?p=174775#breadcrumb","itemListElement":[{"@type":"ListItem","position":1,"name":"Home","item":"https:\/\/www.prijedordanas.com\/"},{"@type":"ListItem","position":2,"name":"Konkurs za posao: O\u0160 \u201eBranko Radi\u010devic\u0301\u201c Petrovo prima pet radnika"}]},{"@type":"WebSite","@id":"https:\/\/www.prijedordanas.com\/#website","url":"https:\/\/www.prijedordanas.com\/","name":"PrijedorDanas.com - Prijedorski gradski portal","description":"Portal o doga\u0111anjima u gradu Prijedoru","publisher":{"@id":"https:\/\/www.prijedordanas.com\/#organization"},"potentialAction":[{"@type":"SearchAction","target":{"@type":"EntryPoint","urlTemplate":"https:\/\/www.prijedordanas.com\/?s={search_term_string}"},"query-input":"required name=search_term_string"}],"inLanguage":"en-US"},{"@type":"Organization","@id":"https:\/\/www.prijedordanas.com\/#organization","name":"PrijedorDanas.com","url":"https:\/\/www.prijedordanas.com\/","logo":{"@type":"ImageObject","inLanguage":"en-US","@id":"https:\/\/www.prijedordanas.com\/#\/schema\/logo\/image\/","url":"http:\/\/www.prijedordanas.com\/wp-content\/uploads\/2021\/12\/logopng.png","contentUrl":"http:\/\/www.prijedordanas.com\/wp-content\/uploads\/2021\/12\/logopng.png","width":1019,"height":776,"caption":"PrijedorDanas.com"},"image":{"@id":"https:\/\/www.prijedordanas.com\/#\/schema\/logo\/image\/"},"sameAs":["https:\/\/www.facebook.com\/PrijedorDanasCom\/"]},{"@type":"Person","@id":"https:\/\/www.prijedordanas.com\/#\/schema\/person\/4e08ccf29b506ca916ff86d46bb700e6","name":"admin","image":{"@type":"ImageObject","inLanguage":"en-US","@id":"https:\/\/www.prijedordanas.com\/#\/schema\/person\/image\/","url":"https:\/\/secure.gravatar.com\/avatar\/1d3fc949d550f0b53a5f0d51e06dfd79?s=96&d=mm&r=g","contentUrl":"https:\/\/secure.gravatar.com\/avatar\/1d3fc949d550f0b53a5f0d51e06dfd79?s=96&d=mm&r=g","caption":"admin"},"url":"https:\/\/www.prijedordanas.com\/?author=1"}]}},"_links":{"self":[{"href":"https:\/\/www.prijedordanas.com\/index.php?rest_route=\/wp\/v2\/posts\/174775"}],"collection":[{"href":"https:\/\/www.prijedordanas.com\/index.php?rest_route=\/wp\/v2\/posts"}],"about":[{"href":"https:\/\/www.prijedordanas.com\/index.php?rest_route=\/wp\/v2\/types\/post"}],"author":[{"embeddable":true,"href":"https:\/\/www.prijedordanas.com\/index.php?rest_route=\/wp\/v2\/users\/1"}],"replies":[{"embeddable":true,"href":"https:\/\/www.prijedordanas.com\/index.php?rest_route=%2Fwp%2Fv2%2Fcomments&post=174775"}],"version-history":[{"count":1,"href":"https:\/\/www.prijedordanas.com\/index.php?rest_route=\/wp\/v2\/posts\/174775\/revisions"}],"predecessor-version":[{"id":174776,"href":"https:\/\/www.prijedordanas.com\/index.php?rest_route=\/wp\/v2\/posts\/174775\/revisions\/174776"}],"wp:attachment":[{"href":"https:\/\/www.prijedordanas.com\/index.php?rest_route=%2Fwp%2Fv2%2Fmedia&parent=174775"}],"wp:term":[{"taxonomy":"category","embeddable":true,"href":"https:\/\/www.prijedordanas.com\/index.php?rest_route=%2Fwp%2Fv2%2Fcategories&post=174775"},{"taxonomy":"post_tag","embeddable":true,"href":"https:\/\/www.prijedordanas.com\/index.php?rest_route=%2Fwp%2Fv2%2Ftags&post=174775"}],"curies":[{"name":"wp","href":"https:\/\/api.w.org\/{rel}","templated":true}]}}