{"id":174529,"date":"2021-10-01T20:53:22","date_gmt":"2021-10-01T18:53:22","guid":{"rendered":"https:\/\/www.prijedordanas.com\/?p=174529"},"modified":"2021-10-01T21:01:11","modified_gmt":"2021-10-01T19:01:11","slug":"u-prijedoru-poceo-kreativni-vikend","status":"publish","type":"post","link":"https:\/\/www.prijedordanas.com\/?p=174529","title":{"rendered":"U Prijedoru po\u010deo Kreativni vikend"},"content":{"rendered":"<p><a href=\"https:\/\/www.prijedordanas.com\/wp-content\/uploads\/2021\/10\/prijedorgradorg-kreativni-vikend-memorandum-o-saradnji.jpg\"><img loading=\"lazy\" decoding=\"async\" class=\"alignleft size-medium wp-image-174531\" src=\"https:\/\/www.prijedordanas.com\/wp-content\/uploads\/2021\/10\/prijedorgradorg-kreativni-vikend-memorandum-o-saradnji-300x225.jpg\" alt=\"\" width=\"300\" height=\"225\" srcset=\"https:\/\/www.prijedordanas.com\/wp-content\/uploads\/2021\/10\/prijedorgradorg-kreativni-vikend-memorandum-o-saradnji-300x225.jpg 300w, https:\/\/www.prijedordanas.com\/wp-content\/uploads\/2021\/10\/prijedorgradorg-kreativni-vikend-memorandum-o-saradnji-640x480.jpg 640w, https:\/\/www.prijedordanas.com\/wp-content\/uploads\/2021\/10\/prijedorgradorg-kreativni-vikend-memorandum-o-saradnji.jpg 667w\" sizes=\"(max-width: 300px) 100vw, 300px\" \/><\/a>Potpisivanjem Memoranduma o saradnji izme\u0111u Grada Prijedora i Asocijacije za razvoj i saradnju iz Banjaluke i Grada Prijedora, danas je u Prijedoru po\u010deo &#8220;Kreativni vikend&#8221; koji \u0107e trajati do 3. oktobra.<\/p>\n<p>Rije\u010d je o trodnevnoj manifestaciji tokom koje \u0107e gra\u0111ani mo\u0107i da pogledaju izlo\u017ebe, predstave, prezentacije i kreativne radionice u Ljetnoj ba\u0161ti. Asocijacija za razvoj i saradnju iz Banjaluke, nevladina je organizacija koja je zapo\u010dela projekat pod nazivom &#8220;Kreativna revolucija 2021\/2022&#8221;.<\/p>\n<p>U projekat \u0107e biti uklju\u010den i Grad Prijedor.<\/p>\n<p>&#8220;U narednom periodu o\u010dekujemo neke infrastrukturne projekte iz oblasti kulture i svega onoga \u0161to \u0107e ovdje biti predstavljeno. Cilj je stvaranje povoljnog okru\u017eenja za na\u0161e kreativce te edukacija i obuka mladih kadrova. Zna\u010dajno je i me\u0111unarodno predstavljanje Grada kroz ove radionice i \u0161irenje auditorija za na\u0161e umjetnike i kreativce&#8221;, rekao je gradona\u010delnik Dalibor Pavlovi\u0107.<\/p>\n<p><a href=\"https:\/\/www.prijedordanas.com\/wp-content\/uploads\/2021\/10\/prijedorgradorg-kreativni-vikend-memorandum-o-saradnji-2-1.jpg\"><img loading=\"lazy\" decoding=\"async\" src=\"https:\/\/www.prijedordanas.com\/wp-content\/uploads\/2021\/10\/prijedorgradorg-kreativni-vikend-memorandum-o-saradnji-2-1-300x200.jpg\" alt=\"\" width=\"300\" height=\"200\" class=\"alignleft size-medium wp-image-174535\" srcset=\"https:\/\/www.prijedordanas.com\/wp-content\/uploads\/2021\/10\/prijedorgradorg-kreativni-vikend-memorandum-o-saradnji-2-1-300x200.jpg 300w, https:\/\/www.prijedordanas.com\/wp-content\/uploads\/2021\/10\/prijedorgradorg-kreativni-vikend-memorandum-o-saradnji-2-1-480x320.jpg 480w, https:\/\/www.prijedordanas.com\/wp-content\/uploads\/2021\/10\/prijedorgradorg-kreativni-vikend-memorandum-o-saradnji-2-1.jpg 600w\" sizes=\"(max-width: 300px) 100vw, 300px\" \/><\/a>Lara Simovi\u0107, predsjednik Asocijacije za razvoj i saradnju, rekla je da su u projekat &#8220;Kreativna revolucija&#8221; u\u0161li sa idejom da pokrenu kreativnu industriju u Republici Srpskoj te stvore pozitivnu klimu izme\u0111u privrednika, javnih institucija i svih drugih pojedinaca koji se bave kulturom.<\/p>\n<p>Organizatori &#8220;Kreativnog vikenda&#8221; pozivaju gra\u0111ane da prisustvuju brojnim sadr\u017eajima koje nudi ova manifestacija.<\/p>\n<p><a href=\"http:\/\/prijedorgrad.org\/sr-EU\/vijesti-sadrzaj.html?vid=12960\" target=\"_blank\" rel=\"noopener\">prijedorgrad.org<\/a><\/p>\n","protected":false},"excerpt":{"rendered":"<p>Potpisivanjem Memoranduma o saradnji izme\u0111u Grada Prijedora i Asocijacije za razvoj i saradnju iz Banjaluke i Grada Prijedora, danas je u Prijedoru po\u010deo &#8220;Kreativni vikend&#8221; koji \u0107e trajati do 3. [&hellip;]<\/p>\n","protected":false},"author":1,"featured_media":0,"comment_status":"closed","ping_status":"open","sticky":false,"template":"","format":"standard","meta":{"_monsterinsights_skip_tracking":false,"_monsterinsights_sitenote_active":false,"_monsterinsights_sitenote_note":"","_monsterinsights_sitenote_category":0,"footnotes":""},"categories":[8],"tags":[],"yoast_head":"<!-- This site is optimized with the Yoast SEO plugin v21.6 - https:\/\/yoast.com\/wordpress\/plugins\/seo\/ -->\n<title>U Prijedoru po\u010deo Kreativni vikend - PrijedorDanas.com - Prijedorski gradski portal<\/title>\n<meta name=\"robots\" content=\"index, follow, max-snippet:-1, max-image-preview:large, max-video-preview:-1\" \/>\n<link rel=\"canonical\" href=\"https:\/\/www.prijedordanas.com\/?p=174529\" \/>\n<meta property=\"og:locale\" content=\"en_US\" \/>\n<meta property=\"og:type\" content=\"article\" \/>\n<meta property=\"og:title\" content=\"U Prijedoru po\u010deo Kreativni vikend - PrijedorDanas.com - Prijedorski gradski portal\" \/>\n<meta property=\"og:description\" content=\"Potpisivanjem Memoranduma o saradnji izme\u0111u Grada Prijedora i Asocijacije za razvoj i saradnju iz Banjaluke i Grada Prijedora, danas je u Prijedoru po\u010deo &#8220;Kreativni vikend&#8221; koji \u0107e trajati do 3. [&hellip;]\" \/>\n<meta property=\"og:url\" content=\"https:\/\/www.prijedordanas.com\/?p=174529\" \/>\n<meta property=\"og:site_name\" content=\"PrijedorDanas.com - Prijedorski gradski portal\" \/>\n<meta property=\"article:publisher\" content=\"https:\/\/www.facebook.com\/PrijedorDanasCom\/\" \/>\n<meta property=\"article:published_time\" content=\"2021-10-01T18:53:22+00:00\" \/>\n<meta property=\"article:modified_time\" content=\"2021-10-01T19:01:11+00:00\" \/>\n<meta property=\"og:image\" content=\"https:\/\/www.prijedordanas.com\/wp-content\/uploads\/2021\/10\/prijedorgradorg-kreativni-vikend-memorandum-o-saradnji-300x225.jpg\" \/>\n<meta name=\"author\" content=\"admin\" \/>\n<meta name=\"twitter:card\" content=\"summary_large_image\" \/>\n<meta name=\"twitter:label1\" content=\"Written by\" \/>\n\t<meta name=\"twitter:data1\" content=\"admin\" \/>\n\t<meta name=\"twitter:label2\" content=\"Est. reading time\" \/>\n\t<meta name=\"twitter:data2\" content=\"1 minute\" \/>\n<script type=\"application\/ld+json\" class=\"yoast-schema-graph\">{\"@context\":\"https:\/\/schema.org\",\"@graph\":[{\"@type\":\"Article\",\"@id\":\"https:\/\/www.prijedordanas.com\/?p=174529#article\",\"isPartOf\":{\"@id\":\"https:\/\/www.prijedordanas.com\/?p=174529\"},\"author\":{\"name\":\"admin\",\"@id\":\"https:\/\/www.prijedordanas.com\/#\/schema\/person\/4e08ccf29b506ca916ff86d46bb700e6\"},\"headline\":\"U Prijedoru po\u010deo Kreativni vikend\",\"datePublished\":\"2021-10-01T18:53:22+00:00\",\"dateModified\":\"2021-10-01T19:01:11+00:00\",\"mainEntityOfPage\":{\"@id\":\"https:\/\/www.prijedordanas.com\/?p=174529\"},\"wordCount\":213,\"publisher\":{\"@id\":\"https:\/\/www.prijedordanas.com\/#organization\"},\"articleSection\":[\"Svakodnevno\"],\"inLanguage\":\"en-US\"},{\"@type\":\"WebPage\",\"@id\":\"https:\/\/www.prijedordanas.com\/?p=174529\",\"url\":\"https:\/\/www.prijedordanas.com\/?p=174529\",\"name\":\"U Prijedoru po\u010deo Kreativni vikend - PrijedorDanas.com - Prijedorski gradski portal\",\"isPartOf\":{\"@id\":\"https:\/\/www.prijedordanas.com\/#website\"},\"datePublished\":\"2021-10-01T18:53:22+00:00\",\"dateModified\":\"2021-10-01T19:01:11+00:00\",\"breadcrumb\":{\"@id\":\"https:\/\/www.prijedordanas.com\/?p=174529#breadcrumb\"},\"inLanguage\":\"en-US\",\"potentialAction\":[{\"@type\":\"ReadAction\",\"target\":[\"https:\/\/www.prijedordanas.com\/?p=174529\"]}]},{\"@type\":\"BreadcrumbList\",\"@id\":\"https:\/\/www.prijedordanas.com\/?p=174529#breadcrumb\",\"itemListElement\":[{\"@type\":\"ListItem\",\"position\":1,\"name\":\"Home\",\"item\":\"https:\/\/www.prijedordanas.com\/\"},{\"@type\":\"ListItem\",\"position\":2,\"name\":\"U Prijedoru po\u010deo Kreativni vikend\"}]},{\"@type\":\"WebSite\",\"@id\":\"https:\/\/www.prijedordanas.com\/#website\",\"url\":\"https:\/\/www.prijedordanas.com\/\",\"name\":\"PrijedorDanas.com - Prijedorski gradski portal\",\"description\":\"Portal o doga\u0111anjima u gradu Prijedoru\",\"publisher\":{\"@id\":\"https:\/\/www.prijedordanas.com\/#organization\"},\"potentialAction\":[{\"@type\":\"SearchAction\",\"target\":{\"@type\":\"EntryPoint\",\"urlTemplate\":\"https:\/\/www.prijedordanas.com\/?s={search_term_string}\"},\"query-input\":\"required name=search_term_string\"}],\"inLanguage\":\"en-US\"},{\"@type\":\"Organization\",\"@id\":\"https:\/\/www.prijedordanas.com\/#organization\",\"name\":\"PrijedorDanas.com\",\"url\":\"https:\/\/www.prijedordanas.com\/\",\"logo\":{\"@type\":\"ImageObject\",\"inLanguage\":\"en-US\",\"@id\":\"https:\/\/www.prijedordanas.com\/#\/schema\/logo\/image\/\",\"url\":\"http:\/\/www.prijedordanas.com\/wp-content\/uploads\/2021\/12\/logopng.png\",\"contentUrl\":\"http:\/\/www.prijedordanas.com\/wp-content\/uploads\/2021\/12\/logopng.png\",\"width\":1019,\"height\":776,\"caption\":\"PrijedorDanas.com\"},\"image\":{\"@id\":\"https:\/\/www.prijedordanas.com\/#\/schema\/logo\/image\/\"},\"sameAs\":[\"https:\/\/www.facebook.com\/PrijedorDanasCom\/\"]},{\"@type\":\"Person\",\"@id\":\"https:\/\/www.prijedordanas.com\/#\/schema\/person\/4e08ccf29b506ca916ff86d46bb700e6\",\"name\":\"admin\",\"image\":{\"@type\":\"ImageObject\",\"inLanguage\":\"en-US\",\"@id\":\"https:\/\/www.prijedordanas.com\/#\/schema\/person\/image\/\",\"url\":\"https:\/\/secure.gravatar.com\/avatar\/1d3fc949d550f0b53a5f0d51e06dfd79?s=96&d=mm&r=g\",\"contentUrl\":\"https:\/\/secure.gravatar.com\/avatar\/1d3fc949d550f0b53a5f0d51e06dfd79?s=96&d=mm&r=g\",\"caption\":\"admin\"},\"url\":\"https:\/\/www.prijedordanas.com\/?author=1\"}]}<\/script>\n<!-- \/ Yoast SEO plugin. -->","yoast_head_json":{"title":"U Prijedoru po\u010deo Kreativni vikend - PrijedorDanas.com - Prijedorski gradski portal","robots":{"index":"index","follow":"follow","max-snippet":"max-snippet:-1","max-image-preview":"max-image-preview:large","max-video-preview":"max-video-preview:-1"},"canonical":"https:\/\/www.prijedordanas.com\/?p=174529","og_locale":"en_US","og_type":"article","og_title":"U Prijedoru po\u010deo Kreativni vikend - PrijedorDanas.com - Prijedorski gradski portal","og_description":"Potpisivanjem Memoranduma o saradnji izme\u0111u Grada Prijedora i Asocijacije za razvoj i saradnju iz Banjaluke i Grada Prijedora, danas je u Prijedoru po\u010deo &#8220;Kreativni vikend&#8221; koji \u0107e trajati do 3. [&hellip;]","og_url":"https:\/\/www.prijedordanas.com\/?p=174529","og_site_name":"PrijedorDanas.com - Prijedorski gradski portal","article_publisher":"https:\/\/www.facebook.com\/PrijedorDanasCom\/","article_published_time":"2021-10-01T18:53:22+00:00","article_modified_time":"2021-10-01T19:01:11+00:00","og_image":[{"url":"https:\/\/www.prijedordanas.com\/wp-content\/uploads\/2021\/10\/prijedorgradorg-kreativni-vikend-memorandum-o-saradnji-300x225.jpg"}],"author":"admin","twitter_card":"summary_large_image","twitter_misc":{"Written by":"admin","Est. reading time":"1 minute"},"schema":{"@context":"https:\/\/schema.org","@graph":[{"@type":"Article","@id":"https:\/\/www.prijedordanas.com\/?p=174529#article","isPartOf":{"@id":"https:\/\/www.prijedordanas.com\/?p=174529"},"author":{"name":"admin","@id":"https:\/\/www.prijedordanas.com\/#\/schema\/person\/4e08ccf29b506ca916ff86d46bb700e6"},"headline":"U Prijedoru po\u010deo Kreativni vikend","datePublished":"2021-10-01T18:53:22+00:00","dateModified":"2021-10-01T19:01:11+00:00","mainEntityOfPage":{"@id":"https:\/\/www.prijedordanas.com\/?p=174529"},"wordCount":213,"publisher":{"@id":"https:\/\/www.prijedordanas.com\/#organization"},"articleSection":["Svakodnevno"],"inLanguage":"en-US"},{"@type":"WebPage","@id":"https:\/\/www.prijedordanas.com\/?p=174529","url":"https:\/\/www.prijedordanas.com\/?p=174529","name":"U Prijedoru po\u010deo Kreativni vikend - PrijedorDanas.com - Prijedorski gradski portal","isPartOf":{"@id":"https:\/\/www.prijedordanas.com\/#website"},"datePublished":"2021-10-01T18:53:22+00:00","dateModified":"2021-10-01T19:01:11+00:00","breadcrumb":{"@id":"https:\/\/www.prijedordanas.com\/?p=174529#breadcrumb"},"inLanguage":"en-US","potentialAction":[{"@type":"ReadAction","target":["https:\/\/www.prijedordanas.com\/?p=174529"]}]},{"@type":"BreadcrumbList","@id":"https:\/\/www.prijedordanas.com\/?p=174529#breadcrumb","itemListElement":[{"@type":"ListItem","position":1,"name":"Home","item":"https:\/\/www.prijedordanas.com\/"},{"@type":"ListItem","position":2,"name":"U Prijedoru po\u010deo Kreativni vikend"}]},{"@type":"WebSite","@id":"https:\/\/www.prijedordanas.com\/#website","url":"https:\/\/www.prijedordanas.com\/","name":"PrijedorDanas.com - Prijedorski gradski portal","description":"Portal o doga\u0111anjima u gradu Prijedoru","publisher":{"@id":"https:\/\/www.prijedordanas.com\/#organization"},"potentialAction":[{"@type":"SearchAction","target":{"@type":"EntryPoint","urlTemplate":"https:\/\/www.prijedordanas.com\/?s={search_term_string}"},"query-input":"required name=search_term_string"}],"inLanguage":"en-US"},{"@type":"Organization","@id":"https:\/\/www.prijedordanas.com\/#organization","name":"PrijedorDanas.com","url":"https:\/\/www.prijedordanas.com\/","logo":{"@type":"ImageObject","inLanguage":"en-US","@id":"https:\/\/www.prijedordanas.com\/#\/schema\/logo\/image\/","url":"http:\/\/www.prijedordanas.com\/wp-content\/uploads\/2021\/12\/logopng.png","contentUrl":"http:\/\/www.prijedordanas.com\/wp-content\/uploads\/2021\/12\/logopng.png","width":1019,"height":776,"caption":"PrijedorDanas.com"},"image":{"@id":"https:\/\/www.prijedordanas.com\/#\/schema\/logo\/image\/"},"sameAs":["https:\/\/www.facebook.com\/PrijedorDanasCom\/"]},{"@type":"Person","@id":"https:\/\/www.prijedordanas.com\/#\/schema\/person\/4e08ccf29b506ca916ff86d46bb700e6","name":"admin","image":{"@type":"ImageObject","inLanguage":"en-US","@id":"https:\/\/www.prijedordanas.com\/#\/schema\/person\/image\/","url":"https:\/\/secure.gravatar.com\/avatar\/1d3fc949d550f0b53a5f0d51e06dfd79?s=96&d=mm&r=g","contentUrl":"https:\/\/secure.gravatar.com\/avatar\/1d3fc949d550f0b53a5f0d51e06dfd79?s=96&d=mm&r=g","caption":"admin"},"url":"https:\/\/www.prijedordanas.com\/?author=1"}]}},"_links":{"self":[{"href":"https:\/\/www.prijedordanas.com\/index.php?rest_route=\/wp\/v2\/posts\/174529"}],"collection":[{"href":"https:\/\/www.prijedordanas.com\/index.php?rest_route=\/wp\/v2\/posts"}],"about":[{"href":"https:\/\/www.prijedordanas.com\/index.php?rest_route=\/wp\/v2\/types\/post"}],"author":[{"embeddable":true,"href":"https:\/\/www.prijedordanas.com\/index.php?rest_route=\/wp\/v2\/users\/1"}],"replies":[{"embeddable":true,"href":"https:\/\/www.prijedordanas.com\/index.php?rest_route=%2Fwp%2Fv2%2Fcomments&post=174529"}],"version-history":[{"count":3,"href":"https:\/\/www.prijedordanas.com\/index.php?rest_route=\/wp\/v2\/posts\/174529\/revisions"}],"predecessor-version":[{"id":174536,"href":"https:\/\/www.prijedordanas.com\/index.php?rest_route=\/wp\/v2\/posts\/174529\/revisions\/174536"}],"wp:attachment":[{"href":"https:\/\/www.prijedordanas.com\/index.php?rest_route=%2Fwp%2Fv2%2Fmedia&parent=174529"}],"wp:term":[{"taxonomy":"category","embeddable":true,"href":"https:\/\/www.prijedordanas.com\/index.php?rest_route=%2Fwp%2Fv2%2Fcategories&post=174529"},{"taxonomy":"post_tag","embeddable":true,"href":"https:\/\/www.prijedordanas.com\/index.php?rest_route=%2Fwp%2Fv2%2Ftags&post=174529"}],"curies":[{"name":"wp","href":"https:\/\/api.w.org\/{rel}","templated":true}]}}