{"id":174293,"date":"2021-09-27T16:14:14","date_gmt":"2021-09-27T14:14:14","guid":{"rendered":"https:\/\/www.prijedordanas.com\/?p=174293"},"modified":"2021-09-27T16:14:14","modified_gmt":"2021-09-27T14:14:14","slug":"manifestacija-dani-srpske-u-srbiji-posjeta-delegacije-grada-prijedora-kikindi-foto","status":"publish","type":"post","link":"https:\/\/www.prijedordanas.com\/?p=174293","title":{"rendered":"Manifestacija &#8220;Dani Srpske u Srbiji&#8221;: Posjeta delegacije grada Prijedora Kikindi &#8211; FOTO"},"content":{"rendered":"<p><a href=\"https:\/\/www.prijedordanas.com\/wp-content\/uploads\/2021\/09\/prijedorgradorg-posjeta-kikinda-1.jpg\"><img loading=\"lazy\" decoding=\"async\" class=\"alignleft size-medium wp-image-174294\" src=\"https:\/\/www.prijedordanas.com\/wp-content\/uploads\/2021\/09\/prijedorgradorg-posjeta-kikinda-1-300x225.jpg\" alt=\"\" width=\"300\" height=\"225\" srcset=\"https:\/\/www.prijedordanas.com\/wp-content\/uploads\/2021\/09\/prijedorgradorg-posjeta-kikinda-1-300x225.jpg 300w, https:\/\/www.prijedordanas.com\/wp-content\/uploads\/2021\/09\/prijedorgradorg-posjeta-kikinda-1-640x480.jpg 640w, https:\/\/www.prijedordanas.com\/wp-content\/uploads\/2021\/09\/prijedorgradorg-posjeta-kikinda-1.jpg 667w\" sizes=\"(max-width: 300px) 100vw, 300px\" \/><\/a>U nedjelju, 26. septembra, manifestacija &#8220;Dani Srpske u Srbiji&#8221; bila je u Banatu: u Kikindi, Se\u010dnju i Zrenjaninu.<\/p>\n<p>Kikindski dio manifestacije &#8220;Dani Srpske u Srbiji&#8221; po\u010deo je prijemom u kabinetu gradona\u010delnika Nikole Luka\u010da za goste iz Prijedora, Mirsada Duratovi\u0107a, predsjednik Skup\u0161tine grada, Rade Rosi\u0107a, vd.na\u010delnika Odjeljenja za privredu i preduzetni\u0161tvo i Danijela Egi\u0107a, vd.na\u010delnika Odjeljenja za poljoprivredu i ruralni razvoj , i iz Predstavni\u0161tva Republike Srpske u Srbiji: Branka Kova\u010devi\u0107a, samostalnog stru\u010dnog saradnika i Ane LJuti\u0107, vi\u0161eg stru\u010dnog saradnika, koja je gradona\u010delnika i goste iz Prijedora pozdravila u ime Predstavni\u0161tva i \u0161efa Predstavni\u0161tva Mla\u0111ena Cicovi\u0107a.<\/p>\n<p>&#8220;Zahvaljujemo se gradona\u010delniku Kikinde na podr\u0161ci i u\u010de\u0161\u0107u u realizaciji na\u0161e manifestacije, koju ove godine organizujemo po deveti put uvijek u \u017eelji da kroz razli\u010dite programe iz kulture, umetnosti, nauke, prosvete i privrede predstavljamo Srbiji na\u0161u Republiku Srpsku. Ovogodi\u0161nja manifestacija se od prethodnih razlikuje po novom programu kojim \u017eelimo da podstaknemo saradnju i bratimljenje op\u0161tina i gradova iz Srbije i Srpske, i da predstavimo dobre primjere onih koji su ve\u0107 zabratimljeni i imaju odli\u010dnu saradnju kao\u0161to su Kikinda i Prijedor&#8221;, istakla je Ljuti\u0107eva<\/p>\n<p><a href=\"https:\/\/www.prijedordanas.com\/wp-content\/uploads\/2021\/09\/prijedorgradorg-posjeta-kikinda-2.jpg\"><img loading=\"lazy\" decoding=\"async\" class=\"alignleft size-medium wp-image-174295\" src=\"https:\/\/www.prijedordanas.com\/wp-content\/uploads\/2021\/09\/prijedorgradorg-posjeta-kikinda-2-300x275.jpg\" alt=\"\" width=\"300\" height=\"275\" srcset=\"https:\/\/www.prijedordanas.com\/wp-content\/uploads\/2021\/09\/prijedorgradorg-posjeta-kikinda-2-300x275.jpg 300w, https:\/\/www.prijedordanas.com\/wp-content\/uploads\/2021\/09\/prijedorgradorg-posjeta-kikinda-2.jpg 600w\" sizes=\"(max-width: 300px) 100vw, 300px\" \/><\/a>Gradona\u010delnik Kikinde Nikola Luka\u010d se zahvalio Predstavni\u0161tvu \u0161to je Kikinda u\u0161la me\u0111u 11 gradova ovogodi\u0161nje manifestacije i time otvorila mogu\u0107nost za dalji razvoj i saradnju izme\u0111u op\u0161tina i gradova i izrazio \u017eelju za dalje u\u010destvovanje i podr\u0161ku manifestaciji &#8220;Dani Srpske u Srbiji&#8221;.<\/p>\n<p>&#8220;Vreme je da zapo\u010dnemo novo poglavlje u na\u0161oj saradnji, da preuzmemo sva iskustva iz prethodnih vi\u0111anja, da konkretizujemo korake, odnosno da za po\u010detak preko kulture i turizma zapo\u010dnemo ne\u0161to novo i lepo u na\u0161im \u017eivotima. Tako\u0111e, imamo dosta projekata koji \u0107e mnogo zna\u010diti gra\u0111anima oba grada i to \u0107emo realizovati na obostrano zadovoljstvo. Bio sam gost u Pijedoru i video kako oni to na jedan veoma lep na\u010din rade, tako da smo se i mi potrudili da budemo dobri doma\u0107ini. Nama je sada najva\u017enije da na\u0161a deca putuju i vide druge predele, da razmenimo ne\u0161to iz oblasti obrazovanja, kao i da u\u010deni\u010dke razmene \u0161to pre realizujemo, jer smo isti narod, isti nam je jezik; granicu je lako pre\u0107i, a \u010dinjenica je i da u Kikindi \u017eivi veliki broj ljudi koji su poreklom iz Potkozarja, da jo\u0161 vi\u0161e promovi\u0161emo i nau\u010dimo dodatno na\u0161u kulturu, tradiicju i obi\u010daje. Imamo plan da preko sporta i \u0161kola \u0161to vi\u0161e zbli\u017eimo decu i to nam je veoma va\u017eno&#8221; rekao je Luka\u010d.<\/p>\n<p><a href=\"https:\/\/www.prijedordanas.com\/wp-content\/uploads\/2021\/09\/prijedorgradorg-posjeta-kikinda-3.jpg\"><img loading=\"lazy\" decoding=\"async\" class=\"alignleft size-medium wp-image-174296\" src=\"https:\/\/www.prijedordanas.com\/wp-content\/uploads\/2021\/09\/prijedorgradorg-posjeta-kikinda-3-300x191.jpg\" alt=\"\" width=\"300\" height=\"191\" srcset=\"https:\/\/www.prijedordanas.com\/wp-content\/uploads\/2021\/09\/prijedorgradorg-posjeta-kikinda-3-300x191.jpg 300w, https:\/\/www.prijedordanas.com\/wp-content\/uploads\/2021\/09\/prijedorgradorg-posjeta-kikinda-3.jpg 600w\" sizes=\"(max-width: 300px) 100vw, 300px\" \/><\/a>Uz kikindskog gradona\u010delnika, o budu\u0107oj saradnji sa gostima razgovarali su Mladen Bogdan, predsjednik Skup\u0161tine grada Kikinde, Sa\u0161a Tanackov, \u010dlan Gradskog ve\u0107a zadu\u017een za privredu i investicije i LJuban Sredi\u0107, \u010dlan Gradskog ve\u0107a zadu\u017een za poljoprivredu.<\/p>\n<p>Mirsad Duratovi\u0107, predsjednik Skup\u0161tine grada Prijedora, zadovoljan prijemom i razgovorima, je rekao da je ovo nastavak jedne dugogodi\u0161nje saradnje izme\u0111u Prijedora i Kikinde.<\/p>\n<p>&#8220;Gradona\u010delnik Kikinde posjetio je u maju Prijedor kada smo imali na\u0161u manifestaciju posve\u0107enu Danu grada. Tada smo dogovorili neke konkretnije aktivnosti, kako bi ovu zaista lijepu saradnju sa teoretskog prebacili na prakti\u010dni dio. To se prije svega misli na poljoprivredu, jer je Kikinda poljoprivredni kraj koji sigurno mo\u017ee mnogo toga da nam ponudi. Mislim da je i oblast preduzetni\u0161tva i privrede veoma interesantna gdje tako\u0111e mo\u017eemo mnogo toga zajedni\u010dkog da uradimo&#8221; poru\u010dio je Duratovi\u0107.<\/p>\n<p>U Narodnom pozori\u0161tu Kikinde prijedorsko pozori\u0161te je prikazalo predstavu &#8220;Sve o \u017eenama&#8221; Mire Gavrana u re\u017eiji Darka Cvijeti\u0107a. Igrali su: Sabina Halilovi\u0107, Mirela Predojevi\u0107 i Jelena Seksen. Gosti i doma\u0107ini su zajedno do\u0161li na predstavu.<\/p>\n<p><a href=\"http:\/\/prijedorgrad.org\/sr-EU\/vijesti-sadrzaj.html?vid=12913\" target=\"_blank\" rel=\"noopener\">prijedorgrad.org<\/a><\/p>\n<p><a href=\"https:\/\/www.prijedordanas.com\/wp-content\/uploads\/2021\/09\/prijedorgradorg-posjeta-kikinda-4.jpg\"><img loading=\"lazy\" decoding=\"async\" src=\"https:\/\/www.prijedordanas.com\/wp-content\/uploads\/2021\/09\/prijedorgradorg-posjeta-kikinda-4-300x200.jpg\" alt=\"\" width=\"300\" height=\"200\" class=\"alignleft size-medium wp-image-174297\" srcset=\"https:\/\/www.prijedordanas.com\/wp-content\/uploads\/2021\/09\/prijedorgradorg-posjeta-kikinda-4-300x200.jpg 300w, https:\/\/www.prijedordanas.com\/wp-content\/uploads\/2021\/09\/prijedorgradorg-posjeta-kikinda-4-480x320.jpg 480w, https:\/\/www.prijedordanas.com\/wp-content\/uploads\/2021\/09\/prijedorgradorg-posjeta-kikinda-4.jpg 600w\" sizes=\"(max-width: 300px) 100vw, 300px\" \/><\/a> <a href=\"https:\/\/www.prijedordanas.com\/wp-content\/uploads\/2021\/09\/prijedorgradorg-posjeta-kikinda-5.jpg\"><img loading=\"lazy\" decoding=\"async\" src=\"https:\/\/www.prijedordanas.com\/wp-content\/uploads\/2021\/09\/prijedorgradorg-posjeta-kikinda-5-300x200.jpg\" alt=\"\" width=\"300\" height=\"200\" class=\"alignleft size-medium wp-image-174298\" srcset=\"https:\/\/www.prijedordanas.com\/wp-content\/uploads\/2021\/09\/prijedorgradorg-posjeta-kikinda-5-300x200.jpg 300w, https:\/\/www.prijedordanas.com\/wp-content\/uploads\/2021\/09\/prijedorgradorg-posjeta-kikinda-5-480x320.jpg 480w, https:\/\/www.prijedordanas.com\/wp-content\/uploads\/2021\/09\/prijedorgradorg-posjeta-kikinda-5.jpg 600w\" sizes=\"(max-width: 300px) 100vw, 300px\" \/><\/a> <a href=\"https:\/\/www.prijedordanas.com\/wp-content\/uploads\/2021\/09\/prijedorgradorg-posjeta-kikinda-7.jpg\"><img loading=\"lazy\" decoding=\"async\" src=\"https:\/\/www.prijedordanas.com\/wp-content\/uploads\/2021\/09\/prijedorgradorg-posjeta-kikinda-7-300x200.jpg\" alt=\"\" width=\"300\" height=\"200\" class=\"alignleft size-medium wp-image-174300\" srcset=\"https:\/\/www.prijedordanas.com\/wp-content\/uploads\/2021\/09\/prijedorgradorg-posjeta-kikinda-7-300x200.jpg 300w, https:\/\/www.prijedordanas.com\/wp-content\/uploads\/2021\/09\/prijedorgradorg-posjeta-kikinda-7-480x320.jpg 480w, https:\/\/www.prijedordanas.com\/wp-content\/uploads\/2021\/09\/prijedorgradorg-posjeta-kikinda-7.jpg 600w\" sizes=\"(max-width: 300px) 100vw, 300px\" \/><\/a> <a href=\"https:\/\/www.prijedordanas.com\/wp-content\/uploads\/2021\/09\/prijedorgradorg-posjeta-kikinda-8.jpg\"><img loading=\"lazy\" decoding=\"async\" src=\"https:\/\/www.prijedordanas.com\/wp-content\/uploads\/2021\/09\/prijedorgradorg-posjeta-kikinda-8-300x200.jpg\" alt=\"\" width=\"300\" height=\"200\" class=\"alignleft size-medium wp-image-174301\" srcset=\"https:\/\/www.prijedordanas.com\/wp-content\/uploads\/2021\/09\/prijedorgradorg-posjeta-kikinda-8-300x200.jpg 300w, https:\/\/www.prijedordanas.com\/wp-content\/uploads\/2021\/09\/prijedorgradorg-posjeta-kikinda-8-480x320.jpg 480w, https:\/\/www.prijedordanas.com\/wp-content\/uploads\/2021\/09\/prijedorgradorg-posjeta-kikinda-8.jpg 600w\" sizes=\"(max-width: 300px) 100vw, 300px\" \/><\/a><\/p>\n","protected":false},"excerpt":{"rendered":"<p>U nedjelju, 26. septembra, manifestacija &#8220;Dani Srpske u Srbiji&#8221; bila je u Banatu: u Kikindi, Se\u010dnju i Zrenjaninu. Kikindski dio manifestacije &#8220;Dani Srpske u Srbiji&#8221; po\u010deo je prijemom u kabinetu [&hellip;]<\/p>\n","protected":false},"author":1,"featured_media":0,"comment_status":"closed","ping_status":"open","sticky":false,"template":"","format":"standard","meta":{"_monsterinsights_skip_tracking":false,"_monsterinsights_sitenote_active":false,"_monsterinsights_sitenote_note":"","_monsterinsights_sitenote_category":0,"footnotes":""},"categories":[4],"tags":[],"yoast_head":"<!-- This site is optimized with the Yoast SEO plugin v21.6 - https:\/\/yoast.com\/wordpress\/plugins\/seo\/ -->\n<title>Manifestacija &quot;Dani Srpske u Srbiji&quot;: Posjeta delegacije grada Prijedora Kikindi - FOTO - PrijedorDanas.com - Prijedorski gradski portal<\/title>\n<meta name=\"robots\" content=\"index, follow, max-snippet:-1, max-image-preview:large, max-video-preview:-1\" \/>\n<link rel=\"canonical\" href=\"https:\/\/www.prijedordanas.com\/?p=174293\" \/>\n<meta property=\"og:locale\" content=\"en_US\" \/>\n<meta property=\"og:type\" content=\"article\" \/>\n<meta property=\"og:title\" content=\"Manifestacija &quot;Dani Srpske u Srbiji&quot;: Posjeta delegacije grada Prijedora Kikindi - FOTO - PrijedorDanas.com - Prijedorski gradski portal\" \/>\n<meta property=\"og:description\" content=\"U nedjelju, 26. septembra, manifestacija &#8220;Dani Srpske u Srbiji&#8221; bila je u Banatu: u Kikindi, Se\u010dnju i Zrenjaninu. Kikindski dio manifestacije &#8220;Dani Srpske u Srbiji&#8221; po\u010deo je prijemom u kabinetu [&hellip;]\" \/>\n<meta property=\"og:url\" content=\"https:\/\/www.prijedordanas.com\/?p=174293\" \/>\n<meta property=\"og:site_name\" content=\"PrijedorDanas.com - Prijedorski gradski portal\" \/>\n<meta property=\"article:publisher\" content=\"https:\/\/www.facebook.com\/PrijedorDanasCom\/\" \/>\n<meta property=\"article:published_time\" content=\"2021-09-27T14:14:14+00:00\" \/>\n<meta property=\"og:image\" content=\"https:\/\/www.prijedordanas.com\/wp-content\/uploads\/2021\/09\/prijedorgradorg-posjeta-kikinda-1-300x225.jpg\" \/>\n<meta name=\"author\" content=\"admin\" \/>\n<meta name=\"twitter:card\" content=\"summary_large_image\" \/>\n<meta name=\"twitter:label1\" content=\"Written by\" \/>\n\t<meta name=\"twitter:data1\" content=\"admin\" \/>\n\t<meta name=\"twitter:label2\" content=\"Est. reading time\" \/>\n\t<meta name=\"twitter:data2\" content=\"4 minutes\" \/>\n<script type=\"application\/ld+json\" class=\"yoast-schema-graph\">{\"@context\":\"https:\/\/schema.org\",\"@graph\":[{\"@type\":\"Article\",\"@id\":\"https:\/\/www.prijedordanas.com\/?p=174293#article\",\"isPartOf\":{\"@id\":\"https:\/\/www.prijedordanas.com\/?p=174293\"},\"author\":{\"name\":\"admin\",\"@id\":\"https:\/\/www.prijedordanas.com\/#\/schema\/person\/4e08ccf29b506ca916ff86d46bb700e6\"},\"headline\":\"Manifestacija &#8220;Dani Srpske u Srbiji&#8221;: Posjeta delegacije grada Prijedora Kikindi &#8211; FOTO\",\"datePublished\":\"2021-09-27T14:14:14+00:00\",\"dateModified\":\"2021-09-27T14:14:14+00:00\",\"mainEntityOfPage\":{\"@id\":\"https:\/\/www.prijedordanas.com\/?p=174293\"},\"wordCount\":663,\"publisher\":{\"@id\":\"https:\/\/www.prijedordanas.com\/#organization\"},\"articleSection\":[\"Dru\u0161tvo\"],\"inLanguage\":\"en-US\"},{\"@type\":\"WebPage\",\"@id\":\"https:\/\/www.prijedordanas.com\/?p=174293\",\"url\":\"https:\/\/www.prijedordanas.com\/?p=174293\",\"name\":\"Manifestacija \\\"Dani Srpske u Srbiji\\\": Posjeta delegacije grada Prijedora Kikindi - FOTO - PrijedorDanas.com - Prijedorski gradski portal\",\"isPartOf\":{\"@id\":\"https:\/\/www.prijedordanas.com\/#website\"},\"datePublished\":\"2021-09-27T14:14:14+00:00\",\"dateModified\":\"2021-09-27T14:14:14+00:00\",\"breadcrumb\":{\"@id\":\"https:\/\/www.prijedordanas.com\/?p=174293#breadcrumb\"},\"inLanguage\":\"en-US\",\"potentialAction\":[{\"@type\":\"ReadAction\",\"target\":[\"https:\/\/www.prijedordanas.com\/?p=174293\"]}]},{\"@type\":\"BreadcrumbList\",\"@id\":\"https:\/\/www.prijedordanas.com\/?p=174293#breadcrumb\",\"itemListElement\":[{\"@type\":\"ListItem\",\"position\":1,\"name\":\"Home\",\"item\":\"https:\/\/www.prijedordanas.com\/\"},{\"@type\":\"ListItem\",\"position\":2,\"name\":\"Manifestacija &#8220;Dani Srpske u Srbiji&#8221;: Posjeta delegacije grada Prijedora Kikindi &#8211; FOTO\"}]},{\"@type\":\"WebSite\",\"@id\":\"https:\/\/www.prijedordanas.com\/#website\",\"url\":\"https:\/\/www.prijedordanas.com\/\",\"name\":\"PrijedorDanas.com - Prijedorski gradski portal\",\"description\":\"Portal o doga\u0111anjima u gradu Prijedoru\",\"publisher\":{\"@id\":\"https:\/\/www.prijedordanas.com\/#organization\"},\"potentialAction\":[{\"@type\":\"SearchAction\",\"target\":{\"@type\":\"EntryPoint\",\"urlTemplate\":\"https:\/\/www.prijedordanas.com\/?s={search_term_string}\"},\"query-input\":\"required name=search_term_string\"}],\"inLanguage\":\"en-US\"},{\"@type\":\"Organization\",\"@id\":\"https:\/\/www.prijedordanas.com\/#organization\",\"name\":\"PrijedorDanas.com\",\"url\":\"https:\/\/www.prijedordanas.com\/\",\"logo\":{\"@type\":\"ImageObject\",\"inLanguage\":\"en-US\",\"@id\":\"https:\/\/www.prijedordanas.com\/#\/schema\/logo\/image\/\",\"url\":\"http:\/\/www.prijedordanas.com\/wp-content\/uploads\/2021\/12\/logopng.png\",\"contentUrl\":\"http:\/\/www.prijedordanas.com\/wp-content\/uploads\/2021\/12\/logopng.png\",\"width\":1019,\"height\":776,\"caption\":\"PrijedorDanas.com\"},\"image\":{\"@id\":\"https:\/\/www.prijedordanas.com\/#\/schema\/logo\/image\/\"},\"sameAs\":[\"https:\/\/www.facebook.com\/PrijedorDanasCom\/\"]},{\"@type\":\"Person\",\"@id\":\"https:\/\/www.prijedordanas.com\/#\/schema\/person\/4e08ccf29b506ca916ff86d46bb700e6\",\"name\":\"admin\",\"image\":{\"@type\":\"ImageObject\",\"inLanguage\":\"en-US\",\"@id\":\"https:\/\/www.prijedordanas.com\/#\/schema\/person\/image\/\",\"url\":\"https:\/\/secure.gravatar.com\/avatar\/1d3fc949d550f0b53a5f0d51e06dfd79?s=96&d=mm&r=g\",\"contentUrl\":\"https:\/\/secure.gravatar.com\/avatar\/1d3fc949d550f0b53a5f0d51e06dfd79?s=96&d=mm&r=g\",\"caption\":\"admin\"},\"url\":\"https:\/\/www.prijedordanas.com\/?author=1\"}]}<\/script>\n<!-- \/ Yoast SEO plugin. -->","yoast_head_json":{"title":"Manifestacija \"Dani Srpske u Srbiji\": Posjeta delegacije grada Prijedora Kikindi - FOTO - PrijedorDanas.com - Prijedorski gradski portal","robots":{"index":"index","follow":"follow","max-snippet":"max-snippet:-1","max-image-preview":"max-image-preview:large","max-video-preview":"max-video-preview:-1"},"canonical":"https:\/\/www.prijedordanas.com\/?p=174293","og_locale":"en_US","og_type":"article","og_title":"Manifestacija \"Dani Srpske u Srbiji\": Posjeta delegacije grada Prijedora Kikindi - FOTO - PrijedorDanas.com - Prijedorski gradski portal","og_description":"U nedjelju, 26. septembra, manifestacija &#8220;Dani Srpske u Srbiji&#8221; bila je u Banatu: u Kikindi, Se\u010dnju i Zrenjaninu. Kikindski dio manifestacije &#8220;Dani Srpske u Srbiji&#8221; po\u010deo je prijemom u kabinetu [&hellip;]","og_url":"https:\/\/www.prijedordanas.com\/?p=174293","og_site_name":"PrijedorDanas.com - Prijedorski gradski portal","article_publisher":"https:\/\/www.facebook.com\/PrijedorDanasCom\/","article_published_time":"2021-09-27T14:14:14+00:00","og_image":[{"url":"https:\/\/www.prijedordanas.com\/wp-content\/uploads\/2021\/09\/prijedorgradorg-posjeta-kikinda-1-300x225.jpg"}],"author":"admin","twitter_card":"summary_large_image","twitter_misc":{"Written by":"admin","Est. reading time":"4 minutes"},"schema":{"@context":"https:\/\/schema.org","@graph":[{"@type":"Article","@id":"https:\/\/www.prijedordanas.com\/?p=174293#article","isPartOf":{"@id":"https:\/\/www.prijedordanas.com\/?p=174293"},"author":{"name":"admin","@id":"https:\/\/www.prijedordanas.com\/#\/schema\/person\/4e08ccf29b506ca916ff86d46bb700e6"},"headline":"Manifestacija &#8220;Dani Srpske u Srbiji&#8221;: Posjeta delegacije grada Prijedora Kikindi &#8211; FOTO","datePublished":"2021-09-27T14:14:14+00:00","dateModified":"2021-09-27T14:14:14+00:00","mainEntityOfPage":{"@id":"https:\/\/www.prijedordanas.com\/?p=174293"},"wordCount":663,"publisher":{"@id":"https:\/\/www.prijedordanas.com\/#organization"},"articleSection":["Dru\u0161tvo"],"inLanguage":"en-US"},{"@type":"WebPage","@id":"https:\/\/www.prijedordanas.com\/?p=174293","url":"https:\/\/www.prijedordanas.com\/?p=174293","name":"Manifestacija \"Dani Srpske u Srbiji\": Posjeta delegacije grada Prijedora Kikindi - FOTO - PrijedorDanas.com - Prijedorski gradski portal","isPartOf":{"@id":"https:\/\/www.prijedordanas.com\/#website"},"datePublished":"2021-09-27T14:14:14+00:00","dateModified":"2021-09-27T14:14:14+00:00","breadcrumb":{"@id":"https:\/\/www.prijedordanas.com\/?p=174293#breadcrumb"},"inLanguage":"en-US","potentialAction":[{"@type":"ReadAction","target":["https:\/\/www.prijedordanas.com\/?p=174293"]}]},{"@type":"BreadcrumbList","@id":"https:\/\/www.prijedordanas.com\/?p=174293#breadcrumb","itemListElement":[{"@type":"ListItem","position":1,"name":"Home","item":"https:\/\/www.prijedordanas.com\/"},{"@type":"ListItem","position":2,"name":"Manifestacija &#8220;Dani Srpske u Srbiji&#8221;: Posjeta delegacije grada Prijedora Kikindi &#8211; FOTO"}]},{"@type":"WebSite","@id":"https:\/\/www.prijedordanas.com\/#website","url":"https:\/\/www.prijedordanas.com\/","name":"PrijedorDanas.com - Prijedorski gradski portal","description":"Portal o doga\u0111anjima u gradu Prijedoru","publisher":{"@id":"https:\/\/www.prijedordanas.com\/#organization"},"potentialAction":[{"@type":"SearchAction","target":{"@type":"EntryPoint","urlTemplate":"https:\/\/www.prijedordanas.com\/?s={search_term_string}"},"query-input":"required name=search_term_string"}],"inLanguage":"en-US"},{"@type":"Organization","@id":"https:\/\/www.prijedordanas.com\/#organization","name":"PrijedorDanas.com","url":"https:\/\/www.prijedordanas.com\/","logo":{"@type":"ImageObject","inLanguage":"en-US","@id":"https:\/\/www.prijedordanas.com\/#\/schema\/logo\/image\/","url":"http:\/\/www.prijedordanas.com\/wp-content\/uploads\/2021\/12\/logopng.png","contentUrl":"http:\/\/www.prijedordanas.com\/wp-content\/uploads\/2021\/12\/logopng.png","width":1019,"height":776,"caption":"PrijedorDanas.com"},"image":{"@id":"https:\/\/www.prijedordanas.com\/#\/schema\/logo\/image\/"},"sameAs":["https:\/\/www.facebook.com\/PrijedorDanasCom\/"]},{"@type":"Person","@id":"https:\/\/www.prijedordanas.com\/#\/schema\/person\/4e08ccf29b506ca916ff86d46bb700e6","name":"admin","image":{"@type":"ImageObject","inLanguage":"en-US","@id":"https:\/\/www.prijedordanas.com\/#\/schema\/person\/image\/","url":"https:\/\/secure.gravatar.com\/avatar\/1d3fc949d550f0b53a5f0d51e06dfd79?s=96&d=mm&r=g","contentUrl":"https:\/\/secure.gravatar.com\/avatar\/1d3fc949d550f0b53a5f0d51e06dfd79?s=96&d=mm&r=g","caption":"admin"},"url":"https:\/\/www.prijedordanas.com\/?author=1"}]}},"_links":{"self":[{"href":"https:\/\/www.prijedordanas.com\/index.php?rest_route=\/wp\/v2\/posts\/174293"}],"collection":[{"href":"https:\/\/www.prijedordanas.com\/index.php?rest_route=\/wp\/v2\/posts"}],"about":[{"href":"https:\/\/www.prijedordanas.com\/index.php?rest_route=\/wp\/v2\/types\/post"}],"author":[{"embeddable":true,"href":"https:\/\/www.prijedordanas.com\/index.php?rest_route=\/wp\/v2\/users\/1"}],"replies":[{"embeddable":true,"href":"https:\/\/www.prijedordanas.com\/index.php?rest_route=%2Fwp%2Fv2%2Fcomments&post=174293"}],"version-history":[{"count":1,"href":"https:\/\/www.prijedordanas.com\/index.php?rest_route=\/wp\/v2\/posts\/174293\/revisions"}],"predecessor-version":[{"id":174302,"href":"https:\/\/www.prijedordanas.com\/index.php?rest_route=\/wp\/v2\/posts\/174293\/revisions\/174302"}],"wp:attachment":[{"href":"https:\/\/www.prijedordanas.com\/index.php?rest_route=%2Fwp%2Fv2%2Fmedia&parent=174293"}],"wp:term":[{"taxonomy":"category","embeddable":true,"href":"https:\/\/www.prijedordanas.com\/index.php?rest_route=%2Fwp%2Fv2%2Fcategories&post=174293"},{"taxonomy":"post_tag","embeddable":true,"href":"https:\/\/www.prijedordanas.com\/index.php?rest_route=%2Fwp%2Fv2%2Ftags&post=174293"}],"curies":[{"name":"wp","href":"https:\/\/api.w.org\/{rel}","templated":true}]}}