{"id":173885,"date":"2021-09-17T23:40:11","date_gmt":"2021-09-17T21:40:11","guid":{"rendered":"https:\/\/www.prijedordanas.com\/?p=173885"},"modified":"2021-09-17T23:40:11","modified_gmt":"2021-09-17T21:40:11","slug":"prijedor-odrzana-svecana-akademija-kojom-su-otvoreni-49-knjizevni-susreti-na-kozari","status":"publish","type":"post","link":"https:\/\/www.prijedordanas.com\/?p=173885","title":{"rendered":"Prijedor: Odr\u017eana sve\u010dana akademija kojom su otvoreni 49. Knji\u017eevni susreti na Kozari"},"content":{"rendered":"<p><a href=\"https:\/\/www.prijedordanas.com\/wp-content\/uploads\/2021\/09\/prijedorgradorg-knizevni-susreti-na-kozari-2021-otvaranje-1.jpg\"><img loading=\"lazy\" decoding=\"async\" class=\"alignleft size-medium wp-image-173886\" src=\"https:\/\/www.prijedordanas.com\/wp-content\/uploads\/2021\/09\/prijedorgradorg-knizevni-susreti-na-kozari-2021-otvaranje-1-300x225.jpg\" alt=\"\" width=\"300\" height=\"225\" srcset=\"https:\/\/www.prijedordanas.com\/wp-content\/uploads\/2021\/09\/prijedorgradorg-knizevni-susreti-na-kozari-2021-otvaranje-1-300x225.jpg 300w, https:\/\/www.prijedordanas.com\/wp-content\/uploads\/2021\/09\/prijedorgradorg-knizevni-susreti-na-kozari-2021-otvaranje-1-640x480.jpg 640w, https:\/\/www.prijedordanas.com\/wp-content\/uploads\/2021\/09\/prijedorgradorg-knizevni-susreti-na-kozari-2021-otvaranje-1.jpg 667w\" sizes=\"(max-width: 300px) 100vw, 300px\" \/><\/a>Gradona\u010delnik Prijedora Dalibor Pavlovi\u0107 otvorio je ve\u010deras 49. Knji\u017eevne susrete na Kozari isti\u010du\u0107i da su oni ponos grada Prijedora posebno \u0161to se i na ovaj na\u010din \u010duva sje\u0107anje na slavnu istoriju i slobodarski duh naroda Kozare.<\/p>\n<p>&#8220;Pred nama je i veliki jubilej jer idu\u0107e godine \u0107emo obilje\u017eiti pola vijeka ove manifestacije i vjerujem da \u0107emo tada imati doga\u0111aj na kojem \u0107e nam pozavidjeti \u010ditava Republika Srpska pa i \u0161ire&#8221;, rekao je Pavlovi\u0107 novinarima.<\/p>\n<p>On je dodao da je danas imao priliku da se sastane sa knji\u017eevnicima Matijom Be\u0107kovi\u0107em i LJubivojem R\u0161umovi\u0107em koji ovim Susretima ve\u0107 godinama daju poseban \u0161tih.<\/p>\n<p>Pavlovi\u0107 je podsjetio i na izdava\u010dku djelatnost Knji\u017eevnih susreta i na ediciju &#8220;Ovjen\u010dani&#8221; koja ima ve\u0107 11 knjiga odnosno izabranih djela dobitnika nagrada &#8220;Skender Kulenovi\u0107&#8221; i &#8220;Knji\u017eevni vijenac Kozare&#8221;.<\/p>\n<p><a href=\"https:\/\/www.prijedordanas.com\/wp-content\/uploads\/2021\/09\/prijedorgradorg-knizevni-susreti-na-kozari-2021-otvaranje-2.jpg\"><img loading=\"lazy\" decoding=\"async\" class=\"alignleft size-medium wp-image-173887\" src=\"https:\/\/www.prijedordanas.com\/wp-content\/uploads\/2021\/09\/prijedorgradorg-knizevni-susreti-na-kozari-2021-otvaranje-2-300x225.jpg\" alt=\"\" width=\"300\" height=\"225\" srcset=\"https:\/\/www.prijedordanas.com\/wp-content\/uploads\/2021\/09\/prijedorgradorg-knizevni-susreti-na-kozari-2021-otvaranje-2-300x225.jpg 300w, https:\/\/www.prijedordanas.com\/wp-content\/uploads\/2021\/09\/prijedorgradorg-knizevni-susreti-na-kozari-2021-otvaranje-2.jpg 600w\" sizes=\"(max-width: 300px) 100vw, 300px\" \/><\/a>&#8220;Ponosni smo na ta izdanja i \u017eelja nam je da za jubilarne susrete uradimo i jednu knjigu koja \u0107e sadr\u017eati djela svih dobitnika nagrada&#8221;, rekao je Pavlovi\u0107.<\/p>\n<p>Okupljenima na otvaranju Knji\u017eevnih susreta u Pozori\u0161tu Prijedor obratila se i pomo\u0107nik ministra za kulturu Republike Srpske Tanja \u0110akovi\u0107 koja je istakla da ovi susreti imaju posebno mjesto na knji\u017eevno-kulturnoj sceni Republike Srpske.<\/p>\n<p>&#8220;Zato ovakva manifestacija zaslu\u017euje dugovje\u010dnost i uvijek \u0107e imati podr\u0161ku ministarstva za ono \u0161to radi, a to je da \u010duva sje\u0107anje na jednog od na\u0161ih najplodosnijih stvaralaca kakav je bio Skender Kulenovi\u0107 \u010diji je trag ovdje prisutan vi\u0161e nego na bilo kom drugom podru\u010dju&#8221;, istakla je \u0110akovi\u0107eva.<\/p>\n<p>U ve\u010dera\u0161njem programu svoje stihove kazivala su poznata knji\u017eevna imena Matija Be\u0107kovi\u0107, LJubivoje R\u0161umovi\u0107, \u0110or\u0111o Sladoje, Emsura Hamzi\u0107, Ranko Pavlovi\u0107, Jana Aleksi\u0107, Dejan Aleksi\u0107 i Nenad Gruji\u010di\u0107.<\/p>\n<p><a href=\"https:\/\/www.prijedordanas.com\/wp-content\/uploads\/2021\/09\/prijedorgradorg-knizevni-susreti-na-kozari-2021-otvaranje-3.jpg\"><img loading=\"lazy\" decoding=\"async\" src=\"https:\/\/www.prijedordanas.com\/wp-content\/uploads\/2021\/09\/prijedorgradorg-knizevni-susreti-na-kozari-2021-otvaranje-3-300x225.jpg\" alt=\"\" width=\"300\" height=\"225\" class=\"alignleft size-medium wp-image-173888\" srcset=\"https:\/\/www.prijedordanas.com\/wp-content\/uploads\/2021\/09\/prijedorgradorg-knizevni-susreti-na-kozari-2021-otvaranje-3-300x225.jpg 300w, https:\/\/www.prijedordanas.com\/wp-content\/uploads\/2021\/09\/prijedorgradorg-knizevni-susreti-na-kozari-2021-otvaranje-3.jpg 600w\" sizes=\"(max-width: 300px) 100vw, 300px\" \/><\/a>U muzi\u010dkom dijelu programa u\u010destvovali su muzi\u010dari Karlo Anti\u0107 i Milan Sad\u017eak.<\/p>\n<p>Knji\u017eevni susreti na Kozari nastavljaju se sutra na Mrakovici gdje \u0107e u 11,00 \u010dasova delegacije u\u010desnika i doma\u0107ina susreta polo\u017eiti vijence na bistu Skenderu Kulenovi\u0107u.<\/p>\n<p>Potom \u0107e, ta\u010dno u podne , biti odr\u017ean tradicionalni Poetski \u010das gdje \u0107e knji\u017eevnici ponovo kazivati svoje stihove, a ponovo \u0107e se \u010duti i \u010duvena poema Skendera Kulenovi\u0107a &#8220;Stojanka majka Kne\u017eopoljka&#8221;.<\/p>\n<p>Organizator i generalni pokrovitelj 49.Knji\u017eevnih susreta na Kozari je grad Prijedor, saorganizatori su gradovi Banjaluka i Gradi\u0161ka te op\u0161tine Lakta\u0161i, Srbac, Kostajnica, Novi Grad i Kozarska Dubica, pokrovitelj Ministarstvo prosvjete i kulture Republike Srpske, a sponzor Nagrade &#8220;Skender Kulenovi\u0107-Knji\u017eevni vijenac Kozare&#8221; kompanija &#8220;Arcelor Mital Prijedor&#8221;.<\/p>\n<p>Ova nagrada \u0107e ovogodi\u0161njem laureatu \u0110or\u0111u Ne\u0161i\u0107u gradona\u010delnik Prijedora uru\u010diti na Ve\u010deri laureata koja je zakazana za sutra u 20.00 \u010dasova u Pozori\u0161tu Prijedor.<\/p>\n<p><a href=\"http:\/\/prijedorgrad.org\/sr-EU\/vijesti-sadrzaj.html?vid=12828\" target=\"_blank\" rel=\"noopener\">prijedorgrad.org<\/a><\/p>\n","protected":false},"excerpt":{"rendered":"<p>Gradona\u010delnik Prijedora Dalibor Pavlovi\u0107 otvorio je ve\u010deras 49. Knji\u017eevne susrete na Kozari isti\u010du\u0107i da su oni ponos grada Prijedora posebno \u0161to se i na ovaj na\u010din \u010duva sje\u0107anje na slavnu [&hellip;]<\/p>\n","protected":false},"author":1,"featured_media":0,"comment_status":"closed","ping_status":"open","sticky":false,"template":"","format":"standard","meta":{"_monsterinsights_skip_tracking":false,"_monsterinsights_sitenote_active":false,"_monsterinsights_sitenote_note":"","_monsterinsights_sitenote_category":0,"footnotes":""},"categories":[6],"tags":[],"yoast_head":"<!-- This site is optimized with the Yoast SEO plugin v21.6 - https:\/\/yoast.com\/wordpress\/plugins\/seo\/ -->\n<title>Prijedor: Odr\u017eana sve\u010dana akademija kojom su otvoreni 49. Knji\u017eevni susreti na Kozari - PrijedorDanas.com - Prijedorski gradski portal<\/title>\n<meta name=\"robots\" content=\"index, follow, max-snippet:-1, max-image-preview:large, max-video-preview:-1\" \/>\n<link rel=\"canonical\" href=\"https:\/\/www.prijedordanas.com\/?p=173885\" \/>\n<meta property=\"og:locale\" content=\"en_US\" \/>\n<meta property=\"og:type\" content=\"article\" \/>\n<meta property=\"og:title\" content=\"Prijedor: Odr\u017eana sve\u010dana akademija kojom su otvoreni 49. Knji\u017eevni susreti na Kozari - PrijedorDanas.com - Prijedorski gradski portal\" \/>\n<meta property=\"og:description\" content=\"Gradona\u010delnik Prijedora Dalibor Pavlovi\u0107 otvorio je ve\u010deras 49. Knji\u017eevne susrete na Kozari isti\u010du\u0107i da su oni ponos grada Prijedora posebno \u0161to se i na ovaj na\u010din \u010duva sje\u0107anje na slavnu [&hellip;]\" \/>\n<meta property=\"og:url\" content=\"https:\/\/www.prijedordanas.com\/?p=173885\" \/>\n<meta property=\"og:site_name\" content=\"PrijedorDanas.com - Prijedorski gradski portal\" \/>\n<meta property=\"article:publisher\" content=\"https:\/\/www.facebook.com\/PrijedorDanasCom\/\" \/>\n<meta property=\"article:published_time\" content=\"2021-09-17T21:40:11+00:00\" \/>\n<meta property=\"og:image\" content=\"https:\/\/www.prijedordanas.com\/wp-content\/uploads\/2021\/09\/prijedorgradorg-knizevni-susreti-na-kozari-2021-otvaranje-1-300x225.jpg\" \/>\n<meta name=\"author\" content=\"admin\" \/>\n<meta name=\"twitter:card\" content=\"summary_large_image\" \/>\n<meta name=\"twitter:label1\" content=\"Written by\" \/>\n\t<meta name=\"twitter:data1\" content=\"admin\" \/>\n\t<meta name=\"twitter:label2\" content=\"Est. reading time\" \/>\n\t<meta name=\"twitter:data2\" content=\"3 minutes\" \/>\n<script type=\"application\/ld+json\" class=\"yoast-schema-graph\">{\"@context\":\"https:\/\/schema.org\",\"@graph\":[{\"@type\":\"Article\",\"@id\":\"https:\/\/www.prijedordanas.com\/?p=173885#article\",\"isPartOf\":{\"@id\":\"https:\/\/www.prijedordanas.com\/?p=173885\"},\"author\":{\"name\":\"admin\",\"@id\":\"https:\/\/www.prijedordanas.com\/#\/schema\/person\/4e08ccf29b506ca916ff86d46bb700e6\"},\"headline\":\"Prijedor: Odr\u017eana sve\u010dana akademija kojom su otvoreni 49. Knji\u017eevni susreti na Kozari\",\"datePublished\":\"2021-09-17T21:40:11+00:00\",\"dateModified\":\"2021-09-17T21:40:11+00:00\",\"mainEntityOfPage\":{\"@id\":\"https:\/\/www.prijedordanas.com\/?p=173885\"},\"wordCount\":477,\"publisher\":{\"@id\":\"https:\/\/www.prijedordanas.com\/#organization\"},\"articleSection\":[\"Kultura\"],\"inLanguage\":\"en-US\"},{\"@type\":\"WebPage\",\"@id\":\"https:\/\/www.prijedordanas.com\/?p=173885\",\"url\":\"https:\/\/www.prijedordanas.com\/?p=173885\",\"name\":\"Prijedor: Odr\u017eana sve\u010dana akademija kojom su otvoreni 49. Knji\u017eevni susreti na Kozari - PrijedorDanas.com - Prijedorski gradski portal\",\"isPartOf\":{\"@id\":\"https:\/\/www.prijedordanas.com\/#website\"},\"datePublished\":\"2021-09-17T21:40:11+00:00\",\"dateModified\":\"2021-09-17T21:40:11+00:00\",\"breadcrumb\":{\"@id\":\"https:\/\/www.prijedordanas.com\/?p=173885#breadcrumb\"},\"inLanguage\":\"en-US\",\"potentialAction\":[{\"@type\":\"ReadAction\",\"target\":[\"https:\/\/www.prijedordanas.com\/?p=173885\"]}]},{\"@type\":\"BreadcrumbList\",\"@id\":\"https:\/\/www.prijedordanas.com\/?p=173885#breadcrumb\",\"itemListElement\":[{\"@type\":\"ListItem\",\"position\":1,\"name\":\"Home\",\"item\":\"https:\/\/www.prijedordanas.com\/\"},{\"@type\":\"ListItem\",\"position\":2,\"name\":\"Prijedor: Odr\u017eana sve\u010dana akademija kojom su otvoreni 49. Knji\u017eevni susreti na Kozari\"}]},{\"@type\":\"WebSite\",\"@id\":\"https:\/\/www.prijedordanas.com\/#website\",\"url\":\"https:\/\/www.prijedordanas.com\/\",\"name\":\"PrijedorDanas.com - Prijedorski gradski portal\",\"description\":\"Portal o doga\u0111anjima u gradu Prijedoru\",\"publisher\":{\"@id\":\"https:\/\/www.prijedordanas.com\/#organization\"},\"potentialAction\":[{\"@type\":\"SearchAction\",\"target\":{\"@type\":\"EntryPoint\",\"urlTemplate\":\"https:\/\/www.prijedordanas.com\/?s={search_term_string}\"},\"query-input\":\"required name=search_term_string\"}],\"inLanguage\":\"en-US\"},{\"@type\":\"Organization\",\"@id\":\"https:\/\/www.prijedordanas.com\/#organization\",\"name\":\"PrijedorDanas.com\",\"url\":\"https:\/\/www.prijedordanas.com\/\",\"logo\":{\"@type\":\"ImageObject\",\"inLanguage\":\"en-US\",\"@id\":\"https:\/\/www.prijedordanas.com\/#\/schema\/logo\/image\/\",\"url\":\"http:\/\/www.prijedordanas.com\/wp-content\/uploads\/2021\/12\/logopng.png\",\"contentUrl\":\"http:\/\/www.prijedordanas.com\/wp-content\/uploads\/2021\/12\/logopng.png\",\"width\":1019,\"height\":776,\"caption\":\"PrijedorDanas.com\"},\"image\":{\"@id\":\"https:\/\/www.prijedordanas.com\/#\/schema\/logo\/image\/\"},\"sameAs\":[\"https:\/\/www.facebook.com\/PrijedorDanasCom\/\"]},{\"@type\":\"Person\",\"@id\":\"https:\/\/www.prijedordanas.com\/#\/schema\/person\/4e08ccf29b506ca916ff86d46bb700e6\",\"name\":\"admin\",\"image\":{\"@type\":\"ImageObject\",\"inLanguage\":\"en-US\",\"@id\":\"https:\/\/www.prijedordanas.com\/#\/schema\/person\/image\/\",\"url\":\"https:\/\/secure.gravatar.com\/avatar\/1d3fc949d550f0b53a5f0d51e06dfd79?s=96&d=mm&r=g\",\"contentUrl\":\"https:\/\/secure.gravatar.com\/avatar\/1d3fc949d550f0b53a5f0d51e06dfd79?s=96&d=mm&r=g\",\"caption\":\"admin\"},\"url\":\"https:\/\/www.prijedordanas.com\/?author=1\"}]}<\/script>\n<!-- \/ Yoast SEO plugin. -->","yoast_head_json":{"title":"Prijedor: Odr\u017eana sve\u010dana akademija kojom su otvoreni 49. Knji\u017eevni susreti na Kozari - PrijedorDanas.com - Prijedorski gradski portal","robots":{"index":"index","follow":"follow","max-snippet":"max-snippet:-1","max-image-preview":"max-image-preview:large","max-video-preview":"max-video-preview:-1"},"canonical":"https:\/\/www.prijedordanas.com\/?p=173885","og_locale":"en_US","og_type":"article","og_title":"Prijedor: Odr\u017eana sve\u010dana akademija kojom su otvoreni 49. Knji\u017eevni susreti na Kozari - PrijedorDanas.com - Prijedorski gradski portal","og_description":"Gradona\u010delnik Prijedora Dalibor Pavlovi\u0107 otvorio je ve\u010deras 49. Knji\u017eevne susrete na Kozari isti\u010du\u0107i da su oni ponos grada Prijedora posebno \u0161to se i na ovaj na\u010din \u010duva sje\u0107anje na slavnu [&hellip;]","og_url":"https:\/\/www.prijedordanas.com\/?p=173885","og_site_name":"PrijedorDanas.com - Prijedorski gradski portal","article_publisher":"https:\/\/www.facebook.com\/PrijedorDanasCom\/","article_published_time":"2021-09-17T21:40:11+00:00","og_image":[{"url":"https:\/\/www.prijedordanas.com\/wp-content\/uploads\/2021\/09\/prijedorgradorg-knizevni-susreti-na-kozari-2021-otvaranje-1-300x225.jpg"}],"author":"admin","twitter_card":"summary_large_image","twitter_misc":{"Written by":"admin","Est. reading time":"3 minutes"},"schema":{"@context":"https:\/\/schema.org","@graph":[{"@type":"Article","@id":"https:\/\/www.prijedordanas.com\/?p=173885#article","isPartOf":{"@id":"https:\/\/www.prijedordanas.com\/?p=173885"},"author":{"name":"admin","@id":"https:\/\/www.prijedordanas.com\/#\/schema\/person\/4e08ccf29b506ca916ff86d46bb700e6"},"headline":"Prijedor: Odr\u017eana sve\u010dana akademija kojom su otvoreni 49. Knji\u017eevni susreti na Kozari","datePublished":"2021-09-17T21:40:11+00:00","dateModified":"2021-09-17T21:40:11+00:00","mainEntityOfPage":{"@id":"https:\/\/www.prijedordanas.com\/?p=173885"},"wordCount":477,"publisher":{"@id":"https:\/\/www.prijedordanas.com\/#organization"},"articleSection":["Kultura"],"inLanguage":"en-US"},{"@type":"WebPage","@id":"https:\/\/www.prijedordanas.com\/?p=173885","url":"https:\/\/www.prijedordanas.com\/?p=173885","name":"Prijedor: Odr\u017eana sve\u010dana akademija kojom su otvoreni 49. Knji\u017eevni susreti na Kozari - PrijedorDanas.com - Prijedorski gradski portal","isPartOf":{"@id":"https:\/\/www.prijedordanas.com\/#website"},"datePublished":"2021-09-17T21:40:11+00:00","dateModified":"2021-09-17T21:40:11+00:00","breadcrumb":{"@id":"https:\/\/www.prijedordanas.com\/?p=173885#breadcrumb"},"inLanguage":"en-US","potentialAction":[{"@type":"ReadAction","target":["https:\/\/www.prijedordanas.com\/?p=173885"]}]},{"@type":"BreadcrumbList","@id":"https:\/\/www.prijedordanas.com\/?p=173885#breadcrumb","itemListElement":[{"@type":"ListItem","position":1,"name":"Home","item":"https:\/\/www.prijedordanas.com\/"},{"@type":"ListItem","position":2,"name":"Prijedor: Odr\u017eana sve\u010dana akademija kojom su otvoreni 49. Knji\u017eevni susreti na Kozari"}]},{"@type":"WebSite","@id":"https:\/\/www.prijedordanas.com\/#website","url":"https:\/\/www.prijedordanas.com\/","name":"PrijedorDanas.com - Prijedorski gradski portal","description":"Portal o doga\u0111anjima u gradu Prijedoru","publisher":{"@id":"https:\/\/www.prijedordanas.com\/#organization"},"potentialAction":[{"@type":"SearchAction","target":{"@type":"EntryPoint","urlTemplate":"https:\/\/www.prijedordanas.com\/?s={search_term_string}"},"query-input":"required name=search_term_string"}],"inLanguage":"en-US"},{"@type":"Organization","@id":"https:\/\/www.prijedordanas.com\/#organization","name":"PrijedorDanas.com","url":"https:\/\/www.prijedordanas.com\/","logo":{"@type":"ImageObject","inLanguage":"en-US","@id":"https:\/\/www.prijedordanas.com\/#\/schema\/logo\/image\/","url":"http:\/\/www.prijedordanas.com\/wp-content\/uploads\/2021\/12\/logopng.png","contentUrl":"http:\/\/www.prijedordanas.com\/wp-content\/uploads\/2021\/12\/logopng.png","width":1019,"height":776,"caption":"PrijedorDanas.com"},"image":{"@id":"https:\/\/www.prijedordanas.com\/#\/schema\/logo\/image\/"},"sameAs":["https:\/\/www.facebook.com\/PrijedorDanasCom\/"]},{"@type":"Person","@id":"https:\/\/www.prijedordanas.com\/#\/schema\/person\/4e08ccf29b506ca916ff86d46bb700e6","name":"admin","image":{"@type":"ImageObject","inLanguage":"en-US","@id":"https:\/\/www.prijedordanas.com\/#\/schema\/person\/image\/","url":"https:\/\/secure.gravatar.com\/avatar\/1d3fc949d550f0b53a5f0d51e06dfd79?s=96&d=mm&r=g","contentUrl":"https:\/\/secure.gravatar.com\/avatar\/1d3fc949d550f0b53a5f0d51e06dfd79?s=96&d=mm&r=g","caption":"admin"},"url":"https:\/\/www.prijedordanas.com\/?author=1"}]}},"_links":{"self":[{"href":"https:\/\/www.prijedordanas.com\/index.php?rest_route=\/wp\/v2\/posts\/173885"}],"collection":[{"href":"https:\/\/www.prijedordanas.com\/index.php?rest_route=\/wp\/v2\/posts"}],"about":[{"href":"https:\/\/www.prijedordanas.com\/index.php?rest_route=\/wp\/v2\/types\/post"}],"author":[{"embeddable":true,"href":"https:\/\/www.prijedordanas.com\/index.php?rest_route=\/wp\/v2\/users\/1"}],"replies":[{"embeddable":true,"href":"https:\/\/www.prijedordanas.com\/index.php?rest_route=%2Fwp%2Fv2%2Fcomments&post=173885"}],"version-history":[{"count":1,"href":"https:\/\/www.prijedordanas.com\/index.php?rest_route=\/wp\/v2\/posts\/173885\/revisions"}],"predecessor-version":[{"id":173889,"href":"https:\/\/www.prijedordanas.com\/index.php?rest_route=\/wp\/v2\/posts\/173885\/revisions\/173889"}],"wp:attachment":[{"href":"https:\/\/www.prijedordanas.com\/index.php?rest_route=%2Fwp%2Fv2%2Fmedia&parent=173885"}],"wp:term":[{"taxonomy":"category","embeddable":true,"href":"https:\/\/www.prijedordanas.com\/index.php?rest_route=%2Fwp%2Fv2%2Fcategories&post=173885"},{"taxonomy":"post_tag","embeddable":true,"href":"https:\/\/www.prijedordanas.com\/index.php?rest_route=%2Fwp%2Fv2%2Ftags&post=173885"}],"curies":[{"name":"wp","href":"https:\/\/api.w.org\/{rel}","templated":true}]}}