{"id":173593,"date":"2021-09-12T13:41:48","date_gmt":"2021-09-12T11:41:48","guid":{"rendered":"https:\/\/www.prijedordanas.com\/?p=173593"},"modified":"2021-09-12T13:41:48","modified_gmt":"2021-09-12T11:41:48","slug":"eufor-donirao-komplete-prve-pomoci-prijedorskom-crvenom-krstu-video","status":"publish","type":"post","link":"https:\/\/www.prijedordanas.com\/?p=173593","title":{"rendered":"EUFOR donirao komplete prve pomo\u0107i prijedorskom Crvenom krstu &#8211; VIDEO"},"content":{"rendered":"<p><a href=\"https:\/\/www.prijedordanas.com\/wp-content\/uploads\/2021\/09\/crveni-krst-prijedor-donacija-eufor.jpg\"><img loading=\"lazy\" decoding=\"async\" src=\"https:\/\/www.prijedordanas.com\/wp-content\/uploads\/2021\/09\/crveni-krst-prijedor-donacija-eufor-233x300.jpg\" alt=\"\" width=\"233\" height=\"300\" class=\"alignleft size-medium wp-image-173594\" srcset=\"https:\/\/www.prijedordanas.com\/wp-content\/uploads\/2021\/09\/crveni-krst-prijedor-donacija-eufor-233x300.jpg 233w, https:\/\/www.prijedordanas.com\/wp-content\/uploads\/2021\/09\/crveni-krst-prijedor-donacija-eufor.jpg 466w\" sizes=\"(max-width: 233px) 100vw, 233px\" \/><\/a>Predstavnici LOT tima Slovenije u EUFOR-u donirali su sanitetski medicinski materijal Gradskoj organizaciji Crvenog krsta Prijedor. <\/p>\n<p>Uru\u010dili su im 55 kompleta sanitetske prve pomo\u0107i.<\/p>\n<p>Zoran Veselinovi\u0107, sekretar Crvenog krsta Prijedor rekao je da je ovaj materijal uvijek potreban, a da se ne nabavlja u dovoljnim koli\u010dinama, zbog ograni\u010denih sredstava sa kojim raspola\u017ee ova organizacija.<\/p>\n<p>\u201cDonacija koju smo dobili bi\u0107e iskori\u0161tena u programu priprema generacijskih timova prve pomo\u0107i prijedorskih \u0161kola\u201d, rekao je Veselinovi\u0107<\/p>\n<p>Pripadnici EUFOR-a, koji su uru\u010dili donaciju, istakli su da su po saznanju \u0161ta je to potrebno prijedorskoj organizaciji Crvenog krsta odmah kontaktirali Crveni krst  Slovenije,  Ministarstvom odbrane i Slovena\u010dku vojsku te posredstvom njih od AMS Slovenije dobili  sanitetski medicinski materijal.<\/p>\n<p> Viljam Kova\u010di\u010d, major komandir LOT tima Slovenije izrazio je \u017eelju da se ovaj oblik saradnje ostvari i sa crvenim krstovima u ostalih devet op\u0161tina koje pokriva njihov LOT tim.<\/p>\n<p>kozarski.com<\/p>\n<p><iframe loading=\"lazy\" title=\"EUFOR DONIRAO KOMPLETE PRVE POMO\u0106I PRIJEDORSKOM CRVENOM KRSTU\" width=\"500\" height=\"281\" src=\"https:\/\/www.youtube.com\/embed\/4NWpgVcgUU0?feature=oembed\" frameborder=\"0\" allow=\"accelerometer; autoplay; clipboard-write; encrypted-media; gyroscope; picture-in-picture\" allowfullscreen><\/iframe><\/p>\n","protected":false},"excerpt":{"rendered":"<p>Predstavnici LOT tima Slovenije u EUFOR-u donirali su sanitetski medicinski materijal Gradskoj organizaciji Crvenog krsta Prijedor. Uru\u010dili su im 55 kompleta sanitetske prve pomo\u0107i. Zoran Veselinovi\u0107, sekretar Crvenog krsta Prijedor [&hellip;]<\/p>\n","protected":false},"author":1,"featured_media":0,"comment_status":"closed","ping_status":"open","sticky":false,"template":"","format":"standard","meta":{"_monsterinsights_skip_tracking":false,"_monsterinsights_sitenote_active":false,"_monsterinsights_sitenote_note":"","_monsterinsights_sitenote_category":0,"footnotes":""},"categories":[4],"tags":[1655,662,5163,1117],"yoast_head":"<!-- This site is optimized with the Yoast SEO plugin v21.6 - https:\/\/yoast.com\/wordpress\/plugins\/seo\/ -->\n<title>EUFOR donirao komplete prve pomo\u0107i prijedorskom Crvenom krstu - VIDEO - PrijedorDanas.com - Prijedorski gradski portal<\/title>\n<meta name=\"robots\" content=\"index, follow, max-snippet:-1, max-image-preview:large, max-video-preview:-1\" \/>\n<link rel=\"canonical\" href=\"https:\/\/www.prijedordanas.com\/?p=173593\" \/>\n<meta property=\"og:locale\" content=\"en_US\" \/>\n<meta property=\"og:type\" content=\"article\" \/>\n<meta property=\"og:title\" content=\"EUFOR donirao komplete prve pomo\u0107i prijedorskom Crvenom krstu - VIDEO - PrijedorDanas.com - Prijedorski gradski portal\" \/>\n<meta property=\"og:description\" content=\"Predstavnici LOT tima Slovenije u EUFOR-u donirali su sanitetski medicinski materijal Gradskoj organizaciji Crvenog krsta Prijedor. Uru\u010dili su im 55 kompleta sanitetske prve pomo\u0107i. Zoran Veselinovi\u0107, sekretar Crvenog krsta Prijedor [&hellip;]\" \/>\n<meta property=\"og:url\" content=\"https:\/\/www.prijedordanas.com\/?p=173593\" \/>\n<meta property=\"og:site_name\" content=\"PrijedorDanas.com - Prijedorski gradski portal\" \/>\n<meta property=\"article:publisher\" content=\"https:\/\/www.facebook.com\/PrijedorDanasCom\/\" \/>\n<meta property=\"article:published_time\" content=\"2021-09-12T11:41:48+00:00\" \/>\n<meta property=\"og:image\" content=\"https:\/\/www.prijedordanas.com\/wp-content\/uploads\/2021\/09\/crveni-krst-prijedor-donacija-eufor-233x300.jpg\" \/>\n<meta name=\"author\" content=\"admin\" \/>\n<meta name=\"twitter:card\" content=\"summary_large_image\" \/>\n<meta name=\"twitter:label1\" content=\"Written by\" \/>\n\t<meta name=\"twitter:data1\" content=\"admin\" \/>\n\t<meta name=\"twitter:label2\" content=\"Est. reading time\" \/>\n\t<meta name=\"twitter:data2\" content=\"1 minute\" \/>\n<script type=\"application\/ld+json\" class=\"yoast-schema-graph\">{\"@context\":\"https:\/\/schema.org\",\"@graph\":[{\"@type\":\"Article\",\"@id\":\"https:\/\/www.prijedordanas.com\/?p=173593#article\",\"isPartOf\":{\"@id\":\"https:\/\/www.prijedordanas.com\/?p=173593\"},\"author\":{\"name\":\"admin\",\"@id\":\"https:\/\/www.prijedordanas.com\/#\/schema\/person\/4e08ccf29b506ca916ff86d46bb700e6\"},\"headline\":\"EUFOR donirao komplete prve pomo\u0107i prijedorskom Crvenom krstu &#8211; VIDEO\",\"datePublished\":\"2021-09-12T11:41:48+00:00\",\"dateModified\":\"2021-09-12T11:41:48+00:00\",\"mainEntityOfPage\":{\"@id\":\"https:\/\/www.prijedordanas.com\/?p=173593\"},\"wordCount\":169,\"publisher\":{\"@id\":\"https:\/\/www.prijedordanas.com\/#organization\"},\"keywords\":[\"Crveni krst Prijedor\",\"donacija\",\"EUFOR\",\"prva pomo\u0107\"],\"articleSection\":[\"Dru\u0161tvo\"],\"inLanguage\":\"en-US\"},{\"@type\":\"WebPage\",\"@id\":\"https:\/\/www.prijedordanas.com\/?p=173593\",\"url\":\"https:\/\/www.prijedordanas.com\/?p=173593\",\"name\":\"EUFOR donirao komplete prve pomo\u0107i prijedorskom Crvenom krstu - VIDEO - PrijedorDanas.com - Prijedorski gradski portal\",\"isPartOf\":{\"@id\":\"https:\/\/www.prijedordanas.com\/#website\"},\"datePublished\":\"2021-09-12T11:41:48+00:00\",\"dateModified\":\"2021-09-12T11:41:48+00:00\",\"breadcrumb\":{\"@id\":\"https:\/\/www.prijedordanas.com\/?p=173593#breadcrumb\"},\"inLanguage\":\"en-US\",\"potentialAction\":[{\"@type\":\"ReadAction\",\"target\":[\"https:\/\/www.prijedordanas.com\/?p=173593\"]}]},{\"@type\":\"BreadcrumbList\",\"@id\":\"https:\/\/www.prijedordanas.com\/?p=173593#breadcrumb\",\"itemListElement\":[{\"@type\":\"ListItem\",\"position\":1,\"name\":\"Home\",\"item\":\"https:\/\/www.prijedordanas.com\/\"},{\"@type\":\"ListItem\",\"position\":2,\"name\":\"EUFOR donirao komplete prve pomo\u0107i prijedorskom Crvenom krstu &#8211; VIDEO\"}]},{\"@type\":\"WebSite\",\"@id\":\"https:\/\/www.prijedordanas.com\/#website\",\"url\":\"https:\/\/www.prijedordanas.com\/\",\"name\":\"PrijedorDanas.com - Prijedorski gradski portal\",\"description\":\"Portal o doga\u0111anjima u gradu Prijedoru\",\"publisher\":{\"@id\":\"https:\/\/www.prijedordanas.com\/#organization\"},\"potentialAction\":[{\"@type\":\"SearchAction\",\"target\":{\"@type\":\"EntryPoint\",\"urlTemplate\":\"https:\/\/www.prijedordanas.com\/?s={search_term_string}\"},\"query-input\":\"required name=search_term_string\"}],\"inLanguage\":\"en-US\"},{\"@type\":\"Organization\",\"@id\":\"https:\/\/www.prijedordanas.com\/#organization\",\"name\":\"PrijedorDanas.com\",\"url\":\"https:\/\/www.prijedordanas.com\/\",\"logo\":{\"@type\":\"ImageObject\",\"inLanguage\":\"en-US\",\"@id\":\"https:\/\/www.prijedordanas.com\/#\/schema\/logo\/image\/\",\"url\":\"http:\/\/www.prijedordanas.com\/wp-content\/uploads\/2021\/12\/logopng.png\",\"contentUrl\":\"http:\/\/www.prijedordanas.com\/wp-content\/uploads\/2021\/12\/logopng.png\",\"width\":1019,\"height\":776,\"caption\":\"PrijedorDanas.com\"},\"image\":{\"@id\":\"https:\/\/www.prijedordanas.com\/#\/schema\/logo\/image\/\"},\"sameAs\":[\"https:\/\/www.facebook.com\/PrijedorDanasCom\/\"]},{\"@type\":\"Person\",\"@id\":\"https:\/\/www.prijedordanas.com\/#\/schema\/person\/4e08ccf29b506ca916ff86d46bb700e6\",\"name\":\"admin\",\"image\":{\"@type\":\"ImageObject\",\"inLanguage\":\"en-US\",\"@id\":\"https:\/\/www.prijedordanas.com\/#\/schema\/person\/image\/\",\"url\":\"https:\/\/secure.gravatar.com\/avatar\/1d3fc949d550f0b53a5f0d51e06dfd79?s=96&d=mm&r=g\",\"contentUrl\":\"https:\/\/secure.gravatar.com\/avatar\/1d3fc949d550f0b53a5f0d51e06dfd79?s=96&d=mm&r=g\",\"caption\":\"admin\"},\"url\":\"https:\/\/www.prijedordanas.com\/?author=1\"}]}<\/script>\n<!-- \/ Yoast SEO plugin. -->","yoast_head_json":{"title":"EUFOR donirao komplete prve pomo\u0107i prijedorskom Crvenom krstu - VIDEO - PrijedorDanas.com - Prijedorski gradski portal","robots":{"index":"index","follow":"follow","max-snippet":"max-snippet:-1","max-image-preview":"max-image-preview:large","max-video-preview":"max-video-preview:-1"},"canonical":"https:\/\/www.prijedordanas.com\/?p=173593","og_locale":"en_US","og_type":"article","og_title":"EUFOR donirao komplete prve pomo\u0107i prijedorskom Crvenom krstu - VIDEO - PrijedorDanas.com - Prijedorski gradski portal","og_description":"Predstavnici LOT tima Slovenije u EUFOR-u donirali su sanitetski medicinski materijal Gradskoj organizaciji Crvenog krsta Prijedor. Uru\u010dili su im 55 kompleta sanitetske prve pomo\u0107i. Zoran Veselinovi\u0107, sekretar Crvenog krsta Prijedor [&hellip;]","og_url":"https:\/\/www.prijedordanas.com\/?p=173593","og_site_name":"PrijedorDanas.com - Prijedorski gradski portal","article_publisher":"https:\/\/www.facebook.com\/PrijedorDanasCom\/","article_published_time":"2021-09-12T11:41:48+00:00","og_image":[{"url":"https:\/\/www.prijedordanas.com\/wp-content\/uploads\/2021\/09\/crveni-krst-prijedor-donacija-eufor-233x300.jpg"}],"author":"admin","twitter_card":"summary_large_image","twitter_misc":{"Written by":"admin","Est. reading time":"1 minute"},"schema":{"@context":"https:\/\/schema.org","@graph":[{"@type":"Article","@id":"https:\/\/www.prijedordanas.com\/?p=173593#article","isPartOf":{"@id":"https:\/\/www.prijedordanas.com\/?p=173593"},"author":{"name":"admin","@id":"https:\/\/www.prijedordanas.com\/#\/schema\/person\/4e08ccf29b506ca916ff86d46bb700e6"},"headline":"EUFOR donirao komplete prve pomo\u0107i prijedorskom Crvenom krstu &#8211; VIDEO","datePublished":"2021-09-12T11:41:48+00:00","dateModified":"2021-09-12T11:41:48+00:00","mainEntityOfPage":{"@id":"https:\/\/www.prijedordanas.com\/?p=173593"},"wordCount":169,"publisher":{"@id":"https:\/\/www.prijedordanas.com\/#organization"},"keywords":["Crveni krst Prijedor","donacija","EUFOR","prva pomo\u0107"],"articleSection":["Dru\u0161tvo"],"inLanguage":"en-US"},{"@type":"WebPage","@id":"https:\/\/www.prijedordanas.com\/?p=173593","url":"https:\/\/www.prijedordanas.com\/?p=173593","name":"EUFOR donirao komplete prve pomo\u0107i prijedorskom Crvenom krstu - VIDEO - PrijedorDanas.com - Prijedorski gradski portal","isPartOf":{"@id":"https:\/\/www.prijedordanas.com\/#website"},"datePublished":"2021-09-12T11:41:48+00:00","dateModified":"2021-09-12T11:41:48+00:00","breadcrumb":{"@id":"https:\/\/www.prijedordanas.com\/?p=173593#breadcrumb"},"inLanguage":"en-US","potentialAction":[{"@type":"ReadAction","target":["https:\/\/www.prijedordanas.com\/?p=173593"]}]},{"@type":"BreadcrumbList","@id":"https:\/\/www.prijedordanas.com\/?p=173593#breadcrumb","itemListElement":[{"@type":"ListItem","position":1,"name":"Home","item":"https:\/\/www.prijedordanas.com\/"},{"@type":"ListItem","position":2,"name":"EUFOR donirao komplete prve pomo\u0107i prijedorskom Crvenom krstu &#8211; VIDEO"}]},{"@type":"WebSite","@id":"https:\/\/www.prijedordanas.com\/#website","url":"https:\/\/www.prijedordanas.com\/","name":"PrijedorDanas.com - Prijedorski gradski portal","description":"Portal o doga\u0111anjima u gradu Prijedoru","publisher":{"@id":"https:\/\/www.prijedordanas.com\/#organization"},"potentialAction":[{"@type":"SearchAction","target":{"@type":"EntryPoint","urlTemplate":"https:\/\/www.prijedordanas.com\/?s={search_term_string}"},"query-input":"required name=search_term_string"}],"inLanguage":"en-US"},{"@type":"Organization","@id":"https:\/\/www.prijedordanas.com\/#organization","name":"PrijedorDanas.com","url":"https:\/\/www.prijedordanas.com\/","logo":{"@type":"ImageObject","inLanguage":"en-US","@id":"https:\/\/www.prijedordanas.com\/#\/schema\/logo\/image\/","url":"http:\/\/www.prijedordanas.com\/wp-content\/uploads\/2021\/12\/logopng.png","contentUrl":"http:\/\/www.prijedordanas.com\/wp-content\/uploads\/2021\/12\/logopng.png","width":1019,"height":776,"caption":"PrijedorDanas.com"},"image":{"@id":"https:\/\/www.prijedordanas.com\/#\/schema\/logo\/image\/"},"sameAs":["https:\/\/www.facebook.com\/PrijedorDanasCom\/"]},{"@type":"Person","@id":"https:\/\/www.prijedordanas.com\/#\/schema\/person\/4e08ccf29b506ca916ff86d46bb700e6","name":"admin","image":{"@type":"ImageObject","inLanguage":"en-US","@id":"https:\/\/www.prijedordanas.com\/#\/schema\/person\/image\/","url":"https:\/\/secure.gravatar.com\/avatar\/1d3fc949d550f0b53a5f0d51e06dfd79?s=96&d=mm&r=g","contentUrl":"https:\/\/secure.gravatar.com\/avatar\/1d3fc949d550f0b53a5f0d51e06dfd79?s=96&d=mm&r=g","caption":"admin"},"url":"https:\/\/www.prijedordanas.com\/?author=1"}]}},"_links":{"self":[{"href":"https:\/\/www.prijedordanas.com\/index.php?rest_route=\/wp\/v2\/posts\/173593"}],"collection":[{"href":"https:\/\/www.prijedordanas.com\/index.php?rest_route=\/wp\/v2\/posts"}],"about":[{"href":"https:\/\/www.prijedordanas.com\/index.php?rest_route=\/wp\/v2\/types\/post"}],"author":[{"embeddable":true,"href":"https:\/\/www.prijedordanas.com\/index.php?rest_route=\/wp\/v2\/users\/1"}],"replies":[{"embeddable":true,"href":"https:\/\/www.prijedordanas.com\/index.php?rest_route=%2Fwp%2Fv2%2Fcomments&post=173593"}],"version-history":[{"count":2,"href":"https:\/\/www.prijedordanas.com\/index.php?rest_route=\/wp\/v2\/posts\/173593\/revisions"}],"predecessor-version":[{"id":173596,"href":"https:\/\/www.prijedordanas.com\/index.php?rest_route=\/wp\/v2\/posts\/173593\/revisions\/173596"}],"wp:attachment":[{"href":"https:\/\/www.prijedordanas.com\/index.php?rest_route=%2Fwp%2Fv2%2Fmedia&parent=173593"}],"wp:term":[{"taxonomy":"category","embeddable":true,"href":"https:\/\/www.prijedordanas.com\/index.php?rest_route=%2Fwp%2Fv2%2Fcategories&post=173593"},{"taxonomy":"post_tag","embeddable":true,"href":"https:\/\/www.prijedordanas.com\/index.php?rest_route=%2Fwp%2Fv2%2Ftags&post=173593"}],"curies":[{"name":"wp","href":"https:\/\/api.w.org\/{rel}","templated":true}]}}