{"id":17351,"date":"2015-03-03T13:58:05","date_gmt":"2015-03-03T12:58:05","guid":{"rendered":"https:\/\/www.prijedordanas.com\/?p=17351"},"modified":"2015-03-03T13:58:05","modified_gmt":"2015-03-03T12:58:05","slug":"rekordno-zaposljavanje-u-proteklih-sest-godina","status":"publish","type":"post","link":"https:\/\/www.prijedordanas.com\/?p=17351","title":{"rendered":"REKORDNO ZAPO\u0160LJAVANJE U PROTEKLIH \u0160EST GODINA"},"content":{"rendered":"<p><a href=\"https:\/\/www.prijedordanas.com\/wp-content\/uploads\/2015\/03\/prijedor-februar-2015-2.jpg\"><img loading=\"lazy\" decoding=\"async\" class=\"alignleft size-medium wp-image-17337\" src=\"https:\/\/www.prijedordanas.com\/wp-content\/uploads\/2015\/03\/prijedor-februar-2015-2-300x199.jpg\" alt=\"prijedor februar 2015 (2)\" width=\"300\" height=\"199\" srcset=\"https:\/\/www.prijedordanas.com\/wp-content\/uploads\/2015\/03\/prijedor-februar-2015-2-300x199.jpg 300w, https:\/\/www.prijedordanas.com\/wp-content\/uploads\/2015\/03\/prijedor-februar-2015-2.jpg 600w\" sizes=\"(max-width: 300px) 100vw, 300px\" \/><\/a>U 2014. godini posredstvom prijedorske filijale Zavoda za zapo\u0161ljavanje Republike Srpske zaposleno je 3.465 lica ili za sedam odsto vi\u0161e nego u prethodnoj godini.<\/p>\n<p>&#8220;Ovo je rekordno zapo\u0161ljavanje u proteklih \u0161est godina i znatno je ve\u0107e od zapo\u0161ljavanje prije po\u010detka svjetske ekonomske krize 2008. godine&#8221;, navodi se u informaciji o radu ove filijale za 2014. godinu.<\/p>\n<p>Analiza kvalifikacione strukture nezaposlenih pokazala je smanjenje broja nezaposlenih na skali od visoke stru\u010dne spreme do nekvalifikovanih od \u0161est do 25 odsto, dok je kod stepena obrazovanja master ili magistar broj nezaposlenih pove\u0107an za \u010dak 37 odsto.<\/p>\n<p>&#8220;Name\u0107e se jedan jedini zaklju\u010dak: puno je upisa na master bez ikakvog smisla, svrhe i cilja&#8221;, navodi se u informaciji Filijale Prijedor.<\/p>\n<p>Deficitarna zvanja su ma\u0161inski i elektro in\u017eenjeri, geolozi, defektolozi, logopedi, profesori matematike, te fizike i njema\u010dkog jezika, a deficitarni zanati su opti\u010dari, obra\u0111iva\u010di stakla, instalateri solarne energije, sertifikovani zavariva\u010di, livci i obu\u0107ari.<\/p>\n<p>U informaciji o radu prijedorske filijale nema podataka o evidenciji nezaposlenih.<\/p>\n<p>Prijedorska filijala Zavoda za zapo\u0161ljavanje Srpske pokriva grad Prijedor i op\u0161tine O\u0161tra Luka, Novi Grad, Kozarska Dubica, Kostajnica i Krupa na Uni sa vi\u0161e od 200.000 stanovnika.<\/p>\n<p>SRNA<\/p>\n","protected":false},"excerpt":{"rendered":"<p>U 2014. godini posredstvom prijedorske filijale Zavoda za zapo\u0161ljavanje Republike Srpske zaposleno je 3.465 lica ili za sedam odsto vi\u0161e nego u prethodnoj godini. &#8220;Ovo je rekordno zapo\u0161ljavanje u proteklih [&hellip;]<\/p>\n","protected":false},"author":1,"featured_media":0,"comment_status":"closed","ping_status":"open","sticky":false,"template":"","format":"standard","meta":{"_monsterinsights_skip_tracking":false,"_monsterinsights_sitenote_active":false,"_monsterinsights_sitenote_note":"","_monsterinsights_sitenote_category":0,"footnotes":""},"categories":[4],"tags":[],"yoast_head":"<!-- This site is optimized with the Yoast SEO plugin v21.6 - https:\/\/yoast.com\/wordpress\/plugins\/seo\/ -->\n<title>REKORDNO ZAPO\u0160LJAVANJE U PROTEKLIH \u0160EST GODINA - PrijedorDanas.com - Prijedorski gradski portal<\/title>\n<meta name=\"robots\" content=\"index, follow, max-snippet:-1, max-image-preview:large, max-video-preview:-1\" \/>\n<link rel=\"canonical\" href=\"https:\/\/www.prijedordanas.com\/?p=17351\" \/>\n<meta property=\"og:locale\" content=\"en_US\" \/>\n<meta property=\"og:type\" content=\"article\" \/>\n<meta property=\"og:title\" content=\"REKORDNO ZAPO\u0160LJAVANJE U PROTEKLIH \u0160EST GODINA - PrijedorDanas.com - Prijedorski gradski portal\" \/>\n<meta property=\"og:description\" content=\"U 2014. godini posredstvom prijedorske filijale Zavoda za zapo\u0161ljavanje Republike Srpske zaposleno je 3.465 lica ili za sedam odsto vi\u0161e nego u prethodnoj godini. &#8220;Ovo je rekordno zapo\u0161ljavanje u proteklih [&hellip;]\" \/>\n<meta property=\"og:url\" content=\"https:\/\/www.prijedordanas.com\/?p=17351\" \/>\n<meta property=\"og:site_name\" content=\"PrijedorDanas.com - Prijedorski gradski portal\" \/>\n<meta property=\"article:publisher\" content=\"https:\/\/www.facebook.com\/PrijedorDanasCom\/\" \/>\n<meta property=\"article:published_time\" content=\"2015-03-03T12:58:05+00:00\" \/>\n<meta property=\"og:image\" content=\"https:\/\/www.prijedordanas.com\/wp-content\/uploads\/2015\/03\/prijedor-februar-2015-2-300x199.jpg\" \/>\n<meta name=\"author\" content=\"admin\" \/>\n<meta name=\"twitter:card\" content=\"summary_large_image\" \/>\n<meta name=\"twitter:label1\" content=\"Written by\" \/>\n\t<meta name=\"twitter:data1\" content=\"admin\" \/>\n\t<meta name=\"twitter:label2\" content=\"Est. reading time\" \/>\n\t<meta name=\"twitter:data2\" content=\"1 minute\" \/>\n<script type=\"application\/ld+json\" class=\"yoast-schema-graph\">{\"@context\":\"https:\/\/schema.org\",\"@graph\":[{\"@type\":\"Article\",\"@id\":\"https:\/\/www.prijedordanas.com\/?p=17351#article\",\"isPartOf\":{\"@id\":\"https:\/\/www.prijedordanas.com\/?p=17351\"},\"author\":{\"name\":\"admin\",\"@id\":\"https:\/\/www.prijedordanas.com\/#\/schema\/person\/4e08ccf29b506ca916ff86d46bb700e6\"},\"headline\":\"REKORDNO ZAPO\u0160LJAVANJE U PROTEKLIH \u0160EST GODINA\",\"datePublished\":\"2015-03-03T12:58:05+00:00\",\"dateModified\":\"2015-03-03T12:58:05+00:00\",\"mainEntityOfPage\":{\"@id\":\"https:\/\/www.prijedordanas.com\/?p=17351\"},\"wordCount\":208,\"publisher\":{\"@id\":\"https:\/\/www.prijedordanas.com\/#organization\"},\"articleSection\":[\"Dru\u0161tvo\"],\"inLanguage\":\"en-US\"},{\"@type\":\"WebPage\",\"@id\":\"https:\/\/www.prijedordanas.com\/?p=17351\",\"url\":\"https:\/\/www.prijedordanas.com\/?p=17351\",\"name\":\"REKORDNO ZAPO\u0160LJAVANJE U PROTEKLIH \u0160EST GODINA - PrijedorDanas.com - Prijedorski gradski portal\",\"isPartOf\":{\"@id\":\"https:\/\/www.prijedordanas.com\/#website\"},\"datePublished\":\"2015-03-03T12:58:05+00:00\",\"dateModified\":\"2015-03-03T12:58:05+00:00\",\"breadcrumb\":{\"@id\":\"https:\/\/www.prijedordanas.com\/?p=17351#breadcrumb\"},\"inLanguage\":\"en-US\",\"potentialAction\":[{\"@type\":\"ReadAction\",\"target\":[\"https:\/\/www.prijedordanas.com\/?p=17351\"]}]},{\"@type\":\"BreadcrumbList\",\"@id\":\"https:\/\/www.prijedordanas.com\/?p=17351#breadcrumb\",\"itemListElement\":[{\"@type\":\"ListItem\",\"position\":1,\"name\":\"Home\",\"item\":\"https:\/\/www.prijedordanas.com\/\"},{\"@type\":\"ListItem\",\"position\":2,\"name\":\"REKORDNO ZAPO\u0160LJAVANJE U PROTEKLIH \u0160EST GODINA\"}]},{\"@type\":\"WebSite\",\"@id\":\"https:\/\/www.prijedordanas.com\/#website\",\"url\":\"https:\/\/www.prijedordanas.com\/\",\"name\":\"PrijedorDanas.com - Prijedorski gradski portal\",\"description\":\"Portal o doga\u0111anjima u gradu Prijedoru\",\"publisher\":{\"@id\":\"https:\/\/www.prijedordanas.com\/#organization\"},\"potentialAction\":[{\"@type\":\"SearchAction\",\"target\":{\"@type\":\"EntryPoint\",\"urlTemplate\":\"https:\/\/www.prijedordanas.com\/?s={search_term_string}\"},\"query-input\":\"required name=search_term_string\"}],\"inLanguage\":\"en-US\"},{\"@type\":\"Organization\",\"@id\":\"https:\/\/www.prijedordanas.com\/#organization\",\"name\":\"PrijedorDanas.com\",\"url\":\"https:\/\/www.prijedordanas.com\/\",\"logo\":{\"@type\":\"ImageObject\",\"inLanguage\":\"en-US\",\"@id\":\"https:\/\/www.prijedordanas.com\/#\/schema\/logo\/image\/\",\"url\":\"http:\/\/www.prijedordanas.com\/wp-content\/uploads\/2021\/12\/logopng.png\",\"contentUrl\":\"http:\/\/www.prijedordanas.com\/wp-content\/uploads\/2021\/12\/logopng.png\",\"width\":1019,\"height\":776,\"caption\":\"PrijedorDanas.com\"},\"image\":{\"@id\":\"https:\/\/www.prijedordanas.com\/#\/schema\/logo\/image\/\"},\"sameAs\":[\"https:\/\/www.facebook.com\/PrijedorDanasCom\/\"]},{\"@type\":\"Person\",\"@id\":\"https:\/\/www.prijedordanas.com\/#\/schema\/person\/4e08ccf29b506ca916ff86d46bb700e6\",\"name\":\"admin\",\"image\":{\"@type\":\"ImageObject\",\"inLanguage\":\"en-US\",\"@id\":\"https:\/\/www.prijedordanas.com\/#\/schema\/person\/image\/\",\"url\":\"https:\/\/secure.gravatar.com\/avatar\/1d3fc949d550f0b53a5f0d51e06dfd79?s=96&d=mm&r=g\",\"contentUrl\":\"https:\/\/secure.gravatar.com\/avatar\/1d3fc949d550f0b53a5f0d51e06dfd79?s=96&d=mm&r=g\",\"caption\":\"admin\"},\"url\":\"https:\/\/www.prijedordanas.com\/?author=1\"}]}<\/script>\n<!-- \/ Yoast SEO plugin. -->","yoast_head_json":{"title":"REKORDNO ZAPO\u0160LJAVANJE U PROTEKLIH \u0160EST GODINA - PrijedorDanas.com - Prijedorski gradski portal","robots":{"index":"index","follow":"follow","max-snippet":"max-snippet:-1","max-image-preview":"max-image-preview:large","max-video-preview":"max-video-preview:-1"},"canonical":"https:\/\/www.prijedordanas.com\/?p=17351","og_locale":"en_US","og_type":"article","og_title":"REKORDNO ZAPO\u0160LJAVANJE U PROTEKLIH \u0160EST GODINA - PrijedorDanas.com - Prijedorski gradski portal","og_description":"U 2014. godini posredstvom prijedorske filijale Zavoda za zapo\u0161ljavanje Republike Srpske zaposleno je 3.465 lica ili za sedam odsto vi\u0161e nego u prethodnoj godini. &#8220;Ovo je rekordno zapo\u0161ljavanje u proteklih [&hellip;]","og_url":"https:\/\/www.prijedordanas.com\/?p=17351","og_site_name":"PrijedorDanas.com - Prijedorski gradski portal","article_publisher":"https:\/\/www.facebook.com\/PrijedorDanasCom\/","article_published_time":"2015-03-03T12:58:05+00:00","og_image":[{"url":"https:\/\/www.prijedordanas.com\/wp-content\/uploads\/2015\/03\/prijedor-februar-2015-2-300x199.jpg"}],"author":"admin","twitter_card":"summary_large_image","twitter_misc":{"Written by":"admin","Est. reading time":"1 minute"},"schema":{"@context":"https:\/\/schema.org","@graph":[{"@type":"Article","@id":"https:\/\/www.prijedordanas.com\/?p=17351#article","isPartOf":{"@id":"https:\/\/www.prijedordanas.com\/?p=17351"},"author":{"name":"admin","@id":"https:\/\/www.prijedordanas.com\/#\/schema\/person\/4e08ccf29b506ca916ff86d46bb700e6"},"headline":"REKORDNO ZAPO\u0160LJAVANJE U PROTEKLIH \u0160EST GODINA","datePublished":"2015-03-03T12:58:05+00:00","dateModified":"2015-03-03T12:58:05+00:00","mainEntityOfPage":{"@id":"https:\/\/www.prijedordanas.com\/?p=17351"},"wordCount":208,"publisher":{"@id":"https:\/\/www.prijedordanas.com\/#organization"},"articleSection":["Dru\u0161tvo"],"inLanguage":"en-US"},{"@type":"WebPage","@id":"https:\/\/www.prijedordanas.com\/?p=17351","url":"https:\/\/www.prijedordanas.com\/?p=17351","name":"REKORDNO ZAPO\u0160LJAVANJE U PROTEKLIH \u0160EST GODINA - PrijedorDanas.com - Prijedorski gradski portal","isPartOf":{"@id":"https:\/\/www.prijedordanas.com\/#website"},"datePublished":"2015-03-03T12:58:05+00:00","dateModified":"2015-03-03T12:58:05+00:00","breadcrumb":{"@id":"https:\/\/www.prijedordanas.com\/?p=17351#breadcrumb"},"inLanguage":"en-US","potentialAction":[{"@type":"ReadAction","target":["https:\/\/www.prijedordanas.com\/?p=17351"]}]},{"@type":"BreadcrumbList","@id":"https:\/\/www.prijedordanas.com\/?p=17351#breadcrumb","itemListElement":[{"@type":"ListItem","position":1,"name":"Home","item":"https:\/\/www.prijedordanas.com\/"},{"@type":"ListItem","position":2,"name":"REKORDNO ZAPO\u0160LJAVANJE U PROTEKLIH \u0160EST GODINA"}]},{"@type":"WebSite","@id":"https:\/\/www.prijedordanas.com\/#website","url":"https:\/\/www.prijedordanas.com\/","name":"PrijedorDanas.com - Prijedorski gradski portal","description":"Portal o doga\u0111anjima u gradu Prijedoru","publisher":{"@id":"https:\/\/www.prijedordanas.com\/#organization"},"potentialAction":[{"@type":"SearchAction","target":{"@type":"EntryPoint","urlTemplate":"https:\/\/www.prijedordanas.com\/?s={search_term_string}"},"query-input":"required name=search_term_string"}],"inLanguage":"en-US"},{"@type":"Organization","@id":"https:\/\/www.prijedordanas.com\/#organization","name":"PrijedorDanas.com","url":"https:\/\/www.prijedordanas.com\/","logo":{"@type":"ImageObject","inLanguage":"en-US","@id":"https:\/\/www.prijedordanas.com\/#\/schema\/logo\/image\/","url":"http:\/\/www.prijedordanas.com\/wp-content\/uploads\/2021\/12\/logopng.png","contentUrl":"http:\/\/www.prijedordanas.com\/wp-content\/uploads\/2021\/12\/logopng.png","width":1019,"height":776,"caption":"PrijedorDanas.com"},"image":{"@id":"https:\/\/www.prijedordanas.com\/#\/schema\/logo\/image\/"},"sameAs":["https:\/\/www.facebook.com\/PrijedorDanasCom\/"]},{"@type":"Person","@id":"https:\/\/www.prijedordanas.com\/#\/schema\/person\/4e08ccf29b506ca916ff86d46bb700e6","name":"admin","image":{"@type":"ImageObject","inLanguage":"en-US","@id":"https:\/\/www.prijedordanas.com\/#\/schema\/person\/image\/","url":"https:\/\/secure.gravatar.com\/avatar\/1d3fc949d550f0b53a5f0d51e06dfd79?s=96&d=mm&r=g","contentUrl":"https:\/\/secure.gravatar.com\/avatar\/1d3fc949d550f0b53a5f0d51e06dfd79?s=96&d=mm&r=g","caption":"admin"},"url":"https:\/\/www.prijedordanas.com\/?author=1"}]}},"_links":{"self":[{"href":"https:\/\/www.prijedordanas.com\/index.php?rest_route=\/wp\/v2\/posts\/17351"}],"collection":[{"href":"https:\/\/www.prijedordanas.com\/index.php?rest_route=\/wp\/v2\/posts"}],"about":[{"href":"https:\/\/www.prijedordanas.com\/index.php?rest_route=\/wp\/v2\/types\/post"}],"author":[{"embeddable":true,"href":"https:\/\/www.prijedordanas.com\/index.php?rest_route=\/wp\/v2\/users\/1"}],"replies":[{"embeddable":true,"href":"https:\/\/www.prijedordanas.com\/index.php?rest_route=%2Fwp%2Fv2%2Fcomments&post=17351"}],"version-history":[{"count":1,"href":"https:\/\/www.prijedordanas.com\/index.php?rest_route=\/wp\/v2\/posts\/17351\/revisions"}],"predecessor-version":[{"id":17352,"href":"https:\/\/www.prijedordanas.com\/index.php?rest_route=\/wp\/v2\/posts\/17351\/revisions\/17352"}],"wp:attachment":[{"href":"https:\/\/www.prijedordanas.com\/index.php?rest_route=%2Fwp%2Fv2%2Fmedia&parent=17351"}],"wp:term":[{"taxonomy":"category","embeddable":true,"href":"https:\/\/www.prijedordanas.com\/index.php?rest_route=%2Fwp%2Fv2%2Fcategories&post=17351"},{"taxonomy":"post_tag","embeddable":true,"href":"https:\/\/www.prijedordanas.com\/index.php?rest_route=%2Fwp%2Fv2%2Ftags&post=17351"}],"curies":[{"name":"wp","href":"https:\/\/api.w.org\/{rel}","templated":true}]}}