{"id":173090,"date":"2021-09-01T23:20:22","date_gmt":"2021-09-01T21:20:22","guid":{"rendered":"https:\/\/www.prijedordanas.com\/?p=173090"},"modified":"2021-09-01T23:20:22","modified_gmt":"2021-09-01T21:20:22","slug":"dobrodoslica-za-prvacice-u-os-dositej-obradovic-u-rasavcima-video","status":"publish","type":"post","link":"https:\/\/www.prijedordanas.com\/?p=173090","title":{"rendered":"Dobrodo\u0161lica za prva\u010di\u0107e u O\u0160 &#8220;Dositej Obradovi\u0107&#8221; u Rasavcima &#8211; VIDEO"},"content":{"rendered":"<p><a href=\"https:\/\/www.prijedordanas.com\/wp-content\/uploads\/2021\/09\/kozarski-prvacici-rasavci.jpg\"><img loading=\"lazy\" decoding=\"async\" src=\"https:\/\/www.prijedordanas.com\/wp-content\/uploads\/2021\/09\/kozarski-prvacici-rasavci-300x222.jpg\" alt=\"\" width=\"300\" height=\"222\" class=\"alignleft size-medium wp-image-173091\" srcset=\"https:\/\/www.prijedordanas.com\/wp-content\/uploads\/2021\/09\/kozarski-prvacici-rasavci-300x222.jpg 300w, https:\/\/www.prijedordanas.com\/wp-content\/uploads\/2021\/09\/kozarski-prvacici-rasavci.jpg 675w\" sizes=\"(max-width: 300px) 100vw, 300px\" \/><\/a>U podru\u010dno\u043c odjeljenju Osnovne \u0161kole ,,Dositej Obradovi\u0107 \u201d u Rasavcima danas je sve\u010dano obilje\u017een po\u010detak nove \u0161kolske godine. Posebna dobrodo\u0161lica uprili\u010dena je za prva\u010di\u0107e.<\/p>\n<p>Sre\u0107u i uzbu\u0111enje \u0161to su danas prvi put sjeli u \u0161kolske klupe nisu krili Jovana i Njego\u0161. Svakodnevno dru\u017eenje, u\u010denje novih stvari ali i po\u0161tovanje svih \u0161kolskih obaveza za njih \u0107e biti veliki izazov u narednom periodu.<\/p>\n<p>U ovo podru\u010dno odjeljenje ove \u0161kolske godine upisana su \u010detiri u\u010denika prvog razreda \u0161to je za devet manje u odnosu na pro\u0161lu godinu. \u0160kola ukupno broji 43 u\u010denika raspore\u0111ena u \u010detiri odjeljenja. Svi oni danas, zajedno sa roditeljima i radnicima \u0161kole bili su upoznati sa propisanim epidemilo\u0161kim mjerama. Sve u cilju za\u0161tite zdravlja i sigurnog odvijanja nastave.<\/p>\n<p>Prva\u010di\u0107ima je sre\u0107an polazak u \u0161kolu po\u017eeljela Monja Kasalovi\u0107, vr\u0161ilac du\u017enosti na\u010delnika Odjeljenja za dru\u0161tvene djelatnosti. Kao mali znak pa\u017enje danas im je uru\u010dila i poklone.<\/p>\n<p>\u0160kolsku 2021\/22 u osnovnim \u0161kolama na podru\u010dju Prijedora poha\u0111a 5. 300 u\u010denika.<\/p>\n<p>kozarski.com<\/p>\n<p><iframe loading=\"lazy\" title=\"DOBRODO\u0160LICA ZA PRVA\u010cI\u0106E U O\u0160 ,,DOSITEJ OBRADOVI\u0106&#039;&#039; U RASAVCIMA\" width=\"500\" height=\"281\" src=\"https:\/\/www.youtube.com\/embed\/oRBcFcm0klo?feature=oembed\" frameborder=\"0\" allow=\"accelerometer; autoplay; clipboard-write; encrypted-media; gyroscope; picture-in-picture\" allowfullscreen><\/iframe><\/p>\n","protected":false},"excerpt":{"rendered":"<p>U podru\u010dno\u043c odjeljenju Osnovne \u0161kole ,,Dositej Obradovi\u0107 \u201d u Rasavcima danas je sve\u010dano obilje\u017een po\u010detak nove \u0161kolske godine. Posebna dobrodo\u0161lica uprili\u010dena je za prva\u010di\u0107e. Sre\u0107u i uzbu\u0111enje \u0161to su danas [&hellip;]<\/p>\n","protected":false},"author":1,"featured_media":0,"comment_status":"closed","ping_status":"open","sticky":false,"template":"","format":"standard","meta":{"_monsterinsights_skip_tracking":false,"_monsterinsights_sitenote_active":false,"_monsterinsights_sitenote_note":"","_monsterinsights_sitenote_category":0,"footnotes":""},"categories":[7518],"tags":[],"yoast_head":"<!-- This site is optimized with the Yoast SEO plugin v21.6 - https:\/\/yoast.com\/wordpress\/plugins\/seo\/ -->\n<title>Dobrodo\u0161lica za prva\u010di\u0107e u O\u0160 &quot;Dositej Obradovi\u0107&quot; u Rasavcima - VIDEO - PrijedorDanas.com - Prijedorski gradski portal<\/title>\n<meta name=\"robots\" content=\"index, follow, max-snippet:-1, max-image-preview:large, max-video-preview:-1\" \/>\n<link rel=\"canonical\" href=\"https:\/\/www.prijedordanas.com\/?p=173090\" \/>\n<meta property=\"og:locale\" content=\"en_US\" \/>\n<meta property=\"og:type\" content=\"article\" \/>\n<meta property=\"og:title\" content=\"Dobrodo\u0161lica za prva\u010di\u0107e u O\u0160 &quot;Dositej Obradovi\u0107&quot; u Rasavcima - VIDEO - PrijedorDanas.com - Prijedorski gradski portal\" \/>\n<meta property=\"og:description\" content=\"U podru\u010dno\u043c odjeljenju Osnovne \u0161kole ,,Dositej Obradovi\u0107 \u201d u Rasavcima danas je sve\u010dano obilje\u017een po\u010detak nove \u0161kolske godine. Posebna dobrodo\u0161lica uprili\u010dena je za prva\u010di\u0107e. Sre\u0107u i uzbu\u0111enje \u0161to su danas [&hellip;]\" \/>\n<meta property=\"og:url\" content=\"https:\/\/www.prijedordanas.com\/?p=173090\" \/>\n<meta property=\"og:site_name\" content=\"PrijedorDanas.com - Prijedorski gradski portal\" \/>\n<meta property=\"article:publisher\" content=\"https:\/\/www.facebook.com\/PrijedorDanasCom\/\" \/>\n<meta property=\"article:published_time\" content=\"2021-09-01T21:20:22+00:00\" \/>\n<meta property=\"og:image\" content=\"https:\/\/www.prijedordanas.com\/wp-content\/uploads\/2021\/09\/kozarski-prvacici-rasavci-300x222.jpg\" \/>\n<meta name=\"author\" content=\"admin\" \/>\n<meta name=\"twitter:card\" content=\"summary_large_image\" \/>\n<meta name=\"twitter:label1\" content=\"Written by\" \/>\n\t<meta name=\"twitter:data1\" content=\"admin\" \/>\n\t<meta name=\"twitter:label2\" content=\"Est. reading time\" \/>\n\t<meta name=\"twitter:data2\" content=\"1 minute\" \/>\n<script type=\"application\/ld+json\" class=\"yoast-schema-graph\">{\"@context\":\"https:\/\/schema.org\",\"@graph\":[{\"@type\":\"Article\",\"@id\":\"https:\/\/www.prijedordanas.com\/?p=173090#article\",\"isPartOf\":{\"@id\":\"https:\/\/www.prijedordanas.com\/?p=173090\"},\"author\":{\"name\":\"admin\",\"@id\":\"https:\/\/www.prijedordanas.com\/#\/schema\/person\/4e08ccf29b506ca916ff86d46bb700e6\"},\"headline\":\"Dobrodo\u0161lica za prva\u010di\u0107e u O\u0160 &#8220;Dositej Obradovi\u0107&#8221; u Rasavcima &#8211; VIDEO\",\"datePublished\":\"2021-09-01T21:20:22+00:00\",\"dateModified\":\"2021-09-01T21:20:22+00:00\",\"mainEntityOfPage\":{\"@id\":\"https:\/\/www.prijedordanas.com\/?p=173090\"},\"wordCount\":208,\"publisher\":{\"@id\":\"https:\/\/www.prijedordanas.com\/#organization\"},\"articleSection\":[\"Mladi\"],\"inLanguage\":\"en-US\"},{\"@type\":\"WebPage\",\"@id\":\"https:\/\/www.prijedordanas.com\/?p=173090\",\"url\":\"https:\/\/www.prijedordanas.com\/?p=173090\",\"name\":\"Dobrodo\u0161lica za prva\u010di\u0107e u O\u0160 \\\"Dositej Obradovi\u0107\\\" u Rasavcima - VIDEO - PrijedorDanas.com - Prijedorski gradski portal\",\"isPartOf\":{\"@id\":\"https:\/\/www.prijedordanas.com\/#website\"},\"datePublished\":\"2021-09-01T21:20:22+00:00\",\"dateModified\":\"2021-09-01T21:20:22+00:00\",\"breadcrumb\":{\"@id\":\"https:\/\/www.prijedordanas.com\/?p=173090#breadcrumb\"},\"inLanguage\":\"en-US\",\"potentialAction\":[{\"@type\":\"ReadAction\",\"target\":[\"https:\/\/www.prijedordanas.com\/?p=173090\"]}]},{\"@type\":\"BreadcrumbList\",\"@id\":\"https:\/\/www.prijedordanas.com\/?p=173090#breadcrumb\",\"itemListElement\":[{\"@type\":\"ListItem\",\"position\":1,\"name\":\"Home\",\"item\":\"https:\/\/www.prijedordanas.com\/\"},{\"@type\":\"ListItem\",\"position\":2,\"name\":\"Dobrodo\u0161lica za prva\u010di\u0107e u O\u0160 &#8220;Dositej Obradovi\u0107&#8221; u Rasavcima &#8211; VIDEO\"}]},{\"@type\":\"WebSite\",\"@id\":\"https:\/\/www.prijedordanas.com\/#website\",\"url\":\"https:\/\/www.prijedordanas.com\/\",\"name\":\"PrijedorDanas.com - Prijedorski gradski portal\",\"description\":\"Portal o doga\u0111anjima u gradu Prijedoru\",\"publisher\":{\"@id\":\"https:\/\/www.prijedordanas.com\/#organization\"},\"potentialAction\":[{\"@type\":\"SearchAction\",\"target\":{\"@type\":\"EntryPoint\",\"urlTemplate\":\"https:\/\/www.prijedordanas.com\/?s={search_term_string}\"},\"query-input\":\"required name=search_term_string\"}],\"inLanguage\":\"en-US\"},{\"@type\":\"Organization\",\"@id\":\"https:\/\/www.prijedordanas.com\/#organization\",\"name\":\"PrijedorDanas.com\",\"url\":\"https:\/\/www.prijedordanas.com\/\",\"logo\":{\"@type\":\"ImageObject\",\"inLanguage\":\"en-US\",\"@id\":\"https:\/\/www.prijedordanas.com\/#\/schema\/logo\/image\/\",\"url\":\"http:\/\/www.prijedordanas.com\/wp-content\/uploads\/2021\/12\/logopng.png\",\"contentUrl\":\"http:\/\/www.prijedordanas.com\/wp-content\/uploads\/2021\/12\/logopng.png\",\"width\":1019,\"height\":776,\"caption\":\"PrijedorDanas.com\"},\"image\":{\"@id\":\"https:\/\/www.prijedordanas.com\/#\/schema\/logo\/image\/\"},\"sameAs\":[\"https:\/\/www.facebook.com\/PrijedorDanasCom\/\"]},{\"@type\":\"Person\",\"@id\":\"https:\/\/www.prijedordanas.com\/#\/schema\/person\/4e08ccf29b506ca916ff86d46bb700e6\",\"name\":\"admin\",\"image\":{\"@type\":\"ImageObject\",\"inLanguage\":\"en-US\",\"@id\":\"https:\/\/www.prijedordanas.com\/#\/schema\/person\/image\/\",\"url\":\"https:\/\/secure.gravatar.com\/avatar\/1d3fc949d550f0b53a5f0d51e06dfd79?s=96&d=mm&r=g\",\"contentUrl\":\"https:\/\/secure.gravatar.com\/avatar\/1d3fc949d550f0b53a5f0d51e06dfd79?s=96&d=mm&r=g\",\"caption\":\"admin\"},\"url\":\"https:\/\/www.prijedordanas.com\/?author=1\"}]}<\/script>\n<!-- \/ Yoast SEO plugin. -->","yoast_head_json":{"title":"Dobrodo\u0161lica za prva\u010di\u0107e u O\u0160 \"Dositej Obradovi\u0107\" u Rasavcima - VIDEO - PrijedorDanas.com - Prijedorski gradski portal","robots":{"index":"index","follow":"follow","max-snippet":"max-snippet:-1","max-image-preview":"max-image-preview:large","max-video-preview":"max-video-preview:-1"},"canonical":"https:\/\/www.prijedordanas.com\/?p=173090","og_locale":"en_US","og_type":"article","og_title":"Dobrodo\u0161lica za prva\u010di\u0107e u O\u0160 \"Dositej Obradovi\u0107\" u Rasavcima - VIDEO - PrijedorDanas.com - Prijedorski gradski portal","og_description":"U podru\u010dno\u043c odjeljenju Osnovne \u0161kole ,,Dositej Obradovi\u0107 \u201d u Rasavcima danas je sve\u010dano obilje\u017een po\u010detak nove \u0161kolske godine. Posebna dobrodo\u0161lica uprili\u010dena je za prva\u010di\u0107e. Sre\u0107u i uzbu\u0111enje \u0161to su danas [&hellip;]","og_url":"https:\/\/www.prijedordanas.com\/?p=173090","og_site_name":"PrijedorDanas.com - Prijedorski gradski portal","article_publisher":"https:\/\/www.facebook.com\/PrijedorDanasCom\/","article_published_time":"2021-09-01T21:20:22+00:00","og_image":[{"url":"https:\/\/www.prijedordanas.com\/wp-content\/uploads\/2021\/09\/kozarski-prvacici-rasavci-300x222.jpg"}],"author":"admin","twitter_card":"summary_large_image","twitter_misc":{"Written by":"admin","Est. reading time":"1 minute"},"schema":{"@context":"https:\/\/schema.org","@graph":[{"@type":"Article","@id":"https:\/\/www.prijedordanas.com\/?p=173090#article","isPartOf":{"@id":"https:\/\/www.prijedordanas.com\/?p=173090"},"author":{"name":"admin","@id":"https:\/\/www.prijedordanas.com\/#\/schema\/person\/4e08ccf29b506ca916ff86d46bb700e6"},"headline":"Dobrodo\u0161lica za prva\u010di\u0107e u O\u0160 &#8220;Dositej Obradovi\u0107&#8221; u Rasavcima &#8211; VIDEO","datePublished":"2021-09-01T21:20:22+00:00","dateModified":"2021-09-01T21:20:22+00:00","mainEntityOfPage":{"@id":"https:\/\/www.prijedordanas.com\/?p=173090"},"wordCount":208,"publisher":{"@id":"https:\/\/www.prijedordanas.com\/#organization"},"articleSection":["Mladi"],"inLanguage":"en-US"},{"@type":"WebPage","@id":"https:\/\/www.prijedordanas.com\/?p=173090","url":"https:\/\/www.prijedordanas.com\/?p=173090","name":"Dobrodo\u0161lica za prva\u010di\u0107e u O\u0160 \"Dositej Obradovi\u0107\" u Rasavcima - VIDEO - PrijedorDanas.com - Prijedorski gradski portal","isPartOf":{"@id":"https:\/\/www.prijedordanas.com\/#website"},"datePublished":"2021-09-01T21:20:22+00:00","dateModified":"2021-09-01T21:20:22+00:00","breadcrumb":{"@id":"https:\/\/www.prijedordanas.com\/?p=173090#breadcrumb"},"inLanguage":"en-US","potentialAction":[{"@type":"ReadAction","target":["https:\/\/www.prijedordanas.com\/?p=173090"]}]},{"@type":"BreadcrumbList","@id":"https:\/\/www.prijedordanas.com\/?p=173090#breadcrumb","itemListElement":[{"@type":"ListItem","position":1,"name":"Home","item":"https:\/\/www.prijedordanas.com\/"},{"@type":"ListItem","position":2,"name":"Dobrodo\u0161lica za prva\u010di\u0107e u O\u0160 &#8220;Dositej Obradovi\u0107&#8221; u Rasavcima &#8211; VIDEO"}]},{"@type":"WebSite","@id":"https:\/\/www.prijedordanas.com\/#website","url":"https:\/\/www.prijedordanas.com\/","name":"PrijedorDanas.com - Prijedorski gradski portal","description":"Portal o doga\u0111anjima u gradu Prijedoru","publisher":{"@id":"https:\/\/www.prijedordanas.com\/#organization"},"potentialAction":[{"@type":"SearchAction","target":{"@type":"EntryPoint","urlTemplate":"https:\/\/www.prijedordanas.com\/?s={search_term_string}"},"query-input":"required name=search_term_string"}],"inLanguage":"en-US"},{"@type":"Organization","@id":"https:\/\/www.prijedordanas.com\/#organization","name":"PrijedorDanas.com","url":"https:\/\/www.prijedordanas.com\/","logo":{"@type":"ImageObject","inLanguage":"en-US","@id":"https:\/\/www.prijedordanas.com\/#\/schema\/logo\/image\/","url":"http:\/\/www.prijedordanas.com\/wp-content\/uploads\/2021\/12\/logopng.png","contentUrl":"http:\/\/www.prijedordanas.com\/wp-content\/uploads\/2021\/12\/logopng.png","width":1019,"height":776,"caption":"PrijedorDanas.com"},"image":{"@id":"https:\/\/www.prijedordanas.com\/#\/schema\/logo\/image\/"},"sameAs":["https:\/\/www.facebook.com\/PrijedorDanasCom\/"]},{"@type":"Person","@id":"https:\/\/www.prijedordanas.com\/#\/schema\/person\/4e08ccf29b506ca916ff86d46bb700e6","name":"admin","image":{"@type":"ImageObject","inLanguage":"en-US","@id":"https:\/\/www.prijedordanas.com\/#\/schema\/person\/image\/","url":"https:\/\/secure.gravatar.com\/avatar\/1d3fc949d550f0b53a5f0d51e06dfd79?s=96&d=mm&r=g","contentUrl":"https:\/\/secure.gravatar.com\/avatar\/1d3fc949d550f0b53a5f0d51e06dfd79?s=96&d=mm&r=g","caption":"admin"},"url":"https:\/\/www.prijedordanas.com\/?author=1"}]}},"_links":{"self":[{"href":"https:\/\/www.prijedordanas.com\/index.php?rest_route=\/wp\/v2\/posts\/173090"}],"collection":[{"href":"https:\/\/www.prijedordanas.com\/index.php?rest_route=\/wp\/v2\/posts"}],"about":[{"href":"https:\/\/www.prijedordanas.com\/index.php?rest_route=\/wp\/v2\/types\/post"}],"author":[{"embeddable":true,"href":"https:\/\/www.prijedordanas.com\/index.php?rest_route=\/wp\/v2\/users\/1"}],"replies":[{"embeddable":true,"href":"https:\/\/www.prijedordanas.com\/index.php?rest_route=%2Fwp%2Fv2%2Fcomments&post=173090"}],"version-history":[{"count":1,"href":"https:\/\/www.prijedordanas.com\/index.php?rest_route=\/wp\/v2\/posts\/173090\/revisions"}],"predecessor-version":[{"id":173092,"href":"https:\/\/www.prijedordanas.com\/index.php?rest_route=\/wp\/v2\/posts\/173090\/revisions\/173092"}],"wp:attachment":[{"href":"https:\/\/www.prijedordanas.com\/index.php?rest_route=%2Fwp%2Fv2%2Fmedia&parent=173090"}],"wp:term":[{"taxonomy":"category","embeddable":true,"href":"https:\/\/www.prijedordanas.com\/index.php?rest_route=%2Fwp%2Fv2%2Fcategories&post=173090"},{"taxonomy":"post_tag","embeddable":true,"href":"https:\/\/www.prijedordanas.com\/index.php?rest_route=%2Fwp%2Fv2%2Ftags&post=173090"}],"curies":[{"name":"wp","href":"https:\/\/api.w.org\/{rel}","templated":true}]}}