{"id":172905,"date":"2021-08-29T20:52:38","date_gmt":"2021-08-29T18:52:38","guid":{"rendered":"https:\/\/www.prijedordanas.com\/?p=172905"},"modified":"2021-08-29T20:52:38","modified_gmt":"2021-08-29T18:52:38","slug":"zavrsen-16-blanik-kup-foto","status":"publish","type":"post","link":"https:\/\/www.prijedordanas.com\/?p=172905","title":{"rendered":"Zavr\u0161en 16. &#8220;Blanik kup&#8221; &#8211; FOTO"},"content":{"rendered":"<p><a href=\"https:\/\/www.prijedordanas.com\/wp-content\/uploads\/2021\/08\/prijedorgradorg-blanik-kup-2021-pobjednici-1.jpg\"><img loading=\"lazy\" decoding=\"async\" class=\"alignleft size-medium wp-image-172906\" src=\"https:\/\/www.prijedordanas.com\/wp-content\/uploads\/2021\/08\/prijedorgradorg-blanik-kup-2021-pobjednici-1-300x225.jpg\" alt=\"\" width=\"300\" height=\"225\" srcset=\"https:\/\/www.prijedordanas.com\/wp-content\/uploads\/2021\/08\/prijedorgradorg-blanik-kup-2021-pobjednici-1-300x225.jpg 300w, https:\/\/www.prijedordanas.com\/wp-content\/uploads\/2021\/08\/prijedorgradorg-blanik-kup-2021-pobjednici-1-640x480.jpg 640w, https:\/\/www.prijedordanas.com\/wp-content\/uploads\/2021\/08\/prijedorgradorg-blanik-kup-2021-pobjednici-1.jpg 667w\" sizes=\"(max-width: 300px) 100vw, 300px\" \/><\/a>Jure Kav\u0161ek iz Aero-kluba &#8220;Jurika Bovec&#8221; pobjednik je ovogodi\u0161njeg &#8220;Blanik kupa&#8221; &#8211; takmi\u010denja pilota jedrilica u preciznom slijetanju koji je u subotu odr\u017eano na Aerodromu Urije u Prijedoru.<\/p>\n<p>Kav\u0161ek je bio prvi u pojedina\u010dnom plasmanu otvorene konkurencije, dok su pobjednici u konkurenciji Republike Srpske LJubi\u0161a Aramanda iz AK &#8220;Prijedor&#8221;, a u konkurenciji BiH \u010dlan AK &#8220;Biha\u0107&#8221; Ibrahim Topi\u0107.<\/p>\n<p>Pobjednici u ekipnoj konkurenciji na otvorenom prvenstvu su \u010dlanovi kombinovane ekipe Slovenije i Crne Gore pod nazivom &#8220;Evropa&#8221;, na prvenstvu Republike Srpske \u010dlanovi AK &#8220;Prijedor jedan&#8221;, a na prvenstvu BiH ekipa AK &#8220;Biha\u0107 jedan&#8221;.<\/p>\n<p>U ime organizatora Aero-kluba &#8220;Prijedor&#8221; LJubi\u0161a Aramanda, koji je bio i direktor Kupa, rekao je novinarima da je u ovom takmi\u010denju u preciznom slijetanju jedrilicom na aerodromu &#8220;Urije&#8221; danas u\u010destvovalo 40 pilota, \u010dlanova 12 ekipa iz aero-klubova iz regiona.<\/p>\n<p><a href=\"https:\/\/www.prijedordanas.com\/wp-content\/uploads\/2021\/08\/prijedorgradorg-blanik-kup-2021-pobjednici-2.jpg\"><img loading=\"lazy\" decoding=\"async\" class=\"alignleft size-medium wp-image-172907\" src=\"https:\/\/www.prijedordanas.com\/wp-content\/uploads\/2021\/08\/prijedorgradorg-blanik-kup-2021-pobjednici-2-300x225.jpg\" alt=\"\" width=\"300\" height=\"225\" srcset=\"https:\/\/www.prijedordanas.com\/wp-content\/uploads\/2021\/08\/prijedorgradorg-blanik-kup-2021-pobjednici-2-300x225.jpg 300w, https:\/\/www.prijedordanas.com\/wp-content\/uploads\/2021\/08\/prijedorgradorg-blanik-kup-2021-pobjednici-2.jpg 600w\" sizes=\"(max-width: 300px) 100vw, 300px\" \/><\/a>&#8220;Sve je proteklo u najboljem redu, a bezbjednost takmi\u010dara bila je maksimalna, uprkos veoma lo\u0161im vremenskim uslovima. Najbolji su pobijedili, ali kad se takmi\u010denje zavr\u0161ilo tamo na pisti ja sam rekao da su svi pobijedili i da su svi junaci&#8221;, rekao je Aramanda.<\/p>\n<p>Sve\u010danosti uru\u010divanja nagrada prisustvovala je i ministar trgovine i turizma Republike Srpske Suzana Ga\u0161i\u0107, koja je novinarima izjavila da je bilo lijepo vidjeti sa koliko su snage i volje, uprkos dana\u0161njem lo\u0161em vremenu, piloti do\u0161li u Prijedor da budu dio ovog tradicionalnog takmi\u010denja, da se takmi\u010de i dru\u017ee.<\/p>\n<p>&#8220;Ovo nije mala stvar jer je ovo bio 16. `Blanik kup` i zaista je bilo zadovoljstvo biti ovdje ve\u010deras i vidjeti ljude koji su puni volje i \u017eelje da i dalje odr\u017ee ovaj sport&#8221;, rekla je Ga\u0161i\u0107eva.<\/p>\n<p><a href=\"https:\/\/www.prijedordanas.com\/wp-content\/uploads\/2021\/08\/prijedorgradorg-blanik-kup-2021-pobjednici-4.jpg\"><img loading=\"lazy\" decoding=\"async\" class=\"alignleft size-medium wp-image-172908\" src=\"https:\/\/www.prijedordanas.com\/wp-content\/uploads\/2021\/08\/prijedorgradorg-blanik-kup-2021-pobjednici-4-300x225.jpg\" alt=\"\" width=\"300\" height=\"225\" srcset=\"https:\/\/www.prijedordanas.com\/wp-content\/uploads\/2021\/08\/prijedorgradorg-blanik-kup-2021-pobjednici-4-300x225.jpg 300w, https:\/\/www.prijedordanas.com\/wp-content\/uploads\/2021\/08\/prijedorgradorg-blanik-kup-2021-pobjednici-4.jpg 600w\" sizes=\"(max-width: 300px) 100vw, 300px\" \/><\/a>Gradona\u010delnik Prijedora Dalibor Pavlovi\u0107 je, zatvaraju\u0107i ovo takmi\u010denje, istakao da je ovaj 16. &#8220;Blanik kup&#8221; bio prilika da se ljudi takmi\u010de i da se dru\u017ee.<\/p>\n<p>&#8220;Danas su bili jako te\u0161ki uslovi za odr\u017eavanje takmi\u010denja, ali je pobijedila energija ovih ljudi i grad je podr\u017eao i ovo takmi\u010denje po kojem je prepoznatljiv&#8221;, rekao je Pavlovi\u0107.<\/p>\n<p>Rije\u010d je o takmi\u010denju pilota, jedinom takve vrste u BiH, u preciznom slijetanju na dvosjednoj vi\u0161enamjenski opremljenoj jedrilici &#8220;blanik L-23&#8221;, koja se koristi za obuku, trena\u017eu, te sportsko i akrobatsko letenje.<\/p>\n<p><a href=\"https:\/\/www.prijedordanas.com\/wp-content\/uploads\/2021\/08\/prijedorgradorg-blanik-kup-2021-pobjednici-3.jpg\"><img loading=\"lazy\" decoding=\"async\" src=\"https:\/\/www.prijedordanas.com\/wp-content\/uploads\/2021\/08\/prijedorgradorg-blanik-kup-2021-pobjednici-3-300x225.jpg\" alt=\"\" width=\"300\" height=\"225\" class=\"alignleft size-medium wp-image-172909\" srcset=\"https:\/\/www.prijedordanas.com\/wp-content\/uploads\/2021\/08\/prijedorgradorg-blanik-kup-2021-pobjednici-3-300x225.jpg 300w, https:\/\/www.prijedordanas.com\/wp-content\/uploads\/2021\/08\/prijedorgradorg-blanik-kup-2021-pobjednici-3.jpg 600w\" sizes=\"(max-width: 300px) 100vw, 300px\" \/><\/a>Cilj takmi\u010denja bio je da se jedrilicom sleti \u0161to bli\u017ee zami\u0161ljenoj liniji.<\/p>\n<p>Organizator 16. &#8220;Blanik kupa&#8221; bio je Aero-klub &#8220;Prijedor&#8221;, a pokrovitelji Ministarstvo porodice, omladine i sporta Republike Srpske i grad Prijedor.<\/p>\n<p><a href=\"http:\/\/prijedorgrad.org\/sr-EU\/vijesti-sadrzaj.html?vid=12726\" target=\"_blank\" rel=\"noopener\">prijedorgrad.org<\/a><\/p>\n","protected":false},"excerpt":{"rendered":"<p>Jure Kav\u0161ek iz Aero-kluba &#8220;Jurika Bovec&#8221; pobjednik je ovogodi\u0161njeg &#8220;Blanik kupa&#8221; &#8211; takmi\u010denja pilota jedrilica u preciznom slijetanju koji je u subotu odr\u017eano na Aerodromu Urije u Prijedoru. Kav\u0161ek je [&hellip;]<\/p>\n","protected":false},"author":1,"featured_media":0,"comment_status":"closed","ping_status":"open","sticky":false,"template":"","format":"standard","meta":{"_monsterinsights_skip_tracking":false,"_monsterinsights_sitenote_active":false,"_monsterinsights_sitenote_note":"","_monsterinsights_sitenote_category":0,"footnotes":""},"categories":[7],"tags":[],"yoast_head":"<!-- This site is optimized with the Yoast SEO plugin v21.6 - https:\/\/yoast.com\/wordpress\/plugins\/seo\/ -->\n<title>Zavr\u0161en 16. &quot;Blanik kup&quot; - FOTO - PrijedorDanas.com - Prijedorski gradski portal<\/title>\n<meta name=\"robots\" content=\"index, follow, max-snippet:-1, max-image-preview:large, max-video-preview:-1\" \/>\n<link rel=\"canonical\" href=\"https:\/\/www.prijedordanas.com\/?p=172905\" \/>\n<meta property=\"og:locale\" content=\"en_US\" \/>\n<meta property=\"og:type\" content=\"article\" \/>\n<meta property=\"og:title\" content=\"Zavr\u0161en 16. &quot;Blanik kup&quot; - FOTO - PrijedorDanas.com - Prijedorski gradski portal\" \/>\n<meta property=\"og:description\" content=\"Jure Kav\u0161ek iz Aero-kluba &#8220;Jurika Bovec&#8221; pobjednik je ovogodi\u0161njeg &#8220;Blanik kupa&#8221; &#8211; takmi\u010denja pilota jedrilica u preciznom slijetanju koji je u subotu odr\u017eano na Aerodromu Urije u Prijedoru. Kav\u0161ek je [&hellip;]\" \/>\n<meta property=\"og:url\" content=\"https:\/\/www.prijedordanas.com\/?p=172905\" \/>\n<meta property=\"og:site_name\" content=\"PrijedorDanas.com - Prijedorski gradski portal\" \/>\n<meta property=\"article:publisher\" content=\"https:\/\/www.facebook.com\/PrijedorDanasCom\/\" \/>\n<meta property=\"article:published_time\" content=\"2021-08-29T18:52:38+00:00\" \/>\n<meta property=\"og:image\" content=\"https:\/\/www.prijedordanas.com\/wp-content\/uploads\/2021\/08\/prijedorgradorg-blanik-kup-2021-pobjednici-1-300x225.jpg\" \/>\n<meta name=\"author\" content=\"admin\" \/>\n<meta name=\"twitter:card\" content=\"summary_large_image\" \/>\n<meta name=\"twitter:label1\" content=\"Written by\" \/>\n\t<meta name=\"twitter:data1\" content=\"admin\" \/>\n\t<meta name=\"twitter:label2\" content=\"Est. reading time\" \/>\n\t<meta name=\"twitter:data2\" content=\"3 minutes\" \/>\n<script type=\"application\/ld+json\" class=\"yoast-schema-graph\">{\"@context\":\"https:\/\/schema.org\",\"@graph\":[{\"@type\":\"Article\",\"@id\":\"https:\/\/www.prijedordanas.com\/?p=172905#article\",\"isPartOf\":{\"@id\":\"https:\/\/www.prijedordanas.com\/?p=172905\"},\"author\":{\"name\":\"admin\",\"@id\":\"https:\/\/www.prijedordanas.com\/#\/schema\/person\/4e08ccf29b506ca916ff86d46bb700e6\"},\"headline\":\"Zavr\u0161en 16. &#8220;Blanik kup&#8221; &#8211; FOTO\",\"datePublished\":\"2021-08-29T18:52:38+00:00\",\"dateModified\":\"2021-08-29T18:52:38+00:00\",\"mainEntityOfPage\":{\"@id\":\"https:\/\/www.prijedordanas.com\/?p=172905\"},\"wordCount\":422,\"publisher\":{\"@id\":\"https:\/\/www.prijedordanas.com\/#organization\"},\"articleSection\":[\"Sport\"],\"inLanguage\":\"en-US\"},{\"@type\":\"WebPage\",\"@id\":\"https:\/\/www.prijedordanas.com\/?p=172905\",\"url\":\"https:\/\/www.prijedordanas.com\/?p=172905\",\"name\":\"Zavr\u0161en 16. \\\"Blanik kup\\\" - FOTO - PrijedorDanas.com - Prijedorski gradski portal\",\"isPartOf\":{\"@id\":\"https:\/\/www.prijedordanas.com\/#website\"},\"datePublished\":\"2021-08-29T18:52:38+00:00\",\"dateModified\":\"2021-08-29T18:52:38+00:00\",\"breadcrumb\":{\"@id\":\"https:\/\/www.prijedordanas.com\/?p=172905#breadcrumb\"},\"inLanguage\":\"en-US\",\"potentialAction\":[{\"@type\":\"ReadAction\",\"target\":[\"https:\/\/www.prijedordanas.com\/?p=172905\"]}]},{\"@type\":\"BreadcrumbList\",\"@id\":\"https:\/\/www.prijedordanas.com\/?p=172905#breadcrumb\",\"itemListElement\":[{\"@type\":\"ListItem\",\"position\":1,\"name\":\"Home\",\"item\":\"https:\/\/www.prijedordanas.com\/\"},{\"@type\":\"ListItem\",\"position\":2,\"name\":\"Zavr\u0161en 16. &#8220;Blanik kup&#8221; &#8211; FOTO\"}]},{\"@type\":\"WebSite\",\"@id\":\"https:\/\/www.prijedordanas.com\/#website\",\"url\":\"https:\/\/www.prijedordanas.com\/\",\"name\":\"PrijedorDanas.com - Prijedorski gradski portal\",\"description\":\"Portal o doga\u0111anjima u gradu Prijedoru\",\"publisher\":{\"@id\":\"https:\/\/www.prijedordanas.com\/#organization\"},\"potentialAction\":[{\"@type\":\"SearchAction\",\"target\":{\"@type\":\"EntryPoint\",\"urlTemplate\":\"https:\/\/www.prijedordanas.com\/?s={search_term_string}\"},\"query-input\":\"required name=search_term_string\"}],\"inLanguage\":\"en-US\"},{\"@type\":\"Organization\",\"@id\":\"https:\/\/www.prijedordanas.com\/#organization\",\"name\":\"PrijedorDanas.com\",\"url\":\"https:\/\/www.prijedordanas.com\/\",\"logo\":{\"@type\":\"ImageObject\",\"inLanguage\":\"en-US\",\"@id\":\"https:\/\/www.prijedordanas.com\/#\/schema\/logo\/image\/\",\"url\":\"http:\/\/www.prijedordanas.com\/wp-content\/uploads\/2021\/12\/logopng.png\",\"contentUrl\":\"http:\/\/www.prijedordanas.com\/wp-content\/uploads\/2021\/12\/logopng.png\",\"width\":1019,\"height\":776,\"caption\":\"PrijedorDanas.com\"},\"image\":{\"@id\":\"https:\/\/www.prijedordanas.com\/#\/schema\/logo\/image\/\"},\"sameAs\":[\"https:\/\/www.facebook.com\/PrijedorDanasCom\/\"]},{\"@type\":\"Person\",\"@id\":\"https:\/\/www.prijedordanas.com\/#\/schema\/person\/4e08ccf29b506ca916ff86d46bb700e6\",\"name\":\"admin\",\"image\":{\"@type\":\"ImageObject\",\"inLanguage\":\"en-US\",\"@id\":\"https:\/\/www.prijedordanas.com\/#\/schema\/person\/image\/\",\"url\":\"https:\/\/secure.gravatar.com\/avatar\/1d3fc949d550f0b53a5f0d51e06dfd79?s=96&d=mm&r=g\",\"contentUrl\":\"https:\/\/secure.gravatar.com\/avatar\/1d3fc949d550f0b53a5f0d51e06dfd79?s=96&d=mm&r=g\",\"caption\":\"admin\"},\"url\":\"https:\/\/www.prijedordanas.com\/?author=1\"}]}<\/script>\n<!-- \/ Yoast SEO plugin. -->","yoast_head_json":{"title":"Zavr\u0161en 16. \"Blanik kup\" - FOTO - PrijedorDanas.com - Prijedorski gradski portal","robots":{"index":"index","follow":"follow","max-snippet":"max-snippet:-1","max-image-preview":"max-image-preview:large","max-video-preview":"max-video-preview:-1"},"canonical":"https:\/\/www.prijedordanas.com\/?p=172905","og_locale":"en_US","og_type":"article","og_title":"Zavr\u0161en 16. \"Blanik kup\" - FOTO - PrijedorDanas.com - Prijedorski gradski portal","og_description":"Jure Kav\u0161ek iz Aero-kluba &#8220;Jurika Bovec&#8221; pobjednik je ovogodi\u0161njeg &#8220;Blanik kupa&#8221; &#8211; takmi\u010denja pilota jedrilica u preciznom slijetanju koji je u subotu odr\u017eano na Aerodromu Urije u Prijedoru. Kav\u0161ek je [&hellip;]","og_url":"https:\/\/www.prijedordanas.com\/?p=172905","og_site_name":"PrijedorDanas.com - Prijedorski gradski portal","article_publisher":"https:\/\/www.facebook.com\/PrijedorDanasCom\/","article_published_time":"2021-08-29T18:52:38+00:00","og_image":[{"url":"https:\/\/www.prijedordanas.com\/wp-content\/uploads\/2021\/08\/prijedorgradorg-blanik-kup-2021-pobjednici-1-300x225.jpg"}],"author":"admin","twitter_card":"summary_large_image","twitter_misc":{"Written by":"admin","Est. reading time":"3 minutes"},"schema":{"@context":"https:\/\/schema.org","@graph":[{"@type":"Article","@id":"https:\/\/www.prijedordanas.com\/?p=172905#article","isPartOf":{"@id":"https:\/\/www.prijedordanas.com\/?p=172905"},"author":{"name":"admin","@id":"https:\/\/www.prijedordanas.com\/#\/schema\/person\/4e08ccf29b506ca916ff86d46bb700e6"},"headline":"Zavr\u0161en 16. &#8220;Blanik kup&#8221; &#8211; FOTO","datePublished":"2021-08-29T18:52:38+00:00","dateModified":"2021-08-29T18:52:38+00:00","mainEntityOfPage":{"@id":"https:\/\/www.prijedordanas.com\/?p=172905"},"wordCount":422,"publisher":{"@id":"https:\/\/www.prijedordanas.com\/#organization"},"articleSection":["Sport"],"inLanguage":"en-US"},{"@type":"WebPage","@id":"https:\/\/www.prijedordanas.com\/?p=172905","url":"https:\/\/www.prijedordanas.com\/?p=172905","name":"Zavr\u0161en 16. \"Blanik kup\" - FOTO - PrijedorDanas.com - Prijedorski gradski portal","isPartOf":{"@id":"https:\/\/www.prijedordanas.com\/#website"},"datePublished":"2021-08-29T18:52:38+00:00","dateModified":"2021-08-29T18:52:38+00:00","breadcrumb":{"@id":"https:\/\/www.prijedordanas.com\/?p=172905#breadcrumb"},"inLanguage":"en-US","potentialAction":[{"@type":"ReadAction","target":["https:\/\/www.prijedordanas.com\/?p=172905"]}]},{"@type":"BreadcrumbList","@id":"https:\/\/www.prijedordanas.com\/?p=172905#breadcrumb","itemListElement":[{"@type":"ListItem","position":1,"name":"Home","item":"https:\/\/www.prijedordanas.com\/"},{"@type":"ListItem","position":2,"name":"Zavr\u0161en 16. &#8220;Blanik kup&#8221; &#8211; FOTO"}]},{"@type":"WebSite","@id":"https:\/\/www.prijedordanas.com\/#website","url":"https:\/\/www.prijedordanas.com\/","name":"PrijedorDanas.com - Prijedorski gradski portal","description":"Portal o doga\u0111anjima u gradu Prijedoru","publisher":{"@id":"https:\/\/www.prijedordanas.com\/#organization"},"potentialAction":[{"@type":"SearchAction","target":{"@type":"EntryPoint","urlTemplate":"https:\/\/www.prijedordanas.com\/?s={search_term_string}"},"query-input":"required name=search_term_string"}],"inLanguage":"en-US"},{"@type":"Organization","@id":"https:\/\/www.prijedordanas.com\/#organization","name":"PrijedorDanas.com","url":"https:\/\/www.prijedordanas.com\/","logo":{"@type":"ImageObject","inLanguage":"en-US","@id":"https:\/\/www.prijedordanas.com\/#\/schema\/logo\/image\/","url":"http:\/\/www.prijedordanas.com\/wp-content\/uploads\/2021\/12\/logopng.png","contentUrl":"http:\/\/www.prijedordanas.com\/wp-content\/uploads\/2021\/12\/logopng.png","width":1019,"height":776,"caption":"PrijedorDanas.com"},"image":{"@id":"https:\/\/www.prijedordanas.com\/#\/schema\/logo\/image\/"},"sameAs":["https:\/\/www.facebook.com\/PrijedorDanasCom\/"]},{"@type":"Person","@id":"https:\/\/www.prijedordanas.com\/#\/schema\/person\/4e08ccf29b506ca916ff86d46bb700e6","name":"admin","image":{"@type":"ImageObject","inLanguage":"en-US","@id":"https:\/\/www.prijedordanas.com\/#\/schema\/person\/image\/","url":"https:\/\/secure.gravatar.com\/avatar\/1d3fc949d550f0b53a5f0d51e06dfd79?s=96&d=mm&r=g","contentUrl":"https:\/\/secure.gravatar.com\/avatar\/1d3fc949d550f0b53a5f0d51e06dfd79?s=96&d=mm&r=g","caption":"admin"},"url":"https:\/\/www.prijedordanas.com\/?author=1"}]}},"_links":{"self":[{"href":"https:\/\/www.prijedordanas.com\/index.php?rest_route=\/wp\/v2\/posts\/172905"}],"collection":[{"href":"https:\/\/www.prijedordanas.com\/index.php?rest_route=\/wp\/v2\/posts"}],"about":[{"href":"https:\/\/www.prijedordanas.com\/index.php?rest_route=\/wp\/v2\/types\/post"}],"author":[{"embeddable":true,"href":"https:\/\/www.prijedordanas.com\/index.php?rest_route=\/wp\/v2\/users\/1"}],"replies":[{"embeddable":true,"href":"https:\/\/www.prijedordanas.com\/index.php?rest_route=%2Fwp%2Fv2%2Fcomments&post=172905"}],"version-history":[{"count":1,"href":"https:\/\/www.prijedordanas.com\/index.php?rest_route=\/wp\/v2\/posts\/172905\/revisions"}],"predecessor-version":[{"id":172910,"href":"https:\/\/www.prijedordanas.com\/index.php?rest_route=\/wp\/v2\/posts\/172905\/revisions\/172910"}],"wp:attachment":[{"href":"https:\/\/www.prijedordanas.com\/index.php?rest_route=%2Fwp%2Fv2%2Fmedia&parent=172905"}],"wp:term":[{"taxonomy":"category","embeddable":true,"href":"https:\/\/www.prijedordanas.com\/index.php?rest_route=%2Fwp%2Fv2%2Fcategories&post=172905"},{"taxonomy":"post_tag","embeddable":true,"href":"https:\/\/www.prijedordanas.com\/index.php?rest_route=%2Fwp%2Fv2%2Ftags&post=172905"}],"curies":[{"name":"wp","href":"https:\/\/api.w.org\/{rel}","templated":true}]}}