{"id":172542,"date":"2021-08-21T10:48:47","date_gmt":"2021-08-21T08:48:47","guid":{"rendered":"https:\/\/www.prijedordanas.com\/?p=172542"},"modified":"2021-08-21T10:48:47","modified_gmt":"2021-08-21T08:48:47","slug":"multisektorski-tim-prijedor-u-16-slucajeva-nasilja-22-djece-indirektne-zrtve","status":"publish","type":"post","link":"https:\/\/www.prijedordanas.com\/?p=172542","title":{"rendered":"Multisektorski tim Prijedor: U 16 slu\u010dajeva nasilja 22 djece indirektne \u017ertve"},"content":{"rendered":"<p><a href=\"https:\/\/www.prijedordanas.com\/wp-content\/uploads\/2021\/08\/multisektorski-tim-prijedor-avgust-2021-1.jpg\"><img loading=\"lazy\" decoding=\"async\" class=\"alignleft size-medium wp-image-172543\" src=\"https:\/\/www.prijedordanas.com\/wp-content\/uploads\/2021\/08\/multisektorski-tim-prijedor-avgust-2021-1-300x222.jpg\" alt=\"\" width=\"300\" height=\"222\" srcset=\"https:\/\/www.prijedordanas.com\/wp-content\/uploads\/2021\/08\/multisektorski-tim-prijedor-avgust-2021-1-300x222.jpg 300w, https:\/\/www.prijedordanas.com\/wp-content\/uploads\/2021\/08\/multisektorski-tim-prijedor-avgust-2021-1.jpg 675w\" sizes=\"(max-width: 300px) 100vw, 300px\" \/><\/a>Centar za socijalni rad Prijedor u julu je zabilje\u017eio 16 slu\u010dajeva porodi\u010dnog nasilja, a Multisektorski tim za prevenciju i borbu protiv porodi\u010dnog i rodno zasnovanog nasilja grada Prijedora analizom ovih slu\u010dajeva konstatovao je da su se de\u0161avali u prisustvu ukupno 22 djece, gdje su u nekima djeca i prijavila nasilje policiji.<\/p>\n<p>Koordinator Doma zdravlja u ovom timu, psihijatar Goran Ra\u010detovi\u0107, naveo je da se radi o djeci koja svjedo\u010de nasilni\u010dkom pona\u0161anju jednog od roditelja, naj\u010de\u0161\u0107e oca prema majci, te da su djeca na taj na\u010din indirektne \u017ertve, koje mogu u\u010diti i usvajati obrazac nasilnog pona\u0161anja kao normalnost, naro\u010dito ako su dugo i \u010desto izlo\u017eena nasilju ili mu prisustvuju.<\/p>\n<p>&#8220;Djeca koja se izla\u017eu \u010dinu nasilja, usvajaju\u0107i vi\u0111ene modele pona\u0161anja odraslih &#8211; u ovom slu\u010daju roditelja &#8211; mogu imati problem u budu\u0107nosti, bilo da postaju po\u010dinioci ili \u017ertve nasilja, sa znatno ve\u0107im rizicima za razvijanje razli\u010ditih smetnji u mentalnom zdravlju i psihijatrijskih poreme\u0107aja ili oboljenja u odnosu na one koji nemaju takvo iskustvo odrastanja&#8221;, rekao je Ra\u010detovi\u0107 Srni.<\/p>\n<p><a href=\"https:\/\/www.prijedordanas.com\/wp-content\/uploads\/2021\/08\/multisektorski-tim-prijedor-avgust-2021-2.jpg\"><img loading=\"lazy\" decoding=\"async\" src=\"https:\/\/www.prijedordanas.com\/wp-content\/uploads\/2021\/08\/multisektorski-tim-prijedor-avgust-2021-2-300x135.jpg\" alt=\"\" width=\"300\" height=\"135\" class=\"alignleft size-medium wp-image-172544\" srcset=\"https:\/\/www.prijedordanas.com\/wp-content\/uploads\/2021\/08\/multisektorski-tim-prijedor-avgust-2021-2-300x135.jpg 300w, https:\/\/www.prijedordanas.com\/wp-content\/uploads\/2021\/08\/multisektorski-tim-prijedor-avgust-2021-2.jpg 600w\" sizes=\"(max-width: 300px) 100vw, 300px\" \/><\/a>Koncept transgeneracijskog preno\u0161enja nasilja, gledaju\u0107i ranija i istra\u017eivanja novijeg datuma, nije ni\u0161ta manje zastupljen i prisutan u aktuelnom vremenu u kome \u017eivimo odnosno najve\u0107i broj po\u010dinilaca nasilja poti\u010de iz porodica u kojima su bili izlo\u017eeni nasilju bilo kao direktne ili indirektne \u017ertve.<\/p>\n<p>&#8220;Dje\u010daci tako mogu da usvoje model nasilnog oca, jer su majke naj\u010de\u0161\u0107e \u017ertve nasilja, i u\u010de se modelu da je to prihvatljivo jer nema opiranja, reakcije niti osude, ne razumijevaju\u0107i u tom \u017eivotnom dobu veoma kompleksan to\u010dak nasilja koji majci onemogu\u0107ava da se odupre ili na drugi na\u010din reaguje na ono \u0161to pro\u017eivljava, dok djevoj\u010dice gotovo uvijek te\u017ee partnerstvu u kojem ne\u0107e biti izlo\u017eene nasilju, ali se vrlo \u010desto de\u0161ava da upadaju u zamku po\u010dinioca i da to ne znaju na vrijeme prepoznati&#8221;, pojasnio je Ra\u010detovi\u0107.<\/p>\n<p>Prema njegovim rije\u010dima, djeca nasilje me\u0111u roditeljima nerijetko do\u017eivljavaju kao svoju krivicu, postaju povu\u010dena, mijenjaju pona\u0161anje i u toku daljeg sazrijevanja &#8211; i socijalnog i emocionalnog i seksualnog \u2013 razvijaju naro\u010dit odnos prema partneru koji mo\u017ee biti ili suzdr\u017ean ili agresivan.<\/p>\n<p>&#8220;Nerijetko se zaboravi da se i sa djecom koja svjedo\u010de nasilju mora \u0161to prije razgovarati, uz posve\u0107ivanje pune pa\u017enja i podr\u0161ke stru\u010dnjaka da im se na pravilan i uzrastu prilago\u0111en na\u010din pru\u017ee prave informacije, a naro\u010dito da ona nisu kriva za nasilje koje su gledala i da nasilni\u010dko pona\u0161anje ne treba da bude dozvoljeni pona\u0161anja bilo koga, u bilo kojim odnosima, bilo kada u \u017eivotu&#8221;, dodao je Ra\u010detovi\u0107.<\/p>\n<p>On je istakao da djeca \u0161to su mla\u0111eg uzrasta imaju ve\u0107i stepen razvijene otpornosti prema psiholo\u0161koj traumi, prevashodno zbog nedovoljno iskustvenih situacija.<\/p>\n<p>&#8220;U situacijama u kojima su djeca izlo\u017eena nasilju razvija se iskonski strah, ali traumatski sindromi kod djece do \u0161est godina jo\u0161 nemaju apsolutne dokaze u nau\u010dnim krugovima, iako se danas nerijetko susre\u0107emo sa razli\u010ditim tuma\u010denjima, pristupima u radu sa malom djecom, kada se radi o za\u0161titi njihovog mentalnog zdravlja, a nerijetko u vaninstitucionalnim uslovima, te tako nemamo konzistentnost u pra\u0107enju i vrednovanju tog rada, niti za sada objavljenih relevantnih istra\u017eivanja u na\u0161im uslovima&#8221;, naveo je Ra\u010detovi\u0107.<\/p>\n<p>Osim 16 slu\u010dajeva nasilja koje je zabilje\u017eio Centar za socijalni rad, dva su evidentirana i u prijedorskoj bolnici. Policijska uprava Prijedor u radu je imala 18 predmeta, a 13 izvje\u0161taja o po\u010dinjenim krivi\u010dnim djelima je proslijedila Okru\u017enom javnom tu\u017eila\u0161tvu Prijedor.<\/p>\n<p>Dom zdravlja Prijedor primio je prijave u devet slu\u010dajeva porodi\u010dnog nasilja, od kojih su u dva slu\u010daja prijave do\u0161le od oba supru\u017enika, te je jedan dio \u017ertava nastavio timski tretman u Centru za za\u0161titu mentalnog zdravlja uz pra\u0107enje tjelesnog zdravstvenog stanja preko Slu\u017ebe porodi\u010dne medicine Doma zdravlja Prijedor.<\/p>\n<p>Multisektorski tim za prevenciju i borbu protiv porodi\u010dnog i rodno zasnovanog nasilja, osim Centra za socijalni rad i Centra za za\u0161titu mentalnog zdravlja, \u010dine predstavnici policije, bolnice &#8220;Dr Mladen Stojanovi\u0107&#8221;, aktiva direktora osnovnih is srednjih \u0161kola, Centra &#8220;Sunce&#8221; i medijske zajednice, a tijelo se sastaje jednom mjese\u010dno i analizira sve slu\u010dajeve zabilje\u017eene u prethodnom mjesecu, te donosi smjernice za dalji rad.<\/p>\n<p>SRNA<\/p>\n","protected":false},"excerpt":{"rendered":"<p>Centar za socijalni rad Prijedor u julu je zabilje\u017eio 16 slu\u010dajeva porodi\u010dnog nasilja, a Multisektorski tim za prevenciju i borbu protiv porodi\u010dnog i rodno zasnovanog nasilja grada Prijedora analizom ovih [&hellip;]<\/p>\n","protected":false},"author":1,"featured_media":0,"comment_status":"closed","ping_status":"open","sticky":false,"template":"","format":"standard","meta":{"_monsterinsights_skip_tracking":false,"_monsterinsights_sitenote_active":false,"_monsterinsights_sitenote_note":"","_monsterinsights_sitenote_category":0,"footnotes":""},"categories":[4],"tags":[],"yoast_head":"<!-- This site is optimized with the Yoast SEO plugin v21.6 - https:\/\/yoast.com\/wordpress\/plugins\/seo\/ -->\n<title>Multisektorski tim Prijedor: U 16 slu\u010dajeva nasilja 22 djece indirektne \u017ertve - PrijedorDanas.com - Prijedorski gradski portal<\/title>\n<meta name=\"robots\" content=\"index, follow, max-snippet:-1, max-image-preview:large, max-video-preview:-1\" \/>\n<link rel=\"canonical\" href=\"https:\/\/www.prijedordanas.com\/?p=172542\" \/>\n<meta property=\"og:locale\" content=\"en_US\" \/>\n<meta property=\"og:type\" content=\"article\" \/>\n<meta property=\"og:title\" content=\"Multisektorski tim Prijedor: U 16 slu\u010dajeva nasilja 22 djece indirektne \u017ertve - PrijedorDanas.com - Prijedorski gradski portal\" \/>\n<meta property=\"og:description\" content=\"Centar za socijalni rad Prijedor u julu je zabilje\u017eio 16 slu\u010dajeva porodi\u010dnog nasilja, a Multisektorski tim za prevenciju i borbu protiv porodi\u010dnog i rodno zasnovanog nasilja grada Prijedora analizom ovih [&hellip;]\" \/>\n<meta property=\"og:url\" content=\"https:\/\/www.prijedordanas.com\/?p=172542\" \/>\n<meta property=\"og:site_name\" content=\"PrijedorDanas.com - Prijedorski gradski portal\" \/>\n<meta property=\"article:publisher\" content=\"https:\/\/www.facebook.com\/PrijedorDanasCom\/\" \/>\n<meta property=\"article:published_time\" content=\"2021-08-21T08:48:47+00:00\" \/>\n<meta property=\"og:image\" content=\"https:\/\/www.prijedordanas.com\/wp-content\/uploads\/2021\/08\/multisektorski-tim-prijedor-avgust-2021-1-300x222.jpg\" \/>\n<meta name=\"author\" content=\"admin\" \/>\n<meta name=\"twitter:card\" content=\"summary_large_image\" \/>\n<meta name=\"twitter:label1\" content=\"Written by\" \/>\n\t<meta name=\"twitter:data1\" content=\"admin\" \/>\n\t<meta name=\"twitter:label2\" content=\"Est. reading time\" \/>\n\t<meta name=\"twitter:data2\" content=\"4 minutes\" \/>\n<script type=\"application\/ld+json\" class=\"yoast-schema-graph\">{\"@context\":\"https:\/\/schema.org\",\"@graph\":[{\"@type\":\"Article\",\"@id\":\"https:\/\/www.prijedordanas.com\/?p=172542#article\",\"isPartOf\":{\"@id\":\"https:\/\/www.prijedordanas.com\/?p=172542\"},\"author\":{\"name\":\"admin\",\"@id\":\"https:\/\/www.prijedordanas.com\/#\/schema\/person\/4e08ccf29b506ca916ff86d46bb700e6\"},\"headline\":\"Multisektorski tim Prijedor: U 16 slu\u010dajeva nasilja 22 djece indirektne \u017ertve\",\"datePublished\":\"2021-08-21T08:48:47+00:00\",\"dateModified\":\"2021-08-21T08:48:47+00:00\",\"mainEntityOfPage\":{\"@id\":\"https:\/\/www.prijedordanas.com\/?p=172542\"},\"wordCount\":763,\"publisher\":{\"@id\":\"https:\/\/www.prijedordanas.com\/#organization\"},\"articleSection\":[\"Dru\u0161tvo\"],\"inLanguage\":\"en-US\"},{\"@type\":\"WebPage\",\"@id\":\"https:\/\/www.prijedordanas.com\/?p=172542\",\"url\":\"https:\/\/www.prijedordanas.com\/?p=172542\",\"name\":\"Multisektorski tim Prijedor: U 16 slu\u010dajeva nasilja 22 djece indirektne \u017ertve - PrijedorDanas.com - Prijedorski gradski portal\",\"isPartOf\":{\"@id\":\"https:\/\/www.prijedordanas.com\/#website\"},\"datePublished\":\"2021-08-21T08:48:47+00:00\",\"dateModified\":\"2021-08-21T08:48:47+00:00\",\"breadcrumb\":{\"@id\":\"https:\/\/www.prijedordanas.com\/?p=172542#breadcrumb\"},\"inLanguage\":\"en-US\",\"potentialAction\":[{\"@type\":\"ReadAction\",\"target\":[\"https:\/\/www.prijedordanas.com\/?p=172542\"]}]},{\"@type\":\"BreadcrumbList\",\"@id\":\"https:\/\/www.prijedordanas.com\/?p=172542#breadcrumb\",\"itemListElement\":[{\"@type\":\"ListItem\",\"position\":1,\"name\":\"Home\",\"item\":\"https:\/\/www.prijedordanas.com\/\"},{\"@type\":\"ListItem\",\"position\":2,\"name\":\"Multisektorski tim Prijedor: U 16 slu\u010dajeva nasilja 22 djece indirektne \u017ertve\"}]},{\"@type\":\"WebSite\",\"@id\":\"https:\/\/www.prijedordanas.com\/#website\",\"url\":\"https:\/\/www.prijedordanas.com\/\",\"name\":\"PrijedorDanas.com - Prijedorski gradski portal\",\"description\":\"Portal o doga\u0111anjima u gradu Prijedoru\",\"publisher\":{\"@id\":\"https:\/\/www.prijedordanas.com\/#organization\"},\"potentialAction\":[{\"@type\":\"SearchAction\",\"target\":{\"@type\":\"EntryPoint\",\"urlTemplate\":\"https:\/\/www.prijedordanas.com\/?s={search_term_string}\"},\"query-input\":\"required name=search_term_string\"}],\"inLanguage\":\"en-US\"},{\"@type\":\"Organization\",\"@id\":\"https:\/\/www.prijedordanas.com\/#organization\",\"name\":\"PrijedorDanas.com\",\"url\":\"https:\/\/www.prijedordanas.com\/\",\"logo\":{\"@type\":\"ImageObject\",\"inLanguage\":\"en-US\",\"@id\":\"https:\/\/www.prijedordanas.com\/#\/schema\/logo\/image\/\",\"url\":\"http:\/\/www.prijedordanas.com\/wp-content\/uploads\/2021\/12\/logopng.png\",\"contentUrl\":\"http:\/\/www.prijedordanas.com\/wp-content\/uploads\/2021\/12\/logopng.png\",\"width\":1019,\"height\":776,\"caption\":\"PrijedorDanas.com\"},\"image\":{\"@id\":\"https:\/\/www.prijedordanas.com\/#\/schema\/logo\/image\/\"},\"sameAs\":[\"https:\/\/www.facebook.com\/PrijedorDanasCom\/\"]},{\"@type\":\"Person\",\"@id\":\"https:\/\/www.prijedordanas.com\/#\/schema\/person\/4e08ccf29b506ca916ff86d46bb700e6\",\"name\":\"admin\",\"image\":{\"@type\":\"ImageObject\",\"inLanguage\":\"en-US\",\"@id\":\"https:\/\/www.prijedordanas.com\/#\/schema\/person\/image\/\",\"url\":\"https:\/\/secure.gravatar.com\/avatar\/1d3fc949d550f0b53a5f0d51e06dfd79?s=96&d=mm&r=g\",\"contentUrl\":\"https:\/\/secure.gravatar.com\/avatar\/1d3fc949d550f0b53a5f0d51e06dfd79?s=96&d=mm&r=g\",\"caption\":\"admin\"},\"url\":\"https:\/\/www.prijedordanas.com\/?author=1\"}]}<\/script>\n<!-- \/ Yoast SEO plugin. -->","yoast_head_json":{"title":"Multisektorski tim Prijedor: U 16 slu\u010dajeva nasilja 22 djece indirektne \u017ertve - PrijedorDanas.com - Prijedorski gradski portal","robots":{"index":"index","follow":"follow","max-snippet":"max-snippet:-1","max-image-preview":"max-image-preview:large","max-video-preview":"max-video-preview:-1"},"canonical":"https:\/\/www.prijedordanas.com\/?p=172542","og_locale":"en_US","og_type":"article","og_title":"Multisektorski tim Prijedor: U 16 slu\u010dajeva nasilja 22 djece indirektne \u017ertve - PrijedorDanas.com - Prijedorski gradski portal","og_description":"Centar za socijalni rad Prijedor u julu je zabilje\u017eio 16 slu\u010dajeva porodi\u010dnog nasilja, a Multisektorski tim za prevenciju i borbu protiv porodi\u010dnog i rodno zasnovanog nasilja grada Prijedora analizom ovih [&hellip;]","og_url":"https:\/\/www.prijedordanas.com\/?p=172542","og_site_name":"PrijedorDanas.com - Prijedorski gradski portal","article_publisher":"https:\/\/www.facebook.com\/PrijedorDanasCom\/","article_published_time":"2021-08-21T08:48:47+00:00","og_image":[{"url":"https:\/\/www.prijedordanas.com\/wp-content\/uploads\/2021\/08\/multisektorski-tim-prijedor-avgust-2021-1-300x222.jpg"}],"author":"admin","twitter_card":"summary_large_image","twitter_misc":{"Written by":"admin","Est. reading time":"4 minutes"},"schema":{"@context":"https:\/\/schema.org","@graph":[{"@type":"Article","@id":"https:\/\/www.prijedordanas.com\/?p=172542#article","isPartOf":{"@id":"https:\/\/www.prijedordanas.com\/?p=172542"},"author":{"name":"admin","@id":"https:\/\/www.prijedordanas.com\/#\/schema\/person\/4e08ccf29b506ca916ff86d46bb700e6"},"headline":"Multisektorski tim Prijedor: U 16 slu\u010dajeva nasilja 22 djece indirektne \u017ertve","datePublished":"2021-08-21T08:48:47+00:00","dateModified":"2021-08-21T08:48:47+00:00","mainEntityOfPage":{"@id":"https:\/\/www.prijedordanas.com\/?p=172542"},"wordCount":763,"publisher":{"@id":"https:\/\/www.prijedordanas.com\/#organization"},"articleSection":["Dru\u0161tvo"],"inLanguage":"en-US"},{"@type":"WebPage","@id":"https:\/\/www.prijedordanas.com\/?p=172542","url":"https:\/\/www.prijedordanas.com\/?p=172542","name":"Multisektorski tim Prijedor: U 16 slu\u010dajeva nasilja 22 djece indirektne \u017ertve - PrijedorDanas.com - Prijedorski gradski portal","isPartOf":{"@id":"https:\/\/www.prijedordanas.com\/#website"},"datePublished":"2021-08-21T08:48:47+00:00","dateModified":"2021-08-21T08:48:47+00:00","breadcrumb":{"@id":"https:\/\/www.prijedordanas.com\/?p=172542#breadcrumb"},"inLanguage":"en-US","potentialAction":[{"@type":"ReadAction","target":["https:\/\/www.prijedordanas.com\/?p=172542"]}]},{"@type":"BreadcrumbList","@id":"https:\/\/www.prijedordanas.com\/?p=172542#breadcrumb","itemListElement":[{"@type":"ListItem","position":1,"name":"Home","item":"https:\/\/www.prijedordanas.com\/"},{"@type":"ListItem","position":2,"name":"Multisektorski tim Prijedor: U 16 slu\u010dajeva nasilja 22 djece indirektne \u017ertve"}]},{"@type":"WebSite","@id":"https:\/\/www.prijedordanas.com\/#website","url":"https:\/\/www.prijedordanas.com\/","name":"PrijedorDanas.com - Prijedorski gradski portal","description":"Portal o doga\u0111anjima u gradu Prijedoru","publisher":{"@id":"https:\/\/www.prijedordanas.com\/#organization"},"potentialAction":[{"@type":"SearchAction","target":{"@type":"EntryPoint","urlTemplate":"https:\/\/www.prijedordanas.com\/?s={search_term_string}"},"query-input":"required name=search_term_string"}],"inLanguage":"en-US"},{"@type":"Organization","@id":"https:\/\/www.prijedordanas.com\/#organization","name":"PrijedorDanas.com","url":"https:\/\/www.prijedordanas.com\/","logo":{"@type":"ImageObject","inLanguage":"en-US","@id":"https:\/\/www.prijedordanas.com\/#\/schema\/logo\/image\/","url":"http:\/\/www.prijedordanas.com\/wp-content\/uploads\/2021\/12\/logopng.png","contentUrl":"http:\/\/www.prijedordanas.com\/wp-content\/uploads\/2021\/12\/logopng.png","width":1019,"height":776,"caption":"PrijedorDanas.com"},"image":{"@id":"https:\/\/www.prijedordanas.com\/#\/schema\/logo\/image\/"},"sameAs":["https:\/\/www.facebook.com\/PrijedorDanasCom\/"]},{"@type":"Person","@id":"https:\/\/www.prijedordanas.com\/#\/schema\/person\/4e08ccf29b506ca916ff86d46bb700e6","name":"admin","image":{"@type":"ImageObject","inLanguage":"en-US","@id":"https:\/\/www.prijedordanas.com\/#\/schema\/person\/image\/","url":"https:\/\/secure.gravatar.com\/avatar\/1d3fc949d550f0b53a5f0d51e06dfd79?s=96&d=mm&r=g","contentUrl":"https:\/\/secure.gravatar.com\/avatar\/1d3fc949d550f0b53a5f0d51e06dfd79?s=96&d=mm&r=g","caption":"admin"},"url":"https:\/\/www.prijedordanas.com\/?author=1"}]}},"_links":{"self":[{"href":"https:\/\/www.prijedordanas.com\/index.php?rest_route=\/wp\/v2\/posts\/172542"}],"collection":[{"href":"https:\/\/www.prijedordanas.com\/index.php?rest_route=\/wp\/v2\/posts"}],"about":[{"href":"https:\/\/www.prijedordanas.com\/index.php?rest_route=\/wp\/v2\/types\/post"}],"author":[{"embeddable":true,"href":"https:\/\/www.prijedordanas.com\/index.php?rest_route=\/wp\/v2\/users\/1"}],"replies":[{"embeddable":true,"href":"https:\/\/www.prijedordanas.com\/index.php?rest_route=%2Fwp%2Fv2%2Fcomments&post=172542"}],"version-history":[{"count":1,"href":"https:\/\/www.prijedordanas.com\/index.php?rest_route=\/wp\/v2\/posts\/172542\/revisions"}],"predecessor-version":[{"id":172545,"href":"https:\/\/www.prijedordanas.com\/index.php?rest_route=\/wp\/v2\/posts\/172542\/revisions\/172545"}],"wp:attachment":[{"href":"https:\/\/www.prijedordanas.com\/index.php?rest_route=%2Fwp%2Fv2%2Fmedia&parent=172542"}],"wp:term":[{"taxonomy":"category","embeddable":true,"href":"https:\/\/www.prijedordanas.com\/index.php?rest_route=%2Fwp%2Fv2%2Fcategories&post=172542"},{"taxonomy":"post_tag","embeddable":true,"href":"https:\/\/www.prijedordanas.com\/index.php?rest_route=%2Fwp%2Fv2%2Ftags&post=172542"}],"curies":[{"name":"wp","href":"https:\/\/api.w.org\/{rel}","templated":true}]}}