{"id":172533,"date":"2021-08-20T21:40:42","date_gmt":"2021-08-20T19:40:42","guid":{"rendered":"https:\/\/www.prijedordanas.com\/?p=172533"},"modified":"2021-08-20T21:40:42","modified_gmt":"2021-08-20T19:40:42","slug":"nakon-pet-mjeseci-od-ubistva-prijedorcanina-mihajla-stupara-prvoosumnjiceni-nije-uhapsen-a-osumnjiceni-saucesnici-na-slobodi-porodica-ogorcena-video","status":"publish","type":"post","link":"https:\/\/www.prijedordanas.com\/?p=172533","title":{"rendered":"Nakon pet mjeseci od ubistva Prijedor\u010danina Mihajla Stupara, prvoosumnji\u010deni nije uhap\u0161en, a osumnji\u010deni sau\u010desnici na slobodi: Porodica ogor\u010dena &#8211; VIDEO"},"content":{"rendered":"<p><a href=\"https:\/\/www.prijedordanas.com\/wp-content\/uploads\/2021\/03\/ubistvo-raskovac-potraga-momic-2.jpg\"><img loading=\"lazy\" decoding=\"async\" src=\"https:\/\/www.prijedordanas.com\/wp-content\/uploads\/2021\/03\/ubistvo-raskovac-potraga-momic-2-300x225.jpg\" alt=\"\" width=\"300\" height=\"225\" class=\"alignleft size-medium wp-image-164003\" srcset=\"https:\/\/www.prijedordanas.com\/wp-content\/uploads\/2021\/03\/ubistvo-raskovac-potraga-momic-2-300x225.jpg 300w, https:\/\/www.prijedordanas.com\/wp-content\/uploads\/2021\/03\/ubistvo-raskovac-potraga-momic-2-640x480.jpg 640w, https:\/\/www.prijedordanas.com\/wp-content\/uploads\/2021\/03\/ubistvo-raskovac-potraga-momic-2.jpg 667w\" sizes=\"(max-width: 300px) 100vw, 300px\" \/><\/a>Nakon pet mjeseci te\u0161kog ubistva u Prijedoru kada je na brutalan na\u010din ubijen Mihajlo Stupar zvani \u0160mit, osumnji\u010deni sau\u010desnici ovog doga\u0111aja su odlukom Vrhovnog suda Republike Srpske pu\u0161teni na slobodu dok je izvr\u0161ilac i dalje nedostupan nadle\u017enim organima. Porodica ubijenog ogor\u010dena. <\/p>\n<p>Prijedorska policija i dalje traga za Markom Momi\u0107em zbog sumnje da je ubio Mihajla Stupara zvanog \u0160mit \u010dije je tijelo 11. marta ove godine prona\u0111eno kod rijeke Sane u naselju Ra\u0161kovac kod Prijedora.<\/p>\n<p>Osumnji\u010deni sau\u010desnici ovog brutalnog ubistva nakon pet mjeseci pritvora pu\u0161teni su na slobodu \u0161to je izazvalo ogor\u010denje kod sestre ubijenog Prijedor\u010danina.<\/p>\n<p>Monika Stupar za BN TV ka\u017ee da je niko nije obavjestio o tome, ve\u0107, kako isti\u010de, osumnji\u010dene je vidjela kako slobodno \u0161etaju gradom.<\/p>\n<p>&#8220;Da ja pustim da se to zaboravi to ne mogu. Da je uzeo pi\u0161tolj i da ga je ubio onda nekako i u redu, ali na brutalan na\u010din da se ubije i jo\u0161 da se sau\u010desnici puste. Ka\u017eu mi da je sve do Suda, Tu\u017eila\u0161tva, \u0161to zna\u010di da podr\u017eavaju takvo ubistvo. Niko ne mo\u017ee vjerovati da je to tako\u201c. kazala je sestra ubijenog Mihajla Stupara.<\/p>\n<p>Ona dodaje da ne vjeruje da \u0107e ikada pravda sti\u0107i izvr\u0161ioce brutalnog ubistva njenog brata te isti\u010de da se ne mo\u017ee pomiriti sa \u010dinjenicom da se na takav monstruozan na\u010din Mihajlu oduzeo \u017eivot. Ka\u017ee da je najgore od svega \u0161to su osumnji\u010deni pomaga\u010di sada slobodni ljudi, a izvr\u0161ilac te\u0161kog ubistva i dalje u bjekstvu.<\/p>\n<p>\u201eNemam rije\u010di. Ogor\u010dena sam i ne mogu vjerovati. Ljudi za kra\u0111u bu\u0161ilice po tri mjeseca le\u017ee a za ubistvo, stvarno ne znam. Ogor\u010dena sam&#8230; U\u017eas od Suda i Tu\u017eila\u0161tva\u201c, ka\u017ee ona.<\/p>\n<p>Iz Okru\u017enog javnog Tu\u017eila\u0161tva Prijedor ka\u017eu da su 6. avgusta ove godine uputili Vrhovnom sudu Republike Srpske prijedlog za produ\u017eenje pritvora osumnji\u010denim licima Bojanu Savanovi\u0107u i Gojku \u0160obotu za jo\u0161 jedan mjesec, zbog osnova sumnje da su kao pomaga\u010di u\u010dinili krivi\u010dno djelo \u201eTe\u0161ko ubistvo\u201c. Vrhovni Sud je odbio taj prijedlog smatraju\u0107i ga neosnovanim kao i alternativni prijedlog za izricanje mjera zabrane prema osumnji\u010denim licima.<\/p>\n<p>Na prijedlog Tu\u017eila\u0161tva Osnovni sud u Prijedoru je ve\u0107 ranije izdao naredbu za raspisivanje me\u0111unarodne potjernice , a Tu\u017eila\u0161tvo i dalje vodi istragu prema svim osumnji\u010denim licima te u saradnji sa Ministarstvom unutra\u0161njih poslova Republike Srpske poku\u0161ava locirati i li\u0161iti slobode prvoosumnji\u010denog Marka Momi\u0107a, navodeno je se u saop\u0161tenju Okru\u017enog javnog Tu\u017eila\u0161tva Prijedor.<\/p>\n<p>rtvbn.com<\/p>\n<p><iframe loading=\"lazy\" title=\"Ni pet mjeseci od ubistva Mihajla Stupara, prvoosumnji\u010deni nije uhap\u0161en, a sau\u010desnici na slobodi\" width=\"500\" height=\"281\" src=\"https:\/\/www.youtube.com\/embed\/UhttIKKyB-c?feature=oembed\" frameborder=\"0\" allow=\"accelerometer; autoplay; clipboard-write; encrypted-media; gyroscope; picture-in-picture\" allowfullscreen><\/iframe><\/p>\n","protected":false},"excerpt":{"rendered":"<p>Nakon pet mjeseci te\u0161kog ubistva u Prijedoru kada je na brutalan na\u010din ubijen Mihajlo Stupar zvani \u0160mit, osumnji\u010deni sau\u010desnici ovog doga\u0111aja su odlukom Vrhovnog suda Republike Srpske pu\u0161teni na slobodu [&hellip;]<\/p>\n","protected":false},"author":1,"featured_media":0,"comment_status":"closed","ping_status":"open","sticky":false,"template":"","format":"standard","meta":{"_monsterinsights_skip_tracking":false,"_monsterinsights_sitenote_active":false,"_monsterinsights_sitenote_note":"","_monsterinsights_sitenote_category":0,"footnotes":""},"categories":[5],"tags":[],"yoast_head":"<!-- This site is optimized with the Yoast SEO plugin v21.6 - https:\/\/yoast.com\/wordpress\/plugins\/seo\/ -->\n<title>Nakon pet mjeseci od ubistva Prijedor\u010danina Mihajla Stupara, prvoosumnji\u010deni nije uhap\u0161en, a osumnji\u010deni sau\u010desnici na slobodi: Porodica ogor\u010dena - VIDEO - PrijedorDanas.com - Prijedorski gradski portal<\/title>\n<meta name=\"robots\" content=\"index, follow, max-snippet:-1, max-image-preview:large, max-video-preview:-1\" \/>\n<link rel=\"canonical\" href=\"https:\/\/www.prijedordanas.com\/?p=172533\" \/>\n<meta property=\"og:locale\" content=\"en_US\" \/>\n<meta property=\"og:type\" content=\"article\" \/>\n<meta property=\"og:title\" content=\"Nakon pet mjeseci od ubistva Prijedor\u010danina Mihajla Stupara, prvoosumnji\u010deni nije uhap\u0161en, a osumnji\u010deni sau\u010desnici na slobodi: Porodica ogor\u010dena - VIDEO - PrijedorDanas.com - Prijedorski gradski portal\" \/>\n<meta property=\"og:description\" content=\"Nakon pet mjeseci te\u0161kog ubistva u Prijedoru kada je na brutalan na\u010din ubijen Mihajlo Stupar zvani \u0160mit, osumnji\u010deni sau\u010desnici ovog doga\u0111aja su odlukom Vrhovnog suda Republike Srpske pu\u0161teni na slobodu [&hellip;]\" \/>\n<meta property=\"og:url\" content=\"https:\/\/www.prijedordanas.com\/?p=172533\" \/>\n<meta property=\"og:site_name\" content=\"PrijedorDanas.com - Prijedorski gradski portal\" \/>\n<meta property=\"article:publisher\" content=\"https:\/\/www.facebook.com\/PrijedorDanasCom\/\" \/>\n<meta property=\"article:published_time\" content=\"2021-08-20T19:40:42+00:00\" \/>\n<meta property=\"og:image\" content=\"https:\/\/www.prijedordanas.com\/wp-content\/uploads\/2021\/03\/ubistvo-raskovac-potraga-momic-2-300x225.jpg\" \/>\n<meta name=\"author\" content=\"admin\" \/>\n<meta name=\"twitter:card\" content=\"summary_large_image\" \/>\n<meta name=\"twitter:label1\" content=\"Written by\" \/>\n\t<meta name=\"twitter:data1\" content=\"admin\" \/>\n\t<meta name=\"twitter:label2\" content=\"Est. reading time\" \/>\n\t<meta name=\"twitter:data2\" content=\"2 minutes\" \/>\n<script type=\"application\/ld+json\" class=\"yoast-schema-graph\">{\"@context\":\"https:\/\/schema.org\",\"@graph\":[{\"@type\":\"Article\",\"@id\":\"https:\/\/www.prijedordanas.com\/?p=172533#article\",\"isPartOf\":{\"@id\":\"https:\/\/www.prijedordanas.com\/?p=172533\"},\"author\":{\"name\":\"admin\",\"@id\":\"https:\/\/www.prijedordanas.com\/#\/schema\/person\/4e08ccf29b506ca916ff86d46bb700e6\"},\"headline\":\"Nakon pet mjeseci od ubistva Prijedor\u010danina Mihajla Stupara, prvoosumnji\u010deni nije uhap\u0161en, a osumnji\u010deni sau\u010desnici na slobodi: Porodica ogor\u010dena &#8211; VIDEO\",\"datePublished\":\"2021-08-20T19:40:42+00:00\",\"dateModified\":\"2021-08-20T19:40:42+00:00\",\"mainEntityOfPage\":{\"@id\":\"https:\/\/www.prijedordanas.com\/?p=172533\"},\"wordCount\":491,\"publisher\":{\"@id\":\"https:\/\/www.prijedordanas.com\/#organization\"},\"articleSection\":[\"Hronika\"],\"inLanguage\":\"en-US\"},{\"@type\":\"WebPage\",\"@id\":\"https:\/\/www.prijedordanas.com\/?p=172533\",\"url\":\"https:\/\/www.prijedordanas.com\/?p=172533\",\"name\":\"Nakon pet mjeseci od ubistva Prijedor\u010danina Mihajla Stupara, prvoosumnji\u010deni nije uhap\u0161en, a osumnji\u010deni sau\u010desnici na slobodi: Porodica ogor\u010dena - VIDEO - PrijedorDanas.com - Prijedorski gradski portal\",\"isPartOf\":{\"@id\":\"https:\/\/www.prijedordanas.com\/#website\"},\"datePublished\":\"2021-08-20T19:40:42+00:00\",\"dateModified\":\"2021-08-20T19:40:42+00:00\",\"breadcrumb\":{\"@id\":\"https:\/\/www.prijedordanas.com\/?p=172533#breadcrumb\"},\"inLanguage\":\"en-US\",\"potentialAction\":[{\"@type\":\"ReadAction\",\"target\":[\"https:\/\/www.prijedordanas.com\/?p=172533\"]}]},{\"@type\":\"BreadcrumbList\",\"@id\":\"https:\/\/www.prijedordanas.com\/?p=172533#breadcrumb\",\"itemListElement\":[{\"@type\":\"ListItem\",\"position\":1,\"name\":\"Home\",\"item\":\"https:\/\/www.prijedordanas.com\/\"},{\"@type\":\"ListItem\",\"position\":2,\"name\":\"Nakon pet mjeseci od ubistva Prijedor\u010danina Mihajla Stupara, prvoosumnji\u010deni nije uhap\u0161en, a osumnji\u010deni sau\u010desnici na slobodi: Porodica ogor\u010dena &#8211; VIDEO\"}]},{\"@type\":\"WebSite\",\"@id\":\"https:\/\/www.prijedordanas.com\/#website\",\"url\":\"https:\/\/www.prijedordanas.com\/\",\"name\":\"PrijedorDanas.com - Prijedorski gradski portal\",\"description\":\"Portal o doga\u0111anjima u gradu Prijedoru\",\"publisher\":{\"@id\":\"https:\/\/www.prijedordanas.com\/#organization\"},\"potentialAction\":[{\"@type\":\"SearchAction\",\"target\":{\"@type\":\"EntryPoint\",\"urlTemplate\":\"https:\/\/www.prijedordanas.com\/?s={search_term_string}\"},\"query-input\":\"required name=search_term_string\"}],\"inLanguage\":\"en-US\"},{\"@type\":\"Organization\",\"@id\":\"https:\/\/www.prijedordanas.com\/#organization\",\"name\":\"PrijedorDanas.com\",\"url\":\"https:\/\/www.prijedordanas.com\/\",\"logo\":{\"@type\":\"ImageObject\",\"inLanguage\":\"en-US\",\"@id\":\"https:\/\/www.prijedordanas.com\/#\/schema\/logo\/image\/\",\"url\":\"http:\/\/www.prijedordanas.com\/wp-content\/uploads\/2021\/12\/logopng.png\",\"contentUrl\":\"http:\/\/www.prijedordanas.com\/wp-content\/uploads\/2021\/12\/logopng.png\",\"width\":1019,\"height\":776,\"caption\":\"PrijedorDanas.com\"},\"image\":{\"@id\":\"https:\/\/www.prijedordanas.com\/#\/schema\/logo\/image\/\"},\"sameAs\":[\"https:\/\/www.facebook.com\/PrijedorDanasCom\/\"]},{\"@type\":\"Person\",\"@id\":\"https:\/\/www.prijedordanas.com\/#\/schema\/person\/4e08ccf29b506ca916ff86d46bb700e6\",\"name\":\"admin\",\"image\":{\"@type\":\"ImageObject\",\"inLanguage\":\"en-US\",\"@id\":\"https:\/\/www.prijedordanas.com\/#\/schema\/person\/image\/\",\"url\":\"https:\/\/secure.gravatar.com\/avatar\/1d3fc949d550f0b53a5f0d51e06dfd79?s=96&d=mm&r=g\",\"contentUrl\":\"https:\/\/secure.gravatar.com\/avatar\/1d3fc949d550f0b53a5f0d51e06dfd79?s=96&d=mm&r=g\",\"caption\":\"admin\"},\"url\":\"https:\/\/www.prijedordanas.com\/?author=1\"}]}<\/script>\n<!-- \/ Yoast SEO plugin. -->","yoast_head_json":{"title":"Nakon pet mjeseci od ubistva Prijedor\u010danina Mihajla Stupara, prvoosumnji\u010deni nije uhap\u0161en, a osumnji\u010deni sau\u010desnici na slobodi: Porodica ogor\u010dena - VIDEO - PrijedorDanas.com - Prijedorski gradski portal","robots":{"index":"index","follow":"follow","max-snippet":"max-snippet:-1","max-image-preview":"max-image-preview:large","max-video-preview":"max-video-preview:-1"},"canonical":"https:\/\/www.prijedordanas.com\/?p=172533","og_locale":"en_US","og_type":"article","og_title":"Nakon pet mjeseci od ubistva Prijedor\u010danina Mihajla Stupara, prvoosumnji\u010deni nije uhap\u0161en, a osumnji\u010deni sau\u010desnici na slobodi: Porodica ogor\u010dena - VIDEO - PrijedorDanas.com - Prijedorski gradski portal","og_description":"Nakon pet mjeseci te\u0161kog ubistva u Prijedoru kada je na brutalan na\u010din ubijen Mihajlo Stupar zvani \u0160mit, osumnji\u010deni sau\u010desnici ovog doga\u0111aja su odlukom Vrhovnog suda Republike Srpske pu\u0161teni na slobodu [&hellip;]","og_url":"https:\/\/www.prijedordanas.com\/?p=172533","og_site_name":"PrijedorDanas.com - Prijedorski gradski portal","article_publisher":"https:\/\/www.facebook.com\/PrijedorDanasCom\/","article_published_time":"2021-08-20T19:40:42+00:00","og_image":[{"url":"https:\/\/www.prijedordanas.com\/wp-content\/uploads\/2021\/03\/ubistvo-raskovac-potraga-momic-2-300x225.jpg"}],"author":"admin","twitter_card":"summary_large_image","twitter_misc":{"Written by":"admin","Est. reading time":"2 minutes"},"schema":{"@context":"https:\/\/schema.org","@graph":[{"@type":"Article","@id":"https:\/\/www.prijedordanas.com\/?p=172533#article","isPartOf":{"@id":"https:\/\/www.prijedordanas.com\/?p=172533"},"author":{"name":"admin","@id":"https:\/\/www.prijedordanas.com\/#\/schema\/person\/4e08ccf29b506ca916ff86d46bb700e6"},"headline":"Nakon pet mjeseci od ubistva Prijedor\u010danina Mihajla Stupara, prvoosumnji\u010deni nije uhap\u0161en, a osumnji\u010deni sau\u010desnici na slobodi: Porodica ogor\u010dena &#8211; VIDEO","datePublished":"2021-08-20T19:40:42+00:00","dateModified":"2021-08-20T19:40:42+00:00","mainEntityOfPage":{"@id":"https:\/\/www.prijedordanas.com\/?p=172533"},"wordCount":491,"publisher":{"@id":"https:\/\/www.prijedordanas.com\/#organization"},"articleSection":["Hronika"],"inLanguage":"en-US"},{"@type":"WebPage","@id":"https:\/\/www.prijedordanas.com\/?p=172533","url":"https:\/\/www.prijedordanas.com\/?p=172533","name":"Nakon pet mjeseci od ubistva Prijedor\u010danina Mihajla Stupara, prvoosumnji\u010deni nije uhap\u0161en, a osumnji\u010deni sau\u010desnici na slobodi: Porodica ogor\u010dena - VIDEO - PrijedorDanas.com - Prijedorski gradski portal","isPartOf":{"@id":"https:\/\/www.prijedordanas.com\/#website"},"datePublished":"2021-08-20T19:40:42+00:00","dateModified":"2021-08-20T19:40:42+00:00","breadcrumb":{"@id":"https:\/\/www.prijedordanas.com\/?p=172533#breadcrumb"},"inLanguage":"en-US","potentialAction":[{"@type":"ReadAction","target":["https:\/\/www.prijedordanas.com\/?p=172533"]}]},{"@type":"BreadcrumbList","@id":"https:\/\/www.prijedordanas.com\/?p=172533#breadcrumb","itemListElement":[{"@type":"ListItem","position":1,"name":"Home","item":"https:\/\/www.prijedordanas.com\/"},{"@type":"ListItem","position":2,"name":"Nakon pet mjeseci od ubistva Prijedor\u010danina Mihajla Stupara, prvoosumnji\u010deni nije uhap\u0161en, a osumnji\u010deni sau\u010desnici na slobodi: Porodica ogor\u010dena &#8211; VIDEO"}]},{"@type":"WebSite","@id":"https:\/\/www.prijedordanas.com\/#website","url":"https:\/\/www.prijedordanas.com\/","name":"PrijedorDanas.com - Prijedorski gradski portal","description":"Portal o doga\u0111anjima u gradu Prijedoru","publisher":{"@id":"https:\/\/www.prijedordanas.com\/#organization"},"potentialAction":[{"@type":"SearchAction","target":{"@type":"EntryPoint","urlTemplate":"https:\/\/www.prijedordanas.com\/?s={search_term_string}"},"query-input":"required name=search_term_string"}],"inLanguage":"en-US"},{"@type":"Organization","@id":"https:\/\/www.prijedordanas.com\/#organization","name":"PrijedorDanas.com","url":"https:\/\/www.prijedordanas.com\/","logo":{"@type":"ImageObject","inLanguage":"en-US","@id":"https:\/\/www.prijedordanas.com\/#\/schema\/logo\/image\/","url":"http:\/\/www.prijedordanas.com\/wp-content\/uploads\/2021\/12\/logopng.png","contentUrl":"http:\/\/www.prijedordanas.com\/wp-content\/uploads\/2021\/12\/logopng.png","width":1019,"height":776,"caption":"PrijedorDanas.com"},"image":{"@id":"https:\/\/www.prijedordanas.com\/#\/schema\/logo\/image\/"},"sameAs":["https:\/\/www.facebook.com\/PrijedorDanasCom\/"]},{"@type":"Person","@id":"https:\/\/www.prijedordanas.com\/#\/schema\/person\/4e08ccf29b506ca916ff86d46bb700e6","name":"admin","image":{"@type":"ImageObject","inLanguage":"en-US","@id":"https:\/\/www.prijedordanas.com\/#\/schema\/person\/image\/","url":"https:\/\/secure.gravatar.com\/avatar\/1d3fc949d550f0b53a5f0d51e06dfd79?s=96&d=mm&r=g","contentUrl":"https:\/\/secure.gravatar.com\/avatar\/1d3fc949d550f0b53a5f0d51e06dfd79?s=96&d=mm&r=g","caption":"admin"},"url":"https:\/\/www.prijedordanas.com\/?author=1"}]}},"_links":{"self":[{"href":"https:\/\/www.prijedordanas.com\/index.php?rest_route=\/wp\/v2\/posts\/172533"}],"collection":[{"href":"https:\/\/www.prijedordanas.com\/index.php?rest_route=\/wp\/v2\/posts"}],"about":[{"href":"https:\/\/www.prijedordanas.com\/index.php?rest_route=\/wp\/v2\/types\/post"}],"author":[{"embeddable":true,"href":"https:\/\/www.prijedordanas.com\/index.php?rest_route=\/wp\/v2\/users\/1"}],"replies":[{"embeddable":true,"href":"https:\/\/www.prijedordanas.com\/index.php?rest_route=%2Fwp%2Fv2%2Fcomments&post=172533"}],"version-history":[{"count":1,"href":"https:\/\/www.prijedordanas.com\/index.php?rest_route=\/wp\/v2\/posts\/172533\/revisions"}],"predecessor-version":[{"id":172534,"href":"https:\/\/www.prijedordanas.com\/index.php?rest_route=\/wp\/v2\/posts\/172533\/revisions\/172534"}],"wp:attachment":[{"href":"https:\/\/www.prijedordanas.com\/index.php?rest_route=%2Fwp%2Fv2%2Fmedia&parent=172533"}],"wp:term":[{"taxonomy":"category","embeddable":true,"href":"https:\/\/www.prijedordanas.com\/index.php?rest_route=%2Fwp%2Fv2%2Fcategories&post=172533"},{"taxonomy":"post_tag","embeddable":true,"href":"https:\/\/www.prijedordanas.com\/index.php?rest_route=%2Fwp%2Fv2%2Ftags&post=172533"}],"curies":[{"name":"wp","href":"https:\/\/api.w.org\/{rel}","templated":true}]}}