{"id":17228,"date":"2015-03-02T11:32:40","date_gmt":"2015-03-02T10:32:40","guid":{"rendered":"https:\/\/www.prijedordanas.com\/?p=17228"},"modified":"2015-03-02T11:32:40","modified_gmt":"2015-03-02T10:32:40","slug":"borac-savladao-kombinovani-tim-rudar-prijedora-pralica-usao-u-igru-i-dao-dva-gola-foto","status":"publish","type":"post","link":"https:\/\/www.prijedordanas.com\/?p=17228","title":{"rendered":"BORAC SAVLADAO KOMBINOVANI TIM RUDAR-PRIJEDORA: PRALICA U\u0160AO U IGRU I DAO DVA GOLA \u2013 FOTO"},"content":{"rendered":"<p><a href=\"https:\/\/www.prijedordanas.com\/wp-content\/uploads\/2015\/03\/borac-rudar-prijedor-prijateljska-1.jpg\"><img loading=\"lazy\" decoding=\"async\" class=\"alignleft size-medium wp-image-17162\" src=\"https:\/\/www.prijedordanas.com\/wp-content\/uploads\/2015\/03\/borac-rudar-prijedor-prijateljska-1-300x200.jpg\" alt=\"borac-rudar prijedor-prijateljska (1)\" width=\"300\" height=\"200\" srcset=\"https:\/\/www.prijedordanas.com\/wp-content\/uploads\/2015\/03\/borac-rudar-prijedor-prijateljska-1-300x200.jpg 300w, https:\/\/www.prijedordanas.com\/wp-content\/uploads\/2015\/03\/borac-rudar-prijedor-prijateljska-1.jpg 600w\" sizes=\"(max-width: 300px) 100vw, 300px\" \/><\/a>Borac je u posljednjoj provjeri pred nastavak prvenstva Druge lige Republike Srpske-grupa Zapad na pomo\u0107nom terenu Gradskog stadiona u Kozarskoj Dubici, po lijepom vremenu, savladao kombinovani tim Rudar-Prijedora sa 2:0. Trijumf izabranika trenera \u017deljka Kne\u017eevi\u0107a je zaslu\u017een, presudili su, kao \u0161to to biva u ovakvim susretima, ve\u0107a motivisanost i htijenje.<\/p>\n<p>Me\u0111utim, nema razloga za nezadovoljstvo ni \u0161ef stru\u010dnog \u0161taba \u201erudara sa Sane\u201c Zoran Buji\u0107, jer su mladi\u0107i sa manjom minuta\u017eom dobro tr\u010dali, vi\u0161e puta zaprijetili ka golu rivala u prvom poluvremenu, samo je nedostajalo preciznosti u zavr\u0161nici napada. Imali su tokom cijelog susreta vi\u0161e loptu u nogama, ali ih nije najbolje slu\u0161ala.<\/p>\n<p>\u010covjek odluke bio je Predrag Pralica, koji je sa klupe u\u0161ao u igru i u 44. minuti iskoristio neodlu\u010dnost igra\u010da zadnje linije gostiju i po zemlji kraj istr\u010dalog golmana Marka Relji\u0107a sa 15-ak metara zatresao mre\u017eu za vo\u0111stvo Dubi\u010dana od 1:0 i sa tim rezultatom oti\u0161lo se na odmor.<\/p>\n<p>Tek \u0161to je po\u010deo drugi dio me\u010da, u \u0161esnaestercu Prijedor\u010dama oboren je Igor Drvenica, a Pralica ponovo bio strijelac, ovoga puta iz jedanaesterca, pogodiv\u0161i lijevi ugao Nemanje Petrovi\u0107a, koji se ispru\u017eio koliko je dug, ali nije zaustavio \u0161ut i bio je to, ispostavi\u0107e se kasnije, kona\u010dan ishod. Zeleno-crni su napadali, a rival tra\u017eio prilike iz kontri.<\/p>\n<p>U 76. minuti na sceni su najzapa\u017eeniji u redovima Rudar-Prijedora. Nadomak ivice \u0161esnaesterca sru\u0161en je Nemanja Mari\u0107, a Stefan Gavranovi\u0107 \u0161utira iz slobodnog udarca, ga\u0111a donji lijevi ugao sigurnog Emira Krivdi\u0107a, koji je izbacio loptu u korner. U posljednjim trenucima \u017eelio je Edvin Hamzi\u0107 da \u201ematira\u201c drugog golmana Borca Mladena Tonkovi\u0107a, ali je ovaj skrenuo loptu do stative.<\/p>\n<p>Borac(KD): Rudar-Prijedor 2:0(1:0)<\/p>\n<p>Kozarska Dubica<br \/>\nPomo\u0107ni teren Gradskog stadiona<br \/>\nGledalaca: 50<br \/>\nSudija: Danijel Mandi\u0107 (Kozarska Dubica)<br \/>\nStrijelac: Pralica u 44. i 48.minuti (iz jedanaesterca)<\/p>\n<p>BORAC:<br \/>\nKrivdi\u0107, Peki\u0107, Ni.Marinovi\u0107, Vuji\u010di\u0107, Ne.Marinovi\u0107, Burazor, Dali\u0107, \u0110ura\u0161inovi\u0107, Miodragovi\u0107, Pralica, V.Relji\u0107<br \/>\nIgrali su jo\u0161: Tonkovi\u0107, Pralica, S.Kondi\u0107, Ti\u0161ma, Zec<\/p>\n<p>RUDAR-PRIJEDOR:<br \/>\nM.Relji\u0107, Milinkovi\u0107, Ni\u0161evi\u0107, Pekija, Hamzi\u0107, Mari\u0107, Vranje\u0161, Mili\u010devi\u0107, Gavranovi\u0107, Despotovi\u0107, Pavkovi\u0107<br \/>\nIgrali su jo\u0161: Petrovi\u0107, Granati\u0107, Kovljen, Muhi\u0107, Vujkovi\u0107<\/p>\n<p>Tekst \u2013 Nenad \u0110eri\u0107\/Aleksandar Drakuli\u0107<br \/>\nFoto \u2013 Ibrahim Dizdarevi\u0107 \u2013 Foto Ibro<br \/>\n<a href=\"https:\/\/www.prijedordanas.com\/wp-content\/uploads\/2015\/03\/borac-rudar-prijedor-prijateljska-2.jpg\"><img loading=\"lazy\" decoding=\"async\" src=\"https:\/\/www.prijedordanas.com\/wp-content\/uploads\/2015\/03\/borac-rudar-prijedor-prijateljska-2-300x200.jpg\" alt=\"borac-rudar prijedor-prijateljska (2)\" width=\"300\" height=\"200\" class=\"alignleft size-medium wp-image-17163\" srcset=\"https:\/\/www.prijedordanas.com\/wp-content\/uploads\/2015\/03\/borac-rudar-prijedor-prijateljska-2-300x200.jpg 300w, https:\/\/www.prijedordanas.com\/wp-content\/uploads\/2015\/03\/borac-rudar-prijedor-prijateljska-2.jpg 600w\" sizes=\"(max-width: 300px) 100vw, 300px\" \/><\/a> <a href=\"https:\/\/www.prijedordanas.com\/wp-content\/uploads\/2015\/03\/borac-rudar-prijedor-prijateljska-3.jpg\"><img loading=\"lazy\" decoding=\"async\" src=\"https:\/\/www.prijedordanas.com\/wp-content\/uploads\/2015\/03\/borac-rudar-prijedor-prijateljska-3-300x200.jpg\" alt=\"borac-rudar prijedor-prijateljska (3)\" width=\"300\" height=\"200\" class=\"alignleft size-medium wp-image-17164\" srcset=\"https:\/\/www.prijedordanas.com\/wp-content\/uploads\/2015\/03\/borac-rudar-prijedor-prijateljska-3-300x200.jpg 300w, https:\/\/www.prijedordanas.com\/wp-content\/uploads\/2015\/03\/borac-rudar-prijedor-prijateljska-3.jpg 600w\" sizes=\"(max-width: 300px) 100vw, 300px\" \/><\/a> <a href=\"https:\/\/www.prijedordanas.com\/wp-content\/uploads\/2015\/03\/borac-rudar-prijedor-prijateljska-4.jpg\"><img loading=\"lazy\" decoding=\"async\" src=\"https:\/\/www.prijedordanas.com\/wp-content\/uploads\/2015\/03\/borac-rudar-prijedor-prijateljska-4-300x200.jpg\" alt=\"borac-rudar prijedor-prijateljska (4)\" width=\"300\" height=\"200\" class=\"alignleft size-medium wp-image-17165\" srcset=\"https:\/\/www.prijedordanas.com\/wp-content\/uploads\/2015\/03\/borac-rudar-prijedor-prijateljska-4-300x200.jpg 300w, https:\/\/www.prijedordanas.com\/wp-content\/uploads\/2015\/03\/borac-rudar-prijedor-prijateljska-4.jpg 600w\" sizes=\"(max-width: 300px) 100vw, 300px\" \/><\/a> <a href=\"https:\/\/www.prijedordanas.com\/wp-content\/uploads\/2015\/03\/borac-rudar-prijedor-prijateljska-5.jpg\"><img loading=\"lazy\" decoding=\"async\" src=\"https:\/\/www.prijedordanas.com\/wp-content\/uploads\/2015\/03\/borac-rudar-prijedor-prijateljska-5-300x200.jpg\" alt=\"borac-rudar prijedor-prijateljska (5)\" width=\"300\" height=\"200\" class=\"alignleft size-medium wp-image-17166\" srcset=\"https:\/\/www.prijedordanas.com\/wp-content\/uploads\/2015\/03\/borac-rudar-prijedor-prijateljska-5-300x200.jpg 300w, https:\/\/www.prijedordanas.com\/wp-content\/uploads\/2015\/03\/borac-rudar-prijedor-prijateljska-5.jpg 600w\" sizes=\"(max-width: 300px) 100vw, 300px\" \/><\/a> <a href=\"https:\/\/www.prijedordanas.com\/wp-content\/uploads\/2015\/03\/borac-rudar-prijedor-prijateljska-6.jpg\"><img loading=\"lazy\" decoding=\"async\" src=\"https:\/\/www.prijedordanas.com\/wp-content\/uploads\/2015\/03\/borac-rudar-prijedor-prijateljska-6-300x200.jpg\" alt=\"borac-rudar prijedor-prijateljska (6)\" width=\"300\" height=\"200\" class=\"alignleft size-medium wp-image-17167\" srcset=\"https:\/\/www.prijedordanas.com\/wp-content\/uploads\/2015\/03\/borac-rudar-prijedor-prijateljska-6-300x200.jpg 300w, https:\/\/www.prijedordanas.com\/wp-content\/uploads\/2015\/03\/borac-rudar-prijedor-prijateljska-6.jpg 600w\" sizes=\"(max-width: 300px) 100vw, 300px\" \/><\/a> <a href=\"https:\/\/www.prijedordanas.com\/wp-content\/uploads\/2015\/03\/borac-rudar-prijedor-prijateljska-7.jpg\"><img loading=\"lazy\" decoding=\"async\" src=\"https:\/\/www.prijedordanas.com\/wp-content\/uploads\/2015\/03\/borac-rudar-prijedor-prijateljska-7-300x200.jpg\" alt=\"borac-rudar prijedor-prijateljska (7)\" width=\"300\" height=\"200\" class=\"alignleft size-medium wp-image-17168\" srcset=\"https:\/\/www.prijedordanas.com\/wp-content\/uploads\/2015\/03\/borac-rudar-prijedor-prijateljska-7-300x200.jpg 300w, https:\/\/www.prijedordanas.com\/wp-content\/uploads\/2015\/03\/borac-rudar-prijedor-prijateljska-7.jpg 600w\" sizes=\"(max-width: 300px) 100vw, 300px\" \/><\/a> <a href=\"https:\/\/www.prijedordanas.com\/wp-content\/uploads\/2015\/03\/borac-rudar-prijedor-prijateljska-8.jpg\"><img loading=\"lazy\" decoding=\"async\" src=\"https:\/\/www.prijedordanas.com\/wp-content\/uploads\/2015\/03\/borac-rudar-prijedor-prijateljska-8-300x200.jpg\" alt=\"borac-rudar prijedor-prijateljska (8)\" width=\"300\" height=\"200\" class=\"alignleft size-medium wp-image-17169\" srcset=\"https:\/\/www.prijedordanas.com\/wp-content\/uploads\/2015\/03\/borac-rudar-prijedor-prijateljska-8-300x200.jpg 300w, https:\/\/www.prijedordanas.com\/wp-content\/uploads\/2015\/03\/borac-rudar-prijedor-prijateljska-8.jpg 600w\" sizes=\"(max-width: 300px) 100vw, 300px\" \/><\/a> <a href=\"https:\/\/www.prijedordanas.com\/wp-content\/uploads\/2015\/03\/borac-rudar-prijedor-prijateljska-9.jpg\"><img loading=\"lazy\" decoding=\"async\" src=\"https:\/\/www.prijedordanas.com\/wp-content\/uploads\/2015\/03\/borac-rudar-prijedor-prijateljska-9-300x200.jpg\" alt=\"borac-rudar prijedor-prijateljska (9)\" width=\"300\" height=\"200\" class=\"alignleft size-medium wp-image-17170\" srcset=\"https:\/\/www.prijedordanas.com\/wp-content\/uploads\/2015\/03\/borac-rudar-prijedor-prijateljska-9-300x200.jpg 300w, https:\/\/www.prijedordanas.com\/wp-content\/uploads\/2015\/03\/borac-rudar-prijedor-prijateljska-9.jpg 600w\" sizes=\"(max-width: 300px) 100vw, 300px\" \/><\/a> <a href=\"https:\/\/www.prijedordanas.com\/wp-content\/uploads\/2015\/03\/borac-rudar-prijedor-prijateljska-10.jpg\"><img loading=\"lazy\" decoding=\"async\" src=\"https:\/\/www.prijedordanas.com\/wp-content\/uploads\/2015\/03\/borac-rudar-prijedor-prijateljska-10-300x200.jpg\" alt=\"borac-rudar prijedor-prijateljska (10)\" width=\"300\" height=\"200\" class=\"alignleft size-medium wp-image-17171\" srcset=\"https:\/\/www.prijedordanas.com\/wp-content\/uploads\/2015\/03\/borac-rudar-prijedor-prijateljska-10-300x200.jpg 300w, https:\/\/www.prijedordanas.com\/wp-content\/uploads\/2015\/03\/borac-rudar-prijedor-prijateljska-10.jpg 600w\" sizes=\"(max-width: 300px) 100vw, 300px\" \/><\/a><\/p>\n","protected":false},"excerpt":{"rendered":"<p>Borac je u posljednjoj provjeri pred nastavak prvenstva Druge lige Republike Srpske-grupa Zapad na pomo\u0107nom terenu Gradskog stadiona u Kozarskoj Dubici, po lijepom vremenu, savladao kombinovani tim Rudar-Prijedora sa 2:0. [&hellip;]<\/p>\n","protected":false},"author":1,"featured_media":0,"comment_status":"closed","ping_status":"open","sticky":false,"template":"","format":"standard","meta":{"_monsterinsights_skip_tracking":false,"_monsterinsights_sitenote_active":false,"_monsterinsights_sitenote_note":"","_monsterinsights_sitenote_category":0,"footnotes":""},"categories":[7],"tags":[],"yoast_head":"<!-- This site is optimized with the Yoast SEO plugin v21.6 - https:\/\/yoast.com\/wordpress\/plugins\/seo\/ -->\n<title>BORAC SAVLADAO KOMBINOVANI TIM RUDAR-PRIJEDORA: PRALICA U\u0160AO U IGRU I DAO DVA GOLA \u2013 FOTO - PrijedorDanas.com - Prijedorski gradski portal<\/title>\n<meta name=\"robots\" content=\"index, follow, max-snippet:-1, max-image-preview:large, max-video-preview:-1\" \/>\n<link rel=\"canonical\" href=\"https:\/\/www.prijedordanas.com\/?p=17228\" \/>\n<meta property=\"og:locale\" content=\"en_US\" \/>\n<meta property=\"og:type\" content=\"article\" \/>\n<meta property=\"og:title\" content=\"BORAC SAVLADAO KOMBINOVANI TIM RUDAR-PRIJEDORA: PRALICA U\u0160AO U IGRU I DAO DVA GOLA \u2013 FOTO - PrijedorDanas.com - Prijedorski gradski portal\" \/>\n<meta property=\"og:description\" content=\"Borac je u posljednjoj provjeri pred nastavak prvenstva Druge lige Republike Srpske-grupa Zapad na pomo\u0107nom terenu Gradskog stadiona u Kozarskoj Dubici, po lijepom vremenu, savladao kombinovani tim Rudar-Prijedora sa 2:0. [&hellip;]\" \/>\n<meta property=\"og:url\" content=\"https:\/\/www.prijedordanas.com\/?p=17228\" \/>\n<meta property=\"og:site_name\" content=\"PrijedorDanas.com - Prijedorski gradski portal\" \/>\n<meta property=\"article:publisher\" content=\"https:\/\/www.facebook.com\/PrijedorDanasCom\/\" \/>\n<meta property=\"article:published_time\" content=\"2015-03-02T10:32:40+00:00\" \/>\n<meta property=\"og:image\" content=\"https:\/\/www.prijedordanas.com\/wp-content\/uploads\/2015\/03\/borac-rudar-prijedor-prijateljska-1-300x200.jpg\" \/>\n<meta name=\"author\" content=\"admin\" \/>\n<meta name=\"twitter:card\" content=\"summary_large_image\" \/>\n<meta name=\"twitter:label1\" content=\"Written by\" \/>\n\t<meta name=\"twitter:data1\" content=\"admin\" \/>\n\t<meta name=\"twitter:label2\" content=\"Est. reading time\" \/>\n\t<meta name=\"twitter:data2\" content=\"2 minutes\" \/>\n<script type=\"application\/ld+json\" class=\"yoast-schema-graph\">{\"@context\":\"https:\/\/schema.org\",\"@graph\":[{\"@type\":\"Article\",\"@id\":\"https:\/\/www.prijedordanas.com\/?p=17228#article\",\"isPartOf\":{\"@id\":\"https:\/\/www.prijedordanas.com\/?p=17228\"},\"author\":{\"name\":\"admin\",\"@id\":\"https:\/\/www.prijedordanas.com\/#\/schema\/person\/4e08ccf29b506ca916ff86d46bb700e6\"},\"headline\":\"BORAC SAVLADAO KOMBINOVANI TIM RUDAR-PRIJEDORA: PRALICA U\u0160AO U IGRU I DAO DVA GOLA \u2013 FOTO\",\"datePublished\":\"2015-03-02T10:32:40+00:00\",\"dateModified\":\"2015-03-02T10:32:40+00:00\",\"mainEntityOfPage\":{\"@id\":\"https:\/\/www.prijedordanas.com\/?p=17228\"},\"wordCount\":396,\"publisher\":{\"@id\":\"https:\/\/www.prijedordanas.com\/#organization\"},\"articleSection\":[\"Sport\"],\"inLanguage\":\"en-US\"},{\"@type\":\"WebPage\",\"@id\":\"https:\/\/www.prijedordanas.com\/?p=17228\",\"url\":\"https:\/\/www.prijedordanas.com\/?p=17228\",\"name\":\"BORAC SAVLADAO KOMBINOVANI TIM RUDAR-PRIJEDORA: PRALICA U\u0160AO U IGRU I DAO DVA GOLA \u2013 FOTO - PrijedorDanas.com - Prijedorski gradski portal\",\"isPartOf\":{\"@id\":\"https:\/\/www.prijedordanas.com\/#website\"},\"datePublished\":\"2015-03-02T10:32:40+00:00\",\"dateModified\":\"2015-03-02T10:32:40+00:00\",\"breadcrumb\":{\"@id\":\"https:\/\/www.prijedordanas.com\/?p=17228#breadcrumb\"},\"inLanguage\":\"en-US\",\"potentialAction\":[{\"@type\":\"ReadAction\",\"target\":[\"https:\/\/www.prijedordanas.com\/?p=17228\"]}]},{\"@type\":\"BreadcrumbList\",\"@id\":\"https:\/\/www.prijedordanas.com\/?p=17228#breadcrumb\",\"itemListElement\":[{\"@type\":\"ListItem\",\"position\":1,\"name\":\"Home\",\"item\":\"https:\/\/www.prijedordanas.com\/\"},{\"@type\":\"ListItem\",\"position\":2,\"name\":\"BORAC SAVLADAO KOMBINOVANI TIM RUDAR-PRIJEDORA: PRALICA U\u0160AO U IGRU I DAO DVA GOLA \u2013 FOTO\"}]},{\"@type\":\"WebSite\",\"@id\":\"https:\/\/www.prijedordanas.com\/#website\",\"url\":\"https:\/\/www.prijedordanas.com\/\",\"name\":\"PrijedorDanas.com - Prijedorski gradski portal\",\"description\":\"Portal o doga\u0111anjima u gradu Prijedoru\",\"publisher\":{\"@id\":\"https:\/\/www.prijedordanas.com\/#organization\"},\"potentialAction\":[{\"@type\":\"SearchAction\",\"target\":{\"@type\":\"EntryPoint\",\"urlTemplate\":\"https:\/\/www.prijedordanas.com\/?s={search_term_string}\"},\"query-input\":\"required name=search_term_string\"}],\"inLanguage\":\"en-US\"},{\"@type\":\"Organization\",\"@id\":\"https:\/\/www.prijedordanas.com\/#organization\",\"name\":\"PrijedorDanas.com\",\"url\":\"https:\/\/www.prijedordanas.com\/\",\"logo\":{\"@type\":\"ImageObject\",\"inLanguage\":\"en-US\",\"@id\":\"https:\/\/www.prijedordanas.com\/#\/schema\/logo\/image\/\",\"url\":\"http:\/\/www.prijedordanas.com\/wp-content\/uploads\/2021\/12\/logopng.png\",\"contentUrl\":\"http:\/\/www.prijedordanas.com\/wp-content\/uploads\/2021\/12\/logopng.png\",\"width\":1019,\"height\":776,\"caption\":\"PrijedorDanas.com\"},\"image\":{\"@id\":\"https:\/\/www.prijedordanas.com\/#\/schema\/logo\/image\/\"},\"sameAs\":[\"https:\/\/www.facebook.com\/PrijedorDanasCom\/\"]},{\"@type\":\"Person\",\"@id\":\"https:\/\/www.prijedordanas.com\/#\/schema\/person\/4e08ccf29b506ca916ff86d46bb700e6\",\"name\":\"admin\",\"image\":{\"@type\":\"ImageObject\",\"inLanguage\":\"en-US\",\"@id\":\"https:\/\/www.prijedordanas.com\/#\/schema\/person\/image\/\",\"url\":\"https:\/\/secure.gravatar.com\/avatar\/1d3fc949d550f0b53a5f0d51e06dfd79?s=96&d=mm&r=g\",\"contentUrl\":\"https:\/\/secure.gravatar.com\/avatar\/1d3fc949d550f0b53a5f0d51e06dfd79?s=96&d=mm&r=g\",\"caption\":\"admin\"},\"url\":\"https:\/\/www.prijedordanas.com\/?author=1\"}]}<\/script>\n<!-- \/ Yoast SEO plugin. -->","yoast_head_json":{"title":"BORAC SAVLADAO KOMBINOVANI TIM RUDAR-PRIJEDORA: PRALICA U\u0160AO U IGRU I DAO DVA GOLA \u2013 FOTO - PrijedorDanas.com - Prijedorski gradski portal","robots":{"index":"index","follow":"follow","max-snippet":"max-snippet:-1","max-image-preview":"max-image-preview:large","max-video-preview":"max-video-preview:-1"},"canonical":"https:\/\/www.prijedordanas.com\/?p=17228","og_locale":"en_US","og_type":"article","og_title":"BORAC SAVLADAO KOMBINOVANI TIM RUDAR-PRIJEDORA: PRALICA U\u0160AO U IGRU I DAO DVA GOLA \u2013 FOTO - PrijedorDanas.com - Prijedorski gradski portal","og_description":"Borac je u posljednjoj provjeri pred nastavak prvenstva Druge lige Republike Srpske-grupa Zapad na pomo\u0107nom terenu Gradskog stadiona u Kozarskoj Dubici, po lijepom vremenu, savladao kombinovani tim Rudar-Prijedora sa 2:0. [&hellip;]","og_url":"https:\/\/www.prijedordanas.com\/?p=17228","og_site_name":"PrijedorDanas.com - Prijedorski gradski portal","article_publisher":"https:\/\/www.facebook.com\/PrijedorDanasCom\/","article_published_time":"2015-03-02T10:32:40+00:00","og_image":[{"url":"https:\/\/www.prijedordanas.com\/wp-content\/uploads\/2015\/03\/borac-rudar-prijedor-prijateljska-1-300x200.jpg"}],"author":"admin","twitter_card":"summary_large_image","twitter_misc":{"Written by":"admin","Est. reading time":"2 minutes"},"schema":{"@context":"https:\/\/schema.org","@graph":[{"@type":"Article","@id":"https:\/\/www.prijedordanas.com\/?p=17228#article","isPartOf":{"@id":"https:\/\/www.prijedordanas.com\/?p=17228"},"author":{"name":"admin","@id":"https:\/\/www.prijedordanas.com\/#\/schema\/person\/4e08ccf29b506ca916ff86d46bb700e6"},"headline":"BORAC SAVLADAO KOMBINOVANI TIM RUDAR-PRIJEDORA: PRALICA U\u0160AO U IGRU I DAO DVA GOLA \u2013 FOTO","datePublished":"2015-03-02T10:32:40+00:00","dateModified":"2015-03-02T10:32:40+00:00","mainEntityOfPage":{"@id":"https:\/\/www.prijedordanas.com\/?p=17228"},"wordCount":396,"publisher":{"@id":"https:\/\/www.prijedordanas.com\/#organization"},"articleSection":["Sport"],"inLanguage":"en-US"},{"@type":"WebPage","@id":"https:\/\/www.prijedordanas.com\/?p=17228","url":"https:\/\/www.prijedordanas.com\/?p=17228","name":"BORAC SAVLADAO KOMBINOVANI TIM RUDAR-PRIJEDORA: PRALICA U\u0160AO U IGRU I DAO DVA GOLA \u2013 FOTO - PrijedorDanas.com - Prijedorski gradski portal","isPartOf":{"@id":"https:\/\/www.prijedordanas.com\/#website"},"datePublished":"2015-03-02T10:32:40+00:00","dateModified":"2015-03-02T10:32:40+00:00","breadcrumb":{"@id":"https:\/\/www.prijedordanas.com\/?p=17228#breadcrumb"},"inLanguage":"en-US","potentialAction":[{"@type":"ReadAction","target":["https:\/\/www.prijedordanas.com\/?p=17228"]}]},{"@type":"BreadcrumbList","@id":"https:\/\/www.prijedordanas.com\/?p=17228#breadcrumb","itemListElement":[{"@type":"ListItem","position":1,"name":"Home","item":"https:\/\/www.prijedordanas.com\/"},{"@type":"ListItem","position":2,"name":"BORAC SAVLADAO KOMBINOVANI TIM RUDAR-PRIJEDORA: PRALICA U\u0160AO U IGRU I DAO DVA GOLA \u2013 FOTO"}]},{"@type":"WebSite","@id":"https:\/\/www.prijedordanas.com\/#website","url":"https:\/\/www.prijedordanas.com\/","name":"PrijedorDanas.com - Prijedorski gradski portal","description":"Portal o doga\u0111anjima u gradu Prijedoru","publisher":{"@id":"https:\/\/www.prijedordanas.com\/#organization"},"potentialAction":[{"@type":"SearchAction","target":{"@type":"EntryPoint","urlTemplate":"https:\/\/www.prijedordanas.com\/?s={search_term_string}"},"query-input":"required name=search_term_string"}],"inLanguage":"en-US"},{"@type":"Organization","@id":"https:\/\/www.prijedordanas.com\/#organization","name":"PrijedorDanas.com","url":"https:\/\/www.prijedordanas.com\/","logo":{"@type":"ImageObject","inLanguage":"en-US","@id":"https:\/\/www.prijedordanas.com\/#\/schema\/logo\/image\/","url":"http:\/\/www.prijedordanas.com\/wp-content\/uploads\/2021\/12\/logopng.png","contentUrl":"http:\/\/www.prijedordanas.com\/wp-content\/uploads\/2021\/12\/logopng.png","width":1019,"height":776,"caption":"PrijedorDanas.com"},"image":{"@id":"https:\/\/www.prijedordanas.com\/#\/schema\/logo\/image\/"},"sameAs":["https:\/\/www.facebook.com\/PrijedorDanasCom\/"]},{"@type":"Person","@id":"https:\/\/www.prijedordanas.com\/#\/schema\/person\/4e08ccf29b506ca916ff86d46bb700e6","name":"admin","image":{"@type":"ImageObject","inLanguage":"en-US","@id":"https:\/\/www.prijedordanas.com\/#\/schema\/person\/image\/","url":"https:\/\/secure.gravatar.com\/avatar\/1d3fc949d550f0b53a5f0d51e06dfd79?s=96&d=mm&r=g","contentUrl":"https:\/\/secure.gravatar.com\/avatar\/1d3fc949d550f0b53a5f0d51e06dfd79?s=96&d=mm&r=g","caption":"admin"},"url":"https:\/\/www.prijedordanas.com\/?author=1"}]}},"_links":{"self":[{"href":"https:\/\/www.prijedordanas.com\/index.php?rest_route=\/wp\/v2\/posts\/17228"}],"collection":[{"href":"https:\/\/www.prijedordanas.com\/index.php?rest_route=\/wp\/v2\/posts"}],"about":[{"href":"https:\/\/www.prijedordanas.com\/index.php?rest_route=\/wp\/v2\/types\/post"}],"author":[{"embeddable":true,"href":"https:\/\/www.prijedordanas.com\/index.php?rest_route=\/wp\/v2\/users\/1"}],"replies":[{"embeddable":true,"href":"https:\/\/www.prijedordanas.com\/index.php?rest_route=%2Fwp%2Fv2%2Fcomments&post=17228"}],"version-history":[{"count":1,"href":"https:\/\/www.prijedordanas.com\/index.php?rest_route=\/wp\/v2\/posts\/17228\/revisions"}],"predecessor-version":[{"id":17229,"href":"https:\/\/www.prijedordanas.com\/index.php?rest_route=\/wp\/v2\/posts\/17228\/revisions\/17229"}],"wp:attachment":[{"href":"https:\/\/www.prijedordanas.com\/index.php?rest_route=%2Fwp%2Fv2%2Fmedia&parent=17228"}],"wp:term":[{"taxonomy":"category","embeddable":true,"href":"https:\/\/www.prijedordanas.com\/index.php?rest_route=%2Fwp%2Fv2%2Fcategories&post=17228"},{"taxonomy":"post_tag","embeddable":true,"href":"https:\/\/www.prijedordanas.com\/index.php?rest_route=%2Fwp%2Fv2%2Ftags&post=17228"}],"curies":[{"name":"wp","href":"https:\/\/api.w.org\/{rel}","templated":true}]}}