{"id":172104,"date":"2021-08-13T11:06:07","date_gmt":"2021-08-13T09:06:07","guid":{"rendered":"https:\/\/www.prijedordanas.com\/?p=172104"},"modified":"2021-08-13T11:06:07","modified_gmt":"2021-08-13T09:06:07","slug":"finale-ovogodisnje-manifestacije-selo-veselo-u-nedjelju-u-donjoj-marickoj","status":"publish","type":"post","link":"https:\/\/www.prijedordanas.com\/?p=172104","title":{"rendered":"Finale ovogodi\u0161nje manifestacije \u201cSelo veselo\u201d u nedjelju u Donjoj Mari\u0107koj"},"content":{"rendered":"<p><a href=\"https:\/\/www.prijedordanas.com\/wp-content\/uploads\/2021\/08\/selo-veselo-2021-finale-plakat.jpg\"><img loading=\"lazy\" decoding=\"async\" src=\"https:\/\/www.prijedordanas.com\/wp-content\/uploads\/2021\/08\/selo-veselo-2021-finale-plakat-213x300.jpg\" alt=\"\" width=\"213\" height=\"300\" class=\"alignleft size-medium wp-image-172105\" srcset=\"https:\/\/www.prijedordanas.com\/wp-content\/uploads\/2021\/08\/selo-veselo-2021-finale-plakat-213x300.jpg 213w, https:\/\/www.prijedordanas.com\/wp-content\/uploads\/2021\/08\/selo-veselo-2021-finale-plakat.jpg 454w\" sizes=\"(max-width: 213px) 100vw, 213px\" \/><\/a>Karavan \u201cSelo veselo\u201d stigao je do finala.<\/p>\n<p>U nedjelju, 15. avgusta 2021. godine, u Donjoj Mari\u0107koj, kod dru\u0161tvenog doma, s po\u010detkom u 18 \u010dasova, bi\u0107e odr\u017eana posljednja ovogodi\u0161nja kulturno-zabavna manifestacija.<\/p>\n<p>Osim doma\u0107ina Donje Mari\u0107ke, za titulu najboljeg \u0107e se takmi\u010diti i Jutrogo\u0161ta, Gornji Orlovci i Trnopolje.<\/p>\n<p>\u201cSelo veselo\u201d se odr\u017eava pod pokroviteljstvom gradona\u010delnika Prijedora, s ciljem o\u017eivljavanja i unapre\u0111enja dru\u0161tvenog \u017eivota u prijedorskim selima, uz podsticanje i promovisanje rada kulturnih stvaralaca svih generacija.<\/p>\n<p>Pored doma\u0107ina, Srednje Lamovite, na takmi\u010denju u tradicionalnim igrama i poljoprivrednom kvizu, u\u010destvova\u0107e ekipe susjednih sela, dok \u0107e u kulturno-zabavnom programu nastupiti \u010dlanovi folklornog ansambla KUD \u201eOmarska\u201c iz Omarske, izvorne grupe, vokalni solisti, muzi\u010dari i narodni umjetnici.<\/p>\n<p>Voditelj programa je Sa\u0161a Goronja a ulaz je besplatan.<\/p>\n<p>Medijski pokrovitelj je IPC \u201eKozarski vjesnik\u201c a prijatelji manifestacije \u201eAutotransport\u201c Prijedor i \u201cMira\u201d a.d. Prijedor, \u010dlanica \u201cKra\u0161\u201d grupe.<\/p>\n","protected":false},"excerpt":{"rendered":"<p>Karavan \u201cSelo veselo\u201d stigao je do finala. U nedjelju, 15. avgusta 2021. godine, u Donjoj Mari\u0107koj, kod dru\u0161tvenog doma, s po\u010detkom u 18 \u010dasova, bi\u0107e odr\u017eana posljednja ovogodi\u0161nja kulturno-zabavna manifestacija. [&hellip;]<\/p>\n","protected":false},"author":1,"featured_media":0,"comment_status":"closed","ping_status":"open","sticky":false,"template":"","format":"standard","meta":{"_monsterinsights_skip_tracking":false,"_monsterinsights_sitenote_active":false,"_monsterinsights_sitenote_note":"","_monsterinsights_sitenote_category":0,"footnotes":""},"categories":[3],"tags":[],"yoast_head":"<!-- This site is optimized with the Yoast SEO plugin v21.6 - https:\/\/yoast.com\/wordpress\/plugins\/seo\/ -->\n<title>Finale ovogodi\u0161nje manifestacije \u201cSelo veselo\u201d u nedjelju u Donjoj Mari\u0107koj - PrijedorDanas.com - Prijedorski gradski portal<\/title>\n<meta name=\"robots\" content=\"index, follow, max-snippet:-1, max-image-preview:large, max-video-preview:-1\" \/>\n<link rel=\"canonical\" href=\"https:\/\/www.prijedordanas.com\/?p=172104\" \/>\n<meta property=\"og:locale\" content=\"en_US\" \/>\n<meta property=\"og:type\" content=\"article\" \/>\n<meta property=\"og:title\" content=\"Finale ovogodi\u0161nje manifestacije \u201cSelo veselo\u201d u nedjelju u Donjoj Mari\u0107koj - PrijedorDanas.com - Prijedorski gradski portal\" \/>\n<meta property=\"og:description\" content=\"Karavan \u201cSelo veselo\u201d stigao je do finala. U nedjelju, 15. avgusta 2021. godine, u Donjoj Mari\u0107koj, kod dru\u0161tvenog doma, s po\u010detkom u 18 \u010dasova, bi\u0107e odr\u017eana posljednja ovogodi\u0161nja kulturno-zabavna manifestacija. [&hellip;]\" \/>\n<meta property=\"og:url\" content=\"https:\/\/www.prijedordanas.com\/?p=172104\" \/>\n<meta property=\"og:site_name\" content=\"PrijedorDanas.com - Prijedorski gradski portal\" \/>\n<meta property=\"article:publisher\" content=\"https:\/\/www.facebook.com\/PrijedorDanasCom\/\" \/>\n<meta property=\"article:published_time\" content=\"2021-08-13T09:06:07+00:00\" \/>\n<meta property=\"og:image\" content=\"https:\/\/www.prijedordanas.com\/wp-content\/uploads\/2021\/08\/selo-veselo-2021-finale-plakat-213x300.jpg\" \/>\n<meta name=\"author\" content=\"admin\" \/>\n<meta name=\"twitter:card\" content=\"summary_large_image\" \/>\n<meta name=\"twitter:label1\" content=\"Written by\" \/>\n\t<meta name=\"twitter:data1\" content=\"admin\" \/>\n\t<meta name=\"twitter:label2\" content=\"Est. reading time\" \/>\n\t<meta name=\"twitter:data2\" content=\"1 minute\" \/>\n<script type=\"application\/ld+json\" class=\"yoast-schema-graph\">{\"@context\":\"https:\/\/schema.org\",\"@graph\":[{\"@type\":\"Article\",\"@id\":\"https:\/\/www.prijedordanas.com\/?p=172104#article\",\"isPartOf\":{\"@id\":\"https:\/\/www.prijedordanas.com\/?p=172104\"},\"author\":{\"name\":\"admin\",\"@id\":\"https:\/\/www.prijedordanas.com\/#\/schema\/person\/4e08ccf29b506ca916ff86d46bb700e6\"},\"headline\":\"Finale ovogodi\u0161nje manifestacije \u201cSelo veselo\u201d u nedjelju u Donjoj Mari\u0107koj\",\"datePublished\":\"2021-08-13T09:06:07+00:00\",\"dateModified\":\"2021-08-13T09:06:07+00:00\",\"mainEntityOfPage\":{\"@id\":\"https:\/\/www.prijedordanas.com\/?p=172104\"},\"wordCount\":168,\"publisher\":{\"@id\":\"https:\/\/www.prijedordanas.com\/#organization\"},\"articleSection\":[\"\u017divot\"],\"inLanguage\":\"en-US\"},{\"@type\":\"WebPage\",\"@id\":\"https:\/\/www.prijedordanas.com\/?p=172104\",\"url\":\"https:\/\/www.prijedordanas.com\/?p=172104\",\"name\":\"Finale ovogodi\u0161nje manifestacije \u201cSelo veselo\u201d u nedjelju u Donjoj Mari\u0107koj - PrijedorDanas.com - Prijedorski gradski portal\",\"isPartOf\":{\"@id\":\"https:\/\/www.prijedordanas.com\/#website\"},\"datePublished\":\"2021-08-13T09:06:07+00:00\",\"dateModified\":\"2021-08-13T09:06:07+00:00\",\"breadcrumb\":{\"@id\":\"https:\/\/www.prijedordanas.com\/?p=172104#breadcrumb\"},\"inLanguage\":\"en-US\",\"potentialAction\":[{\"@type\":\"ReadAction\",\"target\":[\"https:\/\/www.prijedordanas.com\/?p=172104\"]}]},{\"@type\":\"BreadcrumbList\",\"@id\":\"https:\/\/www.prijedordanas.com\/?p=172104#breadcrumb\",\"itemListElement\":[{\"@type\":\"ListItem\",\"position\":1,\"name\":\"Home\",\"item\":\"https:\/\/www.prijedordanas.com\/\"},{\"@type\":\"ListItem\",\"position\":2,\"name\":\"Finale ovogodi\u0161nje manifestacije \u201cSelo veselo\u201d u nedjelju u Donjoj Mari\u0107koj\"}]},{\"@type\":\"WebSite\",\"@id\":\"https:\/\/www.prijedordanas.com\/#website\",\"url\":\"https:\/\/www.prijedordanas.com\/\",\"name\":\"PrijedorDanas.com - Prijedorski gradski portal\",\"description\":\"Portal o doga\u0111anjima u gradu Prijedoru\",\"publisher\":{\"@id\":\"https:\/\/www.prijedordanas.com\/#organization\"},\"potentialAction\":[{\"@type\":\"SearchAction\",\"target\":{\"@type\":\"EntryPoint\",\"urlTemplate\":\"https:\/\/www.prijedordanas.com\/?s={search_term_string}\"},\"query-input\":\"required name=search_term_string\"}],\"inLanguage\":\"en-US\"},{\"@type\":\"Organization\",\"@id\":\"https:\/\/www.prijedordanas.com\/#organization\",\"name\":\"PrijedorDanas.com\",\"url\":\"https:\/\/www.prijedordanas.com\/\",\"logo\":{\"@type\":\"ImageObject\",\"inLanguage\":\"en-US\",\"@id\":\"https:\/\/www.prijedordanas.com\/#\/schema\/logo\/image\/\",\"url\":\"http:\/\/www.prijedordanas.com\/wp-content\/uploads\/2021\/12\/logopng.png\",\"contentUrl\":\"http:\/\/www.prijedordanas.com\/wp-content\/uploads\/2021\/12\/logopng.png\",\"width\":1019,\"height\":776,\"caption\":\"PrijedorDanas.com\"},\"image\":{\"@id\":\"https:\/\/www.prijedordanas.com\/#\/schema\/logo\/image\/\"},\"sameAs\":[\"https:\/\/www.facebook.com\/PrijedorDanasCom\/\"]},{\"@type\":\"Person\",\"@id\":\"https:\/\/www.prijedordanas.com\/#\/schema\/person\/4e08ccf29b506ca916ff86d46bb700e6\",\"name\":\"admin\",\"image\":{\"@type\":\"ImageObject\",\"inLanguage\":\"en-US\",\"@id\":\"https:\/\/www.prijedordanas.com\/#\/schema\/person\/image\/\",\"url\":\"https:\/\/secure.gravatar.com\/avatar\/1d3fc949d550f0b53a5f0d51e06dfd79?s=96&d=mm&r=g\",\"contentUrl\":\"https:\/\/secure.gravatar.com\/avatar\/1d3fc949d550f0b53a5f0d51e06dfd79?s=96&d=mm&r=g\",\"caption\":\"admin\"},\"url\":\"https:\/\/www.prijedordanas.com\/?author=1\"}]}<\/script>\n<!-- \/ Yoast SEO plugin. -->","yoast_head_json":{"title":"Finale ovogodi\u0161nje manifestacije \u201cSelo veselo\u201d u nedjelju u Donjoj Mari\u0107koj - PrijedorDanas.com - Prijedorski gradski portal","robots":{"index":"index","follow":"follow","max-snippet":"max-snippet:-1","max-image-preview":"max-image-preview:large","max-video-preview":"max-video-preview:-1"},"canonical":"https:\/\/www.prijedordanas.com\/?p=172104","og_locale":"en_US","og_type":"article","og_title":"Finale ovogodi\u0161nje manifestacije \u201cSelo veselo\u201d u nedjelju u Donjoj Mari\u0107koj - PrijedorDanas.com - Prijedorski gradski portal","og_description":"Karavan \u201cSelo veselo\u201d stigao je do finala. U nedjelju, 15. avgusta 2021. godine, u Donjoj Mari\u0107koj, kod dru\u0161tvenog doma, s po\u010detkom u 18 \u010dasova, bi\u0107e odr\u017eana posljednja ovogodi\u0161nja kulturno-zabavna manifestacija. [&hellip;]","og_url":"https:\/\/www.prijedordanas.com\/?p=172104","og_site_name":"PrijedorDanas.com - Prijedorski gradski portal","article_publisher":"https:\/\/www.facebook.com\/PrijedorDanasCom\/","article_published_time":"2021-08-13T09:06:07+00:00","og_image":[{"url":"https:\/\/www.prijedordanas.com\/wp-content\/uploads\/2021\/08\/selo-veselo-2021-finale-plakat-213x300.jpg"}],"author":"admin","twitter_card":"summary_large_image","twitter_misc":{"Written by":"admin","Est. reading time":"1 minute"},"schema":{"@context":"https:\/\/schema.org","@graph":[{"@type":"Article","@id":"https:\/\/www.prijedordanas.com\/?p=172104#article","isPartOf":{"@id":"https:\/\/www.prijedordanas.com\/?p=172104"},"author":{"name":"admin","@id":"https:\/\/www.prijedordanas.com\/#\/schema\/person\/4e08ccf29b506ca916ff86d46bb700e6"},"headline":"Finale ovogodi\u0161nje manifestacije \u201cSelo veselo\u201d u nedjelju u Donjoj Mari\u0107koj","datePublished":"2021-08-13T09:06:07+00:00","dateModified":"2021-08-13T09:06:07+00:00","mainEntityOfPage":{"@id":"https:\/\/www.prijedordanas.com\/?p=172104"},"wordCount":168,"publisher":{"@id":"https:\/\/www.prijedordanas.com\/#organization"},"articleSection":["\u017divot"],"inLanguage":"en-US"},{"@type":"WebPage","@id":"https:\/\/www.prijedordanas.com\/?p=172104","url":"https:\/\/www.prijedordanas.com\/?p=172104","name":"Finale ovogodi\u0161nje manifestacije \u201cSelo veselo\u201d u nedjelju u Donjoj Mari\u0107koj - PrijedorDanas.com - Prijedorski gradski portal","isPartOf":{"@id":"https:\/\/www.prijedordanas.com\/#website"},"datePublished":"2021-08-13T09:06:07+00:00","dateModified":"2021-08-13T09:06:07+00:00","breadcrumb":{"@id":"https:\/\/www.prijedordanas.com\/?p=172104#breadcrumb"},"inLanguage":"en-US","potentialAction":[{"@type":"ReadAction","target":["https:\/\/www.prijedordanas.com\/?p=172104"]}]},{"@type":"BreadcrumbList","@id":"https:\/\/www.prijedordanas.com\/?p=172104#breadcrumb","itemListElement":[{"@type":"ListItem","position":1,"name":"Home","item":"https:\/\/www.prijedordanas.com\/"},{"@type":"ListItem","position":2,"name":"Finale ovogodi\u0161nje manifestacije \u201cSelo veselo\u201d u nedjelju u Donjoj Mari\u0107koj"}]},{"@type":"WebSite","@id":"https:\/\/www.prijedordanas.com\/#website","url":"https:\/\/www.prijedordanas.com\/","name":"PrijedorDanas.com - Prijedorski gradski portal","description":"Portal o doga\u0111anjima u gradu Prijedoru","publisher":{"@id":"https:\/\/www.prijedordanas.com\/#organization"},"potentialAction":[{"@type":"SearchAction","target":{"@type":"EntryPoint","urlTemplate":"https:\/\/www.prijedordanas.com\/?s={search_term_string}"},"query-input":"required name=search_term_string"}],"inLanguage":"en-US"},{"@type":"Organization","@id":"https:\/\/www.prijedordanas.com\/#organization","name":"PrijedorDanas.com","url":"https:\/\/www.prijedordanas.com\/","logo":{"@type":"ImageObject","inLanguage":"en-US","@id":"https:\/\/www.prijedordanas.com\/#\/schema\/logo\/image\/","url":"http:\/\/www.prijedordanas.com\/wp-content\/uploads\/2021\/12\/logopng.png","contentUrl":"http:\/\/www.prijedordanas.com\/wp-content\/uploads\/2021\/12\/logopng.png","width":1019,"height":776,"caption":"PrijedorDanas.com"},"image":{"@id":"https:\/\/www.prijedordanas.com\/#\/schema\/logo\/image\/"},"sameAs":["https:\/\/www.facebook.com\/PrijedorDanasCom\/"]},{"@type":"Person","@id":"https:\/\/www.prijedordanas.com\/#\/schema\/person\/4e08ccf29b506ca916ff86d46bb700e6","name":"admin","image":{"@type":"ImageObject","inLanguage":"en-US","@id":"https:\/\/www.prijedordanas.com\/#\/schema\/person\/image\/","url":"https:\/\/secure.gravatar.com\/avatar\/1d3fc949d550f0b53a5f0d51e06dfd79?s=96&d=mm&r=g","contentUrl":"https:\/\/secure.gravatar.com\/avatar\/1d3fc949d550f0b53a5f0d51e06dfd79?s=96&d=mm&r=g","caption":"admin"},"url":"https:\/\/www.prijedordanas.com\/?author=1"}]}},"_links":{"self":[{"href":"https:\/\/www.prijedordanas.com\/index.php?rest_route=\/wp\/v2\/posts\/172104"}],"collection":[{"href":"https:\/\/www.prijedordanas.com\/index.php?rest_route=\/wp\/v2\/posts"}],"about":[{"href":"https:\/\/www.prijedordanas.com\/index.php?rest_route=\/wp\/v2\/types\/post"}],"author":[{"embeddable":true,"href":"https:\/\/www.prijedordanas.com\/index.php?rest_route=\/wp\/v2\/users\/1"}],"replies":[{"embeddable":true,"href":"https:\/\/www.prijedordanas.com\/index.php?rest_route=%2Fwp%2Fv2%2Fcomments&post=172104"}],"version-history":[{"count":1,"href":"https:\/\/www.prijedordanas.com\/index.php?rest_route=\/wp\/v2\/posts\/172104\/revisions"}],"predecessor-version":[{"id":172106,"href":"https:\/\/www.prijedordanas.com\/index.php?rest_route=\/wp\/v2\/posts\/172104\/revisions\/172106"}],"wp:attachment":[{"href":"https:\/\/www.prijedordanas.com\/index.php?rest_route=%2Fwp%2Fv2%2Fmedia&parent=172104"}],"wp:term":[{"taxonomy":"category","embeddable":true,"href":"https:\/\/www.prijedordanas.com\/index.php?rest_route=%2Fwp%2Fv2%2Fcategories&post=172104"},{"taxonomy":"post_tag","embeddable":true,"href":"https:\/\/www.prijedordanas.com\/index.php?rest_route=%2Fwp%2Fv2%2Ftags&post=172104"}],"curies":[{"name":"wp","href":"https:\/\/api.w.org\/{rel}","templated":true}]}}